{"id":73167,"date":"2025-12-03T12:10:00","date_gmt":"2025-12-03T12:10:00","guid":{"rendered":"https:\/\/www.africa-press.net\/senegal\/politique\/guy-marius-sagna-sur-la-violence-contre-les-etudiants"},"modified":"2025-12-03T15:02:37","modified_gmt":"2025-12-03T15:02:37","slug":"guy-marius-sagna-sur-la-violence-contre-les-etudiants","status":"publish","type":"post","link":"https:\/\/www.africa-press.net\/senegal\/politique\/guy-marius-sagna-sur-la-violence-contre-les-etudiants","title":{"rendered":"Guy Marius Sagna sur la Violence Contre les \u00c9tudiants"},"content":{"rendered":"<p><span style=\"color: #ff6600\"><strong>Africa-Press &#8211; Senegal. <\/strong><\/span>Alors que l\u2019UCAD est secoue\u0301e par de violentes manifestations lie\u0301es au non-paiement des bourses et a\u0300 la pre\u0301sence des forces de l\u2019ordre sur le campus, le de\u0301pute\u0301 de la majorite\u0301, Guy Marius Sagna, a re\u0301agi avec fermete\u0301, rappelant ses mises en garde adresse\u0301es au gouvernement.<\/p>\n<p>Dans un post publie\u0301 ce mardi, le parlementaire revient sur l\u2019examen, le 7 novembre 2025, du budget du ministe\u0300re de l\u2019Enseignement supe\u0301rieur en commission parlementaire. De\u0300s l\u2019ouverture des e\u0301changes, affirme-t-il, il avait alerte\u0301 le ministre: \u00ab Nous ne voulons plus entendre dire qu\u2019un e\u0301tudiant a e\u0301te\u0301 assassine\u0301 au Se\u0301ne\u0301gal pour fait de gre\u0300ve\u00bb, a-t-il notament e\u0301crit.<\/p>\n<p>Pour lui, la crise actuelle a\u0300 l\u2019universite\u0301 Cheikh Anta Diop traduit l\u2019urgence d\u2019une action rapide de l\u2019E\u0301tat.<\/p>\n<p>Il appelle prioritairement au paiement imme\u0301diat des bourses, qu\u2019il conside\u0300re comme un droit et non comme une faveur, et exhorte le gouvernement a\u0300 engager des re\u0301formes structurelles du syste\u0300me d\u2019enseignement supe\u0301rieur et du circuit de paiement des allocations.<\/p>\n<p>Dans son post, Guy Marius Sagna a e\u0301galement estime\u0301 que la situation met en lumie\u0300re la ne\u0301cessite\u0301 d\u2019un nouveau syndicalisme e\u0301tudiant, plus responsable et davantage tourne\u0301 vers la de\u0301fense des inte\u0301re\u0302ts collectifs dans un cadre pacifie\u0301.<\/p>\n<p><strong>Pour plus d&rsquo;informations et d&rsquo;analyses sur la <span style=\"color: #ff6600\">Senegal<\/span>, suivez <span style=\"color: #ff6600\">Africa-Press<\/span><\/strong><\/p>\n","protected":false},"excerpt":{"rendered":"<p>Africa-Press &#8211; Senegal. Alors que l\u2019UCAD est secoue\u0301e par de violentes manifestations lie\u0301es au non-paiement des bourses et a\u0300 la pre\u0301sence des forces de l\u2019ordre sur le campus, le de\u0301pute\u0301 de la majorite\u0301, Guy Marius Sagna, a re\u0301agi avec fermete\u0301, rappelant ses mises en garde adresse\u0301es au gouvernement. Dans un post publie\u0301 ce mardi, le [&hellip;]<\/p>\n","protected":false},"author":82,"featured_media":73166,"comment_status":"open","ping_status":"closed","sticky":false,"template":"","format":"standard","meta":{"footnotes":""},"categories":[2,10],"tags":[44],"class_list":["post-73167","post","type-post","status-publish","format-standard","has-post-thumbnail","hentry","category-politique","category-toutes-les-actualites","tag-senegal-2"],"yoast_head":"<!-- This site is optimized with the Yoast SEO Premium plugin v26.1 (Yoast SEO v27.0) - https:\/\/yoast.com\/product\/yoast-seo-premium-wordpress\/ -->\n<title>Guy Marius Sagna sur la Violence Contre les \u00c9tudiants - Senegal<\/title>\n<meta name=\"description\" content=\"Alors que l\u2019UCAD est secoue\u0301e par de violentes manifestations lie\u0301es au non-paiement des bourses et a\u0300 la pre\u0301sence des ...\" \/>\n<meta name=\"robots\" content=\"index, follow, max-snippet:-1, max-image-preview:large, max-video-preview:-1\" \/>\n<link rel=\"canonical\" href=\"https:\/\/www.africa-press.net\/senegal\/politique\/guy-marius-sagna-sur-la-violence-contre-les-etudiants\" \/>\n<meta property=\"og:locale\" content=\"fr_FR\" \/>\n<meta property=\"og:type\" content=\"article\" \/>\n<meta property=\"og:title\" content=\"Guy Marius Sagna sur la Violence Contre les \u00c9tudiants\" \/>\n<meta property=\"og:description\" content=\"Alors que l\u2019UCAD est secoue\u0301e par de violentes manifestations lie\u0301es au non-paiement des bourses et a\u0300 la pre\u0301sence des ...\" \/>\n<meta property=\"og:url\" content=\"https:\/\/www.africa-press.net\/senegal\/politique\/guy-marius-sagna-sur-la-violence-contre-les-etudiants\" \/>\n<meta property=\"og:site_name\" content=\"Senegal\" \/>\n<meta property=\"article:published_time\" content=\"2025-12-03T12:10:00+00:00\" \/>\n<meta property=\"article:modified_time\" content=\"2025-12-03T15:02:37+00:00\" \/>\n<meta property=\"og:image\" content=\"https:\/\/static.africa-press.net\/senegal\/sites\/13\/2025\/12\/sm_1764802923.783139.jpg\" \/>\n\t<meta property=\"og:image:width\" content=\"1280\" \/>\n\t<meta property=\"og:image:height\" content=\"720\" \/>\n\t<meta property=\"og:image:type\" content=\"image\/jpeg\" \/>\n<meta name=\"author\" content=\"cfeditorfr\" \/>\n<meta name=\"twitter:card\" content=\"summary_large_image\" \/>\n<meta name=\"twitter:label1\" content=\"\u00c9crit par\" \/>\n\t<meta name=\"twitter:data1\" content=\"cfeditorfr\" \/>\n\t<meta name=\"twitter:label2\" content=\"Dur\u00e9e de lecture estim\u00e9e\" \/>\n\t<meta name=\"twitter:data2\" content=\"1 minute\" \/>\n<script type=\"application\/ld+json\" class=\"yoast-schema-graph\">{\"@context\":\"https:\/\/schema.org\",\"@graph\":[{\"@type\":\"Article\",\"@id\":\"https:\/\/www.africa-press.net\/senegal\/politique\/guy-marius-sagna-sur-la-violence-contre-les-etudiants#article\",\"isPartOf\":{\"@id\":\"https:\/\/www.africa-press.net\/senegal\/politique\/guy-marius-sagna-sur-la-violence-contre-les-etudiants\"},\"author\":{\"name\":\"cfeditorfr\",\"@id\":\"https:\/\/www.africa-press.net\/senegal\/#\/schema\/person\/2b1cf3cd81a31e3cd26889ca66d677f1\"},\"headline\":\"Guy Marius Sagna sur la Violence Contre les \u00c9tudiants\",\"datePublished\":\"2025-12-03T12:10:00+00:00\",\"dateModified\":\"2025-12-03T15:02:37+00:00\",\"mainEntityOfPage\":{\"@id\":\"https:\/\/www.africa-press.net\/senegal\/politique\/guy-marius-sagna-sur-la-violence-contre-les-etudiants\"},\"wordCount\":255,\"commentCount\":0,\"image\":{\"@id\":\"https:\/\/www.africa-press.net\/senegal\/politique\/guy-marius-sagna-sur-la-violence-contre-les-etudiants#primaryimage\"},\"thumbnailUrl\":\"https:\/\/static.africa-press.net\/senegal\/sites\/13\/2025\/12\/sm_1764802923.783139.jpg\",\"keywords\":[\"Senegal\"],\"articleSection\":[\"Politique\",\"Toutes les actualit\u00e9s\"],\"inLanguage\":\"fr-FR\",\"potentialAction\":[{\"@type\":\"CommentAction\",\"name\":\"Comment\",\"target\":[\"https:\/\/www.africa-press.net\/senegal\/politique\/guy-marius-sagna-sur-la-violence-contre-les-etudiants#respond\"]}]},{\"@type\":\"WebPage\",\"@id\":\"https:\/\/www.africa-press.net\/senegal\/politique\/guy-marius-sagna-sur-la-violence-contre-les-etudiants\",\"url\":\"https:\/\/www.africa-press.net\/senegal\/politique\/guy-marius-sagna-sur-la-violence-contre-les-etudiants\",\"name\":\"Guy Marius Sagna sur la Violence Contre les \u00c9tudiants - Senegal\",\"isPartOf\":{\"@id\":\"https:\/\/www.africa-press.net\/senegal\/#website\"},\"primaryImageOfPage\":{\"@id\":\"https:\/\/www.africa-press.net\/senegal\/politique\/guy-marius-sagna-sur-la-violence-contre-les-etudiants#primaryimage\"},\"image\":{\"@id\":\"https:\/\/www.africa-press.net\/senegal\/politique\/guy-marius-sagna-sur-la-violence-contre-les-etudiants#primaryimage\"},\"thumbnailUrl\":\"https:\/\/static.africa-press.net\/senegal\/sites\/13\/2025\/12\/sm_1764802923.783139.jpg\",\"datePublished\":\"2025-12-03T12:10:00+00:00\",\"dateModified\":\"2025-12-03T15:02:37+00:00\",\"author\":{\"@id\":\"https:\/\/www.africa-press.net\/senegal\/#\/schema\/person\/2b1cf3cd81a31e3cd26889ca66d677f1\"},\"description\":\"Alors que l\u2019UCAD est secoue\u0301e par de violentes manifestations lie\u0301es au non-paiement des bourses et a\u0300 la pre\u0301sence des ...\",\"breadcrumb\":{\"@id\":\"https:\/\/www.africa-press.net\/senegal\/politique\/guy-marius-sagna-sur-la-violence-contre-les-etudiants#breadcrumb\"},\"inLanguage\":\"fr-FR\",\"potentialAction\":[{\"@type\":\"ReadAction\",\"target\":[\"https:\/\/www.africa-press.net\/senegal\/politique\/guy-marius-sagna-sur-la-violence-contre-les-etudiants\"]}]},{\"@type\":\"ImageObject\",\"inLanguage\":\"fr-FR\",\"@id\":\"https:\/\/www.africa-press.net\/senegal\/politique\/guy-marius-sagna-sur-la-violence-contre-les-etudiants#primaryimage\",\"url\":\"https:\/\/static.africa-press.net\/senegal\/sites\/13\/2025\/12\/sm_1764802923.783139.jpg\",\"contentUrl\":\"https:\/\/static.africa-press.net\/senegal\/sites\/13\/2025\/12\/sm_1764802923.783139.jpg\",\"width\":1280,\"height\":720,\"caption\":\"Guy Marius Sagna sur la Violence Contre les \u00c9tudiants\"},{\"@type\":\"BreadcrumbList\",\"@id\":\"https:\/\/www.africa-press.net\/senegal\/politique\/guy-marius-sagna-sur-la-violence-contre-les-etudiants#breadcrumb\",\"itemListElement\":[{\"@type\":\"ListItem\",\"position\":1,\"name\":\"Accueil\",\"item\":\"https:\/\/www.africa-press.net\/senegal\/\"},{\"@type\":\"ListItem\",\"position\":2,\"name\":\"Guy Marius Sagna sur la Violence Contre les \u00c9tudiants\"}]},{\"@type\":\"WebSite\",\"@id\":\"https:\/\/www.africa-press.net\/senegal\/#website\",\"url\":\"https:\/\/www.africa-press.net\/senegal\/\",\"name\":\"Africa Press | Senegal | Homepage\",\"description\":\"Just another Africa News Agency Sites site\",\"potentialAction\":[{\"@type\":\"SearchAction\",\"target\":{\"@type\":\"EntryPoint\",\"urlTemplate\":\"https:\/\/www.africa-press.net\/senegal\/?s={search_term_string}\"},\"query-input\":{\"@type\":\"PropertyValueSpecification\",\"valueRequired\":true,\"valueName\":\"search_term_string\"}}],\"inLanguage\":\"fr-FR\"},{\"@type\":\"Person\",\"@id\":\"https:\/\/www.africa-press.net\/senegal\/#\/schema\/person\/2b1cf3cd81a31e3cd26889ca66d677f1\",\"name\":\"cfeditorfr\",\"url\":\"https:\/\/www.africa-press.net\/senegal\/author\/cfeditorfr\"}]}<\/script>\n<!-- \/ Yoast SEO Premium plugin. -->","yoast_head_json":{"title":"Guy Marius Sagna sur la Violence Contre les \u00c9tudiants - Senegal","description":"Alors que l\u2019UCAD est secoue\u0301e par de violentes manifestations lie\u0301es au non-paiement des bourses et a\u0300 la pre\u0301sence des ...","robots":{"index":"index","follow":"follow","max-snippet":"max-snippet:-1","max-image-preview":"max-image-preview:large","max-video-preview":"max-video-preview:-1"},"canonical":"https:\/\/www.africa-press.net\/senegal\/politique\/guy-marius-sagna-sur-la-violence-contre-les-etudiants","og_locale":"fr_FR","og_type":"article","og_title":"Guy Marius Sagna sur la Violence Contre les \u00c9tudiants","og_description":"Alors que l\u2019UCAD est secoue\u0301e par de violentes manifestations lie\u0301es au non-paiement des bourses et a\u0300 la pre\u0301sence des ...","og_url":"https:\/\/www.africa-press.net\/senegal\/politique\/guy-marius-sagna-sur-la-violence-contre-les-etudiants","og_site_name":"Senegal","article_published_time":"2025-12-03T12:10:00+00:00","article_modified_time":"2025-12-03T15:02:37+00:00","og_image":[{"width":1280,"height":720,"url":"https:\/\/static.africa-press.net\/senegal\/sites\/13\/2025\/12\/sm_1764802923.783139.jpg","type":"image\/jpeg"}],"author":"cfeditorfr","twitter_card":"summary_large_image","twitter_misc":{"\u00c9crit par":"cfeditorfr","Dur\u00e9e de lecture estim\u00e9e":"1 minute"},"schema":{"@context":"https:\/\/schema.org","@graph":[{"@type":"Article","@id":"https:\/\/www.africa-press.net\/senegal\/politique\/guy-marius-sagna-sur-la-violence-contre-les-etudiants#article","isPartOf":{"@id":"https:\/\/www.africa-press.net\/senegal\/politique\/guy-marius-sagna-sur-la-violence-contre-les-etudiants"},"author":{"name":"cfeditorfr","@id":"https:\/\/www.africa-press.net\/senegal\/#\/schema\/person\/2b1cf3cd81a31e3cd26889ca66d677f1"},"headline":"Guy Marius Sagna sur la Violence Contre les \u00c9tudiants","datePublished":"2025-12-03T12:10:00+00:00","dateModified":"2025-12-03T15:02:37+00:00","mainEntityOfPage":{"@id":"https:\/\/www.africa-press.net\/senegal\/politique\/guy-marius-sagna-sur-la-violence-contre-les-etudiants"},"wordCount":255,"commentCount":0,"image":{"@id":"https:\/\/www.africa-press.net\/senegal\/politique\/guy-marius-sagna-sur-la-violence-contre-les-etudiants#primaryimage"},"thumbnailUrl":"https:\/\/static.africa-press.net\/senegal\/sites\/13\/2025\/12\/sm_1764802923.783139.jpg","keywords":["Senegal"],"articleSection":["Politique","Toutes les actualit\u00e9s"],"inLanguage":"fr-FR","potentialAction":[{"@type":"CommentAction","name":"Comment","target":["https:\/\/www.africa-press.net\/senegal\/politique\/guy-marius-sagna-sur-la-violence-contre-les-etudiants#respond"]}]},{"@type":"WebPage","@id":"https:\/\/www.africa-press.net\/senegal\/politique\/guy-marius-sagna-sur-la-violence-contre-les-etudiants","url":"https:\/\/www.africa-press.net\/senegal\/politique\/guy-marius-sagna-sur-la-violence-contre-les-etudiants","name":"Guy Marius Sagna sur la Violence Contre les \u00c9tudiants - Senegal","isPartOf":{"@id":"https:\/\/www.africa-press.net\/senegal\/#website"},"primaryImageOfPage":{"@id":"https:\/\/www.africa-press.net\/senegal\/politique\/guy-marius-sagna-sur-la-violence-contre-les-etudiants#primaryimage"},"image":{"@id":"https:\/\/www.africa-press.net\/senegal\/politique\/guy-marius-sagna-sur-la-violence-contre-les-etudiants#primaryimage"},"thumbnailUrl":"https:\/\/static.africa-press.net\/senegal\/sites\/13\/2025\/12\/sm_1764802923.783139.jpg","datePublished":"2025-12-03T12:10:00+00:00","dateModified":"2025-12-03T15:02:37+00:00","author":{"@id":"https:\/\/www.africa-press.net\/senegal\/#\/schema\/person\/2b1cf3cd81a31e3cd26889ca66d677f1"},"description":"Alors que l\u2019UCAD est secoue\u0301e par de violentes manifestations lie\u0301es au non-paiement des bourses et a\u0300 la pre\u0301sence des ...","breadcrumb":{"@id":"https:\/\/www.africa-press.net\/senegal\/politique\/guy-marius-sagna-sur-la-violence-contre-les-etudiants#breadcrumb"},"inLanguage":"fr-FR","potentialAction":[{"@type":"ReadAction","target":["https:\/\/www.africa-press.net\/senegal\/politique\/guy-marius-sagna-sur-la-violence-contre-les-etudiants"]}]},{"@type":"ImageObject","inLanguage":"fr-FR","@id":"https:\/\/www.africa-press.net\/senegal\/politique\/guy-marius-sagna-sur-la-violence-contre-les-etudiants#primaryimage","url":"https:\/\/static.africa-press.net\/senegal\/sites\/13\/2025\/12\/sm_1764802923.783139.jpg","contentUrl":"https:\/\/static.africa-press.net\/senegal\/sites\/13\/2025\/12\/sm_1764802923.783139.jpg","width":1280,"height":720,"caption":"Guy Marius Sagna sur la Violence Contre les \u00c9tudiants"},{"@type":"BreadcrumbList","@id":"https:\/\/www.africa-press.net\/senegal\/politique\/guy-marius-sagna-sur-la-violence-contre-les-etudiants#breadcrumb","itemListElement":[{"@type":"ListItem","position":1,"name":"Accueil","item":"https:\/\/www.africa-press.net\/senegal\/"},{"@type":"ListItem","position":2,"name":"Guy Marius Sagna sur la Violence Contre les \u00c9tudiants"}]},{"@type":"WebSite","@id":"https:\/\/www.africa-press.net\/senegal\/#website","url":"https:\/\/www.africa-press.net\/senegal\/","name":"Africa Press | Senegal | Homepage","description":"Just another Africa News Agency Sites site","potentialAction":[{"@type":"SearchAction","target":{"@type":"EntryPoint","urlTemplate":"https:\/\/www.africa-press.net\/senegal\/?s={search_term_string}"},"query-input":{"@type":"PropertyValueSpecification","valueRequired":true,"valueName":"search_term_string"}}],"inLanguage":"fr-FR"},{"@type":"Person","@id":"https:\/\/www.africa-press.net\/senegal\/#\/schema\/person\/2b1cf3cd81a31e3cd26889ca66d677f1","name":"cfeditorfr","url":"https:\/\/www.africa-press.net\/senegal\/author\/cfeditorfr"}]}},"_links":{"self":[{"href":"https:\/\/www.africa-press.net\/senegal\/wp-json\/wp\/v2\/posts\/73167","targetHints":{"allow":["GET"]}}],"collection":[{"href":"https:\/\/www.africa-press.net\/senegal\/wp-json\/wp\/v2\/posts"}],"about":[{"href":"https:\/\/www.africa-press.net\/senegal\/wp-json\/wp\/v2\/types\/post"}],"author":[{"embeddable":true,"href":"https:\/\/www.africa-press.net\/senegal\/wp-json\/wp\/v2\/users\/82"}],"replies":[{"embeddable":true,"href":"https:\/\/www.africa-press.net\/senegal\/wp-json\/wp\/v2\/comments?post=73167"}],"version-history":[{"count":0,"href":"https:\/\/www.africa-press.net\/senegal\/wp-json\/wp\/v2\/posts\/73167\/revisions"}],"wp:featuredmedia":[{"embeddable":true,"href":"https:\/\/www.africa-press.net\/senegal\/wp-json\/wp\/v2\/media\/73166"}],"wp:attachment":[{"href":"https:\/\/www.africa-press.net\/senegal\/wp-json\/wp\/v2\/media?parent=73167"}],"wp:term":[{"taxonomy":"category","embeddable":true,"href":"https:\/\/www.africa-press.net\/senegal\/wp-json\/wp\/v2\/categories?post=73167"},{"taxonomy":"post_tag","embeddable":true,"href":"https:\/\/www.africa-press.net\/senegal\/wp-json\/wp\/v2\/tags?post=73167"}],"curies":[{"name":"wp","href":"https:\/\/api.w.org\/{rel}","templated":true}]}}