{"id":73174,"date":"2025-12-03T12:10:00","date_gmt":"2025-12-03T12:10:00","guid":{"rendered":"https:\/\/www.africa-press.net\/senegal\/politique\/acces-au-financement-pour-les-personnes-handicapees"},"modified":"2025-12-03T15:12:31","modified_gmt":"2025-12-03T15:12:31","slug":"acces-au-financement-pour-les-personnes-handicapees","status":"publish","type":"post","link":"https:\/\/www.africa-press.net\/senegal\/toutes-les-actualites\/acces-au-financement-pour-les-personnes-handicapees","title":{"rendered":"Acc\u00e8s au Financement pour les Personnes Handicap\u00e9es"},"content":{"rendered":"<p><span style=\"color: #ff6600\"><strong>Africa-Press &#8211; Senegal. <\/strong><\/span>La de\u0301le\u0301gue\u0301e ge\u0301ne\u0301rale a\u0300 l\u2019entrepreneuriat rapide des femmes et des jeunes (DER\/FJ), Ai\u0308da Mbodj, a mis en exergue les mesures prises par la structure qu\u2019il dirige pour lever les obstacles entravant l\u2019acce\u0300s au financement pour les personnes vivant avec un handicap.<\/p>\n<p>\u201dCe choix se traduit par deux mesures claires: un taux d\u2019inte\u0301re\u0302t ze\u0301ro, c\u2019est-a\u0300-dire sans inte\u0301re\u0302ts, et l\u2019absence de limite d\u2019a\u0302ge pour acce\u0301der au financement\u201d, a-t-elle indique\u0301.<\/p>\n<p>\u201cCes mesures te\u0301moignent de notre ferme volonte\u0301 d\u2019offrir a\u0300 chaque citoyen, sans distinction, la possibilite\u0301 de de\u0301velopper une activite\u0301 ge\u0301ne\u0301ratrice de revenus, d\u2019acce\u0301der a\u0300 la formation, de cre\u0301er de la valeur et de contribuer pleinement au de\u0301veloppement e\u0301conomique et social de notre pays\u201d.<\/p>\n<p>Mme Ai\u0308da Mbodj s\u2019exprimait mardi lors d\u2019une journe\u0301e \u201cportes ouvertes\u201d de\u0301die\u0301e aux personnes vivant avec un handicap, en pre\u0301lude de la Journe\u0301e internationale des personnes handicape\u0301es, ce\u0301le\u0301bre\u0301e le 3 de\u0301cembre de chaque anne\u0301e.<\/p>\n<p>\u201dCette journe\u0301e est avant tout un moment de reconnaissance et de gratitude. Cela nous permet de mettre en lumie\u0300re les efforts constants de\u0301ploye\u0301s par la DER\/FJ, pour renforcer l\u2019inclusion e\u0301conomique des personnes handicape\u0301es. C\u2019est aussi un moment de partage, d\u2019e\u0301change et de dialogue entre nous, be\u0301ne\u0301ficiaires, partenaires techniques et financiers, acteurs associatifs et e\u0301quipes de la DER\/FJ\u201d, a-t-elle indique\u0301.<\/p>\n<p>Elle a explique\u0301 que la DER\/FJ a fait le choix d\u2019utiliser principalement un budget autonome, associe\u0301 a\u0300 des services financiers nume\u0301riques qui facilitent l\u2019acce\u0300s aux fonds.<\/p>\n<p>\u201dAinsi, 92 % des be\u0301ne\u0301ficiaires ont e\u0301te\u0301 finance\u0301s gra\u0302ce a\u0300 ce dispositif qui offre flexibilite\u0301, rapidite\u0301 et efficacite\u0301. Le financement inclut e\u0301galement les initiatives individuelles mene\u0301es par des personnes en situation de handicap. Aujourd\u2019hui, nous pouvons affirmer avec fierte\u0301 que notre action produit des re\u0301sultats concrets\u201d, se re\u0301jouit la de\u0301le\u0301gue\u0301e ge\u0301ne\u0301rale.<\/p>\n<p>Ai\u0308da Mbodj fait e\u0301tat de \u201d1 014 be\u0301ne\u0301ficiaires pour un montant total de 806 804 905 francs\u201d.<\/p>\n<p>\u201dParmi nos be\u0301ne\u0301ficiaires, 70 % sont des femmes, ce qui confirme leur ro\u0302le essentiel dans l\u2019entrepreneuriat et la vie e\u0301conomique. Les 46 de\u0301partements du Se\u0301ne\u0301gal be\u0301ne\u0301ficient de ce financement. Les re\u0301gions de Thie\u0300s, Dakar, Diourbel, Se\u0301dhiou et Ziguinchor figurent parmi les plus dynamiques\u201d, note-t-elle.<\/p>\n<p>Les financements concernent une diversite\u0301 de secteurs allant de l\u2019e\u0301levage a\u0300 l\u2019agriculture, en passant par la pe\u0302che, l\u2019artisanat ou encore les industries culturelles et cre\u0301atives.<\/p>\n<p>Plus de 53 % des ressources ont e\u0301te\u0301 oriente\u0301es vers les secteurs prioritaires de\u0301finis au niveau national, selon la de\u0301le\u0301gue\u0301e ge\u0301ne\u0301rale de l\u2019entrepreneuriat rapide des femmes et des jeunes.<\/p>\n<p><strong>Pour plus d&rsquo;informations et d&rsquo;analyses sur la <span style=\"color: #ff6600\">Senegal<\/span>, suivez <span style=\"color: #ff6600\">Africa-Press<\/span><\/strong><\/p>\n","protected":false},"excerpt":{"rendered":"<p>Africa-Press &#8211; Senegal. La de\u0301le\u0301gue\u0301e ge\u0301ne\u0301rale a\u0300 l\u2019entrepreneuriat rapide des femmes et des jeunes (DER\/FJ), Ai\u0308da Mbodj, a mis en exergue les mesures prises par la structure qu\u2019il dirige pour lever les obstacles entravant l\u2019acce\u0300s au financement pour les personnes vivant avec un handicap. \u201dCe choix se traduit par deux mesures claires: un taux d\u2019inte\u0301re\u0302t [&hellip;]<\/p>\n","protected":false},"author":82,"featured_media":73173,"comment_status":"open","ping_status":"closed","sticky":false,"template":"","format":"standard","meta":{"footnotes":""},"categories":[21,10],"tags":[44],"class_list":["post-73174","post","type-post","status-publish","format-standard","has-post-thumbnail","hentry","category-communaute","category-toutes-les-actualites","tag-senegal-2"],"yoast_head":"<!-- This site is optimized with the Yoast SEO Premium plugin v26.1 (Yoast SEO v27.0) - https:\/\/yoast.com\/product\/yoast-seo-premium-wordpress\/ -->\n<title>Acc\u00e8s au Financement pour les Personnes Handicap\u00e9es - Senegal<\/title>\n<meta name=\"description\" content=\"La de\u0301le\u0301gue\u0301e ge\u0301ne\u0301rale a\u0300 l\u2019entrepreneuriat rapide des femmes et des jeunes (DER\/FJ), Ai\u0308da Mbodj, a mis en exergue l ...\" \/>\n<meta name=\"robots\" content=\"index, follow, max-snippet:-1, max-image-preview:large, max-video-preview:-1\" \/>\n<link rel=\"canonical\" href=\"https:\/\/www.africa-press.net\/senegal\/toutes-les-actualites\/acces-au-financement-pour-les-personnes-handicapees\" \/>\n<meta property=\"og:locale\" content=\"fr_FR\" \/>\n<meta property=\"og:type\" content=\"article\" \/>\n<meta property=\"og:title\" content=\"Acc\u00e8s au Financement pour les Personnes Handicap\u00e9es\" \/>\n<meta property=\"og:description\" content=\"La de\u0301le\u0301gue\u0301e ge\u0301ne\u0301rale a\u0300 l\u2019entrepreneuriat rapide des femmes et des jeunes (DER\/FJ), Ai\u0308da Mbodj, a mis en exergue l ...\" \/>\n<meta property=\"og:url\" content=\"https:\/\/www.africa-press.net\/senegal\/toutes-les-actualites\/acces-au-financement-pour-les-personnes-handicapees\" \/>\n<meta property=\"og:site_name\" content=\"Senegal\" \/>\n<meta property=\"article:published_time\" content=\"2025-12-03T12:10:00+00:00\" \/>\n<meta property=\"article:modified_time\" content=\"2025-12-03T15:12:31+00:00\" \/>\n<meta property=\"og:image\" content=\"https:\/\/static.africa-press.net\/senegal\/sites\/13\/2025\/12\/sm_1764803527.775528.jpg\" \/>\n\t<meta property=\"og:image:width\" content=\"888\" \/>\n\t<meta property=\"og:image:height\" content=\"467\" \/>\n\t<meta property=\"og:image:type\" content=\"image\/jpeg\" \/>\n<meta name=\"author\" content=\"cfeditorfr\" \/>\n<meta name=\"twitter:card\" content=\"summary_large_image\" \/>\n<meta name=\"twitter:label1\" content=\"\u00c9crit par\" \/>\n\t<meta name=\"twitter:data1\" content=\"cfeditorfr\" \/>\n\t<meta name=\"twitter:label2\" content=\"Dur\u00e9e de lecture estim\u00e9e\" \/>\n\t<meta name=\"twitter:data2\" content=\"3 minutes\" \/>\n<script type=\"application\/ld+json\" class=\"yoast-schema-graph\">{\"@context\":\"https:\/\/schema.org\",\"@graph\":[{\"@type\":\"Article\",\"@id\":\"https:\/\/www.africa-press.net\/senegal\/toutes-les-actualites\/acces-au-financement-pour-les-personnes-handicapees#article\",\"isPartOf\":{\"@id\":\"https:\/\/www.africa-press.net\/senegal\/toutes-les-actualites\/acces-au-financement-pour-les-personnes-handicapees\"},\"author\":{\"name\":\"cfeditorfr\",\"@id\":\"https:\/\/www.africa-press.net\/senegal\/#\/schema\/person\/2b1cf3cd81a31e3cd26889ca66d677f1\"},\"headline\":\"Acc\u00e8s au Financement pour les Personnes Handicap\u00e9es\",\"datePublished\":\"2025-12-03T12:10:00+00:00\",\"dateModified\":\"2025-12-03T15:12:31+00:00\",\"mainEntityOfPage\":{\"@id\":\"https:\/\/www.africa-press.net\/senegal\/toutes-les-actualites\/acces-au-financement-pour-les-personnes-handicapees\"},\"wordCount\":519,\"commentCount\":0,\"image\":{\"@id\":\"https:\/\/www.africa-press.net\/senegal\/toutes-les-actualites\/acces-au-financement-pour-les-personnes-handicapees#primaryimage\"},\"thumbnailUrl\":\"https:\/\/static.africa-press.net\/senegal\/sites\/13\/2025\/12\/sm_1764803527.775528.jpg\",\"keywords\":[\"Senegal\"],\"articleSection\":[\"Communaut\u00e9\",\"Toutes les actualit\u00e9s\"],\"inLanguage\":\"fr-FR\",\"potentialAction\":[{\"@type\":\"CommentAction\",\"name\":\"Comment\",\"target\":[\"https:\/\/www.africa-press.net\/senegal\/toutes-les-actualites\/acces-au-financement-pour-les-personnes-handicapees#respond\"]}]},{\"@type\":\"WebPage\",\"@id\":\"https:\/\/www.africa-press.net\/senegal\/toutes-les-actualites\/acces-au-financement-pour-les-personnes-handicapees\",\"url\":\"https:\/\/www.africa-press.net\/senegal\/toutes-les-actualites\/acces-au-financement-pour-les-personnes-handicapees\",\"name\":\"Acc\u00e8s au Financement pour les Personnes Handicap\u00e9es - Senegal\",\"isPartOf\":{\"@id\":\"https:\/\/www.africa-press.net\/senegal\/#website\"},\"primaryImageOfPage\":{\"@id\":\"https:\/\/www.africa-press.net\/senegal\/toutes-les-actualites\/acces-au-financement-pour-les-personnes-handicapees#primaryimage\"},\"image\":{\"@id\":\"https:\/\/www.africa-press.net\/senegal\/toutes-les-actualites\/acces-au-financement-pour-les-personnes-handicapees#primaryimage\"},\"thumbnailUrl\":\"https:\/\/static.africa-press.net\/senegal\/sites\/13\/2025\/12\/sm_1764803527.775528.jpg\",\"datePublished\":\"2025-12-03T12:10:00+00:00\",\"dateModified\":\"2025-12-03T15:12:31+00:00\",\"author\":{\"@id\":\"https:\/\/www.africa-press.net\/senegal\/#\/schema\/person\/2b1cf3cd81a31e3cd26889ca66d677f1\"},\"description\":\"La de\u0301le\u0301gue\u0301e ge\u0301ne\u0301rale a\u0300 l\u2019entrepreneuriat rapide des femmes et des jeunes (DER\/FJ), Ai\u0308da Mbodj, a mis en exergue l ...\",\"breadcrumb\":{\"@id\":\"https:\/\/www.africa-press.net\/senegal\/toutes-les-actualites\/acces-au-financement-pour-les-personnes-handicapees#breadcrumb\"},\"inLanguage\":\"fr-FR\",\"potentialAction\":[{\"@type\":\"ReadAction\",\"target\":[\"https:\/\/www.africa-press.net\/senegal\/toutes-les-actualites\/acces-au-financement-pour-les-personnes-handicapees\"]}]},{\"@type\":\"ImageObject\",\"inLanguage\":\"fr-FR\",\"@id\":\"https:\/\/www.africa-press.net\/senegal\/toutes-les-actualites\/acces-au-financement-pour-les-personnes-handicapees#primaryimage\",\"url\":\"https:\/\/static.africa-press.net\/senegal\/sites\/13\/2025\/12\/sm_1764803527.775528.jpg\",\"contentUrl\":\"https:\/\/static.africa-press.net\/senegal\/sites\/13\/2025\/12\/sm_1764803527.775528.jpg\",\"width\":888,\"height\":467,\"caption\":\"Acc\u00e8s au Financement pour les Personnes Handicap\u00e9es\"},{\"@type\":\"BreadcrumbList\",\"@id\":\"https:\/\/www.africa-press.net\/senegal\/toutes-les-actualites\/acces-au-financement-pour-les-personnes-handicapees#breadcrumb\",\"itemListElement\":[{\"@type\":\"ListItem\",\"position\":1,\"name\":\"Accueil\",\"item\":\"https:\/\/www.africa-press.net\/senegal\/\"},{\"@type\":\"ListItem\",\"position\":2,\"name\":\"Acc\u00e8s au Financement pour les Personnes Handicap\u00e9es\"}]},{\"@type\":\"WebSite\",\"@id\":\"https:\/\/www.africa-press.net\/senegal\/#website\",\"url\":\"https:\/\/www.africa-press.net\/senegal\/\",\"name\":\"Africa Press | Senegal | Homepage\",\"description\":\"Just another Africa News Agency Sites site\",\"potentialAction\":[{\"@type\":\"SearchAction\",\"target\":{\"@type\":\"EntryPoint\",\"urlTemplate\":\"https:\/\/www.africa-press.net\/senegal\/?s={search_term_string}\"},\"query-input\":{\"@type\":\"PropertyValueSpecification\",\"valueRequired\":true,\"valueName\":\"search_term_string\"}}],\"inLanguage\":\"fr-FR\"},{\"@type\":\"Person\",\"@id\":\"https:\/\/www.africa-press.net\/senegal\/#\/schema\/person\/2b1cf3cd81a31e3cd26889ca66d677f1\",\"name\":\"cfeditorfr\",\"url\":\"https:\/\/www.africa-press.net\/senegal\/author\/cfeditorfr\"}]}<\/script>\n<!-- \/ Yoast SEO Premium plugin. -->","yoast_head_json":{"title":"Acc\u00e8s au Financement pour les Personnes Handicap\u00e9es - Senegal","description":"La de\u0301le\u0301gue\u0301e ge\u0301ne\u0301rale a\u0300 l\u2019entrepreneuriat rapide des femmes et des jeunes (DER\/FJ), Ai\u0308da Mbodj, a mis en exergue l ...","robots":{"index":"index","follow":"follow","max-snippet":"max-snippet:-1","max-image-preview":"max-image-preview:large","max-video-preview":"max-video-preview:-1"},"canonical":"https:\/\/www.africa-press.net\/senegal\/toutes-les-actualites\/acces-au-financement-pour-les-personnes-handicapees","og_locale":"fr_FR","og_type":"article","og_title":"Acc\u00e8s au Financement pour les Personnes Handicap\u00e9es","og_description":"La de\u0301le\u0301gue\u0301e ge\u0301ne\u0301rale a\u0300 l\u2019entrepreneuriat rapide des femmes et des jeunes (DER\/FJ), Ai\u0308da Mbodj, a mis en exergue l ...","og_url":"https:\/\/www.africa-press.net\/senegal\/toutes-les-actualites\/acces-au-financement-pour-les-personnes-handicapees","og_site_name":"Senegal","article_published_time":"2025-12-03T12:10:00+00:00","article_modified_time":"2025-12-03T15:12:31+00:00","og_image":[{"width":888,"height":467,"url":"https:\/\/static.africa-press.net\/senegal\/sites\/13\/2025\/12\/sm_1764803527.775528.jpg","type":"image\/jpeg"}],"author":"cfeditorfr","twitter_card":"summary_large_image","twitter_misc":{"\u00c9crit par":"cfeditorfr","Dur\u00e9e de lecture estim\u00e9e":"3 minutes"},"schema":{"@context":"https:\/\/schema.org","@graph":[{"@type":"Article","@id":"https:\/\/www.africa-press.net\/senegal\/toutes-les-actualites\/acces-au-financement-pour-les-personnes-handicapees#article","isPartOf":{"@id":"https:\/\/www.africa-press.net\/senegal\/toutes-les-actualites\/acces-au-financement-pour-les-personnes-handicapees"},"author":{"name":"cfeditorfr","@id":"https:\/\/www.africa-press.net\/senegal\/#\/schema\/person\/2b1cf3cd81a31e3cd26889ca66d677f1"},"headline":"Acc\u00e8s au Financement pour les Personnes Handicap\u00e9es","datePublished":"2025-12-03T12:10:00+00:00","dateModified":"2025-12-03T15:12:31+00:00","mainEntityOfPage":{"@id":"https:\/\/www.africa-press.net\/senegal\/toutes-les-actualites\/acces-au-financement-pour-les-personnes-handicapees"},"wordCount":519,"commentCount":0,"image":{"@id":"https:\/\/www.africa-press.net\/senegal\/toutes-les-actualites\/acces-au-financement-pour-les-personnes-handicapees#primaryimage"},"thumbnailUrl":"https:\/\/static.africa-press.net\/senegal\/sites\/13\/2025\/12\/sm_1764803527.775528.jpg","keywords":["Senegal"],"articleSection":["Communaut\u00e9","Toutes les actualit\u00e9s"],"inLanguage":"fr-FR","potentialAction":[{"@type":"CommentAction","name":"Comment","target":["https:\/\/www.africa-press.net\/senegal\/toutes-les-actualites\/acces-au-financement-pour-les-personnes-handicapees#respond"]}]},{"@type":"WebPage","@id":"https:\/\/www.africa-press.net\/senegal\/toutes-les-actualites\/acces-au-financement-pour-les-personnes-handicapees","url":"https:\/\/www.africa-press.net\/senegal\/toutes-les-actualites\/acces-au-financement-pour-les-personnes-handicapees","name":"Acc\u00e8s au Financement pour les Personnes Handicap\u00e9es - Senegal","isPartOf":{"@id":"https:\/\/www.africa-press.net\/senegal\/#website"},"primaryImageOfPage":{"@id":"https:\/\/www.africa-press.net\/senegal\/toutes-les-actualites\/acces-au-financement-pour-les-personnes-handicapees#primaryimage"},"image":{"@id":"https:\/\/www.africa-press.net\/senegal\/toutes-les-actualites\/acces-au-financement-pour-les-personnes-handicapees#primaryimage"},"thumbnailUrl":"https:\/\/static.africa-press.net\/senegal\/sites\/13\/2025\/12\/sm_1764803527.775528.jpg","datePublished":"2025-12-03T12:10:00+00:00","dateModified":"2025-12-03T15:12:31+00:00","author":{"@id":"https:\/\/www.africa-press.net\/senegal\/#\/schema\/person\/2b1cf3cd81a31e3cd26889ca66d677f1"},"description":"La de\u0301le\u0301gue\u0301e ge\u0301ne\u0301rale a\u0300 l\u2019entrepreneuriat rapide des femmes et des jeunes (DER\/FJ), Ai\u0308da Mbodj, a mis en exergue l ...","breadcrumb":{"@id":"https:\/\/www.africa-press.net\/senegal\/toutes-les-actualites\/acces-au-financement-pour-les-personnes-handicapees#breadcrumb"},"inLanguage":"fr-FR","potentialAction":[{"@type":"ReadAction","target":["https:\/\/www.africa-press.net\/senegal\/toutes-les-actualites\/acces-au-financement-pour-les-personnes-handicapees"]}]},{"@type":"ImageObject","inLanguage":"fr-FR","@id":"https:\/\/www.africa-press.net\/senegal\/toutes-les-actualites\/acces-au-financement-pour-les-personnes-handicapees#primaryimage","url":"https:\/\/static.africa-press.net\/senegal\/sites\/13\/2025\/12\/sm_1764803527.775528.jpg","contentUrl":"https:\/\/static.africa-press.net\/senegal\/sites\/13\/2025\/12\/sm_1764803527.775528.jpg","width":888,"height":467,"caption":"Acc\u00e8s au Financement pour les Personnes Handicap\u00e9es"},{"@type":"BreadcrumbList","@id":"https:\/\/www.africa-press.net\/senegal\/toutes-les-actualites\/acces-au-financement-pour-les-personnes-handicapees#breadcrumb","itemListElement":[{"@type":"ListItem","position":1,"name":"Accueil","item":"https:\/\/www.africa-press.net\/senegal\/"},{"@type":"ListItem","position":2,"name":"Acc\u00e8s au Financement pour les Personnes Handicap\u00e9es"}]},{"@type":"WebSite","@id":"https:\/\/www.africa-press.net\/senegal\/#website","url":"https:\/\/www.africa-press.net\/senegal\/","name":"Africa Press | Senegal | Homepage","description":"Just another Africa News Agency Sites site","potentialAction":[{"@type":"SearchAction","target":{"@type":"EntryPoint","urlTemplate":"https:\/\/www.africa-press.net\/senegal\/?s={search_term_string}"},"query-input":{"@type":"PropertyValueSpecification","valueRequired":true,"valueName":"search_term_string"}}],"inLanguage":"fr-FR"},{"@type":"Person","@id":"https:\/\/www.africa-press.net\/senegal\/#\/schema\/person\/2b1cf3cd81a31e3cd26889ca66d677f1","name":"cfeditorfr","url":"https:\/\/www.africa-press.net\/senegal\/author\/cfeditorfr"}]}},"_links":{"self":[{"href":"https:\/\/www.africa-press.net\/senegal\/wp-json\/wp\/v2\/posts\/73174","targetHints":{"allow":["GET"]}}],"collection":[{"href":"https:\/\/www.africa-press.net\/senegal\/wp-json\/wp\/v2\/posts"}],"about":[{"href":"https:\/\/www.africa-press.net\/senegal\/wp-json\/wp\/v2\/types\/post"}],"author":[{"embeddable":true,"href":"https:\/\/www.africa-press.net\/senegal\/wp-json\/wp\/v2\/users\/82"}],"replies":[{"embeddable":true,"href":"https:\/\/www.africa-press.net\/senegal\/wp-json\/wp\/v2\/comments?post=73174"}],"version-history":[{"count":0,"href":"https:\/\/www.africa-press.net\/senegal\/wp-json\/wp\/v2\/posts\/73174\/revisions"}],"wp:featuredmedia":[{"embeddable":true,"href":"https:\/\/www.africa-press.net\/senegal\/wp-json\/wp\/v2\/media\/73173"}],"wp:attachment":[{"href":"https:\/\/www.africa-press.net\/senegal\/wp-json\/wp\/v2\/media?parent=73174"}],"wp:term":[{"taxonomy":"category","embeddable":true,"href":"https:\/\/www.africa-press.net\/senegal\/wp-json\/wp\/v2\/categories?post=73174"},{"taxonomy":"post_tag","embeddable":true,"href":"https:\/\/www.africa-press.net\/senegal\/wp-json\/wp\/v2\/tags?post=73174"}],"curies":[{"name":"wp","href":"https:\/\/api.w.org\/{rel}","templated":true}]}}