{"id":73176,"date":"2025-12-03T13:10:00","date_gmt":"2025-12-03T13:10:00","guid":{"rendered":"https:\/\/www.africa-press.net\/senegal\/politique\/parlementaires-proposent-recyclage-eaux-pluviales"},"modified":"2025-12-03T15:12:47","modified_gmt":"2025-12-03T15:12:47","slug":"parlementaires-proposent-recyclage-eaux-pluviales","status":"publish","type":"post","link":"https:\/\/www.africa-press.net\/senegal\/economie\/parlementaires-proposent-recyclage-eaux-pluviales","title":{"rendered":"Parlementaires Proposent Recyclage Eaux Pluviales"},"content":{"rendered":"<p><span style=\"color: #ff6600\"><strong>Africa-Press &#8211; Senegal. <\/strong><\/span>Les de\u0301pute\u0301s Fode\u0301 Mane\u0301 et Oumar Bamba Diop ont sugge\u0301re\u0301 mercredi le recyclage des eaux pluviales pour les re\u0301utiliser dans l\u2019irrigation pendant la saison se\u0300che.<\/p>\n<p>Ils ont fait cette proposition lors de la ple\u0301nie\u0300re de l\u2019Assemble\u0301e nationale consacre\u0301e a\u0300 l\u2019examen du budget du ministe\u0300re de l\u2019Agriculture, de la Souverainete\u0301 alimentaire et de l\u2019Elevage pour l\u2019exercice 2026.<\/p>\n<p>\u201cLes eaux pluviales ont envahi Touba et d\u2019autres localite\u0301s durant l\u2019hivernage. Pourquoi ne pas recycler ces eaux pour qu\u2019elles servent a\u0300 irriguer les terres en saison se\u0300che\u201d, a propose\u0301 Fode\u0301 Mane\u0301, s\u2019adressant au ministre de l\u2019Agriculture, de la Souverainete\u0301 alimentaire et de l\u2019Elevage Mabouba Diagne.<\/p>\n<p>\u201cDes cultivateurs peinent a\u0300 irriguer leurs terres en saison se\u0300che, donc la mai\u0302trise de l\u2019eau est essentielle, et il faudrait re\u0301fle\u0301chir se\u0301rieusement sur comment exploiter les eaux qui nous envahissent lors des inondations\u201d, a plaide\u0301 le de\u0301pute\u0301, sugge\u0301rant d\u2019approfondir davantage cette ide\u0301e.<\/p>\n<p>Il a e\u0301galement demande\u0301 que la diaspora soit prise en compte dans l\u2019acquisition de terres, estimant que les Se\u0301ne\u0301galais de l\u2019e\u0301tranger s\u2019inte\u0301ressent a\u0300 l\u2019agriculture et ont besoin d\u2019e\u0302tre accompagne\u0301s.<\/p>\n<p>Le de\u0301pute\u0301 Oumar Bamba Diop a abonde\u0301 dans le me\u0302me sens.<\/p>\n<p>\u201cIl faut irriguer les champs gra\u0302ce aux eaux pluviales recycle\u0301es des inondations\u201d, a-t-il e\u0301galement sugge\u0301re\u0301, affirmant que le secteur primaire est \u201cun vecteur de de\u0301veloppement\u201d.<\/p>\n<p>Selon lui, il faut aussi faire la promotion des cultures fourrage\u0300re pour cre\u0301er un lien entre agriculteurs et e\u0301leveurs.<\/p>\n<p>M. Diop a e\u0301galement mis en avant l\u2019importance de l\u2019innovations dans l\u2019agriculture.<\/p>\n<p>\u201cL\u2019agriculture sous serre, l\u2019expe\u0301rimentation de nouvelles cultures, la valorisation de nos terres, sont des sujets importants\u201d, a-t-il de\u0301clare\u0301.<\/p>\n<p><strong>Pour plus d&rsquo;informations et d&rsquo;analyses sur la <span style=\"color: #ff6600\">Senegal<\/span>, suivez <span style=\"color: #ff6600\">Africa-Press<\/span><\/strong><\/p>\n","protected":false},"excerpt":{"rendered":"<p>Africa-Press &#8211; Senegal. Les de\u0301pute\u0301s Fode\u0301 Mane\u0301 et Oumar Bamba Diop ont sugge\u0301re\u0301 mercredi le recyclage des eaux pluviales pour les re\u0301utiliser dans l\u2019irrigation pendant la saison se\u0300che. Ils ont fait cette proposition lors de la ple\u0301nie\u0300re de l\u2019Assemble\u0301e nationale consacre\u0301e a\u0300 l\u2019examen du budget du ministe\u0300re de l\u2019Agriculture, de la Souverainete\u0301 alimentaire et de [&hellip;]<\/p>\n","protected":false},"author":82,"featured_media":73175,"comment_status":"open","ping_status":"closed","sticky":false,"template":"","format":"standard","meta":{"footnotes":""},"categories":[3,10],"tags":[44],"class_list":["post-73176","post","type-post","status-publish","format-standard","has-post-thumbnail","hentry","category-economie","category-toutes-les-actualites","tag-senegal-2"],"yoast_head":"<!-- This site is optimized with the Yoast SEO Premium plugin v26.1 (Yoast SEO v27.0) - https:\/\/yoast.com\/product\/yoast-seo-premium-wordpress\/ -->\n<title>Parlementaires Proposent Recyclage Eaux Pluviales - Senegal<\/title>\n<meta name=\"description\" content=\"Les de\u0301pute\u0301s Fode\u0301 Mane\u0301 et Oumar Bamba Diop ont sugge\u0301re\u0301 mercredi le recyclage des eaux pluviales pour les re\u0301utilise ...\" \/>\n<meta name=\"robots\" content=\"index, follow, max-snippet:-1, max-image-preview:large, max-video-preview:-1\" \/>\n<link rel=\"canonical\" href=\"https:\/\/www.africa-press.net\/senegal\/economie\/parlementaires-proposent-recyclage-eaux-pluviales\" \/>\n<meta property=\"og:locale\" content=\"fr_FR\" \/>\n<meta property=\"og:type\" content=\"article\" \/>\n<meta property=\"og:title\" content=\"Parlementaires Proposent Recyclage Eaux Pluviales\" \/>\n<meta property=\"og:description\" content=\"Les de\u0301pute\u0301s Fode\u0301 Mane\u0301 et Oumar Bamba Diop ont sugge\u0301re\u0301 mercredi le recyclage des eaux pluviales pour les re\u0301utilise ...\" \/>\n<meta property=\"og:url\" content=\"https:\/\/www.africa-press.net\/senegal\/economie\/parlementaires-proposent-recyclage-eaux-pluviales\" \/>\n<meta property=\"og:site_name\" content=\"Senegal\" \/>\n<meta property=\"article:published_time\" content=\"2025-12-03T13:10:00+00:00\" \/>\n<meta property=\"article:modified_time\" content=\"2025-12-03T15:12:47+00:00\" \/>\n<meta property=\"og:image\" content=\"https:\/\/static.africa-press.net\/senegal\/sites\/13\/2025\/12\/sm_1764803541.076677.jpg\" \/>\n\t<meta property=\"og:image:width\" content=\"1068\" \/>\n\t<meta property=\"og:image:height\" content=\"448\" \/>\n\t<meta property=\"og:image:type\" content=\"image\/jpeg\" \/>\n<meta name=\"author\" content=\"cfeditorfr\" \/>\n<meta name=\"twitter:card\" content=\"summary_large_image\" \/>\n<meta name=\"twitter:label1\" content=\"\u00c9crit par\" \/>\n\t<meta name=\"twitter:data1\" content=\"cfeditorfr\" \/>\n\t<meta name=\"twitter:label2\" content=\"Dur\u00e9e de lecture estim\u00e9e\" \/>\n\t<meta name=\"twitter:data2\" content=\"2 minutes\" \/>\n<script type=\"application\/ld+json\" class=\"yoast-schema-graph\">{\"@context\":\"https:\/\/schema.org\",\"@graph\":[{\"@type\":\"Article\",\"@id\":\"https:\/\/www.africa-press.net\/senegal\/economie\/parlementaires-proposent-recyclage-eaux-pluviales#article\",\"isPartOf\":{\"@id\":\"https:\/\/www.africa-press.net\/senegal\/economie\/parlementaires-proposent-recyclage-eaux-pluviales\"},\"author\":{\"name\":\"cfeditorfr\",\"@id\":\"https:\/\/www.africa-press.net\/senegal\/#\/schema\/person\/2b1cf3cd81a31e3cd26889ca66d677f1\"},\"headline\":\"Parlementaires Proposent Recyclage Eaux Pluviales\",\"datePublished\":\"2025-12-03T13:10:00+00:00\",\"dateModified\":\"2025-12-03T15:12:47+00:00\",\"mainEntityOfPage\":{\"@id\":\"https:\/\/www.africa-press.net\/senegal\/economie\/parlementaires-proposent-recyclage-eaux-pluviales\"},\"wordCount\":340,\"commentCount\":0,\"image\":{\"@id\":\"https:\/\/www.africa-press.net\/senegal\/economie\/parlementaires-proposent-recyclage-eaux-pluviales#primaryimage\"},\"thumbnailUrl\":\"https:\/\/static.africa-press.net\/senegal\/sites\/13\/2025\/12\/sm_1764803541.076677.jpg\",\"keywords\":[\"Senegal\"],\"articleSection\":[\"\u00c9conomie\",\"Toutes les actualit\u00e9s\"],\"inLanguage\":\"fr-FR\",\"potentialAction\":[{\"@type\":\"CommentAction\",\"name\":\"Comment\",\"target\":[\"https:\/\/www.africa-press.net\/senegal\/economie\/parlementaires-proposent-recyclage-eaux-pluviales#respond\"]}]},{\"@type\":\"WebPage\",\"@id\":\"https:\/\/www.africa-press.net\/senegal\/economie\/parlementaires-proposent-recyclage-eaux-pluviales\",\"url\":\"https:\/\/www.africa-press.net\/senegal\/economie\/parlementaires-proposent-recyclage-eaux-pluviales\",\"name\":\"Parlementaires Proposent Recyclage Eaux Pluviales - Senegal\",\"isPartOf\":{\"@id\":\"https:\/\/www.africa-press.net\/senegal\/#website\"},\"primaryImageOfPage\":{\"@id\":\"https:\/\/www.africa-press.net\/senegal\/economie\/parlementaires-proposent-recyclage-eaux-pluviales#primaryimage\"},\"image\":{\"@id\":\"https:\/\/www.africa-press.net\/senegal\/economie\/parlementaires-proposent-recyclage-eaux-pluviales#primaryimage\"},\"thumbnailUrl\":\"https:\/\/static.africa-press.net\/senegal\/sites\/13\/2025\/12\/sm_1764803541.076677.jpg\",\"datePublished\":\"2025-12-03T13:10:00+00:00\",\"dateModified\":\"2025-12-03T15:12:47+00:00\",\"author\":{\"@id\":\"https:\/\/www.africa-press.net\/senegal\/#\/schema\/person\/2b1cf3cd81a31e3cd26889ca66d677f1\"},\"description\":\"Les de\u0301pute\u0301s Fode\u0301 Mane\u0301 et Oumar Bamba Diop ont sugge\u0301re\u0301 mercredi le recyclage des eaux pluviales pour les re\u0301utilise ...\",\"breadcrumb\":{\"@id\":\"https:\/\/www.africa-press.net\/senegal\/economie\/parlementaires-proposent-recyclage-eaux-pluviales#breadcrumb\"},\"inLanguage\":\"fr-FR\",\"potentialAction\":[{\"@type\":\"ReadAction\",\"target\":[\"https:\/\/www.africa-press.net\/senegal\/economie\/parlementaires-proposent-recyclage-eaux-pluviales\"]}]},{\"@type\":\"ImageObject\",\"inLanguage\":\"fr-FR\",\"@id\":\"https:\/\/www.africa-press.net\/senegal\/economie\/parlementaires-proposent-recyclage-eaux-pluviales#primaryimage\",\"url\":\"https:\/\/static.africa-press.net\/senegal\/sites\/13\/2025\/12\/sm_1764803541.076677.jpg\",\"contentUrl\":\"https:\/\/static.africa-press.net\/senegal\/sites\/13\/2025\/12\/sm_1764803541.076677.jpg\",\"width\":1068,\"height\":448,\"caption\":\"Parlementaires Proposent Recyclage Eaux Pluviales\"},{\"@type\":\"BreadcrumbList\",\"@id\":\"https:\/\/www.africa-press.net\/senegal\/economie\/parlementaires-proposent-recyclage-eaux-pluviales#breadcrumb\",\"itemListElement\":[{\"@type\":\"ListItem\",\"position\":1,\"name\":\"Accueil\",\"item\":\"https:\/\/www.africa-press.net\/senegal\/\"},{\"@type\":\"ListItem\",\"position\":2,\"name\":\"Parlementaires Proposent Recyclage Eaux Pluviales\"}]},{\"@type\":\"WebSite\",\"@id\":\"https:\/\/www.africa-press.net\/senegal\/#website\",\"url\":\"https:\/\/www.africa-press.net\/senegal\/\",\"name\":\"Africa Press | Senegal | Homepage\",\"description\":\"Just another Africa News Agency Sites site\",\"potentialAction\":[{\"@type\":\"SearchAction\",\"target\":{\"@type\":\"EntryPoint\",\"urlTemplate\":\"https:\/\/www.africa-press.net\/senegal\/?s={search_term_string}\"},\"query-input\":{\"@type\":\"PropertyValueSpecification\",\"valueRequired\":true,\"valueName\":\"search_term_string\"}}],\"inLanguage\":\"fr-FR\"},{\"@type\":\"Person\",\"@id\":\"https:\/\/www.africa-press.net\/senegal\/#\/schema\/person\/2b1cf3cd81a31e3cd26889ca66d677f1\",\"name\":\"cfeditorfr\",\"url\":\"https:\/\/www.africa-press.net\/senegal\/author\/cfeditorfr\"}]}<\/script>\n<!-- \/ Yoast SEO Premium plugin. -->","yoast_head_json":{"title":"Parlementaires Proposent Recyclage Eaux Pluviales - Senegal","description":"Les de\u0301pute\u0301s Fode\u0301 Mane\u0301 et Oumar Bamba Diop ont sugge\u0301re\u0301 mercredi le recyclage des eaux pluviales pour les re\u0301utilise ...","robots":{"index":"index","follow":"follow","max-snippet":"max-snippet:-1","max-image-preview":"max-image-preview:large","max-video-preview":"max-video-preview:-1"},"canonical":"https:\/\/www.africa-press.net\/senegal\/economie\/parlementaires-proposent-recyclage-eaux-pluviales","og_locale":"fr_FR","og_type":"article","og_title":"Parlementaires Proposent Recyclage Eaux Pluviales","og_description":"Les de\u0301pute\u0301s Fode\u0301 Mane\u0301 et Oumar Bamba Diop ont sugge\u0301re\u0301 mercredi le recyclage des eaux pluviales pour les re\u0301utilise ...","og_url":"https:\/\/www.africa-press.net\/senegal\/economie\/parlementaires-proposent-recyclage-eaux-pluviales","og_site_name":"Senegal","article_published_time":"2025-12-03T13:10:00+00:00","article_modified_time":"2025-12-03T15:12:47+00:00","og_image":[{"width":1068,"height":448,"url":"https:\/\/static.africa-press.net\/senegal\/sites\/13\/2025\/12\/sm_1764803541.076677.jpg","type":"image\/jpeg"}],"author":"cfeditorfr","twitter_card":"summary_large_image","twitter_misc":{"\u00c9crit par":"cfeditorfr","Dur\u00e9e de lecture estim\u00e9e":"2 minutes"},"schema":{"@context":"https:\/\/schema.org","@graph":[{"@type":"Article","@id":"https:\/\/www.africa-press.net\/senegal\/economie\/parlementaires-proposent-recyclage-eaux-pluviales#article","isPartOf":{"@id":"https:\/\/www.africa-press.net\/senegal\/economie\/parlementaires-proposent-recyclage-eaux-pluviales"},"author":{"name":"cfeditorfr","@id":"https:\/\/www.africa-press.net\/senegal\/#\/schema\/person\/2b1cf3cd81a31e3cd26889ca66d677f1"},"headline":"Parlementaires Proposent Recyclage Eaux Pluviales","datePublished":"2025-12-03T13:10:00+00:00","dateModified":"2025-12-03T15:12:47+00:00","mainEntityOfPage":{"@id":"https:\/\/www.africa-press.net\/senegal\/economie\/parlementaires-proposent-recyclage-eaux-pluviales"},"wordCount":340,"commentCount":0,"image":{"@id":"https:\/\/www.africa-press.net\/senegal\/economie\/parlementaires-proposent-recyclage-eaux-pluviales#primaryimage"},"thumbnailUrl":"https:\/\/static.africa-press.net\/senegal\/sites\/13\/2025\/12\/sm_1764803541.076677.jpg","keywords":["Senegal"],"articleSection":["\u00c9conomie","Toutes les actualit\u00e9s"],"inLanguage":"fr-FR","potentialAction":[{"@type":"CommentAction","name":"Comment","target":["https:\/\/www.africa-press.net\/senegal\/economie\/parlementaires-proposent-recyclage-eaux-pluviales#respond"]}]},{"@type":"WebPage","@id":"https:\/\/www.africa-press.net\/senegal\/economie\/parlementaires-proposent-recyclage-eaux-pluviales","url":"https:\/\/www.africa-press.net\/senegal\/economie\/parlementaires-proposent-recyclage-eaux-pluviales","name":"Parlementaires Proposent Recyclage Eaux Pluviales - Senegal","isPartOf":{"@id":"https:\/\/www.africa-press.net\/senegal\/#website"},"primaryImageOfPage":{"@id":"https:\/\/www.africa-press.net\/senegal\/economie\/parlementaires-proposent-recyclage-eaux-pluviales#primaryimage"},"image":{"@id":"https:\/\/www.africa-press.net\/senegal\/economie\/parlementaires-proposent-recyclage-eaux-pluviales#primaryimage"},"thumbnailUrl":"https:\/\/static.africa-press.net\/senegal\/sites\/13\/2025\/12\/sm_1764803541.076677.jpg","datePublished":"2025-12-03T13:10:00+00:00","dateModified":"2025-12-03T15:12:47+00:00","author":{"@id":"https:\/\/www.africa-press.net\/senegal\/#\/schema\/person\/2b1cf3cd81a31e3cd26889ca66d677f1"},"description":"Les de\u0301pute\u0301s Fode\u0301 Mane\u0301 et Oumar Bamba Diop ont sugge\u0301re\u0301 mercredi le recyclage des eaux pluviales pour les re\u0301utilise ...","breadcrumb":{"@id":"https:\/\/www.africa-press.net\/senegal\/economie\/parlementaires-proposent-recyclage-eaux-pluviales#breadcrumb"},"inLanguage":"fr-FR","potentialAction":[{"@type":"ReadAction","target":["https:\/\/www.africa-press.net\/senegal\/economie\/parlementaires-proposent-recyclage-eaux-pluviales"]}]},{"@type":"ImageObject","inLanguage":"fr-FR","@id":"https:\/\/www.africa-press.net\/senegal\/economie\/parlementaires-proposent-recyclage-eaux-pluviales#primaryimage","url":"https:\/\/static.africa-press.net\/senegal\/sites\/13\/2025\/12\/sm_1764803541.076677.jpg","contentUrl":"https:\/\/static.africa-press.net\/senegal\/sites\/13\/2025\/12\/sm_1764803541.076677.jpg","width":1068,"height":448,"caption":"Parlementaires Proposent Recyclage Eaux Pluviales"},{"@type":"BreadcrumbList","@id":"https:\/\/www.africa-press.net\/senegal\/economie\/parlementaires-proposent-recyclage-eaux-pluviales#breadcrumb","itemListElement":[{"@type":"ListItem","position":1,"name":"Accueil","item":"https:\/\/www.africa-press.net\/senegal\/"},{"@type":"ListItem","position":2,"name":"Parlementaires Proposent Recyclage Eaux Pluviales"}]},{"@type":"WebSite","@id":"https:\/\/www.africa-press.net\/senegal\/#website","url":"https:\/\/www.africa-press.net\/senegal\/","name":"Africa Press | Senegal | Homepage","description":"Just another Africa News Agency Sites site","potentialAction":[{"@type":"SearchAction","target":{"@type":"EntryPoint","urlTemplate":"https:\/\/www.africa-press.net\/senegal\/?s={search_term_string}"},"query-input":{"@type":"PropertyValueSpecification","valueRequired":true,"valueName":"search_term_string"}}],"inLanguage":"fr-FR"},{"@type":"Person","@id":"https:\/\/www.africa-press.net\/senegal\/#\/schema\/person\/2b1cf3cd81a31e3cd26889ca66d677f1","name":"cfeditorfr","url":"https:\/\/www.africa-press.net\/senegal\/author\/cfeditorfr"}]}},"_links":{"self":[{"href":"https:\/\/www.africa-press.net\/senegal\/wp-json\/wp\/v2\/posts\/73176","targetHints":{"allow":["GET"]}}],"collection":[{"href":"https:\/\/www.africa-press.net\/senegal\/wp-json\/wp\/v2\/posts"}],"about":[{"href":"https:\/\/www.africa-press.net\/senegal\/wp-json\/wp\/v2\/types\/post"}],"author":[{"embeddable":true,"href":"https:\/\/www.africa-press.net\/senegal\/wp-json\/wp\/v2\/users\/82"}],"replies":[{"embeddable":true,"href":"https:\/\/www.africa-press.net\/senegal\/wp-json\/wp\/v2\/comments?post=73176"}],"version-history":[{"count":0,"href":"https:\/\/www.africa-press.net\/senegal\/wp-json\/wp\/v2\/posts\/73176\/revisions"}],"wp:featuredmedia":[{"embeddable":true,"href":"https:\/\/www.africa-press.net\/senegal\/wp-json\/wp\/v2\/media\/73175"}],"wp:attachment":[{"href":"https:\/\/www.africa-press.net\/senegal\/wp-json\/wp\/v2\/media?parent=73176"}],"wp:term":[{"taxonomy":"category","embeddable":true,"href":"https:\/\/www.africa-press.net\/senegal\/wp-json\/wp\/v2\/categories?post=73176"},{"taxonomy":"post_tag","embeddable":true,"href":"https:\/\/www.africa-press.net\/senegal\/wp-json\/wp\/v2\/tags?post=73176"}],"curies":[{"name":"wp","href":"https:\/\/api.w.org\/{rel}","templated":true}]}}