{"id":73227,"date":"2025-12-05T12:10:00","date_gmt":"2025-12-05T12:10:00","guid":{"rendered":"https:\/\/www.africa-press.net\/senegal\/politique\/electrification-rurale-sall-denonce-irregularites"},"modified":"2025-12-05T22:44:07","modified_gmt":"2025-12-05T22:44:07","slug":"electrification-rurale-sall-denonce-irregularites","status":"publish","type":"post","link":"https:\/\/www.africa-press.net\/senegal\/politique\/electrification-rurale-sall-denonce-irregularites","title":{"rendered":"E\u0301Lectrification Rurale: Sall De\u0301nonce Irregularite\u0301s"},"content":{"rendered":"<p><span style=\"color: #ff6600\"><strong>Africa-Press &#8211; Senegal. <\/strong><\/span>Le de\u0301pute\u0301 Thierno Alassane Sall a remis en cause l\u2019attribution du contrat d\u2019e\u0301lectrification rurale confie\u0301 a\u0300 AEE Power EPC par l\u2019ASER (Agence Se\u0301ne\u0301galaise d\u2019E\u0301lectrification Rurale) lors de l\u2019examen du budget du Ministe\u0300re de l\u2019E\u0301nergie, du Pe\u0301trole et des Mines.<\/p>\n<p>Selon lui, une \u00ab de\u0301rogation fictive \u00bb aurait e\u0301te\u0301 utilise\u0301e pour attribuer le marche\u0301, en violation du cadre le\u0301gal des marche\u0301s publics. Le de\u0301pute\u0301 a affirme\u0301 qu\u2019une somme de 37 milliards de FCFA destine\u0301e au projet aurait disparu ou n\u2019aurait jamais e\u0301te\u0301 justifie\u0301e. Il de\u0301nonce par ailleurs que la majorite\u0301 des villages concerne\u0301s n\u2019ont vu ni chantier, ni mate\u0301riel, ni trace de travaux.<\/p>\n<p>Thierno Alassane Sall a exige\u0301 l\u2019annulation imme\u0301diate du marche\u0301, l\u2019inscription d\u2019AEE Power EPC sur la liste noire des marche\u0301s publics et des sanctions contre les responsables implique\u0301s.<\/p>\n<p>Il a e\u0301galement re\u0301ve\u0301le\u0301 avoir porte\u0301 plainte, de\u0301nonc\u0327ant le vol pre\u0301sume\u0301 des fonds publics et appelant a\u0300 une transparence totale pour empe\u0302cher que la socie\u0301te\u0301 espagnole ne be\u0301ne\u0301ficie a\u0300 nouveau de marche\u0301s au Se\u0301ne\u0301gal.<\/p>\n<p><strong>Pour plus d&rsquo;informations et d&rsquo;analyses sur la <span style=\"color: #ff6600\">Senegal<\/span>, suivez <span style=\"color: #ff6600\">Africa-Press<\/span><\/strong><\/p>\n","protected":false},"excerpt":{"rendered":"<p>Africa-Press &#8211; Senegal. Le de\u0301pute\u0301 Thierno Alassane Sall a remis en cause l\u2019attribution du contrat d\u2019e\u0301lectrification rurale confie\u0301 a\u0300 AEE Power EPC par l\u2019ASER (Agence Se\u0301ne\u0301galaise d\u2019E\u0301lectrification Rurale) lors de l\u2019examen du budget du Ministe\u0300re de l\u2019E\u0301nergie, du Pe\u0301trole et des Mines. Selon lui, une \u00ab de\u0301rogation fictive \u00bb aurait e\u0301te\u0301 utilise\u0301e pour attribuer le [&hellip;]<\/p>\n","protected":false},"author":82,"featured_media":73226,"comment_status":"open","ping_status":"closed","sticky":false,"template":"","format":"standard","meta":{"footnotes":""},"categories":[2,10],"tags":[44],"class_list":["post-73227","post","type-post","status-publish","format-standard","has-post-thumbnail","hentry","category-politique","category-toutes-les-actualites","tag-senegal-2"],"yoast_head":"<!-- This site is optimized with the Yoast SEO Premium plugin v26.1 (Yoast SEO v27.0) - https:\/\/yoast.com\/product\/yoast-seo-premium-wordpress\/ -->\n<title>E\u0301Lectrification Rurale: Sall De\u0301nonce Irregularite\u0301s - Senegal<\/title>\n<meta name=\"description\" content=\"Le de\u0301pute\u0301 Thierno Alassane Sall a remis en cause l\u2019attribution du contrat d\u2019e\u0301lectrification rurale confie\u0301 a\u0300 AEE Pow ...\" \/>\n<meta name=\"robots\" content=\"index, follow, max-snippet:-1, max-image-preview:large, max-video-preview:-1\" \/>\n<link rel=\"canonical\" href=\"https:\/\/www.africa-press.net\/senegal\/politique\/electrification-rurale-sall-denonce-irregularites\" \/>\n<meta property=\"og:locale\" content=\"fr_FR\" \/>\n<meta property=\"og:type\" content=\"article\" \/>\n<meta property=\"og:title\" content=\"E\u0301Lectrification Rurale: Sall De\u0301nonce Irregularite\u0301s\" \/>\n<meta property=\"og:description\" content=\"Le de\u0301pute\u0301 Thierno Alassane Sall a remis en cause l\u2019attribution du contrat d\u2019e\u0301lectrification rurale confie\u0301 a\u0300 AEE Pow ...\" \/>\n<meta property=\"og:url\" content=\"https:\/\/www.africa-press.net\/senegal\/politique\/electrification-rurale-sall-denonce-irregularites\" \/>\n<meta property=\"og:site_name\" content=\"Senegal\" \/>\n<meta property=\"article:published_time\" content=\"2025-12-05T12:10:00+00:00\" \/>\n<meta property=\"article:modified_time\" content=\"2025-12-05T22:44:07+00:00\" \/>\n<meta property=\"og:image\" content=\"https:\/\/static.africa-press.net\/senegal\/sites\/13\/2025\/12\/sm_1765003264.072521.jpg\" \/>\n\t<meta property=\"og:image:width\" content=\"1280\" \/>\n\t<meta property=\"og:image:height\" content=\"720\" \/>\n\t<meta property=\"og:image:type\" content=\"image\/jpeg\" \/>\n<meta name=\"author\" content=\"cfeditorfr\" \/>\n<meta name=\"twitter:card\" content=\"summary_large_image\" \/>\n<meta name=\"twitter:label1\" content=\"\u00c9crit par\" \/>\n\t<meta name=\"twitter:data1\" content=\"cfeditorfr\" \/>\n\t<meta name=\"twitter:label2\" content=\"Dur\u00e9e de lecture estim\u00e9e\" \/>\n\t<meta name=\"twitter:data2\" content=\"2 minutes\" \/>\n<script type=\"application\/ld+json\" class=\"yoast-schema-graph\">{\"@context\":\"https:\/\/schema.org\",\"@graph\":[{\"@type\":\"Article\",\"@id\":\"https:\/\/www.africa-press.net\/senegal\/politique\/electrification-rurale-sall-denonce-irregularites#article\",\"isPartOf\":{\"@id\":\"https:\/\/www.africa-press.net\/senegal\/politique\/electrification-rurale-sall-denonce-irregularites\"},\"author\":{\"name\":\"cfeditorfr\",\"@id\":\"https:\/\/www.africa-press.net\/senegal\/#\/schema\/person\/2b1cf3cd81a31e3cd26889ca66d677f1\"},\"headline\":\"E\u0301Lectrification Rurale: Sall De\u0301nonce Irregularite\u0301s\",\"datePublished\":\"2025-12-05T12:10:00+00:00\",\"dateModified\":\"2025-12-05T22:44:07+00:00\",\"mainEntityOfPage\":{\"@id\":\"https:\/\/www.africa-press.net\/senegal\/politique\/electrification-rurale-sall-denonce-irregularites\"},\"wordCount\":231,\"commentCount\":0,\"image\":{\"@id\":\"https:\/\/www.africa-press.net\/senegal\/politique\/electrification-rurale-sall-denonce-irregularites#primaryimage\"},\"thumbnailUrl\":\"https:\/\/static.africa-press.net\/senegal\/sites\/13\/2025\/12\/sm_1765003264.072521.jpg\",\"keywords\":[\"Senegal\"],\"articleSection\":[\"Politique\",\"Toutes les actualit\u00e9s\"],\"inLanguage\":\"fr-FR\",\"potentialAction\":[{\"@type\":\"CommentAction\",\"name\":\"Comment\",\"target\":[\"https:\/\/www.africa-press.net\/senegal\/politique\/electrification-rurale-sall-denonce-irregularites#respond\"]}]},{\"@type\":\"WebPage\",\"@id\":\"https:\/\/www.africa-press.net\/senegal\/politique\/electrification-rurale-sall-denonce-irregularites\",\"url\":\"https:\/\/www.africa-press.net\/senegal\/politique\/electrification-rurale-sall-denonce-irregularites\",\"name\":\"E\u0301Lectrification Rurale: Sall De\u0301nonce Irregularite\u0301s - Senegal\",\"isPartOf\":{\"@id\":\"https:\/\/www.africa-press.net\/senegal\/#website\"},\"primaryImageOfPage\":{\"@id\":\"https:\/\/www.africa-press.net\/senegal\/politique\/electrification-rurale-sall-denonce-irregularites#primaryimage\"},\"image\":{\"@id\":\"https:\/\/www.africa-press.net\/senegal\/politique\/electrification-rurale-sall-denonce-irregularites#primaryimage\"},\"thumbnailUrl\":\"https:\/\/static.africa-press.net\/senegal\/sites\/13\/2025\/12\/sm_1765003264.072521.jpg\",\"datePublished\":\"2025-12-05T12:10:00+00:00\",\"dateModified\":\"2025-12-05T22:44:07+00:00\",\"author\":{\"@id\":\"https:\/\/www.africa-press.net\/senegal\/#\/schema\/person\/2b1cf3cd81a31e3cd26889ca66d677f1\"},\"description\":\"Le de\u0301pute\u0301 Thierno Alassane Sall a remis en cause l\u2019attribution du contrat d\u2019e\u0301lectrification rurale confie\u0301 a\u0300 AEE Pow ...\",\"breadcrumb\":{\"@id\":\"https:\/\/www.africa-press.net\/senegal\/politique\/electrification-rurale-sall-denonce-irregularites#breadcrumb\"},\"inLanguage\":\"fr-FR\",\"potentialAction\":[{\"@type\":\"ReadAction\",\"target\":[\"https:\/\/www.africa-press.net\/senegal\/politique\/electrification-rurale-sall-denonce-irregularites\"]}]},{\"@type\":\"ImageObject\",\"inLanguage\":\"fr-FR\",\"@id\":\"https:\/\/www.africa-press.net\/senegal\/politique\/electrification-rurale-sall-denonce-irregularites#primaryimage\",\"url\":\"https:\/\/static.africa-press.net\/senegal\/sites\/13\/2025\/12\/sm_1765003264.072521.jpg\",\"contentUrl\":\"https:\/\/static.africa-press.net\/senegal\/sites\/13\/2025\/12\/sm_1765003264.072521.jpg\",\"width\":1280,\"height\":720,\"caption\":\"E\u0301Lectrification Rurale: Sall De\u0301nonce Irregularite\u0301s\"},{\"@type\":\"BreadcrumbList\",\"@id\":\"https:\/\/www.africa-press.net\/senegal\/politique\/electrification-rurale-sall-denonce-irregularites#breadcrumb\",\"itemListElement\":[{\"@type\":\"ListItem\",\"position\":1,\"name\":\"Accueil\",\"item\":\"https:\/\/www.africa-press.net\/senegal\/\"},{\"@type\":\"ListItem\",\"position\":2,\"name\":\"E\u0301Lectrification Rurale: Sall De\u0301nonce Irregularite\u0301s\"}]},{\"@type\":\"WebSite\",\"@id\":\"https:\/\/www.africa-press.net\/senegal\/#website\",\"url\":\"https:\/\/www.africa-press.net\/senegal\/\",\"name\":\"Africa Press | Senegal | Homepage\",\"description\":\"Just another Africa News Agency Sites site\",\"potentialAction\":[{\"@type\":\"SearchAction\",\"target\":{\"@type\":\"EntryPoint\",\"urlTemplate\":\"https:\/\/www.africa-press.net\/senegal\/?s={search_term_string}\"},\"query-input\":{\"@type\":\"PropertyValueSpecification\",\"valueRequired\":true,\"valueName\":\"search_term_string\"}}],\"inLanguage\":\"fr-FR\"},{\"@type\":\"Person\",\"@id\":\"https:\/\/www.africa-press.net\/senegal\/#\/schema\/person\/2b1cf3cd81a31e3cd26889ca66d677f1\",\"name\":\"cfeditorfr\",\"url\":\"https:\/\/www.africa-press.net\/senegal\/author\/cfeditorfr\"}]}<\/script>\n<!-- \/ Yoast SEO Premium plugin. -->","yoast_head_json":{"title":"E\u0301Lectrification Rurale: Sall De\u0301nonce Irregularite\u0301s - Senegal","description":"Le de\u0301pute\u0301 Thierno Alassane Sall a remis en cause l\u2019attribution du contrat d\u2019e\u0301lectrification rurale confie\u0301 a\u0300 AEE Pow ...","robots":{"index":"index","follow":"follow","max-snippet":"max-snippet:-1","max-image-preview":"max-image-preview:large","max-video-preview":"max-video-preview:-1"},"canonical":"https:\/\/www.africa-press.net\/senegal\/politique\/electrification-rurale-sall-denonce-irregularites","og_locale":"fr_FR","og_type":"article","og_title":"E\u0301Lectrification Rurale: Sall De\u0301nonce Irregularite\u0301s","og_description":"Le de\u0301pute\u0301 Thierno Alassane Sall a remis en cause l\u2019attribution du contrat d\u2019e\u0301lectrification rurale confie\u0301 a\u0300 AEE Pow ...","og_url":"https:\/\/www.africa-press.net\/senegal\/politique\/electrification-rurale-sall-denonce-irregularites","og_site_name":"Senegal","article_published_time":"2025-12-05T12:10:00+00:00","article_modified_time":"2025-12-05T22:44:07+00:00","og_image":[{"width":1280,"height":720,"url":"https:\/\/static.africa-press.net\/senegal\/sites\/13\/2025\/12\/sm_1765003264.072521.jpg","type":"image\/jpeg"}],"author":"cfeditorfr","twitter_card":"summary_large_image","twitter_misc":{"\u00c9crit par":"cfeditorfr","Dur\u00e9e de lecture estim\u00e9e":"2 minutes"},"schema":{"@context":"https:\/\/schema.org","@graph":[{"@type":"Article","@id":"https:\/\/www.africa-press.net\/senegal\/politique\/electrification-rurale-sall-denonce-irregularites#article","isPartOf":{"@id":"https:\/\/www.africa-press.net\/senegal\/politique\/electrification-rurale-sall-denonce-irregularites"},"author":{"name":"cfeditorfr","@id":"https:\/\/www.africa-press.net\/senegal\/#\/schema\/person\/2b1cf3cd81a31e3cd26889ca66d677f1"},"headline":"E\u0301Lectrification Rurale: Sall De\u0301nonce Irregularite\u0301s","datePublished":"2025-12-05T12:10:00+00:00","dateModified":"2025-12-05T22:44:07+00:00","mainEntityOfPage":{"@id":"https:\/\/www.africa-press.net\/senegal\/politique\/electrification-rurale-sall-denonce-irregularites"},"wordCount":231,"commentCount":0,"image":{"@id":"https:\/\/www.africa-press.net\/senegal\/politique\/electrification-rurale-sall-denonce-irregularites#primaryimage"},"thumbnailUrl":"https:\/\/static.africa-press.net\/senegal\/sites\/13\/2025\/12\/sm_1765003264.072521.jpg","keywords":["Senegal"],"articleSection":["Politique","Toutes les actualit\u00e9s"],"inLanguage":"fr-FR","potentialAction":[{"@type":"CommentAction","name":"Comment","target":["https:\/\/www.africa-press.net\/senegal\/politique\/electrification-rurale-sall-denonce-irregularites#respond"]}]},{"@type":"WebPage","@id":"https:\/\/www.africa-press.net\/senegal\/politique\/electrification-rurale-sall-denonce-irregularites","url":"https:\/\/www.africa-press.net\/senegal\/politique\/electrification-rurale-sall-denonce-irregularites","name":"E\u0301Lectrification Rurale: Sall De\u0301nonce Irregularite\u0301s - Senegal","isPartOf":{"@id":"https:\/\/www.africa-press.net\/senegal\/#website"},"primaryImageOfPage":{"@id":"https:\/\/www.africa-press.net\/senegal\/politique\/electrification-rurale-sall-denonce-irregularites#primaryimage"},"image":{"@id":"https:\/\/www.africa-press.net\/senegal\/politique\/electrification-rurale-sall-denonce-irregularites#primaryimage"},"thumbnailUrl":"https:\/\/static.africa-press.net\/senegal\/sites\/13\/2025\/12\/sm_1765003264.072521.jpg","datePublished":"2025-12-05T12:10:00+00:00","dateModified":"2025-12-05T22:44:07+00:00","author":{"@id":"https:\/\/www.africa-press.net\/senegal\/#\/schema\/person\/2b1cf3cd81a31e3cd26889ca66d677f1"},"description":"Le de\u0301pute\u0301 Thierno Alassane Sall a remis en cause l\u2019attribution du contrat d\u2019e\u0301lectrification rurale confie\u0301 a\u0300 AEE Pow ...","breadcrumb":{"@id":"https:\/\/www.africa-press.net\/senegal\/politique\/electrification-rurale-sall-denonce-irregularites#breadcrumb"},"inLanguage":"fr-FR","potentialAction":[{"@type":"ReadAction","target":["https:\/\/www.africa-press.net\/senegal\/politique\/electrification-rurale-sall-denonce-irregularites"]}]},{"@type":"ImageObject","inLanguage":"fr-FR","@id":"https:\/\/www.africa-press.net\/senegal\/politique\/electrification-rurale-sall-denonce-irregularites#primaryimage","url":"https:\/\/static.africa-press.net\/senegal\/sites\/13\/2025\/12\/sm_1765003264.072521.jpg","contentUrl":"https:\/\/static.africa-press.net\/senegal\/sites\/13\/2025\/12\/sm_1765003264.072521.jpg","width":1280,"height":720,"caption":"E\u0301Lectrification Rurale: Sall De\u0301nonce Irregularite\u0301s"},{"@type":"BreadcrumbList","@id":"https:\/\/www.africa-press.net\/senegal\/politique\/electrification-rurale-sall-denonce-irregularites#breadcrumb","itemListElement":[{"@type":"ListItem","position":1,"name":"Accueil","item":"https:\/\/www.africa-press.net\/senegal\/"},{"@type":"ListItem","position":2,"name":"E\u0301Lectrification Rurale: Sall De\u0301nonce Irregularite\u0301s"}]},{"@type":"WebSite","@id":"https:\/\/www.africa-press.net\/senegal\/#website","url":"https:\/\/www.africa-press.net\/senegal\/","name":"Africa Press | Senegal | Homepage","description":"Just another Africa News Agency Sites site","potentialAction":[{"@type":"SearchAction","target":{"@type":"EntryPoint","urlTemplate":"https:\/\/www.africa-press.net\/senegal\/?s={search_term_string}"},"query-input":{"@type":"PropertyValueSpecification","valueRequired":true,"valueName":"search_term_string"}}],"inLanguage":"fr-FR"},{"@type":"Person","@id":"https:\/\/www.africa-press.net\/senegal\/#\/schema\/person\/2b1cf3cd81a31e3cd26889ca66d677f1","name":"cfeditorfr","url":"https:\/\/www.africa-press.net\/senegal\/author\/cfeditorfr"}]}},"_links":{"self":[{"href":"https:\/\/www.africa-press.net\/senegal\/wp-json\/wp\/v2\/posts\/73227","targetHints":{"allow":["GET"]}}],"collection":[{"href":"https:\/\/www.africa-press.net\/senegal\/wp-json\/wp\/v2\/posts"}],"about":[{"href":"https:\/\/www.africa-press.net\/senegal\/wp-json\/wp\/v2\/types\/post"}],"author":[{"embeddable":true,"href":"https:\/\/www.africa-press.net\/senegal\/wp-json\/wp\/v2\/users\/82"}],"replies":[{"embeddable":true,"href":"https:\/\/www.africa-press.net\/senegal\/wp-json\/wp\/v2\/comments?post=73227"}],"version-history":[{"count":0,"href":"https:\/\/www.africa-press.net\/senegal\/wp-json\/wp\/v2\/posts\/73227\/revisions"}],"wp:featuredmedia":[{"embeddable":true,"href":"https:\/\/www.africa-press.net\/senegal\/wp-json\/wp\/v2\/media\/73226"}],"wp:attachment":[{"href":"https:\/\/www.africa-press.net\/senegal\/wp-json\/wp\/v2\/media?parent=73227"}],"wp:term":[{"taxonomy":"category","embeddable":true,"href":"https:\/\/www.africa-press.net\/senegal\/wp-json\/wp\/v2\/categories?post=73227"},{"taxonomy":"post_tag","embeddable":true,"href":"https:\/\/www.africa-press.net\/senegal\/wp-json\/wp\/v2\/tags?post=73227"}],"curies":[{"name":"wp","href":"https:\/\/api.w.org\/{rel}","templated":true}]}}