{"id":73230,"date":"2025-12-05T14:15:00","date_gmt":"2025-12-05T14:15:00","guid":{"rendered":"https:\/\/www.africa-press.net\/senegal\/politique\/restructuration-de-la-dette-senegalaise-par-le-fmi"},"modified":"2025-12-05T22:46:11","modified_gmt":"2025-12-05T22:46:11","slug":"restructuration-de-la-dette-senegalaise-par-le-fmi","status":"publish","type":"post","link":"https:\/\/www.africa-press.net\/senegal\/politique\/restructuration-de-la-dette-senegalaise-par-le-fmi","title":{"rendered":"Restructuration de la Dette S\u00e9n\u00e9galaise par le FMI"},"content":{"rendered":"<p><span style=\"color: #ff6600\"><strong>Africa-Press &#8211; Senegal. <\/strong><\/span>Lors de son \u00abTera meeting\u00bb, le premier ministre Ousmane Sonko avait annonce\u0301 que dans leurs discussions avec le Fonds mone\u0301taire international (Fmi), il leur est propose\u0301 la restructuration de la dette se\u0301ne\u0301galaise. Une option qui ne plait pas du tout au chef du gouvernement. Mais, pour le Fmi, l\u2019Etat du Se\u0301ne\u0301gal est libre de choisir l\u2019option qu\u2019il veut.<\/p>\n<p>\u00abNotre ro\u0302le au FMI est pre\u0301cise\u0301ment de fournir une analyse d&rsquo;experts et des conseils aux autorite\u0301s. Toutefois, la nature et le choix des ope\u0301rations spe\u0301cifiques sur la dette, notamment la de\u0301cision de restructurer ou non les obligations, rele\u0300vent de la souverainete\u0301 du Se\u0301ne\u0301gal\u00bb, a pre\u0301cise\u0301 Julie Kozack, Directrice de la Communication du Fmi.<\/p>\n<p>Face a\u0300 la presse hier jeudi, elle a de\u0301clare\u0301, toujours sur la question de la restructuration de la dette, qu\u2019ils prennent en compte les pre\u0301occupations exprime\u0301es par certains acteurs de la dette se\u0301ne\u0301galaise. Ces derniers, dit-elle, \u00abont discute\u0301 avec les autorite\u0301s des importantes vulne\u0301rabilite\u0301s du Se\u0301ne\u0301gal face a\u0300 sa dette\u00bb.<\/p>\n<p><strong>Pour plus d&rsquo;informations et d&rsquo;analyses sur la <span style=\"color: #ff6600\">Senegal<\/span>, suivez <span style=\"color: #ff6600\">Africa-Press<\/span><\/strong><\/p>\n","protected":false},"excerpt":{"rendered":"<p>Africa-Press &#8211; Senegal. Lors de son \u00abTera meeting\u00bb, le premier ministre Ousmane Sonko avait annonce\u0301 que dans leurs discussions avec le Fonds mone\u0301taire international (Fmi), il leur est propose\u0301 la restructuration de la dette se\u0301ne\u0301galaise. Une option qui ne plait pas du tout au chef du gouvernement. Mais, pour le Fmi, l\u2019Etat du Se\u0301ne\u0301gal est [&hellip;]<\/p>\n","protected":false},"author":82,"featured_media":73229,"comment_status":"open","ping_status":"closed","sticky":false,"template":"","format":"standard","meta":{"footnotes":""},"categories":[2,20,10],"tags":[44],"class_list":["post-73230","post","type-post","status-publish","format-standard","has-post-thumbnail","hentry","category-politique","category-top-nouvelles","category-toutes-les-actualites","tag-senegal-2"],"yoast_head":"<!-- This site is optimized with the Yoast SEO Premium plugin v26.1 (Yoast SEO v27.0) - https:\/\/yoast.com\/product\/yoast-seo-premium-wordpress\/ -->\n<title>Restructuration de la Dette S\u00e9n\u00e9galaise par le FMI - Senegal<\/title>\n<meta name=\"description\" content=\"Lors de son \u00abTera meeting\u00bb, le premier ministre Ousmane Sonko avait annonce\u0301 que dans leurs discussions avec le Fonds mo ...\" \/>\n<meta name=\"robots\" content=\"index, follow, max-snippet:-1, max-image-preview:large, max-video-preview:-1\" \/>\n<link rel=\"canonical\" href=\"https:\/\/www.africa-press.net\/senegal\/politique\/restructuration-de-la-dette-senegalaise-par-le-fmi\" \/>\n<meta property=\"og:locale\" content=\"fr_FR\" \/>\n<meta property=\"og:type\" content=\"article\" \/>\n<meta property=\"og:title\" content=\"Restructuration de la Dette S\u00e9n\u00e9galaise par le FMI\" \/>\n<meta property=\"og:description\" content=\"Lors de son \u00abTera meeting\u00bb, le premier ministre Ousmane Sonko avait annonce\u0301 que dans leurs discussions avec le Fonds mo ...\" \/>\n<meta property=\"og:url\" content=\"https:\/\/www.africa-press.net\/senegal\/politique\/restructuration-de-la-dette-senegalaise-par-le-fmi\" \/>\n<meta property=\"og:site_name\" content=\"Senegal\" \/>\n<meta property=\"article:published_time\" content=\"2025-12-05T14:15:00+00:00\" \/>\n<meta property=\"article:modified_time\" content=\"2025-12-05T22:46:11+00:00\" \/>\n<meta property=\"og:image\" content=\"https:\/\/static.africa-press.net\/senegal\/sites\/13\/2025\/12\/sm_1765003425.266818.jpg\" \/>\n\t<meta property=\"og:image:width\" content=\"1280\" \/>\n\t<meta property=\"og:image:height\" content=\"720\" \/>\n\t<meta property=\"og:image:type\" content=\"image\/jpeg\" \/>\n<meta name=\"author\" content=\"cfeditorfr\" \/>\n<meta name=\"twitter:card\" content=\"summary_large_image\" \/>\n<meta name=\"twitter:label1\" content=\"\u00c9crit par\" \/>\n\t<meta name=\"twitter:data1\" content=\"cfeditorfr\" \/>\n\t<meta name=\"twitter:label2\" content=\"Dur\u00e9e de lecture estim\u00e9e\" \/>\n\t<meta name=\"twitter:data2\" content=\"2 minutes\" \/>\n<script type=\"application\/ld+json\" class=\"yoast-schema-graph\">{\"@context\":\"https:\/\/schema.org\",\"@graph\":[{\"@type\":\"Article\",\"@id\":\"https:\/\/www.africa-press.net\/senegal\/politique\/restructuration-de-la-dette-senegalaise-par-le-fmi#article\",\"isPartOf\":{\"@id\":\"https:\/\/www.africa-press.net\/senegal\/politique\/restructuration-de-la-dette-senegalaise-par-le-fmi\"},\"author\":{\"name\":\"cfeditorfr\",\"@id\":\"https:\/\/www.africa-press.net\/senegal\/#\/schema\/person\/2b1cf3cd81a31e3cd26889ca66d677f1\"},\"headline\":\"Restructuration de la Dette S\u00e9n\u00e9galaise par le FMI\",\"datePublished\":\"2025-12-05T14:15:00+00:00\",\"dateModified\":\"2025-12-05T22:46:11+00:00\",\"mainEntityOfPage\":{\"@id\":\"https:\/\/www.africa-press.net\/senegal\/politique\/restructuration-de-la-dette-senegalaise-par-le-fmi\"},\"wordCount\":217,\"commentCount\":0,\"image\":{\"@id\":\"https:\/\/www.africa-press.net\/senegal\/politique\/restructuration-de-la-dette-senegalaise-par-le-fmi#primaryimage\"},\"thumbnailUrl\":\"https:\/\/static.africa-press.net\/senegal\/sites\/13\/2025\/12\/sm_1765003425.266818.jpg\",\"keywords\":[\"Senegal\"],\"articleSection\":[\"Politique\",\"Top Nouvelles\",\"Toutes les actualit\u00e9s\"],\"inLanguage\":\"fr-FR\",\"potentialAction\":[{\"@type\":\"CommentAction\",\"name\":\"Comment\",\"target\":[\"https:\/\/www.africa-press.net\/senegal\/politique\/restructuration-de-la-dette-senegalaise-par-le-fmi#respond\"]}]},{\"@type\":\"WebPage\",\"@id\":\"https:\/\/www.africa-press.net\/senegal\/politique\/restructuration-de-la-dette-senegalaise-par-le-fmi\",\"url\":\"https:\/\/www.africa-press.net\/senegal\/politique\/restructuration-de-la-dette-senegalaise-par-le-fmi\",\"name\":\"Restructuration de la Dette S\u00e9n\u00e9galaise par le FMI - Senegal\",\"isPartOf\":{\"@id\":\"https:\/\/www.africa-press.net\/senegal\/#website\"},\"primaryImageOfPage\":{\"@id\":\"https:\/\/www.africa-press.net\/senegal\/politique\/restructuration-de-la-dette-senegalaise-par-le-fmi#primaryimage\"},\"image\":{\"@id\":\"https:\/\/www.africa-press.net\/senegal\/politique\/restructuration-de-la-dette-senegalaise-par-le-fmi#primaryimage\"},\"thumbnailUrl\":\"https:\/\/static.africa-press.net\/senegal\/sites\/13\/2025\/12\/sm_1765003425.266818.jpg\",\"datePublished\":\"2025-12-05T14:15:00+00:00\",\"dateModified\":\"2025-12-05T22:46:11+00:00\",\"author\":{\"@id\":\"https:\/\/www.africa-press.net\/senegal\/#\/schema\/person\/2b1cf3cd81a31e3cd26889ca66d677f1\"},\"description\":\"Lors de son \u00abTera meeting\u00bb, le premier ministre Ousmane Sonko avait annonce\u0301 que dans leurs discussions avec le Fonds mo ...\",\"breadcrumb\":{\"@id\":\"https:\/\/www.africa-press.net\/senegal\/politique\/restructuration-de-la-dette-senegalaise-par-le-fmi#breadcrumb\"},\"inLanguage\":\"fr-FR\",\"potentialAction\":[{\"@type\":\"ReadAction\",\"target\":[\"https:\/\/www.africa-press.net\/senegal\/politique\/restructuration-de-la-dette-senegalaise-par-le-fmi\"]}]},{\"@type\":\"ImageObject\",\"inLanguage\":\"fr-FR\",\"@id\":\"https:\/\/www.africa-press.net\/senegal\/politique\/restructuration-de-la-dette-senegalaise-par-le-fmi#primaryimage\",\"url\":\"https:\/\/static.africa-press.net\/senegal\/sites\/13\/2025\/12\/sm_1765003425.266818.jpg\",\"contentUrl\":\"https:\/\/static.africa-press.net\/senegal\/sites\/13\/2025\/12\/sm_1765003425.266818.jpg\",\"width\":1280,\"height\":720,\"caption\":\"Restructuration de la Dette S\u00e9n\u00e9galaise par le FMI\"},{\"@type\":\"BreadcrumbList\",\"@id\":\"https:\/\/www.africa-press.net\/senegal\/politique\/restructuration-de-la-dette-senegalaise-par-le-fmi#breadcrumb\",\"itemListElement\":[{\"@type\":\"ListItem\",\"position\":1,\"name\":\"Accueil\",\"item\":\"https:\/\/www.africa-press.net\/senegal\/\"},{\"@type\":\"ListItem\",\"position\":2,\"name\":\"Restructuration de la Dette S\u00e9n\u00e9galaise par le FMI\"}]},{\"@type\":\"WebSite\",\"@id\":\"https:\/\/www.africa-press.net\/senegal\/#website\",\"url\":\"https:\/\/www.africa-press.net\/senegal\/\",\"name\":\"Africa Press | Senegal | Homepage\",\"description\":\"Just another Africa News Agency Sites site\",\"potentialAction\":[{\"@type\":\"SearchAction\",\"target\":{\"@type\":\"EntryPoint\",\"urlTemplate\":\"https:\/\/www.africa-press.net\/senegal\/?s={search_term_string}\"},\"query-input\":{\"@type\":\"PropertyValueSpecification\",\"valueRequired\":true,\"valueName\":\"search_term_string\"}}],\"inLanguage\":\"fr-FR\"},{\"@type\":\"Person\",\"@id\":\"https:\/\/www.africa-press.net\/senegal\/#\/schema\/person\/2b1cf3cd81a31e3cd26889ca66d677f1\",\"name\":\"cfeditorfr\",\"url\":\"https:\/\/www.africa-press.net\/senegal\/author\/cfeditorfr\"}]}<\/script>\n<!-- \/ Yoast SEO Premium plugin. -->","yoast_head_json":{"title":"Restructuration de la Dette S\u00e9n\u00e9galaise par le FMI - Senegal","description":"Lors de son \u00abTera meeting\u00bb, le premier ministre Ousmane Sonko avait annonce\u0301 que dans leurs discussions avec le Fonds mo ...","robots":{"index":"index","follow":"follow","max-snippet":"max-snippet:-1","max-image-preview":"max-image-preview:large","max-video-preview":"max-video-preview:-1"},"canonical":"https:\/\/www.africa-press.net\/senegal\/politique\/restructuration-de-la-dette-senegalaise-par-le-fmi","og_locale":"fr_FR","og_type":"article","og_title":"Restructuration de la Dette S\u00e9n\u00e9galaise par le FMI","og_description":"Lors de son \u00abTera meeting\u00bb, le premier ministre Ousmane Sonko avait annonce\u0301 que dans leurs discussions avec le Fonds mo ...","og_url":"https:\/\/www.africa-press.net\/senegal\/politique\/restructuration-de-la-dette-senegalaise-par-le-fmi","og_site_name":"Senegal","article_published_time":"2025-12-05T14:15:00+00:00","article_modified_time":"2025-12-05T22:46:11+00:00","og_image":[{"width":1280,"height":720,"url":"https:\/\/static.africa-press.net\/senegal\/sites\/13\/2025\/12\/sm_1765003425.266818.jpg","type":"image\/jpeg"}],"author":"cfeditorfr","twitter_card":"summary_large_image","twitter_misc":{"\u00c9crit par":"cfeditorfr","Dur\u00e9e de lecture estim\u00e9e":"2 minutes"},"schema":{"@context":"https:\/\/schema.org","@graph":[{"@type":"Article","@id":"https:\/\/www.africa-press.net\/senegal\/politique\/restructuration-de-la-dette-senegalaise-par-le-fmi#article","isPartOf":{"@id":"https:\/\/www.africa-press.net\/senegal\/politique\/restructuration-de-la-dette-senegalaise-par-le-fmi"},"author":{"name":"cfeditorfr","@id":"https:\/\/www.africa-press.net\/senegal\/#\/schema\/person\/2b1cf3cd81a31e3cd26889ca66d677f1"},"headline":"Restructuration de la Dette S\u00e9n\u00e9galaise par le FMI","datePublished":"2025-12-05T14:15:00+00:00","dateModified":"2025-12-05T22:46:11+00:00","mainEntityOfPage":{"@id":"https:\/\/www.africa-press.net\/senegal\/politique\/restructuration-de-la-dette-senegalaise-par-le-fmi"},"wordCount":217,"commentCount":0,"image":{"@id":"https:\/\/www.africa-press.net\/senegal\/politique\/restructuration-de-la-dette-senegalaise-par-le-fmi#primaryimage"},"thumbnailUrl":"https:\/\/static.africa-press.net\/senegal\/sites\/13\/2025\/12\/sm_1765003425.266818.jpg","keywords":["Senegal"],"articleSection":["Politique","Top Nouvelles","Toutes les actualit\u00e9s"],"inLanguage":"fr-FR","potentialAction":[{"@type":"CommentAction","name":"Comment","target":["https:\/\/www.africa-press.net\/senegal\/politique\/restructuration-de-la-dette-senegalaise-par-le-fmi#respond"]}]},{"@type":"WebPage","@id":"https:\/\/www.africa-press.net\/senegal\/politique\/restructuration-de-la-dette-senegalaise-par-le-fmi","url":"https:\/\/www.africa-press.net\/senegal\/politique\/restructuration-de-la-dette-senegalaise-par-le-fmi","name":"Restructuration de la Dette S\u00e9n\u00e9galaise par le FMI - Senegal","isPartOf":{"@id":"https:\/\/www.africa-press.net\/senegal\/#website"},"primaryImageOfPage":{"@id":"https:\/\/www.africa-press.net\/senegal\/politique\/restructuration-de-la-dette-senegalaise-par-le-fmi#primaryimage"},"image":{"@id":"https:\/\/www.africa-press.net\/senegal\/politique\/restructuration-de-la-dette-senegalaise-par-le-fmi#primaryimage"},"thumbnailUrl":"https:\/\/static.africa-press.net\/senegal\/sites\/13\/2025\/12\/sm_1765003425.266818.jpg","datePublished":"2025-12-05T14:15:00+00:00","dateModified":"2025-12-05T22:46:11+00:00","author":{"@id":"https:\/\/www.africa-press.net\/senegal\/#\/schema\/person\/2b1cf3cd81a31e3cd26889ca66d677f1"},"description":"Lors de son \u00abTera meeting\u00bb, le premier ministre Ousmane Sonko avait annonce\u0301 que dans leurs discussions avec le Fonds mo ...","breadcrumb":{"@id":"https:\/\/www.africa-press.net\/senegal\/politique\/restructuration-de-la-dette-senegalaise-par-le-fmi#breadcrumb"},"inLanguage":"fr-FR","potentialAction":[{"@type":"ReadAction","target":["https:\/\/www.africa-press.net\/senegal\/politique\/restructuration-de-la-dette-senegalaise-par-le-fmi"]}]},{"@type":"ImageObject","inLanguage":"fr-FR","@id":"https:\/\/www.africa-press.net\/senegal\/politique\/restructuration-de-la-dette-senegalaise-par-le-fmi#primaryimage","url":"https:\/\/static.africa-press.net\/senegal\/sites\/13\/2025\/12\/sm_1765003425.266818.jpg","contentUrl":"https:\/\/static.africa-press.net\/senegal\/sites\/13\/2025\/12\/sm_1765003425.266818.jpg","width":1280,"height":720,"caption":"Restructuration de la Dette S\u00e9n\u00e9galaise par le FMI"},{"@type":"BreadcrumbList","@id":"https:\/\/www.africa-press.net\/senegal\/politique\/restructuration-de-la-dette-senegalaise-par-le-fmi#breadcrumb","itemListElement":[{"@type":"ListItem","position":1,"name":"Accueil","item":"https:\/\/www.africa-press.net\/senegal\/"},{"@type":"ListItem","position":2,"name":"Restructuration de la Dette S\u00e9n\u00e9galaise par le FMI"}]},{"@type":"WebSite","@id":"https:\/\/www.africa-press.net\/senegal\/#website","url":"https:\/\/www.africa-press.net\/senegal\/","name":"Africa Press | Senegal | Homepage","description":"Just another Africa News Agency Sites site","potentialAction":[{"@type":"SearchAction","target":{"@type":"EntryPoint","urlTemplate":"https:\/\/www.africa-press.net\/senegal\/?s={search_term_string}"},"query-input":{"@type":"PropertyValueSpecification","valueRequired":true,"valueName":"search_term_string"}}],"inLanguage":"fr-FR"},{"@type":"Person","@id":"https:\/\/www.africa-press.net\/senegal\/#\/schema\/person\/2b1cf3cd81a31e3cd26889ca66d677f1","name":"cfeditorfr","url":"https:\/\/www.africa-press.net\/senegal\/author\/cfeditorfr"}]}},"_links":{"self":[{"href":"https:\/\/www.africa-press.net\/senegal\/wp-json\/wp\/v2\/posts\/73230","targetHints":{"allow":["GET"]}}],"collection":[{"href":"https:\/\/www.africa-press.net\/senegal\/wp-json\/wp\/v2\/posts"}],"about":[{"href":"https:\/\/www.africa-press.net\/senegal\/wp-json\/wp\/v2\/types\/post"}],"author":[{"embeddable":true,"href":"https:\/\/www.africa-press.net\/senegal\/wp-json\/wp\/v2\/users\/82"}],"replies":[{"embeddable":true,"href":"https:\/\/www.africa-press.net\/senegal\/wp-json\/wp\/v2\/comments?post=73230"}],"version-history":[{"count":0,"href":"https:\/\/www.africa-press.net\/senegal\/wp-json\/wp\/v2\/posts\/73230\/revisions"}],"wp:featuredmedia":[{"embeddable":true,"href":"https:\/\/www.africa-press.net\/senegal\/wp-json\/wp\/v2\/media\/73229"}],"wp:attachment":[{"href":"https:\/\/www.africa-press.net\/senegal\/wp-json\/wp\/v2\/media?parent=73230"}],"wp:term":[{"taxonomy":"category","embeddable":true,"href":"https:\/\/www.africa-press.net\/senegal\/wp-json\/wp\/v2\/categories?post=73230"},{"taxonomy":"post_tag","embeddable":true,"href":"https:\/\/www.africa-press.net\/senegal\/wp-json\/wp\/v2\/tags?post=73230"}],"curies":[{"name":"wp","href":"https:\/\/api.w.org\/{rel}","templated":true}]}}