{"id":73236,"date":"2025-12-06T12:10:00","date_gmt":"2025-12-06T12:10:00","guid":{"rendered":"https:\/\/www.africa-press.net\/senegal\/politique\/defile-douverture-de-la-semaine-de-la-mode-a-dakar"},"modified":"2025-12-06T20:36:11","modified_gmt":"2025-12-06T20:36:11","slug":"defile-douverture-de-la-semaine-de-la-mode-a-dakar","status":"publish","type":"post","link":"https:\/\/www.africa-press.net\/senegal\/culture-et-art\/defile-douverture-de-la-semaine-de-la-mode-a-dakar","title":{"rendered":"D\u00e9fil\u00e9 D&rsquo;Ouverture de la Semaine de la Mode \u00e0 Dakar"},"content":{"rendered":"<p><span style=\"color: #ff6600\"><strong>Africa-Press &#8211; Senegal. <\/strong><\/span>L\u2019ouverture de la 23e Semaine de la mode de Dakar a e\u0301te\u0301 organise\u0301e lors d\u2019un de\u0301file\u0301 a\u0300 l\u2019Ambassade de Tu\u0308rkiye a\u0300 Dakar.<\/p>\n<p>Le de\u0301file\u0301, tenu au sein de l\u2019Ambassade, a re\u0301uni le secre\u0301taire d\u2019E\u0301tat charge\u0301 de la Culture, des Industries cre\u0301atives et du Patrimoine historique, Bacary Sarr, des diplomates e\u0301trangers en poste au Se\u0301ne\u0301gal, des personnalite\u0301s du monde de l\u2019art, du sport et de la politique, ainsi que des journalistes et de nombreux invite\u0301s locaux et internationaux.<\/p>\n<p>Place\u0301e sous le patronage de l\u2019ambassadrice de Tu\u0308rkiye a\u0300 Dakar, Nur Sag\u0306man, et de la fondatrice de la Dakar Fashion Week, Adama Paris, la soire\u0301e a pre\u0301sente\u0301 les cre\u0301ations de jeunes stylistes africains ainsi que celles de la cre\u0301atrice turque Hu\u0308lya Gu\u0308res\u0327.<\/p>\n<p>Lors du de\u0301file\u0301, des enfants sont e\u0301galement monte\u0301s sur le podium au profit du programme de nutrition scolaire mene\u0301 conjointement par l\u2019UNICEF, le Programme alimentaire mondial et la pre\u0301sidence de l\u2019Agence turque de coope\u0301ration et de coordination (TI\u0307KA).<\/p>\n<p>Les tenues traditionnelles porte\u0301es par les enfants du personnel de l\u2019Ambassade de Tu\u0308rkiye a\u0300 Dakar, ainsi que par ceux des ambassadeurs du Luxembourg et du Royaume-Uni a\u0300 Dakar, et par l\u2019enfant du repre\u0301sentant du Fonds des Nations unies pour la population, ont e\u0301te\u0301 tre\u0300s appre\u0301cie\u0301es par les invite\u0301s.<br \/>\nLa soire\u0301e s\u2019est conclue par un cocktail.<\/p>\n<p><strong>Pour plus d&rsquo;informations et d&rsquo;analyses sur la <span style=\"color: #ff6600\">Senegal<\/span>, suivez <span style=\"color: #ff6600\">Africa-Press<\/span><\/strong><\/p>\n","protected":false},"excerpt":{"rendered":"<p>Africa-Press &#8211; Senegal. L\u2019ouverture de la 23e Semaine de la mode de Dakar a e\u0301te\u0301 organise\u0301e lors d\u2019un de\u0301file\u0301 a\u0300 l\u2019Ambassade de Tu\u0308rkiye a\u0300 Dakar. Le de\u0301file\u0301, tenu au sein de l\u2019Ambassade, a re\u0301uni le secre\u0301taire d\u2019E\u0301tat charge\u0301 de la Culture, des Industries cre\u0301atives et du Patrimoine historique, Bacary Sarr, des diplomates e\u0301trangers en poste [&hellip;]<\/p>\n","protected":false},"author":82,"featured_media":73235,"comment_status":"open","ping_status":"closed","sticky":false,"template":"","format":"standard","meta":{"footnotes":""},"categories":[5,10],"tags":[6010,3907,44],"class_list":["post-73236","post","type-post","status-publish","format-standard","has-post-thumbnail","hentry","category-culture-et-art","category-toutes-les-actualites","tag-ambassade-de-turkiye-a-dakar","tag-nur-sagman","tag-senegal-2"],"yoast_head":"<!-- This site is optimized with the Yoast SEO Premium plugin v26.1 (Yoast SEO v27.0) - https:\/\/yoast.com\/product\/yoast-seo-premium-wordpress\/ -->\n<title>D\u00e9fil\u00e9 D&#039;Ouverture de la Semaine de la Mode \u00e0 Dakar - Senegal<\/title>\n<meta name=\"description\" content=\"L\u2019ouverture de la 23e Semaine de la mode de Dakar a e\u0301te\u0301 organise\u0301e lors d\u2019un de\u0301file\u0301 a\u0300 l\u2019Ambassade de Tu\u0308rkiye a\u0300 Da ...\" \/>\n<meta name=\"robots\" content=\"index, follow, max-snippet:-1, max-image-preview:large, max-video-preview:-1\" \/>\n<link rel=\"canonical\" href=\"https:\/\/www.africa-press.net\/senegal\/culture-et-art\/defile-douverture-de-la-semaine-de-la-mode-a-dakar\" \/>\n<meta property=\"og:locale\" content=\"fr_FR\" \/>\n<meta property=\"og:type\" content=\"article\" \/>\n<meta property=\"og:title\" content=\"D\u00e9fil\u00e9 D&#039;Ouverture de la Semaine de la Mode \u00e0 Dakar\" \/>\n<meta property=\"og:description\" content=\"L\u2019ouverture de la 23e Semaine de la mode de Dakar a e\u0301te\u0301 organise\u0301e lors d\u2019un de\u0301file\u0301 a\u0300 l\u2019Ambassade de Tu\u0308rkiye a\u0300 Da ...\" \/>\n<meta property=\"og:url\" content=\"https:\/\/www.africa-press.net\/senegal\/culture-et-art\/defile-douverture-de-la-semaine-de-la-mode-a-dakar\" \/>\n<meta property=\"og:site_name\" content=\"Senegal\" \/>\n<meta property=\"article:published_time\" content=\"2025-12-06T12:10:00+00:00\" \/>\n<meta property=\"article:modified_time\" content=\"2025-12-06T20:36:11+00:00\" \/>\n<meta property=\"og:image\" content=\"https:\/\/static.africa-press.net\/senegal\/sites\/13\/2025\/12\/sm_1765082117.339032.jpg\" \/>\n\t<meta property=\"og:image:width\" content=\"864\" \/>\n\t<meta property=\"og:image:height\" content=\"486\" \/>\n\t<meta property=\"og:image:type\" content=\"image\/jpeg\" \/>\n<meta name=\"author\" content=\"cfeditorfr\" \/>\n<meta name=\"twitter:card\" content=\"summary_large_image\" \/>\n<meta name=\"twitter:label1\" content=\"\u00c9crit par\" \/>\n\t<meta name=\"twitter:data1\" content=\"cfeditorfr\" \/>\n\t<meta name=\"twitter:label2\" content=\"Dur\u00e9e de lecture estim\u00e9e\" \/>\n\t<meta name=\"twitter:data2\" content=\"2 minutes\" \/>\n<script type=\"application\/ld+json\" class=\"yoast-schema-graph\">{\"@context\":\"https:\/\/schema.org\",\"@graph\":[{\"@type\":\"Article\",\"@id\":\"https:\/\/www.africa-press.net\/senegal\/culture-et-art\/defile-douverture-de-la-semaine-de-la-mode-a-dakar#article\",\"isPartOf\":{\"@id\":\"https:\/\/www.africa-press.net\/senegal\/culture-et-art\/defile-douverture-de-la-semaine-de-la-mode-a-dakar\"},\"author\":{\"name\":\"cfeditorfr\",\"@id\":\"https:\/\/www.africa-press.net\/senegal\/#\/schema\/person\/2b1cf3cd81a31e3cd26889ca66d677f1\"},\"headline\":\"D\u00e9fil\u00e9 D&rsquo;Ouverture de la Semaine de la Mode \u00e0 Dakar\",\"datePublished\":\"2025-12-06T12:10:00+00:00\",\"dateModified\":\"2025-12-06T20:36:11+00:00\",\"mainEntityOfPage\":{\"@id\":\"https:\/\/www.africa-press.net\/senegal\/culture-et-art\/defile-douverture-de-la-semaine-de-la-mode-a-dakar\"},\"wordCount\":288,\"commentCount\":0,\"image\":{\"@id\":\"https:\/\/www.africa-press.net\/senegal\/culture-et-art\/defile-douverture-de-la-semaine-de-la-mode-a-dakar#primaryimage\"},\"thumbnailUrl\":\"https:\/\/static.africa-press.net\/senegal\/sites\/13\/2025\/12\/sm_1765082117.339032.jpg\",\"keywords\":[\"Ambassade de T\u00fcrkiye \u00e0 Dakar\",\"Nur Sa\u011fman\",\"Senegal\"],\"articleSection\":[\"Culture et Art\",\"Toutes les actualit\u00e9s\"],\"inLanguage\":\"fr-FR\",\"potentialAction\":[{\"@type\":\"CommentAction\",\"name\":\"Comment\",\"target\":[\"https:\/\/www.africa-press.net\/senegal\/culture-et-art\/defile-douverture-de-la-semaine-de-la-mode-a-dakar#respond\"]}]},{\"@type\":\"WebPage\",\"@id\":\"https:\/\/www.africa-press.net\/senegal\/culture-et-art\/defile-douverture-de-la-semaine-de-la-mode-a-dakar\",\"url\":\"https:\/\/www.africa-press.net\/senegal\/culture-et-art\/defile-douverture-de-la-semaine-de-la-mode-a-dakar\",\"name\":\"D\u00e9fil\u00e9 D'Ouverture de la Semaine de la Mode \u00e0 Dakar - Senegal\",\"isPartOf\":{\"@id\":\"https:\/\/www.africa-press.net\/senegal\/#website\"},\"primaryImageOfPage\":{\"@id\":\"https:\/\/www.africa-press.net\/senegal\/culture-et-art\/defile-douverture-de-la-semaine-de-la-mode-a-dakar#primaryimage\"},\"image\":{\"@id\":\"https:\/\/www.africa-press.net\/senegal\/culture-et-art\/defile-douverture-de-la-semaine-de-la-mode-a-dakar#primaryimage\"},\"thumbnailUrl\":\"https:\/\/static.africa-press.net\/senegal\/sites\/13\/2025\/12\/sm_1765082117.339032.jpg\",\"datePublished\":\"2025-12-06T12:10:00+00:00\",\"dateModified\":\"2025-12-06T20:36:11+00:00\",\"author\":{\"@id\":\"https:\/\/www.africa-press.net\/senegal\/#\/schema\/person\/2b1cf3cd81a31e3cd26889ca66d677f1\"},\"description\":\"L\u2019ouverture de la 23e Semaine de la mode de Dakar a e\u0301te\u0301 organise\u0301e lors d\u2019un de\u0301file\u0301 a\u0300 l\u2019Ambassade de Tu\u0308rkiye a\u0300 Da ...\",\"breadcrumb\":{\"@id\":\"https:\/\/www.africa-press.net\/senegal\/culture-et-art\/defile-douverture-de-la-semaine-de-la-mode-a-dakar#breadcrumb\"},\"inLanguage\":\"fr-FR\",\"potentialAction\":[{\"@type\":\"ReadAction\",\"target\":[\"https:\/\/www.africa-press.net\/senegal\/culture-et-art\/defile-douverture-de-la-semaine-de-la-mode-a-dakar\"]}]},{\"@type\":\"ImageObject\",\"inLanguage\":\"fr-FR\",\"@id\":\"https:\/\/www.africa-press.net\/senegal\/culture-et-art\/defile-douverture-de-la-semaine-de-la-mode-a-dakar#primaryimage\",\"url\":\"https:\/\/static.africa-press.net\/senegal\/sites\/13\/2025\/12\/sm_1765082117.339032.jpg\",\"contentUrl\":\"https:\/\/static.africa-press.net\/senegal\/sites\/13\/2025\/12\/sm_1765082117.339032.jpg\",\"width\":864,\"height\":486,\"caption\":\"D\u00e9fil\u00e9 D'Ouverture de la Semaine de la Mode \u00e0 Dakar\"},{\"@type\":\"BreadcrumbList\",\"@id\":\"https:\/\/www.africa-press.net\/senegal\/culture-et-art\/defile-douverture-de-la-semaine-de-la-mode-a-dakar#breadcrumb\",\"itemListElement\":[{\"@type\":\"ListItem\",\"position\":1,\"name\":\"Accueil\",\"item\":\"https:\/\/www.africa-press.net\/senegal\/\"},{\"@type\":\"ListItem\",\"position\":2,\"name\":\"D\u00e9fil\u00e9 D&#8217;Ouverture de la Semaine de la Mode \u00e0 Dakar\"}]},{\"@type\":\"WebSite\",\"@id\":\"https:\/\/www.africa-press.net\/senegal\/#website\",\"url\":\"https:\/\/www.africa-press.net\/senegal\/\",\"name\":\"Africa Press | Senegal | Homepage\",\"description\":\"Just another Africa News Agency Sites site\",\"potentialAction\":[{\"@type\":\"SearchAction\",\"target\":{\"@type\":\"EntryPoint\",\"urlTemplate\":\"https:\/\/www.africa-press.net\/senegal\/?s={search_term_string}\"},\"query-input\":{\"@type\":\"PropertyValueSpecification\",\"valueRequired\":true,\"valueName\":\"search_term_string\"}}],\"inLanguage\":\"fr-FR\"},{\"@type\":\"Person\",\"@id\":\"https:\/\/www.africa-press.net\/senegal\/#\/schema\/person\/2b1cf3cd81a31e3cd26889ca66d677f1\",\"name\":\"cfeditorfr\",\"url\":\"https:\/\/www.africa-press.net\/senegal\/author\/cfeditorfr\"}]}<\/script>\n<!-- \/ Yoast SEO Premium plugin. -->","yoast_head_json":{"title":"D\u00e9fil\u00e9 D'Ouverture de la Semaine de la Mode \u00e0 Dakar - Senegal","description":"L\u2019ouverture de la 23e Semaine de la mode de Dakar a e\u0301te\u0301 organise\u0301e lors d\u2019un de\u0301file\u0301 a\u0300 l\u2019Ambassade de Tu\u0308rkiye a\u0300 Da ...","robots":{"index":"index","follow":"follow","max-snippet":"max-snippet:-1","max-image-preview":"max-image-preview:large","max-video-preview":"max-video-preview:-1"},"canonical":"https:\/\/www.africa-press.net\/senegal\/culture-et-art\/defile-douverture-de-la-semaine-de-la-mode-a-dakar","og_locale":"fr_FR","og_type":"article","og_title":"D\u00e9fil\u00e9 D'Ouverture de la Semaine de la Mode \u00e0 Dakar","og_description":"L\u2019ouverture de la 23e Semaine de la mode de Dakar a e\u0301te\u0301 organise\u0301e lors d\u2019un de\u0301file\u0301 a\u0300 l\u2019Ambassade de Tu\u0308rkiye a\u0300 Da ...","og_url":"https:\/\/www.africa-press.net\/senegal\/culture-et-art\/defile-douverture-de-la-semaine-de-la-mode-a-dakar","og_site_name":"Senegal","article_published_time":"2025-12-06T12:10:00+00:00","article_modified_time":"2025-12-06T20:36:11+00:00","og_image":[{"width":864,"height":486,"url":"https:\/\/static.africa-press.net\/senegal\/sites\/13\/2025\/12\/sm_1765082117.339032.jpg","type":"image\/jpeg"}],"author":"cfeditorfr","twitter_card":"summary_large_image","twitter_misc":{"\u00c9crit par":"cfeditorfr","Dur\u00e9e de lecture estim\u00e9e":"2 minutes"},"schema":{"@context":"https:\/\/schema.org","@graph":[{"@type":"Article","@id":"https:\/\/www.africa-press.net\/senegal\/culture-et-art\/defile-douverture-de-la-semaine-de-la-mode-a-dakar#article","isPartOf":{"@id":"https:\/\/www.africa-press.net\/senegal\/culture-et-art\/defile-douverture-de-la-semaine-de-la-mode-a-dakar"},"author":{"name":"cfeditorfr","@id":"https:\/\/www.africa-press.net\/senegal\/#\/schema\/person\/2b1cf3cd81a31e3cd26889ca66d677f1"},"headline":"D\u00e9fil\u00e9 D&rsquo;Ouverture de la Semaine de la Mode \u00e0 Dakar","datePublished":"2025-12-06T12:10:00+00:00","dateModified":"2025-12-06T20:36:11+00:00","mainEntityOfPage":{"@id":"https:\/\/www.africa-press.net\/senegal\/culture-et-art\/defile-douverture-de-la-semaine-de-la-mode-a-dakar"},"wordCount":288,"commentCount":0,"image":{"@id":"https:\/\/www.africa-press.net\/senegal\/culture-et-art\/defile-douverture-de-la-semaine-de-la-mode-a-dakar#primaryimage"},"thumbnailUrl":"https:\/\/static.africa-press.net\/senegal\/sites\/13\/2025\/12\/sm_1765082117.339032.jpg","keywords":["Ambassade de T\u00fcrkiye \u00e0 Dakar","Nur Sa\u011fman","Senegal"],"articleSection":["Culture et Art","Toutes les actualit\u00e9s"],"inLanguage":"fr-FR","potentialAction":[{"@type":"CommentAction","name":"Comment","target":["https:\/\/www.africa-press.net\/senegal\/culture-et-art\/defile-douverture-de-la-semaine-de-la-mode-a-dakar#respond"]}]},{"@type":"WebPage","@id":"https:\/\/www.africa-press.net\/senegal\/culture-et-art\/defile-douverture-de-la-semaine-de-la-mode-a-dakar","url":"https:\/\/www.africa-press.net\/senegal\/culture-et-art\/defile-douverture-de-la-semaine-de-la-mode-a-dakar","name":"D\u00e9fil\u00e9 D'Ouverture de la Semaine de la Mode \u00e0 Dakar - Senegal","isPartOf":{"@id":"https:\/\/www.africa-press.net\/senegal\/#website"},"primaryImageOfPage":{"@id":"https:\/\/www.africa-press.net\/senegal\/culture-et-art\/defile-douverture-de-la-semaine-de-la-mode-a-dakar#primaryimage"},"image":{"@id":"https:\/\/www.africa-press.net\/senegal\/culture-et-art\/defile-douverture-de-la-semaine-de-la-mode-a-dakar#primaryimage"},"thumbnailUrl":"https:\/\/static.africa-press.net\/senegal\/sites\/13\/2025\/12\/sm_1765082117.339032.jpg","datePublished":"2025-12-06T12:10:00+00:00","dateModified":"2025-12-06T20:36:11+00:00","author":{"@id":"https:\/\/www.africa-press.net\/senegal\/#\/schema\/person\/2b1cf3cd81a31e3cd26889ca66d677f1"},"description":"L\u2019ouverture de la 23e Semaine de la mode de Dakar a e\u0301te\u0301 organise\u0301e lors d\u2019un de\u0301file\u0301 a\u0300 l\u2019Ambassade de Tu\u0308rkiye a\u0300 Da ...","breadcrumb":{"@id":"https:\/\/www.africa-press.net\/senegal\/culture-et-art\/defile-douverture-de-la-semaine-de-la-mode-a-dakar#breadcrumb"},"inLanguage":"fr-FR","potentialAction":[{"@type":"ReadAction","target":["https:\/\/www.africa-press.net\/senegal\/culture-et-art\/defile-douverture-de-la-semaine-de-la-mode-a-dakar"]}]},{"@type":"ImageObject","inLanguage":"fr-FR","@id":"https:\/\/www.africa-press.net\/senegal\/culture-et-art\/defile-douverture-de-la-semaine-de-la-mode-a-dakar#primaryimage","url":"https:\/\/static.africa-press.net\/senegal\/sites\/13\/2025\/12\/sm_1765082117.339032.jpg","contentUrl":"https:\/\/static.africa-press.net\/senegal\/sites\/13\/2025\/12\/sm_1765082117.339032.jpg","width":864,"height":486,"caption":"D\u00e9fil\u00e9 D'Ouverture de la Semaine de la Mode \u00e0 Dakar"},{"@type":"BreadcrumbList","@id":"https:\/\/www.africa-press.net\/senegal\/culture-et-art\/defile-douverture-de-la-semaine-de-la-mode-a-dakar#breadcrumb","itemListElement":[{"@type":"ListItem","position":1,"name":"Accueil","item":"https:\/\/www.africa-press.net\/senegal\/"},{"@type":"ListItem","position":2,"name":"D\u00e9fil\u00e9 D&#8217;Ouverture de la Semaine de la Mode \u00e0 Dakar"}]},{"@type":"WebSite","@id":"https:\/\/www.africa-press.net\/senegal\/#website","url":"https:\/\/www.africa-press.net\/senegal\/","name":"Africa Press | Senegal | Homepage","description":"Just another Africa News Agency Sites site","potentialAction":[{"@type":"SearchAction","target":{"@type":"EntryPoint","urlTemplate":"https:\/\/www.africa-press.net\/senegal\/?s={search_term_string}"},"query-input":{"@type":"PropertyValueSpecification","valueRequired":true,"valueName":"search_term_string"}}],"inLanguage":"fr-FR"},{"@type":"Person","@id":"https:\/\/www.africa-press.net\/senegal\/#\/schema\/person\/2b1cf3cd81a31e3cd26889ca66d677f1","name":"cfeditorfr","url":"https:\/\/www.africa-press.net\/senegal\/author\/cfeditorfr"}]}},"_links":{"self":[{"href":"https:\/\/www.africa-press.net\/senegal\/wp-json\/wp\/v2\/posts\/73236","targetHints":{"allow":["GET"]}}],"collection":[{"href":"https:\/\/www.africa-press.net\/senegal\/wp-json\/wp\/v2\/posts"}],"about":[{"href":"https:\/\/www.africa-press.net\/senegal\/wp-json\/wp\/v2\/types\/post"}],"author":[{"embeddable":true,"href":"https:\/\/www.africa-press.net\/senegal\/wp-json\/wp\/v2\/users\/82"}],"replies":[{"embeddable":true,"href":"https:\/\/www.africa-press.net\/senegal\/wp-json\/wp\/v2\/comments?post=73236"}],"version-history":[{"count":0,"href":"https:\/\/www.africa-press.net\/senegal\/wp-json\/wp\/v2\/posts\/73236\/revisions"}],"wp:featuredmedia":[{"embeddable":true,"href":"https:\/\/www.africa-press.net\/senegal\/wp-json\/wp\/v2\/media\/73235"}],"wp:attachment":[{"href":"https:\/\/www.africa-press.net\/senegal\/wp-json\/wp\/v2\/media?parent=73236"}],"wp:term":[{"taxonomy":"category","embeddable":true,"href":"https:\/\/www.africa-press.net\/senegal\/wp-json\/wp\/v2\/categories?post=73236"},{"taxonomy":"post_tag","embeddable":true,"href":"https:\/\/www.africa-press.net\/senegal\/wp-json\/wp\/v2\/tags?post=73236"}],"curies":[{"name":"wp","href":"https:\/\/api.w.org\/{rel}","templated":true}]}}