{"id":73255,"date":"2025-12-06T12:10:00","date_gmt":"2025-12-06T12:10:00","guid":{"rendered":"https:\/\/www.africa-press.net\/senegal\/politique\/calendrier-du-maroc-en-phase-de-poule-2026"},"modified":"2025-12-06T20:55:42","modified_gmt":"2025-12-06T20:55:42","slug":"calendrier-du-maroc-en-phase-de-poule-2026","status":"publish","type":"post","link":"https:\/\/www.africa-press.net\/senegal\/sports\/calendrier-du-maroc-en-phase-de-poule-2026","title":{"rendered":"Calendrier du Maroc en Phase de Poule 2026"},"content":{"rendered":"<p><span style=\"color: #ff6600\"><strong>Africa-Press &#8211; Senegal. <\/strong><\/span>La FIFA a publie\u0301 ce samedi 6 de\u0301cembre le calendrier complet de la Coupe du Monde 2026. Les Lions de l\u2019Atlas, e\u0301voluant dans le groupe C, connaissent de\u0301sormais les dates, horaires et villes ho\u0302tes de leurs trois premiers matchs.<\/p>\n<p>Le parcours des coe\u0301quipiers d\u2019Achraf Hakimi de\u0301butera le 13 juin a\u0300 New York contre le Bre\u0301sil, a\u0300 18h00 locale (minuit au Maroc). Ce choc inaugural promet de poser le ton de\u0300s le premier match pour les demi-finalistes du dernier Mondial, actuellement 11es au classement FIFA.<\/p>\n<p>Le 19 juin, les Lions se de\u0301placeront a\u0300 Boston pour affronter l\u2019E\u0301cosse, toujours a\u0300 18h00. Enfin, ils concluront leur phase de groupes a\u0300 Atlanta face a\u0300 Hai\u0308ti, le 24 juin a\u0300 18h00.<\/p>\n<p>De longs de\u0301placements attendent l\u2019e\u0301quipe nationale, avec 343 km entre New York et Boston, puis 1 732 km pour rallier Atlanta, comme beaucoup d\u2019autres se\u0301lections lors de ce Mondial re\u0301parti sur trois pays.<\/p>\n<p><strong>Pour plus d&rsquo;informations et d&rsquo;analyses sur la <span style=\"color: #ff6600\">Senegal<\/span>, suivez <span style=\"color: #ff6600\">Africa-Press<\/span><\/strong><\/p>\n","protected":false},"excerpt":{"rendered":"<p>Africa-Press &#8211; Senegal. La FIFA a publie\u0301 ce samedi 6 de\u0301cembre le calendrier complet de la Coupe du Monde 2026. Les Lions de l\u2019Atlas, e\u0301voluant dans le groupe C, connaissent de\u0301sormais les dates, horaires et villes ho\u0302tes de leurs trois premiers matchs. Le parcours des coe\u0301quipiers d\u2019Achraf Hakimi de\u0301butera le 13 juin a\u0300 New York [&hellip;]<\/p>\n","protected":false},"author":82,"featured_media":73254,"comment_status":"open","ping_status":"closed","sticky":false,"template":"","format":"standard","meta":{"footnotes":""},"categories":[6,10],"tags":[44],"class_list":["post-73255","post","type-post","status-publish","format-standard","has-post-thumbnail","hentry","category-sports","category-toutes-les-actualites","tag-senegal-2"],"yoast_head":"<!-- This site is optimized with the Yoast SEO Premium plugin v26.1 (Yoast SEO v27.0) - https:\/\/yoast.com\/product\/yoast-seo-premium-wordpress\/ -->\n<title>Calendrier du Maroc en Phase de Poule 2026 - Senegal<\/title>\n<meta name=\"description\" content=\"La FIFA a publie\u0301 ce samedi 6 de\u0301cembre le calendrier complet de la Coupe du Monde 2026. Les Lions de l\u2019Atlas, e\u0301voluant ...\" \/>\n<meta name=\"robots\" content=\"index, follow, max-snippet:-1, max-image-preview:large, max-video-preview:-1\" \/>\n<link rel=\"canonical\" href=\"https:\/\/www.africa-press.net\/senegal\/sports\/calendrier-du-maroc-en-phase-de-poule-2026\" \/>\n<meta property=\"og:locale\" content=\"fr_FR\" \/>\n<meta property=\"og:type\" content=\"article\" \/>\n<meta property=\"og:title\" content=\"Calendrier du Maroc en Phase de Poule 2026\" \/>\n<meta property=\"og:description\" content=\"La FIFA a publie\u0301 ce samedi 6 de\u0301cembre le calendrier complet de la Coupe du Monde 2026. Les Lions de l\u2019Atlas, e\u0301voluant ...\" \/>\n<meta property=\"og:url\" content=\"https:\/\/www.africa-press.net\/senegal\/sports\/calendrier-du-maroc-en-phase-de-poule-2026\" \/>\n<meta property=\"og:site_name\" content=\"Senegal\" \/>\n<meta property=\"article:published_time\" content=\"2025-12-06T12:10:00+00:00\" \/>\n<meta property=\"article:modified_time\" content=\"2025-12-06T20:55:42+00:00\" \/>\n<meta property=\"og:image\" content=\"https:\/\/static.africa-press.net\/senegal\/sites\/13\/2025\/12\/sm_1765082890.687497.jpg\" \/>\n\t<meta property=\"og:image:width\" content=\"1728\" \/>\n\t<meta property=\"og:image:height\" content=\"1080\" \/>\n\t<meta property=\"og:image:type\" content=\"image\/jpeg\" \/>\n<meta name=\"author\" content=\"cfeditorfr\" \/>\n<meta name=\"twitter:card\" content=\"summary_large_image\" \/>\n<meta name=\"twitter:label1\" content=\"\u00c9crit par\" \/>\n\t<meta name=\"twitter:data1\" content=\"cfeditorfr\" \/>\n\t<meta name=\"twitter:label2\" content=\"Dur\u00e9e de lecture estim\u00e9e\" \/>\n\t<meta name=\"twitter:data2\" content=\"1 minute\" \/>\n<script type=\"application\/ld+json\" class=\"yoast-schema-graph\">{\"@context\":\"https:\/\/schema.org\",\"@graph\":[{\"@type\":\"Article\",\"@id\":\"https:\/\/www.africa-press.net\/senegal\/sports\/calendrier-du-maroc-en-phase-de-poule-2026#article\",\"isPartOf\":{\"@id\":\"https:\/\/www.africa-press.net\/senegal\/sports\/calendrier-du-maroc-en-phase-de-poule-2026\"},\"author\":{\"name\":\"cfeditorfr\",\"@id\":\"https:\/\/www.africa-press.net\/senegal\/#\/schema\/person\/2b1cf3cd81a31e3cd26889ca66d677f1\"},\"headline\":\"Calendrier du Maroc en Phase de Poule 2026\",\"datePublished\":\"2025-12-06T12:10:00+00:00\",\"dateModified\":\"2025-12-06T20:55:42+00:00\",\"mainEntityOfPage\":{\"@id\":\"https:\/\/www.africa-press.net\/senegal\/sports\/calendrier-du-maroc-en-phase-de-poule-2026\"},\"wordCount\":183,\"commentCount\":0,\"image\":{\"@id\":\"https:\/\/www.africa-press.net\/senegal\/sports\/calendrier-du-maroc-en-phase-de-poule-2026#primaryimage\"},\"thumbnailUrl\":\"https:\/\/static.africa-press.net\/senegal\/sites\/13\/2025\/12\/sm_1765082890.687497.jpg\",\"keywords\":[\"Senegal\"],\"articleSection\":[\"Sports\",\"Toutes les actualit\u00e9s\"],\"inLanguage\":\"fr-FR\",\"potentialAction\":[{\"@type\":\"CommentAction\",\"name\":\"Comment\",\"target\":[\"https:\/\/www.africa-press.net\/senegal\/sports\/calendrier-du-maroc-en-phase-de-poule-2026#respond\"]}]},{\"@type\":\"WebPage\",\"@id\":\"https:\/\/www.africa-press.net\/senegal\/sports\/calendrier-du-maroc-en-phase-de-poule-2026\",\"url\":\"https:\/\/www.africa-press.net\/senegal\/sports\/calendrier-du-maroc-en-phase-de-poule-2026\",\"name\":\"Calendrier du Maroc en Phase de Poule 2026 - Senegal\",\"isPartOf\":{\"@id\":\"https:\/\/www.africa-press.net\/senegal\/#website\"},\"primaryImageOfPage\":{\"@id\":\"https:\/\/www.africa-press.net\/senegal\/sports\/calendrier-du-maroc-en-phase-de-poule-2026#primaryimage\"},\"image\":{\"@id\":\"https:\/\/www.africa-press.net\/senegal\/sports\/calendrier-du-maroc-en-phase-de-poule-2026#primaryimage\"},\"thumbnailUrl\":\"https:\/\/static.africa-press.net\/senegal\/sites\/13\/2025\/12\/sm_1765082890.687497.jpg\",\"datePublished\":\"2025-12-06T12:10:00+00:00\",\"dateModified\":\"2025-12-06T20:55:42+00:00\",\"author\":{\"@id\":\"https:\/\/www.africa-press.net\/senegal\/#\/schema\/person\/2b1cf3cd81a31e3cd26889ca66d677f1\"},\"description\":\"La FIFA a publie\u0301 ce samedi 6 de\u0301cembre le calendrier complet de la Coupe du Monde 2026. Les Lions de l\u2019Atlas, e\u0301voluant ...\",\"breadcrumb\":{\"@id\":\"https:\/\/www.africa-press.net\/senegal\/sports\/calendrier-du-maroc-en-phase-de-poule-2026#breadcrumb\"},\"inLanguage\":\"fr-FR\",\"potentialAction\":[{\"@type\":\"ReadAction\",\"target\":[\"https:\/\/www.africa-press.net\/senegal\/sports\/calendrier-du-maroc-en-phase-de-poule-2026\"]}]},{\"@type\":\"ImageObject\",\"inLanguage\":\"fr-FR\",\"@id\":\"https:\/\/www.africa-press.net\/senegal\/sports\/calendrier-du-maroc-en-phase-de-poule-2026#primaryimage\",\"url\":\"https:\/\/static.africa-press.net\/senegal\/sites\/13\/2025\/12\/sm_1765082890.687497.jpg\",\"contentUrl\":\"https:\/\/static.africa-press.net\/senegal\/sites\/13\/2025\/12\/sm_1765082890.687497.jpg\",\"width\":1728,\"height\":1080,\"caption\":\"Calendrier du Maroc en Phase de Poule 2026\"},{\"@type\":\"BreadcrumbList\",\"@id\":\"https:\/\/www.africa-press.net\/senegal\/sports\/calendrier-du-maroc-en-phase-de-poule-2026#breadcrumb\",\"itemListElement\":[{\"@type\":\"ListItem\",\"position\":1,\"name\":\"Accueil\",\"item\":\"https:\/\/www.africa-press.net\/senegal\/\"},{\"@type\":\"ListItem\",\"position\":2,\"name\":\"Calendrier du Maroc en Phase de Poule 2026\"}]},{\"@type\":\"WebSite\",\"@id\":\"https:\/\/www.africa-press.net\/senegal\/#website\",\"url\":\"https:\/\/www.africa-press.net\/senegal\/\",\"name\":\"Africa Press | Senegal | Homepage\",\"description\":\"Just another Africa News Agency Sites site\",\"potentialAction\":[{\"@type\":\"SearchAction\",\"target\":{\"@type\":\"EntryPoint\",\"urlTemplate\":\"https:\/\/www.africa-press.net\/senegal\/?s={search_term_string}\"},\"query-input\":{\"@type\":\"PropertyValueSpecification\",\"valueRequired\":true,\"valueName\":\"search_term_string\"}}],\"inLanguage\":\"fr-FR\"},{\"@type\":\"Person\",\"@id\":\"https:\/\/www.africa-press.net\/senegal\/#\/schema\/person\/2b1cf3cd81a31e3cd26889ca66d677f1\",\"name\":\"cfeditorfr\",\"url\":\"https:\/\/www.africa-press.net\/senegal\/author\/cfeditorfr\"}]}<\/script>\n<!-- \/ Yoast SEO Premium plugin. -->","yoast_head_json":{"title":"Calendrier du Maroc en Phase de Poule 2026 - Senegal","description":"La FIFA a publie\u0301 ce samedi 6 de\u0301cembre le calendrier complet de la Coupe du Monde 2026. Les Lions de l\u2019Atlas, e\u0301voluant ...","robots":{"index":"index","follow":"follow","max-snippet":"max-snippet:-1","max-image-preview":"max-image-preview:large","max-video-preview":"max-video-preview:-1"},"canonical":"https:\/\/www.africa-press.net\/senegal\/sports\/calendrier-du-maroc-en-phase-de-poule-2026","og_locale":"fr_FR","og_type":"article","og_title":"Calendrier du Maroc en Phase de Poule 2026","og_description":"La FIFA a publie\u0301 ce samedi 6 de\u0301cembre le calendrier complet de la Coupe du Monde 2026. Les Lions de l\u2019Atlas, e\u0301voluant ...","og_url":"https:\/\/www.africa-press.net\/senegal\/sports\/calendrier-du-maroc-en-phase-de-poule-2026","og_site_name":"Senegal","article_published_time":"2025-12-06T12:10:00+00:00","article_modified_time":"2025-12-06T20:55:42+00:00","og_image":[{"width":1728,"height":1080,"url":"https:\/\/static.africa-press.net\/senegal\/sites\/13\/2025\/12\/sm_1765082890.687497.jpg","type":"image\/jpeg"}],"author":"cfeditorfr","twitter_card":"summary_large_image","twitter_misc":{"\u00c9crit par":"cfeditorfr","Dur\u00e9e de lecture estim\u00e9e":"1 minute"},"schema":{"@context":"https:\/\/schema.org","@graph":[{"@type":"Article","@id":"https:\/\/www.africa-press.net\/senegal\/sports\/calendrier-du-maroc-en-phase-de-poule-2026#article","isPartOf":{"@id":"https:\/\/www.africa-press.net\/senegal\/sports\/calendrier-du-maroc-en-phase-de-poule-2026"},"author":{"name":"cfeditorfr","@id":"https:\/\/www.africa-press.net\/senegal\/#\/schema\/person\/2b1cf3cd81a31e3cd26889ca66d677f1"},"headline":"Calendrier du Maroc en Phase de Poule 2026","datePublished":"2025-12-06T12:10:00+00:00","dateModified":"2025-12-06T20:55:42+00:00","mainEntityOfPage":{"@id":"https:\/\/www.africa-press.net\/senegal\/sports\/calendrier-du-maroc-en-phase-de-poule-2026"},"wordCount":183,"commentCount":0,"image":{"@id":"https:\/\/www.africa-press.net\/senegal\/sports\/calendrier-du-maroc-en-phase-de-poule-2026#primaryimage"},"thumbnailUrl":"https:\/\/static.africa-press.net\/senegal\/sites\/13\/2025\/12\/sm_1765082890.687497.jpg","keywords":["Senegal"],"articleSection":["Sports","Toutes les actualit\u00e9s"],"inLanguage":"fr-FR","potentialAction":[{"@type":"CommentAction","name":"Comment","target":["https:\/\/www.africa-press.net\/senegal\/sports\/calendrier-du-maroc-en-phase-de-poule-2026#respond"]}]},{"@type":"WebPage","@id":"https:\/\/www.africa-press.net\/senegal\/sports\/calendrier-du-maroc-en-phase-de-poule-2026","url":"https:\/\/www.africa-press.net\/senegal\/sports\/calendrier-du-maroc-en-phase-de-poule-2026","name":"Calendrier du Maroc en Phase de Poule 2026 - Senegal","isPartOf":{"@id":"https:\/\/www.africa-press.net\/senegal\/#website"},"primaryImageOfPage":{"@id":"https:\/\/www.africa-press.net\/senegal\/sports\/calendrier-du-maroc-en-phase-de-poule-2026#primaryimage"},"image":{"@id":"https:\/\/www.africa-press.net\/senegal\/sports\/calendrier-du-maroc-en-phase-de-poule-2026#primaryimage"},"thumbnailUrl":"https:\/\/static.africa-press.net\/senegal\/sites\/13\/2025\/12\/sm_1765082890.687497.jpg","datePublished":"2025-12-06T12:10:00+00:00","dateModified":"2025-12-06T20:55:42+00:00","author":{"@id":"https:\/\/www.africa-press.net\/senegal\/#\/schema\/person\/2b1cf3cd81a31e3cd26889ca66d677f1"},"description":"La FIFA a publie\u0301 ce samedi 6 de\u0301cembre le calendrier complet de la Coupe du Monde 2026. Les Lions de l\u2019Atlas, e\u0301voluant ...","breadcrumb":{"@id":"https:\/\/www.africa-press.net\/senegal\/sports\/calendrier-du-maroc-en-phase-de-poule-2026#breadcrumb"},"inLanguage":"fr-FR","potentialAction":[{"@type":"ReadAction","target":["https:\/\/www.africa-press.net\/senegal\/sports\/calendrier-du-maroc-en-phase-de-poule-2026"]}]},{"@type":"ImageObject","inLanguage":"fr-FR","@id":"https:\/\/www.africa-press.net\/senegal\/sports\/calendrier-du-maroc-en-phase-de-poule-2026#primaryimage","url":"https:\/\/static.africa-press.net\/senegal\/sites\/13\/2025\/12\/sm_1765082890.687497.jpg","contentUrl":"https:\/\/static.africa-press.net\/senegal\/sites\/13\/2025\/12\/sm_1765082890.687497.jpg","width":1728,"height":1080,"caption":"Calendrier du Maroc en Phase de Poule 2026"},{"@type":"BreadcrumbList","@id":"https:\/\/www.africa-press.net\/senegal\/sports\/calendrier-du-maroc-en-phase-de-poule-2026#breadcrumb","itemListElement":[{"@type":"ListItem","position":1,"name":"Accueil","item":"https:\/\/www.africa-press.net\/senegal\/"},{"@type":"ListItem","position":2,"name":"Calendrier du Maroc en Phase de Poule 2026"}]},{"@type":"WebSite","@id":"https:\/\/www.africa-press.net\/senegal\/#website","url":"https:\/\/www.africa-press.net\/senegal\/","name":"Africa Press | Senegal | Homepage","description":"Just another Africa News Agency Sites site","potentialAction":[{"@type":"SearchAction","target":{"@type":"EntryPoint","urlTemplate":"https:\/\/www.africa-press.net\/senegal\/?s={search_term_string}"},"query-input":{"@type":"PropertyValueSpecification","valueRequired":true,"valueName":"search_term_string"}}],"inLanguage":"fr-FR"},{"@type":"Person","@id":"https:\/\/www.africa-press.net\/senegal\/#\/schema\/person\/2b1cf3cd81a31e3cd26889ca66d677f1","name":"cfeditorfr","url":"https:\/\/www.africa-press.net\/senegal\/author\/cfeditorfr"}]}},"_links":{"self":[{"href":"https:\/\/www.africa-press.net\/senegal\/wp-json\/wp\/v2\/posts\/73255","targetHints":{"allow":["GET"]}}],"collection":[{"href":"https:\/\/www.africa-press.net\/senegal\/wp-json\/wp\/v2\/posts"}],"about":[{"href":"https:\/\/www.africa-press.net\/senegal\/wp-json\/wp\/v2\/types\/post"}],"author":[{"embeddable":true,"href":"https:\/\/www.africa-press.net\/senegal\/wp-json\/wp\/v2\/users\/82"}],"replies":[{"embeddable":true,"href":"https:\/\/www.africa-press.net\/senegal\/wp-json\/wp\/v2\/comments?post=73255"}],"version-history":[{"count":0,"href":"https:\/\/www.africa-press.net\/senegal\/wp-json\/wp\/v2\/posts\/73255\/revisions"}],"wp:featuredmedia":[{"embeddable":true,"href":"https:\/\/www.africa-press.net\/senegal\/wp-json\/wp\/v2\/media\/73254"}],"wp:attachment":[{"href":"https:\/\/www.africa-press.net\/senegal\/wp-json\/wp\/v2\/media?parent=73255"}],"wp:term":[{"taxonomy":"category","embeddable":true,"href":"https:\/\/www.africa-press.net\/senegal\/wp-json\/wp\/v2\/categories?post=73255"},{"taxonomy":"post_tag","embeddable":true,"href":"https:\/\/www.africa-press.net\/senegal\/wp-json\/wp\/v2\/tags?post=73255"}],"curies":[{"name":"wp","href":"https:\/\/api.w.org\/{rel}","templated":true}]}}