{"id":73260,"date":"2025-12-07T12:00:00","date_gmt":"2025-12-07T12:00:00","guid":{"rendered":"https:\/\/www.africa-press.net\/senegal\/politique\/libreville-2026-lafrique-face-au-defi-algorithmique"},"modified":"2025-12-07T20:36:01","modified_gmt":"2025-12-07T20:36:01","slug":"libreville-2026-lafrique-face-au-defi-algorithmique","status":"publish","type":"post","link":"https:\/\/www.africa-press.net\/senegal\/toutes-les-actualites\/libreville-2026-lafrique-face-au-defi-algorithmique","title":{"rendered":"Libreville 2026: L\u2019Afrique Face au De\u0301fi Algorithmique"},"content":{"rendered":"<p><span style=\"color: #ff6600\"><strong>Africa-Press &#8211; Senegal. <\/strong><\/span>Du 23 au 27 mars 2026, la capitale gabonaise accueillera la douzie\u0300me e\u0301dition du Colloque International de Libreville, consacre\u0301e aux enjeux de l\u2019intelligence artificielle dans les organisations africaines. Sous la houlette du Professeur Jean Moussavou, cette rencontre scientifique d\u2019envergure ambitionne de penser les conditions d\u2019une appropriation continentale des technologies algorithmiques, entre souverainete\u0301 nume\u0301rique et risques de de\u0301pendance.<\/p>\n<p>Libreville s\u2019appre\u0302te a\u0300 devenir, le temps d\u2019un colloque, l\u2019e\u0301picentre d\u2019une re\u0301flexion continentale sur l\u2019une des mutations les plus de\u0301cisives de notre e\u0301poque. Du 23 au 27 mars 2026, la capitale gabonaise accueillera la douzie\u0300me e\u0301dition du Colloque International de Libreville, consacre\u0301e cette fois aux rapports complexes entre intelligence artificielle et dynamiques organisationnelles en Afrique. Sous la pre\u0301sidence du Professeur Jean Moussavou, cette rencontre scientifique ambitionne de de\u0301passer la simple contemplation technologique pour interroger les conditions d\u2019une appropriation ve\u0301ritablement e\u0301mancipatrice.<\/p>\n<p><b>Entre de\u0301pendance et souverainete\u0301, un continent a\u0300 la croise\u0301e des chemins<\/b><\/p>\n<p>L\u2019initiative intervient a\u0300 un moment charnie\u0300re. Alors que l\u2019intelligence artificielle redessine les contours de l\u2019e\u0301conomie mondiale, l\u2019Afrique se trouve a\u0300 la croise\u0301e des chemins: entre le risque d\u2019une nouvelle de\u0301pendance technologique et l\u2019opportunite\u0301 d\u2019une reconque\u0302te de sa souverainete\u0301 nume\u0301rique. Le colloque, organise\u0301 par le LARSIG (Laboratoire de recherche en science de l\u2019information et de gestion base\u0301 a\u0300 l\u2019Institut Supe\u0301rieur de Technologie (IST) de Libreville) en partenariat avec Excelia Business School, pose frontalement cette tension dans sa proble\u0301matique centrale en questionnant la possibilite\u0301 de concevoir une IA adapte\u0301e, inclusive et durable, capable de transformer positivement les organisations africaines sans reproduire les sche\u0301mas d\u2019exclusion.<\/p>\n<p>Cette ambition se de\u0301cline en quatre axes structurants qui embrassent l\u2019ensemble du spectre social. La gouvernance algorithmique et les enjeux de souverainete\u0301 nume\u0301rique constituent le premier pilier, interrogeant la capacite\u0301 des E\u0301tats africains a\u0300 re\u0301guler et mai\u0302triser ces technologies. Le deuxie\u0300me axe ausculte les mutations du travail et des organisations, tandis que le troisie\u0300me explore les applications sectorielles dans l\u2019agriculture, la sante\u0301 et l\u2019environnement. Enfin, le quatrie\u0300me axe aborde les dimensions culturelles, e\u0301ducatives et identitaires, ouvrant la voie a\u0300 une re\u0301flexion sur la de\u0301colonisation technologique.<\/p>\n<p><b>Une mobilisation intellectuelle interdisciplinaire<\/b><\/p>\n<p>Ce qui frappe dans l\u2019architecture intellectuelle du colloque, c\u2019est sa volonte\u0301 de re\u0301concilier rigueur scientifique et ancrage territorial. En convoquant chercheurs, praticiens et de\u0301cideurs issus de disciplines aussi varie\u0301es que la sociologie, l\u2019e\u0301conomie, la chimie ou l\u2019anthropologie, les organisateurs privile\u0301gient une approche re\u0301solument interdisciplinaire. Cette me\u0301thodologie re\u0301pond a\u0300 la nature transversale du phe\u0301nome\u0300ne algorithmique, qui ne saurait e\u0302tre appre\u0301hende\u0301 a\u0300 travers le seul prisme technique.<\/p>\n<p>Au-dela\u0300 des sessions acade\u0301miques, le colloque pre\u0301voit des ateliers de formation aux me\u0301thodes d\u2019analyse de donne\u0301es, traduisant cette volonte\u0301 de transmission des compe\u0301tences. Les meilleures contributions seront valorise\u0301es dans des revues scientifiques internationales, inscrivant ainsi la recherche africaine dans les circuits de le\u0301gitimation acade\u0301mique mondiale. Reste a\u0300 savoir si cette mobilisation intellectuelle parviendra a\u0300 infle\u0301chir les trajectoires technologiques du continent, ou si elle demeurera un exercice savant sans prise sur le re\u0301el.<\/p>\n<p><strong>Pour plus d&rsquo;informations et d&rsquo;analyses sur la <span style=\"color: #ff6600\">Senegal<\/span>, suivez <span style=\"color: #ff6600\">Africa-Press<\/span><\/strong><\/p>\n","protected":false},"excerpt":{"rendered":"<p>Africa-Press &#8211; Senegal. Du 23 au 27 mars 2026, la capitale gabonaise accueillera la douzie\u0300me e\u0301dition du Colloque International de Libreville, consacre\u0301e aux enjeux de l\u2019intelligence artificielle dans les organisations africaines. Sous la houlette du Professeur Jean Moussavou, cette rencontre scientifique d\u2019envergure ambitionne de penser les conditions d\u2019une appropriation continentale des technologies algorithmiques, entre souverainete\u0301 [&hellip;]<\/p>\n","protected":false},"author":82,"featured_media":73259,"comment_status":"open","ping_status":"closed","sticky":false,"template":"","format":"standard","meta":{"footnotes":""},"categories":[22,10],"tags":[44],"class_list":["post-73260","post","type-post","status-publish","format-standard","has-post-thumbnail","hentry","category-divers","category-toutes-les-actualites","tag-senegal-2"],"yoast_head":"<!-- This site is optimized with the Yoast SEO Premium plugin v26.1 (Yoast SEO v27.0) - https:\/\/yoast.com\/product\/yoast-seo-premium-wordpress\/ -->\n<title>Libreville 2026: L\u2019Afrique Face au De\u0301fi Algorithmique - Senegal<\/title>\n<meta name=\"description\" content=\"Du 23 au 27 mars 2026, la capitale gabonaise accueillera la douzie\u0300me e\u0301dition du Colloque International de Libreville, ...\" \/>\n<meta name=\"robots\" content=\"index, follow, max-snippet:-1, max-image-preview:large, max-video-preview:-1\" \/>\n<link rel=\"canonical\" href=\"https:\/\/www.africa-press.net\/senegal\/toutes-les-actualites\/libreville-2026-lafrique-face-au-defi-algorithmique\" \/>\n<meta property=\"og:locale\" content=\"fr_FR\" \/>\n<meta property=\"og:type\" content=\"article\" \/>\n<meta property=\"og:title\" content=\"Libreville 2026: L\u2019Afrique Face au De\u0301fi Algorithmique\" \/>\n<meta property=\"og:description\" content=\"Du 23 au 27 mars 2026, la capitale gabonaise accueillera la douzie\u0300me e\u0301dition du Colloque International de Libreville, ...\" \/>\n<meta property=\"og:url\" content=\"https:\/\/www.africa-press.net\/senegal\/toutes-les-actualites\/libreville-2026-lafrique-face-au-defi-algorithmique\" \/>\n<meta property=\"og:site_name\" content=\"Senegal\" \/>\n<meta property=\"article:published_time\" content=\"2025-12-07T12:00:00+00:00\" \/>\n<meta property=\"article:modified_time\" content=\"2025-12-07T20:36:01+00:00\" \/>\n<meta property=\"og:image\" content=\"https:\/\/static.africa-press.net\/senegal\/sites\/13\/2025\/12\/sm_1765168505.343798.jpg\" \/>\n\t<meta property=\"og:image:width\" content=\"720\" \/>\n\t<meta property=\"og:image:height\" content=\"392\" \/>\n\t<meta property=\"og:image:type\" content=\"image\/jpeg\" \/>\n<meta name=\"author\" content=\"cfeditorfr\" \/>\n<meta name=\"twitter:card\" content=\"summary_large_image\" \/>\n<meta name=\"twitter:label1\" content=\"\u00c9crit par\" \/>\n\t<meta name=\"twitter:data1\" content=\"cfeditorfr\" \/>\n\t<meta name=\"twitter:label2\" content=\"Dur\u00e9e de lecture estim\u00e9e\" \/>\n\t<meta name=\"twitter:data2\" content=\"3 minutes\" \/>\n<script type=\"application\/ld+json\" class=\"yoast-schema-graph\">{\"@context\":\"https:\/\/schema.org\",\"@graph\":[{\"@type\":\"Article\",\"@id\":\"https:\/\/www.africa-press.net\/senegal\/toutes-les-actualites\/libreville-2026-lafrique-face-au-defi-algorithmique#article\",\"isPartOf\":{\"@id\":\"https:\/\/www.africa-press.net\/senegal\/toutes-les-actualites\/libreville-2026-lafrique-face-au-defi-algorithmique\"},\"author\":{\"name\":\"cfeditorfr\",\"@id\":\"https:\/\/www.africa-press.net\/senegal\/#\/schema\/person\/2b1cf3cd81a31e3cd26889ca66d677f1\"},\"headline\":\"Libreville 2026: L\u2019Afrique Face au De\u0301fi Algorithmique\",\"datePublished\":\"2025-12-07T12:00:00+00:00\",\"dateModified\":\"2025-12-07T20:36:01+00:00\",\"mainEntityOfPage\":{\"@id\":\"https:\/\/www.africa-press.net\/senegal\/toutes-les-actualites\/libreville-2026-lafrique-face-au-defi-algorithmique\"},\"wordCount\":581,\"commentCount\":0,\"image\":{\"@id\":\"https:\/\/www.africa-press.net\/senegal\/toutes-les-actualites\/libreville-2026-lafrique-face-au-defi-algorithmique#primaryimage\"},\"thumbnailUrl\":\"https:\/\/static.africa-press.net\/senegal\/sites\/13\/2025\/12\/sm_1765168505.343798.jpg\",\"keywords\":[\"Senegal\"],\"articleSection\":[\"Divers\",\"Toutes les actualit\u00e9s\"],\"inLanguage\":\"fr-FR\",\"potentialAction\":[{\"@type\":\"CommentAction\",\"name\":\"Comment\",\"target\":[\"https:\/\/www.africa-press.net\/senegal\/toutes-les-actualites\/libreville-2026-lafrique-face-au-defi-algorithmique#respond\"]}]},{\"@type\":\"WebPage\",\"@id\":\"https:\/\/www.africa-press.net\/senegal\/toutes-les-actualites\/libreville-2026-lafrique-face-au-defi-algorithmique\",\"url\":\"https:\/\/www.africa-press.net\/senegal\/toutes-les-actualites\/libreville-2026-lafrique-face-au-defi-algorithmique\",\"name\":\"Libreville 2026: L\u2019Afrique Face au De\u0301fi Algorithmique - Senegal\",\"isPartOf\":{\"@id\":\"https:\/\/www.africa-press.net\/senegal\/#website\"},\"primaryImageOfPage\":{\"@id\":\"https:\/\/www.africa-press.net\/senegal\/toutes-les-actualites\/libreville-2026-lafrique-face-au-defi-algorithmique#primaryimage\"},\"image\":{\"@id\":\"https:\/\/www.africa-press.net\/senegal\/toutes-les-actualites\/libreville-2026-lafrique-face-au-defi-algorithmique#primaryimage\"},\"thumbnailUrl\":\"https:\/\/static.africa-press.net\/senegal\/sites\/13\/2025\/12\/sm_1765168505.343798.jpg\",\"datePublished\":\"2025-12-07T12:00:00+00:00\",\"dateModified\":\"2025-12-07T20:36:01+00:00\",\"author\":{\"@id\":\"https:\/\/www.africa-press.net\/senegal\/#\/schema\/person\/2b1cf3cd81a31e3cd26889ca66d677f1\"},\"description\":\"Du 23 au 27 mars 2026, la capitale gabonaise accueillera la douzie\u0300me e\u0301dition du Colloque International de Libreville, ...\",\"breadcrumb\":{\"@id\":\"https:\/\/www.africa-press.net\/senegal\/toutes-les-actualites\/libreville-2026-lafrique-face-au-defi-algorithmique#breadcrumb\"},\"inLanguage\":\"fr-FR\",\"potentialAction\":[{\"@type\":\"ReadAction\",\"target\":[\"https:\/\/www.africa-press.net\/senegal\/toutes-les-actualites\/libreville-2026-lafrique-face-au-defi-algorithmique\"]}]},{\"@type\":\"ImageObject\",\"inLanguage\":\"fr-FR\",\"@id\":\"https:\/\/www.africa-press.net\/senegal\/toutes-les-actualites\/libreville-2026-lafrique-face-au-defi-algorithmique#primaryimage\",\"url\":\"https:\/\/static.africa-press.net\/senegal\/sites\/13\/2025\/12\/sm_1765168505.343798.jpg\",\"contentUrl\":\"https:\/\/static.africa-press.net\/senegal\/sites\/13\/2025\/12\/sm_1765168505.343798.jpg\",\"width\":720,\"height\":392,\"caption\":\"Libreville 2026: L\u2019Afrique Face au De\u0301fi Algorithmique\"},{\"@type\":\"BreadcrumbList\",\"@id\":\"https:\/\/www.africa-press.net\/senegal\/toutes-les-actualites\/libreville-2026-lafrique-face-au-defi-algorithmique#breadcrumb\",\"itemListElement\":[{\"@type\":\"ListItem\",\"position\":1,\"name\":\"Accueil\",\"item\":\"https:\/\/www.africa-press.net\/senegal\/\"},{\"@type\":\"ListItem\",\"position\":2,\"name\":\"Libreville 2026: L\u2019Afrique Face au De\u0301fi Algorithmique\"}]},{\"@type\":\"WebSite\",\"@id\":\"https:\/\/www.africa-press.net\/senegal\/#website\",\"url\":\"https:\/\/www.africa-press.net\/senegal\/\",\"name\":\"Africa Press | Senegal | Homepage\",\"description\":\"Just another Africa News Agency Sites site\",\"potentialAction\":[{\"@type\":\"SearchAction\",\"target\":{\"@type\":\"EntryPoint\",\"urlTemplate\":\"https:\/\/www.africa-press.net\/senegal\/?s={search_term_string}\"},\"query-input\":{\"@type\":\"PropertyValueSpecification\",\"valueRequired\":true,\"valueName\":\"search_term_string\"}}],\"inLanguage\":\"fr-FR\"},{\"@type\":\"Person\",\"@id\":\"https:\/\/www.africa-press.net\/senegal\/#\/schema\/person\/2b1cf3cd81a31e3cd26889ca66d677f1\",\"name\":\"cfeditorfr\",\"url\":\"https:\/\/www.africa-press.net\/senegal\/author\/cfeditorfr\"}]}<\/script>\n<!-- \/ Yoast SEO Premium plugin. -->","yoast_head_json":{"title":"Libreville 2026: L\u2019Afrique Face au De\u0301fi Algorithmique - Senegal","description":"Du 23 au 27 mars 2026, la capitale gabonaise accueillera la douzie\u0300me e\u0301dition du Colloque International de Libreville, ...","robots":{"index":"index","follow":"follow","max-snippet":"max-snippet:-1","max-image-preview":"max-image-preview:large","max-video-preview":"max-video-preview:-1"},"canonical":"https:\/\/www.africa-press.net\/senegal\/toutes-les-actualites\/libreville-2026-lafrique-face-au-defi-algorithmique","og_locale":"fr_FR","og_type":"article","og_title":"Libreville 2026: L\u2019Afrique Face au De\u0301fi Algorithmique","og_description":"Du 23 au 27 mars 2026, la capitale gabonaise accueillera la douzie\u0300me e\u0301dition du Colloque International de Libreville, ...","og_url":"https:\/\/www.africa-press.net\/senegal\/toutes-les-actualites\/libreville-2026-lafrique-face-au-defi-algorithmique","og_site_name":"Senegal","article_published_time":"2025-12-07T12:00:00+00:00","article_modified_time":"2025-12-07T20:36:01+00:00","og_image":[{"width":720,"height":392,"url":"https:\/\/static.africa-press.net\/senegal\/sites\/13\/2025\/12\/sm_1765168505.343798.jpg","type":"image\/jpeg"}],"author":"cfeditorfr","twitter_card":"summary_large_image","twitter_misc":{"\u00c9crit par":"cfeditorfr","Dur\u00e9e de lecture estim\u00e9e":"3 minutes"},"schema":{"@context":"https:\/\/schema.org","@graph":[{"@type":"Article","@id":"https:\/\/www.africa-press.net\/senegal\/toutes-les-actualites\/libreville-2026-lafrique-face-au-defi-algorithmique#article","isPartOf":{"@id":"https:\/\/www.africa-press.net\/senegal\/toutes-les-actualites\/libreville-2026-lafrique-face-au-defi-algorithmique"},"author":{"name":"cfeditorfr","@id":"https:\/\/www.africa-press.net\/senegal\/#\/schema\/person\/2b1cf3cd81a31e3cd26889ca66d677f1"},"headline":"Libreville 2026: L\u2019Afrique Face au De\u0301fi Algorithmique","datePublished":"2025-12-07T12:00:00+00:00","dateModified":"2025-12-07T20:36:01+00:00","mainEntityOfPage":{"@id":"https:\/\/www.africa-press.net\/senegal\/toutes-les-actualites\/libreville-2026-lafrique-face-au-defi-algorithmique"},"wordCount":581,"commentCount":0,"image":{"@id":"https:\/\/www.africa-press.net\/senegal\/toutes-les-actualites\/libreville-2026-lafrique-face-au-defi-algorithmique#primaryimage"},"thumbnailUrl":"https:\/\/static.africa-press.net\/senegal\/sites\/13\/2025\/12\/sm_1765168505.343798.jpg","keywords":["Senegal"],"articleSection":["Divers","Toutes les actualit\u00e9s"],"inLanguage":"fr-FR","potentialAction":[{"@type":"CommentAction","name":"Comment","target":["https:\/\/www.africa-press.net\/senegal\/toutes-les-actualites\/libreville-2026-lafrique-face-au-defi-algorithmique#respond"]}]},{"@type":"WebPage","@id":"https:\/\/www.africa-press.net\/senegal\/toutes-les-actualites\/libreville-2026-lafrique-face-au-defi-algorithmique","url":"https:\/\/www.africa-press.net\/senegal\/toutes-les-actualites\/libreville-2026-lafrique-face-au-defi-algorithmique","name":"Libreville 2026: L\u2019Afrique Face au De\u0301fi Algorithmique - Senegal","isPartOf":{"@id":"https:\/\/www.africa-press.net\/senegal\/#website"},"primaryImageOfPage":{"@id":"https:\/\/www.africa-press.net\/senegal\/toutes-les-actualites\/libreville-2026-lafrique-face-au-defi-algorithmique#primaryimage"},"image":{"@id":"https:\/\/www.africa-press.net\/senegal\/toutes-les-actualites\/libreville-2026-lafrique-face-au-defi-algorithmique#primaryimage"},"thumbnailUrl":"https:\/\/static.africa-press.net\/senegal\/sites\/13\/2025\/12\/sm_1765168505.343798.jpg","datePublished":"2025-12-07T12:00:00+00:00","dateModified":"2025-12-07T20:36:01+00:00","author":{"@id":"https:\/\/www.africa-press.net\/senegal\/#\/schema\/person\/2b1cf3cd81a31e3cd26889ca66d677f1"},"description":"Du 23 au 27 mars 2026, la capitale gabonaise accueillera la douzie\u0300me e\u0301dition du Colloque International de Libreville, ...","breadcrumb":{"@id":"https:\/\/www.africa-press.net\/senegal\/toutes-les-actualites\/libreville-2026-lafrique-face-au-defi-algorithmique#breadcrumb"},"inLanguage":"fr-FR","potentialAction":[{"@type":"ReadAction","target":["https:\/\/www.africa-press.net\/senegal\/toutes-les-actualites\/libreville-2026-lafrique-face-au-defi-algorithmique"]}]},{"@type":"ImageObject","inLanguage":"fr-FR","@id":"https:\/\/www.africa-press.net\/senegal\/toutes-les-actualites\/libreville-2026-lafrique-face-au-defi-algorithmique#primaryimage","url":"https:\/\/static.africa-press.net\/senegal\/sites\/13\/2025\/12\/sm_1765168505.343798.jpg","contentUrl":"https:\/\/static.africa-press.net\/senegal\/sites\/13\/2025\/12\/sm_1765168505.343798.jpg","width":720,"height":392,"caption":"Libreville 2026: L\u2019Afrique Face au De\u0301fi Algorithmique"},{"@type":"BreadcrumbList","@id":"https:\/\/www.africa-press.net\/senegal\/toutes-les-actualites\/libreville-2026-lafrique-face-au-defi-algorithmique#breadcrumb","itemListElement":[{"@type":"ListItem","position":1,"name":"Accueil","item":"https:\/\/www.africa-press.net\/senegal\/"},{"@type":"ListItem","position":2,"name":"Libreville 2026: L\u2019Afrique Face au De\u0301fi Algorithmique"}]},{"@type":"WebSite","@id":"https:\/\/www.africa-press.net\/senegal\/#website","url":"https:\/\/www.africa-press.net\/senegal\/","name":"Africa Press | Senegal | Homepage","description":"Just another Africa News Agency Sites site","potentialAction":[{"@type":"SearchAction","target":{"@type":"EntryPoint","urlTemplate":"https:\/\/www.africa-press.net\/senegal\/?s={search_term_string}"},"query-input":{"@type":"PropertyValueSpecification","valueRequired":true,"valueName":"search_term_string"}}],"inLanguage":"fr-FR"},{"@type":"Person","@id":"https:\/\/www.africa-press.net\/senegal\/#\/schema\/person\/2b1cf3cd81a31e3cd26889ca66d677f1","name":"cfeditorfr","url":"https:\/\/www.africa-press.net\/senegal\/author\/cfeditorfr"}]}},"_links":{"self":[{"href":"https:\/\/www.africa-press.net\/senegal\/wp-json\/wp\/v2\/posts\/73260","targetHints":{"allow":["GET"]}}],"collection":[{"href":"https:\/\/www.africa-press.net\/senegal\/wp-json\/wp\/v2\/posts"}],"about":[{"href":"https:\/\/www.africa-press.net\/senegal\/wp-json\/wp\/v2\/types\/post"}],"author":[{"embeddable":true,"href":"https:\/\/www.africa-press.net\/senegal\/wp-json\/wp\/v2\/users\/82"}],"replies":[{"embeddable":true,"href":"https:\/\/www.africa-press.net\/senegal\/wp-json\/wp\/v2\/comments?post=73260"}],"version-history":[{"count":0,"href":"https:\/\/www.africa-press.net\/senegal\/wp-json\/wp\/v2\/posts\/73260\/revisions"}],"wp:featuredmedia":[{"embeddable":true,"href":"https:\/\/www.africa-press.net\/senegal\/wp-json\/wp\/v2\/media\/73259"}],"wp:attachment":[{"href":"https:\/\/www.africa-press.net\/senegal\/wp-json\/wp\/v2\/media?parent=73260"}],"wp:term":[{"taxonomy":"category","embeddable":true,"href":"https:\/\/www.africa-press.net\/senegal\/wp-json\/wp\/v2\/categories?post=73260"},{"taxonomy":"post_tag","embeddable":true,"href":"https:\/\/www.africa-press.net\/senegal\/wp-json\/wp\/v2\/tags?post=73260"}],"curies":[{"name":"wp","href":"https:\/\/api.w.org\/{rel}","templated":true}]}}