{"id":73280,"date":"2025-12-07T12:10:00","date_gmt":"2025-12-07T12:10:00","guid":{"rendered":"https:\/\/www.africa-press.net\/senegal\/politique\/mamadou-aliou-diallo-sur-sonko-et-diomaye"},"modified":"2025-12-09T15:14:18","modified_gmt":"2025-12-09T15:14:18","slug":"mamadou-aliou-diallo-sur-sonko-et-diomaye","status":"publish","type":"post","link":"https:\/\/www.africa-press.net\/senegal\/politique\/mamadou-aliou-diallo-sur-sonko-et-diomaye","title":{"rendered":"Mamadou Aliou Diallo sur Sonko et Diomaye"},"content":{"rendered":"<p><span style=\"color: #ff6600\"><strong>Africa-Press &#8211; Senegal. <\/strong><\/span>Membre de la task force communication de la coalition DiomayePre\u0301sident, Mamadou Aliou Diallo e\u0301tait l\u2019invite\u0301 de l\u2019e\u0301mission \u00ab\u00a0Le Jury du dimanche\u00a0\u00bb sur iRadio. Au cours de cet entretien, il a livre\u0301 une lecture positive de la situation politique et sociale du Se\u0301ne\u0301gal, en re\u0301futant toute ide\u0301e de division au sein de la majorite\u0301 pre\u0301sidentielle.<\/p>\n<p>Interroge\u0301 sur l\u2019image que lui renvoie le Se\u0301ne\u0301gal actuel, Mamadou Aliou Diallo a de\u0301crit \u00ab un environnement sain et propice au de\u0301veloppement \u00bb, tant sur le plan politique, social qu\u2019e\u0301conomique.<\/p>\n<p>Selon lui, le pays e\u0301volue \u00ab de fac\u0327on positive \u00bb sous le magiste\u0300re du pre\u0301sident Bassirou Diomaye Faye, qu\u2019il pre\u0301sente comme un homme \u00ab ponde\u0301re\u0301, empathique et entie\u0300rement de\u0301die\u0301 au de\u0301veloppement du Se\u0301ne\u0301gal \u00bb.<\/p>\n<p>Il a e\u0301galement salue\u0301 l\u2019engagement de la coordonnatrice ge\u0301ne\u0301rale de la coalition, Aminata Toure\u0301, qu\u2019il de\u0301crit comme une femme de devoir, travaillant \u00ab avec rigueur, discre\u0301tion et efficacite\u0301 \u00bb a\u0300 la structuration et a\u0300 la massification du mouvement.<\/p>\n<p>\u00ab C\u2019est un choix bien calcule\u0301 du pre\u0301sident \u00bb, affirme-t-il, soulignant qu\u2019elle fait l\u2019unanimite\u0301 au sein de la coalition.<\/p>\n<p>Face aux tensions sociales, notamment dans les universite\u0301s et dans le monde rural, Mamadou Aliou Diallo a appele\u0301 a\u0300 la retenue et au dialogue. Concernant la gre\u0300ve des e\u0301tudiants, il a rappele\u0301 que leurs revendications sont le\u0301gitimes, tout en insistant sur \u00ab la ne\u0301cessite\u0301 d\u2019un cadre de discussion apaise\u0301 entre les autorite\u0301s et les apprenants \u00bb. Il a indique\u0301 que le ministe\u0300re de l\u2019Enseignement supe\u0301rieur ainsi que la Direction des bourses travaillent activement a\u0300 la recherche d\u2019une solution concerte\u0301e.<\/p>\n<p>Sur la question du monde rural et de la commercialisation de l\u2019arachide, il reconnai\u0302t les difficulte\u0301s lie\u0301es a\u0300 la pe\u0301riode de soudure et au risque de bradage des re\u0301coltes. Toutefois, il appelle les paysans a\u0300 la prudence et a\u0300 la patience, tout en plaidant pour \u00ab une meilleure communication de l\u2019E\u0301tat et un accompagnement financier plus rapide \u00bb.<\/p>\n<p>Selon lui, la production actuelle, estime\u0301e a\u0300 pre\u0300s de 900 000 t, constitue \u00ab une richesse qu\u2019il faut savoir pre\u0301server et valoriser \u00bb.<\/p>\n<p>Concernant les rumeurs de division au sommet du pouvoir ou d\u2019une suppose\u0301e dualite\u0301 entre diffe\u0301rentes coalitions proches du re\u0301gime, Mamadou Aliou Diallo a e\u0301te\u0301 cate\u0301gorique: \u00ab Il n\u2019y a pas de dualite\u0301 au sommet de la majorite\u0301. Il n\u2019y a ni scission ni me\u0301sentente. Notre seul objectif est d\u2019accompagner le pre\u0301sident de la Re\u0301publique dans la mise en \u0153uvre de sa vision \u00bb, a-t-il insiste\u0301.<\/p>\n<p>Pour lui, la coalition DiomayePre\u0301sident s\u2019inscrit exclusivement dans une dynamique d\u2019unite\u0301, de soutien et de promotion des actions du chef de l\u2019E\u0301tat. \u00ab Nous ne sommes pas dans les invectives, encore moins dans la confrontation interne. Notre code de conduite, c\u2019est la stabilite\u0301, la cohe\u0301sion et le travail pour le Se\u0301ne\u0301gal \u00bb, conclut-il.<\/p>\n<p><strong>Pour plus d&rsquo;informations et d&rsquo;analyses sur la <span style=\"color: #ff6600\">Senegal<\/span>, suivez <span style=\"color: #ff6600\">Africa-Press<\/span><\/strong><\/p>\n","protected":false},"excerpt":{"rendered":"<p>Africa-Press &#8211; Senegal. Membre de la task force communication de la coalition DiomayePre\u0301sident, Mamadou Aliou Diallo e\u0301tait l\u2019invite\u0301 de l\u2019e\u0301mission \u00ab\u00a0Le Jury du dimanche\u00a0\u00bb sur iRadio. Au cours de cet entretien, il a livre\u0301 une lecture positive de la situation politique et sociale du Se\u0301ne\u0301gal, en re\u0301futant toute ide\u0301e de division au sein de la [&hellip;]<\/p>\n","protected":false},"author":82,"featured_media":73279,"comment_status":"open","ping_status":"closed","sticky":false,"template":"","format":"standard","meta":{"footnotes":""},"categories":[2,10],"tags":[44],"class_list":["post-73280","post","type-post","status-publish","format-standard","has-post-thumbnail","hentry","category-politique","category-toutes-les-actualites","tag-senegal-2"],"yoast_head":"<!-- This site is optimized with the Yoast SEO Premium plugin v26.1 (Yoast SEO v27.0) - https:\/\/yoast.com\/product\/yoast-seo-premium-wordpress\/ -->\n<title>Mamadou Aliou Diallo sur Sonko et Diomaye - Senegal<\/title>\n<meta name=\"description\" content=\"Membre de la task force communication de la coalition DiomayePre\u0301sident, Mamadou Aliou Diallo e\u0301tait l\u2019invite\u0301 de l\u2019e\u0301mi ...\" \/>\n<meta name=\"robots\" content=\"index, follow, max-snippet:-1, max-image-preview:large, max-video-preview:-1\" \/>\n<link rel=\"canonical\" href=\"https:\/\/www.africa-press.net\/senegal\/politique\/mamadou-aliou-diallo-sur-sonko-et-diomaye\" \/>\n<meta property=\"og:locale\" content=\"fr_FR\" \/>\n<meta property=\"og:type\" content=\"article\" \/>\n<meta property=\"og:title\" content=\"Mamadou Aliou Diallo sur Sonko et Diomaye\" \/>\n<meta property=\"og:description\" content=\"Membre de la task force communication de la coalition DiomayePre\u0301sident, Mamadou Aliou Diallo e\u0301tait l\u2019invite\u0301 de l\u2019e\u0301mi ...\" \/>\n<meta property=\"og:url\" content=\"https:\/\/www.africa-press.net\/senegal\/politique\/mamadou-aliou-diallo-sur-sonko-et-diomaye\" \/>\n<meta property=\"og:site_name\" content=\"Senegal\" \/>\n<meta property=\"article:published_time\" content=\"2025-12-07T12:10:00+00:00\" \/>\n<meta property=\"article:modified_time\" content=\"2025-12-09T15:14:18+00:00\" \/>\n<meta property=\"og:image\" content=\"https:\/\/static.africa-press.net\/senegal\/sites\/13\/2025\/12\/sm_1765169744.105982.jpg\" \/>\n\t<meta property=\"og:image:width\" content=\"1280\" \/>\n\t<meta property=\"og:image:height\" content=\"720\" \/>\n\t<meta property=\"og:image:type\" content=\"image\/jpeg\" \/>\n<meta name=\"author\" content=\"cfeditorfr\" \/>\n<meta name=\"twitter:card\" content=\"summary_large_image\" \/>\n<meta name=\"twitter:label1\" content=\"\u00c9crit par\" \/>\n\t<meta name=\"twitter:data1\" content=\"cfeditorfr\" \/>\n\t<meta name=\"twitter:label2\" content=\"Dur\u00e9e de lecture estim\u00e9e\" \/>\n\t<meta name=\"twitter:data2\" content=\"3 minutes\" \/>\n<script type=\"application\/ld+json\" class=\"yoast-schema-graph\">{\"@context\":\"https:\/\/schema.org\",\"@graph\":[{\"@type\":\"Article\",\"@id\":\"https:\/\/www.africa-press.net\/senegal\/politique\/mamadou-aliou-diallo-sur-sonko-et-diomaye#article\",\"isPartOf\":{\"@id\":\"https:\/\/www.africa-press.net\/senegal\/politique\/mamadou-aliou-diallo-sur-sonko-et-diomaye\"},\"author\":{\"name\":\"cfeditorfr\",\"@id\":\"https:\/\/www.africa-press.net\/senegal\/#\/schema\/person\/2b1cf3cd81a31e3cd26889ca66d677f1\"},\"headline\":\"Mamadou Aliou Diallo sur Sonko et Diomaye\",\"datePublished\":\"2025-12-07T12:10:00+00:00\",\"dateModified\":\"2025-12-09T15:14:18+00:00\",\"mainEntityOfPage\":{\"@id\":\"https:\/\/www.africa-press.net\/senegal\/politique\/mamadou-aliou-diallo-sur-sonko-et-diomaye\"},\"wordCount\":538,\"commentCount\":0,\"image\":{\"@id\":\"https:\/\/www.africa-press.net\/senegal\/politique\/mamadou-aliou-diallo-sur-sonko-et-diomaye#primaryimage\"},\"thumbnailUrl\":\"https:\/\/static.africa-press.net\/senegal\/sites\/13\/2025\/12\/sm_1765169744.105982.jpg\",\"keywords\":[\"Senegal\"],\"articleSection\":[\"Politique\",\"Toutes les actualit\u00e9s\"],\"inLanguage\":\"fr-FR\",\"potentialAction\":[{\"@type\":\"CommentAction\",\"name\":\"Comment\",\"target\":[\"https:\/\/www.africa-press.net\/senegal\/politique\/mamadou-aliou-diallo-sur-sonko-et-diomaye#respond\"]}]},{\"@type\":\"WebPage\",\"@id\":\"https:\/\/www.africa-press.net\/senegal\/politique\/mamadou-aliou-diallo-sur-sonko-et-diomaye\",\"url\":\"https:\/\/www.africa-press.net\/senegal\/politique\/mamadou-aliou-diallo-sur-sonko-et-diomaye\",\"name\":\"Mamadou Aliou Diallo sur Sonko et Diomaye - Senegal\",\"isPartOf\":{\"@id\":\"https:\/\/www.africa-press.net\/senegal\/#website\"},\"primaryImageOfPage\":{\"@id\":\"https:\/\/www.africa-press.net\/senegal\/politique\/mamadou-aliou-diallo-sur-sonko-et-diomaye#primaryimage\"},\"image\":{\"@id\":\"https:\/\/www.africa-press.net\/senegal\/politique\/mamadou-aliou-diallo-sur-sonko-et-diomaye#primaryimage\"},\"thumbnailUrl\":\"https:\/\/static.africa-press.net\/senegal\/sites\/13\/2025\/12\/sm_1765169744.105982.jpg\",\"datePublished\":\"2025-12-07T12:10:00+00:00\",\"dateModified\":\"2025-12-09T15:14:18+00:00\",\"author\":{\"@id\":\"https:\/\/www.africa-press.net\/senegal\/#\/schema\/person\/2b1cf3cd81a31e3cd26889ca66d677f1\"},\"description\":\"Membre de la task force communication de la coalition DiomayePre\u0301sident, Mamadou Aliou Diallo e\u0301tait l\u2019invite\u0301 de l\u2019e\u0301mi ...\",\"breadcrumb\":{\"@id\":\"https:\/\/www.africa-press.net\/senegal\/politique\/mamadou-aliou-diallo-sur-sonko-et-diomaye#breadcrumb\"},\"inLanguage\":\"fr-FR\",\"potentialAction\":[{\"@type\":\"ReadAction\",\"target\":[\"https:\/\/www.africa-press.net\/senegal\/politique\/mamadou-aliou-diallo-sur-sonko-et-diomaye\"]}]},{\"@type\":\"ImageObject\",\"inLanguage\":\"fr-FR\",\"@id\":\"https:\/\/www.africa-press.net\/senegal\/politique\/mamadou-aliou-diallo-sur-sonko-et-diomaye#primaryimage\",\"url\":\"https:\/\/static.africa-press.net\/senegal\/sites\/13\/2025\/12\/sm_1765169744.105982.jpg\",\"contentUrl\":\"https:\/\/static.africa-press.net\/senegal\/sites\/13\/2025\/12\/sm_1765169744.105982.jpg\",\"width\":1280,\"height\":720,\"caption\":\"Mamadou Aliou Diallo sur Sonko et Diomaye\"},{\"@type\":\"BreadcrumbList\",\"@id\":\"https:\/\/www.africa-press.net\/senegal\/politique\/mamadou-aliou-diallo-sur-sonko-et-diomaye#breadcrumb\",\"itemListElement\":[{\"@type\":\"ListItem\",\"position\":1,\"name\":\"Accueil\",\"item\":\"https:\/\/www.africa-press.net\/senegal\/\"},{\"@type\":\"ListItem\",\"position\":2,\"name\":\"Mamadou Aliou Diallo sur Sonko et Diomaye\"}]},{\"@type\":\"WebSite\",\"@id\":\"https:\/\/www.africa-press.net\/senegal\/#website\",\"url\":\"https:\/\/www.africa-press.net\/senegal\/\",\"name\":\"Africa Press | Senegal | Homepage\",\"description\":\"Just another Africa News Agency Sites site\",\"potentialAction\":[{\"@type\":\"SearchAction\",\"target\":{\"@type\":\"EntryPoint\",\"urlTemplate\":\"https:\/\/www.africa-press.net\/senegal\/?s={search_term_string}\"},\"query-input\":{\"@type\":\"PropertyValueSpecification\",\"valueRequired\":true,\"valueName\":\"search_term_string\"}}],\"inLanguage\":\"fr-FR\"},{\"@type\":\"Person\",\"@id\":\"https:\/\/www.africa-press.net\/senegal\/#\/schema\/person\/2b1cf3cd81a31e3cd26889ca66d677f1\",\"name\":\"cfeditorfr\",\"url\":\"https:\/\/www.africa-press.net\/senegal\/author\/cfeditorfr\"}]}<\/script>\n<!-- \/ Yoast SEO Premium plugin. -->","yoast_head_json":{"title":"Mamadou Aliou Diallo sur Sonko et Diomaye - Senegal","description":"Membre de la task force communication de la coalition DiomayePre\u0301sident, Mamadou Aliou Diallo e\u0301tait l\u2019invite\u0301 de l\u2019e\u0301mi ...","robots":{"index":"index","follow":"follow","max-snippet":"max-snippet:-1","max-image-preview":"max-image-preview:large","max-video-preview":"max-video-preview:-1"},"canonical":"https:\/\/www.africa-press.net\/senegal\/politique\/mamadou-aliou-diallo-sur-sonko-et-diomaye","og_locale":"fr_FR","og_type":"article","og_title":"Mamadou Aliou Diallo sur Sonko et Diomaye","og_description":"Membre de la task force communication de la coalition DiomayePre\u0301sident, Mamadou Aliou Diallo e\u0301tait l\u2019invite\u0301 de l\u2019e\u0301mi ...","og_url":"https:\/\/www.africa-press.net\/senegal\/politique\/mamadou-aliou-diallo-sur-sonko-et-diomaye","og_site_name":"Senegal","article_published_time":"2025-12-07T12:10:00+00:00","article_modified_time":"2025-12-09T15:14:18+00:00","og_image":[{"width":1280,"height":720,"url":"https:\/\/static.africa-press.net\/senegal\/sites\/13\/2025\/12\/sm_1765169744.105982.jpg","type":"image\/jpeg"}],"author":"cfeditorfr","twitter_card":"summary_large_image","twitter_misc":{"\u00c9crit par":"cfeditorfr","Dur\u00e9e de lecture estim\u00e9e":"3 minutes"},"schema":{"@context":"https:\/\/schema.org","@graph":[{"@type":"Article","@id":"https:\/\/www.africa-press.net\/senegal\/politique\/mamadou-aliou-diallo-sur-sonko-et-diomaye#article","isPartOf":{"@id":"https:\/\/www.africa-press.net\/senegal\/politique\/mamadou-aliou-diallo-sur-sonko-et-diomaye"},"author":{"name":"cfeditorfr","@id":"https:\/\/www.africa-press.net\/senegal\/#\/schema\/person\/2b1cf3cd81a31e3cd26889ca66d677f1"},"headline":"Mamadou Aliou Diallo sur Sonko et Diomaye","datePublished":"2025-12-07T12:10:00+00:00","dateModified":"2025-12-09T15:14:18+00:00","mainEntityOfPage":{"@id":"https:\/\/www.africa-press.net\/senegal\/politique\/mamadou-aliou-diallo-sur-sonko-et-diomaye"},"wordCount":538,"commentCount":0,"image":{"@id":"https:\/\/www.africa-press.net\/senegal\/politique\/mamadou-aliou-diallo-sur-sonko-et-diomaye#primaryimage"},"thumbnailUrl":"https:\/\/static.africa-press.net\/senegal\/sites\/13\/2025\/12\/sm_1765169744.105982.jpg","keywords":["Senegal"],"articleSection":["Politique","Toutes les actualit\u00e9s"],"inLanguage":"fr-FR","potentialAction":[{"@type":"CommentAction","name":"Comment","target":["https:\/\/www.africa-press.net\/senegal\/politique\/mamadou-aliou-diallo-sur-sonko-et-diomaye#respond"]}]},{"@type":"WebPage","@id":"https:\/\/www.africa-press.net\/senegal\/politique\/mamadou-aliou-diallo-sur-sonko-et-diomaye","url":"https:\/\/www.africa-press.net\/senegal\/politique\/mamadou-aliou-diallo-sur-sonko-et-diomaye","name":"Mamadou Aliou Diallo sur Sonko et Diomaye - Senegal","isPartOf":{"@id":"https:\/\/www.africa-press.net\/senegal\/#website"},"primaryImageOfPage":{"@id":"https:\/\/www.africa-press.net\/senegal\/politique\/mamadou-aliou-diallo-sur-sonko-et-diomaye#primaryimage"},"image":{"@id":"https:\/\/www.africa-press.net\/senegal\/politique\/mamadou-aliou-diallo-sur-sonko-et-diomaye#primaryimage"},"thumbnailUrl":"https:\/\/static.africa-press.net\/senegal\/sites\/13\/2025\/12\/sm_1765169744.105982.jpg","datePublished":"2025-12-07T12:10:00+00:00","dateModified":"2025-12-09T15:14:18+00:00","author":{"@id":"https:\/\/www.africa-press.net\/senegal\/#\/schema\/person\/2b1cf3cd81a31e3cd26889ca66d677f1"},"description":"Membre de la task force communication de la coalition DiomayePre\u0301sident, Mamadou Aliou Diallo e\u0301tait l\u2019invite\u0301 de l\u2019e\u0301mi ...","breadcrumb":{"@id":"https:\/\/www.africa-press.net\/senegal\/politique\/mamadou-aliou-diallo-sur-sonko-et-diomaye#breadcrumb"},"inLanguage":"fr-FR","potentialAction":[{"@type":"ReadAction","target":["https:\/\/www.africa-press.net\/senegal\/politique\/mamadou-aliou-diallo-sur-sonko-et-diomaye"]}]},{"@type":"ImageObject","inLanguage":"fr-FR","@id":"https:\/\/www.africa-press.net\/senegal\/politique\/mamadou-aliou-diallo-sur-sonko-et-diomaye#primaryimage","url":"https:\/\/static.africa-press.net\/senegal\/sites\/13\/2025\/12\/sm_1765169744.105982.jpg","contentUrl":"https:\/\/static.africa-press.net\/senegal\/sites\/13\/2025\/12\/sm_1765169744.105982.jpg","width":1280,"height":720,"caption":"Mamadou Aliou Diallo sur Sonko et Diomaye"},{"@type":"BreadcrumbList","@id":"https:\/\/www.africa-press.net\/senegal\/politique\/mamadou-aliou-diallo-sur-sonko-et-diomaye#breadcrumb","itemListElement":[{"@type":"ListItem","position":1,"name":"Accueil","item":"https:\/\/www.africa-press.net\/senegal\/"},{"@type":"ListItem","position":2,"name":"Mamadou Aliou Diallo sur Sonko et Diomaye"}]},{"@type":"WebSite","@id":"https:\/\/www.africa-press.net\/senegal\/#website","url":"https:\/\/www.africa-press.net\/senegal\/","name":"Africa Press | Senegal | Homepage","description":"Just another Africa News Agency Sites site","potentialAction":[{"@type":"SearchAction","target":{"@type":"EntryPoint","urlTemplate":"https:\/\/www.africa-press.net\/senegal\/?s={search_term_string}"},"query-input":{"@type":"PropertyValueSpecification","valueRequired":true,"valueName":"search_term_string"}}],"inLanguage":"fr-FR"},{"@type":"Person","@id":"https:\/\/www.africa-press.net\/senegal\/#\/schema\/person\/2b1cf3cd81a31e3cd26889ca66d677f1","name":"cfeditorfr","url":"https:\/\/www.africa-press.net\/senegal\/author\/cfeditorfr"}]}},"_links":{"self":[{"href":"https:\/\/www.africa-press.net\/senegal\/wp-json\/wp\/v2\/posts\/73280","targetHints":{"allow":["GET"]}}],"collection":[{"href":"https:\/\/www.africa-press.net\/senegal\/wp-json\/wp\/v2\/posts"}],"about":[{"href":"https:\/\/www.africa-press.net\/senegal\/wp-json\/wp\/v2\/types\/post"}],"author":[{"embeddable":true,"href":"https:\/\/www.africa-press.net\/senegal\/wp-json\/wp\/v2\/users\/82"}],"replies":[{"embeddable":true,"href":"https:\/\/www.africa-press.net\/senegal\/wp-json\/wp\/v2\/comments?post=73280"}],"version-history":[{"count":0,"href":"https:\/\/www.africa-press.net\/senegal\/wp-json\/wp\/v2\/posts\/73280\/revisions"}],"wp:featuredmedia":[{"embeddable":true,"href":"https:\/\/www.africa-press.net\/senegal\/wp-json\/wp\/v2\/media\/73279"}],"wp:attachment":[{"href":"https:\/\/www.africa-press.net\/senegal\/wp-json\/wp\/v2\/media?parent=73280"}],"wp:term":[{"taxonomy":"category","embeddable":true,"href":"https:\/\/www.africa-press.net\/senegal\/wp-json\/wp\/v2\/categories?post=73280"},{"taxonomy":"post_tag","embeddable":true,"href":"https:\/\/www.africa-press.net\/senegal\/wp-json\/wp\/v2\/tags?post=73280"}],"curies":[{"name":"wp","href":"https:\/\/api.w.org\/{rel}","templated":true}]}}