{"id":73282,"date":"2025-12-07T14:00:00","date_gmt":"2025-12-07T14:00:00","guid":{"rendered":"https:\/\/www.africa-press.net\/senegal\/politique\/baisse-des-prix-des-hydrocarbures-felicitations-au-chef"},"modified":"2025-12-09T15:15:03","modified_gmt":"2025-12-09T15:15:03","slug":"baisse-des-prix-des-hydrocarbures-felicitations-au-chef","status":"publish","type":"post","link":"https:\/\/www.africa-press.net\/senegal\/politique\/baisse-des-prix-des-hydrocarbures-felicitations-au-chef","title":{"rendered":"Baisse des Prix des Hydrocarbures F\u00e9licitations au Chef"},"content":{"rendered":"<p><span style=\"color: #ff6600\"><strong>Africa-Press &#8211; Senegal. <\/strong><\/span>L\u2019Etat du Se\u0301ne\u0301gal vient de baisser les prix des hydrocarbures. Une mesure que salue la Coalition Diomaye Pre\u0301sident.<\/p>\n<p>\u00abLa Coalition Diomaye Pre\u0301sident rec\u0327oit avec satisfaction l&rsquo;annonce de la baisse effective des prix des produits pe\u0301troliers, de\u0301cide\u0301e par Son Excellence le Pre\u0301sident de la Re\u0301publique, Monsieur Bassirou Diomaye Diakhar Faye, et mise en \u0153uvre avec ce\u0301le\u0301rite\u0301 par le Gouvernement\u00bb, dit-elle dans un communique\u0301 de presse.<\/p>\n<p>Pour la coalition pre\u0301sidentielle, cette mesure traduit une e\u0301coute attentive des pre\u0301occupations des Se\u0301ne\u0301galaises et des Se\u0301ne\u0301galais, particulie\u0300rement en cette pe\u0301riode ou\u0300 le cou\u0302t de la vie pe\u0300se sur de nombreux me\u0301nages. Et donc, en agissant de manie\u0300re rapide et concre\u0300te, le Chef de l&rsquo;Etat te\u0301moigne de sa volonte\u0301 ferme d&rsquo;ame\u0301liorer le pouvoir d&rsquo;achat, de soulager les familles et d&rsquo;accompagner les acteurs e\u0301conomiques dans leur e\u0301lan de relance, dit-elle.<\/p>\n<p>\u00abLa Coalition fe\u0301licite Son Excellence le Pre\u0301sident de la Re\u0301publique pour son leadership empreint d&#8217;empathie et de responsabilite\u0301, ainsi que le Gouvernement pour l&rsquo;efficacite\u0301 dans l&rsquo;application de cette de\u0301cision essentielle au quotidien des populations\u00bb, indique-t-elle dans son communique\u0301 de presse.<\/p>\n<p>Diomaye Pre\u0301sident appelle donc l&rsquo;ensemble des forces vives de la Nation a\u0300 accompagner cette dynamique de transformation sociale.<\/p>\n<p><strong>Pour plus d&rsquo;informations et d&rsquo;analyses sur la <span style=\"color: #ff6600\">Senegal<\/span>, suivez <span style=\"color: #ff6600\">Africa-Press<\/span><\/strong><\/p>\n","protected":false},"excerpt":{"rendered":"<p>Africa-Press &#8211; Senegal. L\u2019Etat du Se\u0301ne\u0301gal vient de baisser les prix des hydrocarbures. Une mesure que salue la Coalition Diomaye Pre\u0301sident. \u00abLa Coalition Diomaye Pre\u0301sident rec\u0327oit avec satisfaction l&rsquo;annonce de la baisse effective des prix des produits pe\u0301troliers, de\u0301cide\u0301e par Son Excellence le Pre\u0301sident de la Re\u0301publique, Monsieur Bassirou Diomaye Diakhar Faye, et mise en [&hellip;]<\/p>\n","protected":false},"author":82,"featured_media":73281,"comment_status":"open","ping_status":"closed","sticky":false,"template":"","format":"standard","meta":{"footnotes":""},"categories":[3,2,20,10],"tags":[44],"class_list":["post-73282","post","type-post","status-publish","format-standard","has-post-thumbnail","hentry","category-economie","category-politique","category-top-nouvelles","category-toutes-les-actualites","tag-senegal-2"],"yoast_head":"<!-- This site is optimized with the Yoast SEO Premium plugin v26.1 (Yoast SEO v27.0) - https:\/\/yoast.com\/product\/yoast-seo-premium-wordpress\/ -->\n<title>Baisse des Prix des Hydrocarbures F\u00e9licitations au Chef - Senegal<\/title>\n<meta name=\"description\" content=\"L\u2019Etat du Se\u0301ne\u0301gal vient de baisser les prix des hydrocarbures. Une mesure que salue la Coalition Diomaye Pre\u0301sident. ...\" \/>\n<meta name=\"robots\" content=\"index, follow, max-snippet:-1, max-image-preview:large, max-video-preview:-1\" \/>\n<link rel=\"canonical\" href=\"https:\/\/www.africa-press.net\/senegal\/politique\/baisse-des-prix-des-hydrocarbures-felicitations-au-chef\" \/>\n<meta property=\"og:locale\" content=\"fr_FR\" \/>\n<meta property=\"og:type\" content=\"article\" \/>\n<meta property=\"og:title\" content=\"Baisse des Prix des Hydrocarbures F\u00e9licitations au Chef\" \/>\n<meta property=\"og:description\" content=\"L\u2019Etat du Se\u0301ne\u0301gal vient de baisser les prix des hydrocarbures. Une mesure que salue la Coalition Diomaye Pre\u0301sident. ...\" \/>\n<meta property=\"og:url\" content=\"https:\/\/www.africa-press.net\/senegal\/politique\/baisse-des-prix-des-hydrocarbures-felicitations-au-chef\" \/>\n<meta property=\"og:site_name\" content=\"Senegal\" \/>\n<meta property=\"article:published_time\" content=\"2025-12-07T14:00:00+00:00\" \/>\n<meta property=\"article:modified_time\" content=\"2025-12-09T15:15:03+00:00\" \/>\n<meta property=\"og:image\" content=\"https:\/\/static.africa-press.net\/senegal\/sites\/13\/2025\/12\/sm_1765169764.453656.jpg\" \/>\n\t<meta property=\"og:image:width\" content=\"1280\" \/>\n\t<meta property=\"og:image:height\" content=\"720\" \/>\n\t<meta property=\"og:image:type\" content=\"image\/jpeg\" \/>\n<meta name=\"author\" content=\"cfeditorfr\" \/>\n<meta name=\"twitter:card\" content=\"summary_large_image\" \/>\n<meta name=\"twitter:label1\" content=\"\u00c9crit par\" \/>\n\t<meta name=\"twitter:data1\" content=\"cfeditorfr\" \/>\n\t<meta name=\"twitter:label2\" content=\"Dur\u00e9e de lecture estim\u00e9e\" \/>\n\t<meta name=\"twitter:data2\" content=\"2 minutes\" \/>\n<script type=\"application\/ld+json\" class=\"yoast-schema-graph\">{\"@context\":\"https:\/\/schema.org\",\"@graph\":[{\"@type\":\"Article\",\"@id\":\"https:\/\/www.africa-press.net\/senegal\/politique\/baisse-des-prix-des-hydrocarbures-felicitations-au-chef#article\",\"isPartOf\":{\"@id\":\"https:\/\/www.africa-press.net\/senegal\/politique\/baisse-des-prix-des-hydrocarbures-felicitations-au-chef\"},\"author\":{\"name\":\"cfeditorfr\",\"@id\":\"https:\/\/www.africa-press.net\/senegal\/#\/schema\/person\/2b1cf3cd81a31e3cd26889ca66d677f1\"},\"headline\":\"Baisse des Prix des Hydrocarbures F\u00e9licitations au Chef\",\"datePublished\":\"2025-12-07T14:00:00+00:00\",\"dateModified\":\"2025-12-09T15:15:03+00:00\",\"mainEntityOfPage\":{\"@id\":\"https:\/\/www.africa-press.net\/senegal\/politique\/baisse-des-prix-des-hydrocarbures-felicitations-au-chef\"},\"wordCount\":260,\"commentCount\":0,\"image\":{\"@id\":\"https:\/\/www.africa-press.net\/senegal\/politique\/baisse-des-prix-des-hydrocarbures-felicitations-au-chef#primaryimage\"},\"thumbnailUrl\":\"https:\/\/static.africa-press.net\/senegal\/sites\/13\/2025\/12\/sm_1765169764.453656.jpg\",\"keywords\":[\"Senegal\"],\"articleSection\":[\"\u00c9conomie\",\"Politique\",\"Top Nouvelles\",\"Toutes les actualit\u00e9s\"],\"inLanguage\":\"fr-FR\",\"potentialAction\":[{\"@type\":\"CommentAction\",\"name\":\"Comment\",\"target\":[\"https:\/\/www.africa-press.net\/senegal\/politique\/baisse-des-prix-des-hydrocarbures-felicitations-au-chef#respond\"]}]},{\"@type\":\"WebPage\",\"@id\":\"https:\/\/www.africa-press.net\/senegal\/politique\/baisse-des-prix-des-hydrocarbures-felicitations-au-chef\",\"url\":\"https:\/\/www.africa-press.net\/senegal\/politique\/baisse-des-prix-des-hydrocarbures-felicitations-au-chef\",\"name\":\"Baisse des Prix des Hydrocarbures F\u00e9licitations au Chef - Senegal\",\"isPartOf\":{\"@id\":\"https:\/\/www.africa-press.net\/senegal\/#website\"},\"primaryImageOfPage\":{\"@id\":\"https:\/\/www.africa-press.net\/senegal\/politique\/baisse-des-prix-des-hydrocarbures-felicitations-au-chef#primaryimage\"},\"image\":{\"@id\":\"https:\/\/www.africa-press.net\/senegal\/politique\/baisse-des-prix-des-hydrocarbures-felicitations-au-chef#primaryimage\"},\"thumbnailUrl\":\"https:\/\/static.africa-press.net\/senegal\/sites\/13\/2025\/12\/sm_1765169764.453656.jpg\",\"datePublished\":\"2025-12-07T14:00:00+00:00\",\"dateModified\":\"2025-12-09T15:15:03+00:00\",\"author\":{\"@id\":\"https:\/\/www.africa-press.net\/senegal\/#\/schema\/person\/2b1cf3cd81a31e3cd26889ca66d677f1\"},\"description\":\"L\u2019Etat du Se\u0301ne\u0301gal vient de baisser les prix des hydrocarbures. Une mesure que salue la Coalition Diomaye Pre\u0301sident. ...\",\"breadcrumb\":{\"@id\":\"https:\/\/www.africa-press.net\/senegal\/politique\/baisse-des-prix-des-hydrocarbures-felicitations-au-chef#breadcrumb\"},\"inLanguage\":\"fr-FR\",\"potentialAction\":[{\"@type\":\"ReadAction\",\"target\":[\"https:\/\/www.africa-press.net\/senegal\/politique\/baisse-des-prix-des-hydrocarbures-felicitations-au-chef\"]}]},{\"@type\":\"ImageObject\",\"inLanguage\":\"fr-FR\",\"@id\":\"https:\/\/www.africa-press.net\/senegal\/politique\/baisse-des-prix-des-hydrocarbures-felicitations-au-chef#primaryimage\",\"url\":\"https:\/\/static.africa-press.net\/senegal\/sites\/13\/2025\/12\/sm_1765169764.453656.jpg\",\"contentUrl\":\"https:\/\/static.africa-press.net\/senegal\/sites\/13\/2025\/12\/sm_1765169764.453656.jpg\",\"width\":1280,\"height\":720,\"caption\":\"Baisse des Prix des Hydrocarbures F\u00e9licitations au Chef\"},{\"@type\":\"BreadcrumbList\",\"@id\":\"https:\/\/www.africa-press.net\/senegal\/politique\/baisse-des-prix-des-hydrocarbures-felicitations-au-chef#breadcrumb\",\"itemListElement\":[{\"@type\":\"ListItem\",\"position\":1,\"name\":\"Accueil\",\"item\":\"https:\/\/www.africa-press.net\/senegal\/\"},{\"@type\":\"ListItem\",\"position\":2,\"name\":\"Baisse des Prix des Hydrocarbures F\u00e9licitations au Chef\"}]},{\"@type\":\"WebSite\",\"@id\":\"https:\/\/www.africa-press.net\/senegal\/#website\",\"url\":\"https:\/\/www.africa-press.net\/senegal\/\",\"name\":\"Africa Press | Senegal | Homepage\",\"description\":\"Just another Africa News Agency Sites site\",\"potentialAction\":[{\"@type\":\"SearchAction\",\"target\":{\"@type\":\"EntryPoint\",\"urlTemplate\":\"https:\/\/www.africa-press.net\/senegal\/?s={search_term_string}\"},\"query-input\":{\"@type\":\"PropertyValueSpecification\",\"valueRequired\":true,\"valueName\":\"search_term_string\"}}],\"inLanguage\":\"fr-FR\"},{\"@type\":\"Person\",\"@id\":\"https:\/\/www.africa-press.net\/senegal\/#\/schema\/person\/2b1cf3cd81a31e3cd26889ca66d677f1\",\"name\":\"cfeditorfr\",\"url\":\"https:\/\/www.africa-press.net\/senegal\/author\/cfeditorfr\"}]}<\/script>\n<!-- \/ Yoast SEO Premium plugin. -->","yoast_head_json":{"title":"Baisse des Prix des Hydrocarbures F\u00e9licitations au Chef - Senegal","description":"L\u2019Etat du Se\u0301ne\u0301gal vient de baisser les prix des hydrocarbures. Une mesure que salue la Coalition Diomaye Pre\u0301sident. ...","robots":{"index":"index","follow":"follow","max-snippet":"max-snippet:-1","max-image-preview":"max-image-preview:large","max-video-preview":"max-video-preview:-1"},"canonical":"https:\/\/www.africa-press.net\/senegal\/politique\/baisse-des-prix-des-hydrocarbures-felicitations-au-chef","og_locale":"fr_FR","og_type":"article","og_title":"Baisse des Prix des Hydrocarbures F\u00e9licitations au Chef","og_description":"L\u2019Etat du Se\u0301ne\u0301gal vient de baisser les prix des hydrocarbures. Une mesure que salue la Coalition Diomaye Pre\u0301sident. ...","og_url":"https:\/\/www.africa-press.net\/senegal\/politique\/baisse-des-prix-des-hydrocarbures-felicitations-au-chef","og_site_name":"Senegal","article_published_time":"2025-12-07T14:00:00+00:00","article_modified_time":"2025-12-09T15:15:03+00:00","og_image":[{"width":1280,"height":720,"url":"https:\/\/static.africa-press.net\/senegal\/sites\/13\/2025\/12\/sm_1765169764.453656.jpg","type":"image\/jpeg"}],"author":"cfeditorfr","twitter_card":"summary_large_image","twitter_misc":{"\u00c9crit par":"cfeditorfr","Dur\u00e9e de lecture estim\u00e9e":"2 minutes"},"schema":{"@context":"https:\/\/schema.org","@graph":[{"@type":"Article","@id":"https:\/\/www.africa-press.net\/senegal\/politique\/baisse-des-prix-des-hydrocarbures-felicitations-au-chef#article","isPartOf":{"@id":"https:\/\/www.africa-press.net\/senegal\/politique\/baisse-des-prix-des-hydrocarbures-felicitations-au-chef"},"author":{"name":"cfeditorfr","@id":"https:\/\/www.africa-press.net\/senegal\/#\/schema\/person\/2b1cf3cd81a31e3cd26889ca66d677f1"},"headline":"Baisse des Prix des Hydrocarbures F\u00e9licitations au Chef","datePublished":"2025-12-07T14:00:00+00:00","dateModified":"2025-12-09T15:15:03+00:00","mainEntityOfPage":{"@id":"https:\/\/www.africa-press.net\/senegal\/politique\/baisse-des-prix-des-hydrocarbures-felicitations-au-chef"},"wordCount":260,"commentCount":0,"image":{"@id":"https:\/\/www.africa-press.net\/senegal\/politique\/baisse-des-prix-des-hydrocarbures-felicitations-au-chef#primaryimage"},"thumbnailUrl":"https:\/\/static.africa-press.net\/senegal\/sites\/13\/2025\/12\/sm_1765169764.453656.jpg","keywords":["Senegal"],"articleSection":["\u00c9conomie","Politique","Top Nouvelles","Toutes les actualit\u00e9s"],"inLanguage":"fr-FR","potentialAction":[{"@type":"CommentAction","name":"Comment","target":["https:\/\/www.africa-press.net\/senegal\/politique\/baisse-des-prix-des-hydrocarbures-felicitations-au-chef#respond"]}]},{"@type":"WebPage","@id":"https:\/\/www.africa-press.net\/senegal\/politique\/baisse-des-prix-des-hydrocarbures-felicitations-au-chef","url":"https:\/\/www.africa-press.net\/senegal\/politique\/baisse-des-prix-des-hydrocarbures-felicitations-au-chef","name":"Baisse des Prix des Hydrocarbures F\u00e9licitations au Chef - Senegal","isPartOf":{"@id":"https:\/\/www.africa-press.net\/senegal\/#website"},"primaryImageOfPage":{"@id":"https:\/\/www.africa-press.net\/senegal\/politique\/baisse-des-prix-des-hydrocarbures-felicitations-au-chef#primaryimage"},"image":{"@id":"https:\/\/www.africa-press.net\/senegal\/politique\/baisse-des-prix-des-hydrocarbures-felicitations-au-chef#primaryimage"},"thumbnailUrl":"https:\/\/static.africa-press.net\/senegal\/sites\/13\/2025\/12\/sm_1765169764.453656.jpg","datePublished":"2025-12-07T14:00:00+00:00","dateModified":"2025-12-09T15:15:03+00:00","author":{"@id":"https:\/\/www.africa-press.net\/senegal\/#\/schema\/person\/2b1cf3cd81a31e3cd26889ca66d677f1"},"description":"L\u2019Etat du Se\u0301ne\u0301gal vient de baisser les prix des hydrocarbures. Une mesure que salue la Coalition Diomaye Pre\u0301sident. ...","breadcrumb":{"@id":"https:\/\/www.africa-press.net\/senegal\/politique\/baisse-des-prix-des-hydrocarbures-felicitations-au-chef#breadcrumb"},"inLanguage":"fr-FR","potentialAction":[{"@type":"ReadAction","target":["https:\/\/www.africa-press.net\/senegal\/politique\/baisse-des-prix-des-hydrocarbures-felicitations-au-chef"]}]},{"@type":"ImageObject","inLanguage":"fr-FR","@id":"https:\/\/www.africa-press.net\/senegal\/politique\/baisse-des-prix-des-hydrocarbures-felicitations-au-chef#primaryimage","url":"https:\/\/static.africa-press.net\/senegal\/sites\/13\/2025\/12\/sm_1765169764.453656.jpg","contentUrl":"https:\/\/static.africa-press.net\/senegal\/sites\/13\/2025\/12\/sm_1765169764.453656.jpg","width":1280,"height":720,"caption":"Baisse des Prix des Hydrocarbures F\u00e9licitations au Chef"},{"@type":"BreadcrumbList","@id":"https:\/\/www.africa-press.net\/senegal\/politique\/baisse-des-prix-des-hydrocarbures-felicitations-au-chef#breadcrumb","itemListElement":[{"@type":"ListItem","position":1,"name":"Accueil","item":"https:\/\/www.africa-press.net\/senegal\/"},{"@type":"ListItem","position":2,"name":"Baisse des Prix des Hydrocarbures F\u00e9licitations au Chef"}]},{"@type":"WebSite","@id":"https:\/\/www.africa-press.net\/senegal\/#website","url":"https:\/\/www.africa-press.net\/senegal\/","name":"Africa Press | Senegal | Homepage","description":"Just another Africa News Agency Sites site","potentialAction":[{"@type":"SearchAction","target":{"@type":"EntryPoint","urlTemplate":"https:\/\/www.africa-press.net\/senegal\/?s={search_term_string}"},"query-input":{"@type":"PropertyValueSpecification","valueRequired":true,"valueName":"search_term_string"}}],"inLanguage":"fr-FR"},{"@type":"Person","@id":"https:\/\/www.africa-press.net\/senegal\/#\/schema\/person\/2b1cf3cd81a31e3cd26889ca66d677f1","name":"cfeditorfr","url":"https:\/\/www.africa-press.net\/senegal\/author\/cfeditorfr"}]}},"_links":{"self":[{"href":"https:\/\/www.africa-press.net\/senegal\/wp-json\/wp\/v2\/posts\/73282","targetHints":{"allow":["GET"]}}],"collection":[{"href":"https:\/\/www.africa-press.net\/senegal\/wp-json\/wp\/v2\/posts"}],"about":[{"href":"https:\/\/www.africa-press.net\/senegal\/wp-json\/wp\/v2\/types\/post"}],"author":[{"embeddable":true,"href":"https:\/\/www.africa-press.net\/senegal\/wp-json\/wp\/v2\/users\/82"}],"replies":[{"embeddable":true,"href":"https:\/\/www.africa-press.net\/senegal\/wp-json\/wp\/v2\/comments?post=73282"}],"version-history":[{"count":0,"href":"https:\/\/www.africa-press.net\/senegal\/wp-json\/wp\/v2\/posts\/73282\/revisions"}],"wp:featuredmedia":[{"embeddable":true,"href":"https:\/\/www.africa-press.net\/senegal\/wp-json\/wp\/v2\/media\/73281"}],"wp:attachment":[{"href":"https:\/\/www.africa-press.net\/senegal\/wp-json\/wp\/v2\/media?parent=73282"}],"wp:term":[{"taxonomy":"category","embeddable":true,"href":"https:\/\/www.africa-press.net\/senegal\/wp-json\/wp\/v2\/categories?post=73282"},{"taxonomy":"post_tag","embeddable":true,"href":"https:\/\/www.africa-press.net\/senegal\/wp-json\/wp\/v2\/tags?post=73282"}],"curies":[{"name":"wp","href":"https:\/\/api.w.org\/{rel}","templated":true}]}}