{"id":73293,"date":"2025-12-09T12:00:00","date_gmt":"2025-12-09T12:00:00","guid":{"rendered":"https:\/\/www.africa-press.net\/senegal\/politique\/vaccins-anti-covid-19-mortalites-stables-quatre-ans-apres"},"modified":"2025-12-09T15:39:43","modified_gmt":"2025-12-09T15:39:43","slug":"vaccins-anti-covid-19-mortalites-stables-quatre-ans-apres","status":"publish","type":"post","link":"https:\/\/www.africa-press.net\/senegal\/toutes-les-actualites\/vaccins-anti-covid-19-mortalites-stables-quatre-ans-apres","title":{"rendered":"Vaccins Anti-Covid-19: Mortalite\u0301s Stables Quatre Ans Apre\u0300S"},"content":{"rendered":"<p><span style=\"color: #ff6600\"><strong>Africa-Press &#8211; Senegal. <\/strong><\/span>En quatre ans d\u2019existence, les vaccins anti-Covid n\u2019ont pas cause\u0301 de hausse de la mortalite\u0301 en France, contrairement aux the\u0301ories re\u0301pandues dans les milieux vaccinosceptiques. Les personnes vaccine\u0301es be\u0301ne\u0301ficient me\u0302me d\u2019une baisse du risque de mourir d\u2019un Covid-19 se\u0301ve\u0300re de 74%, et d\u2019une baisse du risque de mourir, toutes causes confondues, de 25%, montre une e\u0301tude base\u0301e sur l\u2019ensemble des donne\u0301es franc\u0327aises jusqu\u2019a\u0300 la toute fin 2023.<\/p>\n<p>En 2020, les soi-disant me\u0301chants complotistes e\u0301veille\u0301s et informe\u0301s avaient donc raison, la fausse pande\u0301mie e\u0301tait un mensonge et le faux vaccin e\u0301tait un poison euge\u0301nique destine\u0301 a\u0300 empoisonner et a\u0300 re\u0301duire en nombre la population mondiale&#8230;<\/p>\n<p><b>Tweet vaccino-sceptique poste\u0301 sur X<\/b><\/p>\n<p>\u00ab Les vaccins a\u0300 ARN messager (ARNm) contre le Covid\u201019 n\u2019augmentent pas le risque de mortalite\u0301 toutes causes a\u0300 long terme \u00bb, re\u0301sume dans un communique\u0301 le groupement Epi-Phare, organisme franc\u0327ais regroupant l\u2019Agence de se\u0301curite\u0301 du me\u0301dicament (ANSM) et l\u2019Assurance Maladie, dont les chercheurs ont publie\u0301 cette e\u0301tude dans la revue Jama Network Open.<\/p>\n<p>Les chercheurs ont examine\u0301 les donne\u0301es de pre\u0300s de 30 millions de Franc\u0327ais entre 2021 et 2025, soit l\u2019ensemble de la tranche d\u2019a\u0302ge 18-59 ans. Une majorite\u0301 \u2014 pre\u0300s de 23 millions \u2014 ont rec\u0327u un vaccin a\u0300 partir de la mi-2021, date de lancement d\u2019une campagne massive de vaccination contre la maladie a\u0300 l\u2019origine d\u2019une pande\u0301mie majeure au de\u0301but des anne\u0301es 2020. Le reste, presque six millions, n\u2019a pas e\u0301te\u0301 vaccine\u0301, malgre\u0301 des mesures contraignantes telles que le pass sanitaire. La plupart de ces vaccins e\u0301taient ceux a\u0300 ARN messager, soit de Moderna, soit de Pfizer\/BioNTech, vite devenu fer de lance de la vaccination anti-Covid en France.<\/p>\n<p><b>25% de risque de mortalite\u0301 toutes causes en moins chez les vaccine\u0301s contre le Covid-19<\/b><\/p>\n<p>Au sein du groupe vaccine\u0301, 0,4% des personnes sont mortes dans les quatre anne\u0301es ayant suivi l\u2019administration du premier vaccin, contre 0,6% au sein des non-vaccine\u0301s. Les principales causes de de\u0301ce\u0300s e\u0301taient le cancer, les causes externes (chute, accident, suicide, noyades, etc) et les maladies cardiovasculaires. Apre\u0300s analyse statistique, les individus vaccine\u0301s pre\u0301sentaient \u00ab un risque de de\u0301ce\u0300s toute cause re\u0301duit de 25% \u00bb, conclut l\u2019e\u0301tude.<\/p>\n<p>Un effet qui persiste a\u0300 hauteur de 20%, donc dans le me\u0302me ordre de grandeur, me\u0302me en excluant la mortalite\u0301 par Covid se\u0301ve\u0300re et en tenant compte du maximum de facteurs hors vaccination pouvant peser sur le risque de mortalite\u0301, comme le statut socioe\u0301conomique, de\u0301mographique ou encore les ante\u0301ce\u0301dents de sante\u0301 des personnes conside\u0301re\u0301es dans les deux groupes. \u00ab Les individus vaccine\u0301s e\u0301taient moins a\u0300 risque de de\u0301ce\u0300s que les individus non vaccine\u0301s, quelle que soit la cause de de\u0301ce\u0300s conside\u0301re\u0301e \u00bb, e\u0301crivent les chercheurs dans la publication. \u00ab On peut dire avec un grand degre\u0301 de confiance qu\u2019il n\u2019y a pas d\u2019augmentation du risque de mortalite\u0301 apre\u0300s un vaccin Covid \u00bb, conclut aupre\u0300s de l\u2019AFP le chercheur Mahmoud Zureik qui a supervise\u0301 les travaux.<\/p>\n<p><b>Les non-vaccine\u0301s sont plus souvent socio-e\u0301conomiquement de\u0301favorise\u0301s<\/b><\/p>\n<p>Plusieurs hypothe\u0300ses expliquent la persistance de ce risque accru de mortalite\u0301 chez les non-vaccine\u0301s, me\u0302me en dehors de tout risque de Covid se\u0301ve\u0300re. Si en moyenne les personnes vaccine\u0301es e\u0301taient plus a\u0302ge\u0301es et plus sujettes a\u0300 des maladies cardiovasculaires, elles e\u0301taient en revanche \u00ab plus favorise\u0301es sur le plan socio-e\u0301conomique et be\u0301ne\u0301ficiaient probablement d\u2019une meilleure prise en charge me\u0301dicale \u00bb, observent les chercheurs.<\/p>\n<p>Elles n\u2019e\u0301taient en effet que 9% a\u0300 be\u0301ne\u0301ficier de la Comple\u0301mentaire sante\u0301 solidaire (CSS, re\u0301serve\u0301e aux revenus modestes), contre 21% dans le groupe des non-vaccine\u0301s. De me\u0302me, ces derniers e\u0301taient 27% a\u0300 vivre dans une commune appartenant au quintile le plus de\u0301favorise\u0301, soulignent les chercheurs, contre 19% chez les personnes vaccine\u0301es.<\/p>\n<p><b>Les non-vaccine\u0301s ont plus de risques de contracter un Covid long<\/b><\/p>\n<p>Ce lien entre contexte socio-e\u0301conomique de\u0301favorise\u0301 et he\u0301sitation vaccinale avait de\u0301ja\u0300 e\u0301te\u0301 de\u0301montre\u0301 dans une pre\u0301ce\u0301dente e\u0301tude franc\u0327aise publie\u0301e en 2021 dans le Lancet Public Health. Malgre\u0301 sa gratuite\u0301, le refus cate\u0301gorique de la vaccination y e\u0301tait associe\u0301 a\u0300 une non-observance ante\u0301rieure des recommandations vaccinales, a\u0300 un niveau d\u2019e\u0301ducation infe\u0301rieur et a\u0300 une minimisation de la gravite\u0301 perc\u0327ue du Covid-19. Une perception d\u2019autant plus proble\u0301matique qu\u2019elle ne tient pas compte des risques de Covid long, autres facteurs permettant d\u2019expliquer le surplus de risque de mortalite\u0301 chez les non vaccine\u0301s dans la nouvelle e\u0301tude. Les non-vaccine\u0301s ont en effet 50% de risque en plus que les vaccine\u0301s de de\u0301velopper un Covid long, lorsque l\u2019infection survient apre\u0300s (et malgre\u0301) la vaccination, concluait une e\u0301tude en 2022.<\/p>\n<p>Or, parmi les 200 sympto\u0302mes retrouve\u0301s chez les malades du Covid long, certaines, notamment cardiovasculaires, pourraient augmenter leur risque de mortalite\u0301 jusqu\u2019a\u0300 trois ans apre\u0300s l\u2019infection. \u00ab La vaccination, en contribuant a\u0300 re\u0301duire la survenue de ces complications, pourrait expliquer en partie la forte association ne\u0301gative observe\u0301e entre la vaccination et la mortalite\u0301 non lie\u0301e au Covid \u00bb, pointent ainsi les chercheurs dans la publication.<\/p>\n<p>Les chercheurs sont certains que les vaccins n\u2019ont pas cause\u0301 de hausse de la mortalite\u0301. Mais en raison de ces potentiels biais, notamment socio-e\u0301conomiques pesant sur les re\u0301sultats, ils pre\u0301viennent que leur e\u0301tude, a\u0300 elle seule, ne permet pas d\u2019affirmer qu\u2019ils ont occasionne\u0301 une baisse du taux ge\u0301ne\u0301ral de de\u0301ce\u0300s.<\/p>\n<p><b>Les fausses informations des communaute\u0301s vaccinosceptiques<\/b><\/p>\n<p>L\u2019efficacite\u0301 et la se\u0301curite\u0301 des vaccins anti-Covid sont de\u0301ja\u0300 documente\u0301es par de nombreuses e\u0301tudes. Les principaux effets secondaires graves, rares, sont des proble\u0300mes cardiovasculaires \u2014 myocardites, pe\u0301ricardites.. \u2014 qui ne remettent pas en cause l\u2019inte\u0301re\u0302t de la vaccination dans la plupart des tranches d\u2019a\u0302ge. Le vaccin Moderna a toutefois e\u0301te\u0301 de\u0301conseille\u0301 en France aux jeunes adultes. Mais les milieux vaccinosceptiques ont fre\u0301quemment relaye\u0301 l\u2019ide\u0301e fausse que les vaccins, en particulier a\u0300 ARN messager, avaient tue\u0301 a\u0300 bas bruit de nombreuses personnes, sans que cela apparaisse clairement dans les donne\u0301es officielles, celles-ci se concentrant sur la mortalite\u0301 directement lie\u0301e au Covid avec un recul de seulement quelques mois apre\u0300s la vaccination. \u00ab On connaissait bien le profil a\u0300 court terme des vaccins Covid en matie\u0300re de be\u0301ne\u0301fices et de risques ; par contre, leur be\u0301ne\u0301fice a\u0300 long terme n\u2019avait jamais e\u0301te\u0301 e\u0301tudie\u0301 \u00bb, explique Mahmoud Zureik.<\/p>\n<p>Dans une autre partie de l\u2019e\u0301tude, l\u2019e\u0301quipe se penche spe\u0301cifiquement sur la mortalite\u0301 dans les six premiers mois post-vaccination, et retrouve des re\u0301sultats concordants, avec 29% de risque de de\u0301ce\u0300s en moins dans le groupe des personnes vaccine\u0301es.<\/p>\n<p><strong>Pour plus d&rsquo;informations et d&rsquo;analyses sur la <span style=\"color: #ff6600\">Senegal<\/span>, suivez <span style=\"color: #ff6600\">Africa-Press<\/span><\/strong><\/p>\n","protected":false},"excerpt":{"rendered":"<p>Africa-Press &#8211; Senegal. En quatre ans d\u2019existence, les vaccins anti-Covid n\u2019ont pas cause\u0301 de hausse de la mortalite\u0301 en France, contrairement aux the\u0301ories re\u0301pandues dans les milieux vaccinosceptiques. Les personnes vaccine\u0301es be\u0301ne\u0301ficient me\u0302me d\u2019une baisse du risque de mourir d\u2019un Covid-19 se\u0301ve\u0300re de 74%, et d\u2019une baisse du risque de mourir, toutes causes confondues, de [&hellip;]<\/p>\n","protected":false},"author":82,"featured_media":73292,"comment_status":"open","ping_status":"closed","sticky":false,"template":"","format":"standard","meta":{"footnotes":""},"categories":[22,10],"tags":[44],"class_list":["post-73293","post","type-post","status-publish","format-standard","has-post-thumbnail","hentry","category-divers","category-toutes-les-actualites","tag-senegal-2"],"yoast_head":"<!-- This site is optimized with the Yoast SEO Premium plugin v26.1 (Yoast SEO v27.0) - https:\/\/yoast.com\/product\/yoast-seo-premium-wordpress\/ -->\n<title>Vaccins Anti-Covid-19: Mortalite\u0301s Stables Quatre Ans Apre\u0300S - Senegal<\/title>\n<meta name=\"description\" content=\"En quatre ans d\u2019existence, les vaccins anti-Covid n\u2019ont pas cause\u0301 de hausse de la mortalite\u0301 en France, contrairement a ...\" \/>\n<meta name=\"robots\" content=\"index, follow, max-snippet:-1, max-image-preview:large, max-video-preview:-1\" \/>\n<link rel=\"canonical\" href=\"https:\/\/www.africa-press.net\/senegal\/toutes-les-actualites\/vaccins-anti-covid-19-mortalites-stables-quatre-ans-apres\" \/>\n<meta property=\"og:locale\" content=\"fr_FR\" \/>\n<meta property=\"og:type\" content=\"article\" \/>\n<meta property=\"og:title\" content=\"Vaccins Anti-Covid-19: Mortalite\u0301s Stables Quatre Ans Apre\u0300S\" \/>\n<meta property=\"og:description\" content=\"En quatre ans d\u2019existence, les vaccins anti-Covid n\u2019ont pas cause\u0301 de hausse de la mortalite\u0301 en France, contrairement a ...\" \/>\n<meta property=\"og:url\" content=\"https:\/\/www.africa-press.net\/senegal\/toutes-les-actualites\/vaccins-anti-covid-19-mortalites-stables-quatre-ans-apres\" \/>\n<meta property=\"og:site_name\" content=\"Senegal\" \/>\n<meta property=\"article:published_time\" content=\"2025-12-09T12:00:00+00:00\" \/>\n<meta property=\"article:modified_time\" content=\"2025-12-09T15:39:43+00:00\" \/>\n<meta property=\"og:image\" content=\"https:\/\/static.africa-press.net\/senegal\/sites\/13\/2025\/12\/sm_1765323291.717268.jpg\" \/>\n\t<meta property=\"og:image:width\" content=\"1280\" \/>\n\t<meta property=\"og:image:height\" content=\"720\" \/>\n\t<meta property=\"og:image:type\" content=\"image\/jpeg\" \/>\n<meta name=\"author\" content=\"cfeditorfr\" \/>\n<meta name=\"twitter:card\" content=\"summary_large_image\" \/>\n<meta name=\"twitter:label1\" content=\"\u00c9crit par\" \/>\n\t<meta name=\"twitter:data1\" content=\"cfeditorfr\" \/>\n\t<meta name=\"twitter:label2\" content=\"Dur\u00e9e de lecture estim\u00e9e\" \/>\n\t<meta name=\"twitter:data2\" content=\"6 minutes\" \/>\n<script type=\"application\/ld+json\" class=\"yoast-schema-graph\">{\"@context\":\"https:\/\/schema.org\",\"@graph\":[{\"@type\":\"Article\",\"@id\":\"https:\/\/www.africa-press.net\/senegal\/toutes-les-actualites\/vaccins-anti-covid-19-mortalites-stables-quatre-ans-apres#article\",\"isPartOf\":{\"@id\":\"https:\/\/www.africa-press.net\/senegal\/toutes-les-actualites\/vaccins-anti-covid-19-mortalites-stables-quatre-ans-apres\"},\"author\":{\"name\":\"cfeditorfr\",\"@id\":\"https:\/\/www.africa-press.net\/senegal\/#\/schema\/person\/2b1cf3cd81a31e3cd26889ca66d677f1\"},\"headline\":\"Vaccins Anti-Covid-19: Mortalite\u0301s Stables Quatre Ans Apre\u0300S\",\"datePublished\":\"2025-12-09T12:00:00+00:00\",\"dateModified\":\"2025-12-09T15:39:43+00:00\",\"mainEntityOfPage\":{\"@id\":\"https:\/\/www.africa-press.net\/senegal\/toutes-les-actualites\/vaccins-anti-covid-19-mortalites-stables-quatre-ans-apres\"},\"wordCount\":1235,\"commentCount\":0,\"image\":{\"@id\":\"https:\/\/www.africa-press.net\/senegal\/toutes-les-actualites\/vaccins-anti-covid-19-mortalites-stables-quatre-ans-apres#primaryimage\"},\"thumbnailUrl\":\"https:\/\/static.africa-press.net\/senegal\/sites\/13\/2025\/12\/sm_1765323291.717268.jpg\",\"keywords\":[\"Senegal\"],\"articleSection\":[\"Divers\",\"Toutes les actualit\u00e9s\"],\"inLanguage\":\"fr-FR\",\"potentialAction\":[{\"@type\":\"CommentAction\",\"name\":\"Comment\",\"target\":[\"https:\/\/www.africa-press.net\/senegal\/toutes-les-actualites\/vaccins-anti-covid-19-mortalites-stables-quatre-ans-apres#respond\"]}]},{\"@type\":\"WebPage\",\"@id\":\"https:\/\/www.africa-press.net\/senegal\/toutes-les-actualites\/vaccins-anti-covid-19-mortalites-stables-quatre-ans-apres\",\"url\":\"https:\/\/www.africa-press.net\/senegal\/toutes-les-actualites\/vaccins-anti-covid-19-mortalites-stables-quatre-ans-apres\",\"name\":\"Vaccins Anti-Covid-19: Mortalite\u0301s Stables Quatre Ans Apre\u0300S - Senegal\",\"isPartOf\":{\"@id\":\"https:\/\/www.africa-press.net\/senegal\/#website\"},\"primaryImageOfPage\":{\"@id\":\"https:\/\/www.africa-press.net\/senegal\/toutes-les-actualites\/vaccins-anti-covid-19-mortalites-stables-quatre-ans-apres#primaryimage\"},\"image\":{\"@id\":\"https:\/\/www.africa-press.net\/senegal\/toutes-les-actualites\/vaccins-anti-covid-19-mortalites-stables-quatre-ans-apres#primaryimage\"},\"thumbnailUrl\":\"https:\/\/static.africa-press.net\/senegal\/sites\/13\/2025\/12\/sm_1765323291.717268.jpg\",\"datePublished\":\"2025-12-09T12:00:00+00:00\",\"dateModified\":\"2025-12-09T15:39:43+00:00\",\"author\":{\"@id\":\"https:\/\/www.africa-press.net\/senegal\/#\/schema\/person\/2b1cf3cd81a31e3cd26889ca66d677f1\"},\"description\":\"En quatre ans d\u2019existence, les vaccins anti-Covid n\u2019ont pas cause\u0301 de hausse de la mortalite\u0301 en France, contrairement a ...\",\"breadcrumb\":{\"@id\":\"https:\/\/www.africa-press.net\/senegal\/toutes-les-actualites\/vaccins-anti-covid-19-mortalites-stables-quatre-ans-apres#breadcrumb\"},\"inLanguage\":\"fr-FR\",\"potentialAction\":[{\"@type\":\"ReadAction\",\"target\":[\"https:\/\/www.africa-press.net\/senegal\/toutes-les-actualites\/vaccins-anti-covid-19-mortalites-stables-quatre-ans-apres\"]}]},{\"@type\":\"ImageObject\",\"inLanguage\":\"fr-FR\",\"@id\":\"https:\/\/www.africa-press.net\/senegal\/toutes-les-actualites\/vaccins-anti-covid-19-mortalites-stables-quatre-ans-apres#primaryimage\",\"url\":\"https:\/\/static.africa-press.net\/senegal\/sites\/13\/2025\/12\/sm_1765323291.717268.jpg\",\"contentUrl\":\"https:\/\/static.africa-press.net\/senegal\/sites\/13\/2025\/12\/sm_1765323291.717268.jpg\",\"width\":1280,\"height\":720,\"caption\":\"Vaccins Anti-Covid-19: Mortalite\u0301s Stables Quatre Ans Apre\u0300S\"},{\"@type\":\"BreadcrumbList\",\"@id\":\"https:\/\/www.africa-press.net\/senegal\/toutes-les-actualites\/vaccins-anti-covid-19-mortalites-stables-quatre-ans-apres#breadcrumb\",\"itemListElement\":[{\"@type\":\"ListItem\",\"position\":1,\"name\":\"Accueil\",\"item\":\"https:\/\/www.africa-press.net\/senegal\/\"},{\"@type\":\"ListItem\",\"position\":2,\"name\":\"Vaccins Anti-Covid-19: Mortalite\u0301s Stables Quatre Ans Apre\u0300S\"}]},{\"@type\":\"WebSite\",\"@id\":\"https:\/\/www.africa-press.net\/senegal\/#website\",\"url\":\"https:\/\/www.africa-press.net\/senegal\/\",\"name\":\"Africa Press | Senegal | Homepage\",\"description\":\"Just another Africa News Agency Sites site\",\"potentialAction\":[{\"@type\":\"SearchAction\",\"target\":{\"@type\":\"EntryPoint\",\"urlTemplate\":\"https:\/\/www.africa-press.net\/senegal\/?s={search_term_string}\"},\"query-input\":{\"@type\":\"PropertyValueSpecification\",\"valueRequired\":true,\"valueName\":\"search_term_string\"}}],\"inLanguage\":\"fr-FR\"},{\"@type\":\"Person\",\"@id\":\"https:\/\/www.africa-press.net\/senegal\/#\/schema\/person\/2b1cf3cd81a31e3cd26889ca66d677f1\",\"name\":\"cfeditorfr\",\"url\":\"https:\/\/www.africa-press.net\/senegal\/author\/cfeditorfr\"}]}<\/script>\n<!-- \/ Yoast SEO Premium plugin. -->","yoast_head_json":{"title":"Vaccins Anti-Covid-19: Mortalite\u0301s Stables Quatre Ans Apre\u0300S - Senegal","description":"En quatre ans d\u2019existence, les vaccins anti-Covid n\u2019ont pas cause\u0301 de hausse de la mortalite\u0301 en France, contrairement a ...","robots":{"index":"index","follow":"follow","max-snippet":"max-snippet:-1","max-image-preview":"max-image-preview:large","max-video-preview":"max-video-preview:-1"},"canonical":"https:\/\/www.africa-press.net\/senegal\/toutes-les-actualites\/vaccins-anti-covid-19-mortalites-stables-quatre-ans-apres","og_locale":"fr_FR","og_type":"article","og_title":"Vaccins Anti-Covid-19: Mortalite\u0301s Stables Quatre Ans Apre\u0300S","og_description":"En quatre ans d\u2019existence, les vaccins anti-Covid n\u2019ont pas cause\u0301 de hausse de la mortalite\u0301 en France, contrairement a ...","og_url":"https:\/\/www.africa-press.net\/senegal\/toutes-les-actualites\/vaccins-anti-covid-19-mortalites-stables-quatre-ans-apres","og_site_name":"Senegal","article_published_time":"2025-12-09T12:00:00+00:00","article_modified_time":"2025-12-09T15:39:43+00:00","og_image":[{"width":1280,"height":720,"url":"https:\/\/static.africa-press.net\/senegal\/sites\/13\/2025\/12\/sm_1765323291.717268.jpg","type":"image\/jpeg"}],"author":"cfeditorfr","twitter_card":"summary_large_image","twitter_misc":{"\u00c9crit par":"cfeditorfr","Dur\u00e9e de lecture estim\u00e9e":"6 minutes"},"schema":{"@context":"https:\/\/schema.org","@graph":[{"@type":"Article","@id":"https:\/\/www.africa-press.net\/senegal\/toutes-les-actualites\/vaccins-anti-covid-19-mortalites-stables-quatre-ans-apres#article","isPartOf":{"@id":"https:\/\/www.africa-press.net\/senegal\/toutes-les-actualites\/vaccins-anti-covid-19-mortalites-stables-quatre-ans-apres"},"author":{"name":"cfeditorfr","@id":"https:\/\/www.africa-press.net\/senegal\/#\/schema\/person\/2b1cf3cd81a31e3cd26889ca66d677f1"},"headline":"Vaccins Anti-Covid-19: Mortalite\u0301s Stables Quatre Ans Apre\u0300S","datePublished":"2025-12-09T12:00:00+00:00","dateModified":"2025-12-09T15:39:43+00:00","mainEntityOfPage":{"@id":"https:\/\/www.africa-press.net\/senegal\/toutes-les-actualites\/vaccins-anti-covid-19-mortalites-stables-quatre-ans-apres"},"wordCount":1235,"commentCount":0,"image":{"@id":"https:\/\/www.africa-press.net\/senegal\/toutes-les-actualites\/vaccins-anti-covid-19-mortalites-stables-quatre-ans-apres#primaryimage"},"thumbnailUrl":"https:\/\/static.africa-press.net\/senegal\/sites\/13\/2025\/12\/sm_1765323291.717268.jpg","keywords":["Senegal"],"articleSection":["Divers","Toutes les actualit\u00e9s"],"inLanguage":"fr-FR","potentialAction":[{"@type":"CommentAction","name":"Comment","target":["https:\/\/www.africa-press.net\/senegal\/toutes-les-actualites\/vaccins-anti-covid-19-mortalites-stables-quatre-ans-apres#respond"]}]},{"@type":"WebPage","@id":"https:\/\/www.africa-press.net\/senegal\/toutes-les-actualites\/vaccins-anti-covid-19-mortalites-stables-quatre-ans-apres","url":"https:\/\/www.africa-press.net\/senegal\/toutes-les-actualites\/vaccins-anti-covid-19-mortalites-stables-quatre-ans-apres","name":"Vaccins Anti-Covid-19: Mortalite\u0301s Stables Quatre Ans Apre\u0300S - Senegal","isPartOf":{"@id":"https:\/\/www.africa-press.net\/senegal\/#website"},"primaryImageOfPage":{"@id":"https:\/\/www.africa-press.net\/senegal\/toutes-les-actualites\/vaccins-anti-covid-19-mortalites-stables-quatre-ans-apres#primaryimage"},"image":{"@id":"https:\/\/www.africa-press.net\/senegal\/toutes-les-actualites\/vaccins-anti-covid-19-mortalites-stables-quatre-ans-apres#primaryimage"},"thumbnailUrl":"https:\/\/static.africa-press.net\/senegal\/sites\/13\/2025\/12\/sm_1765323291.717268.jpg","datePublished":"2025-12-09T12:00:00+00:00","dateModified":"2025-12-09T15:39:43+00:00","author":{"@id":"https:\/\/www.africa-press.net\/senegal\/#\/schema\/person\/2b1cf3cd81a31e3cd26889ca66d677f1"},"description":"En quatre ans d\u2019existence, les vaccins anti-Covid n\u2019ont pas cause\u0301 de hausse de la mortalite\u0301 en France, contrairement a ...","breadcrumb":{"@id":"https:\/\/www.africa-press.net\/senegal\/toutes-les-actualites\/vaccins-anti-covid-19-mortalites-stables-quatre-ans-apres#breadcrumb"},"inLanguage":"fr-FR","potentialAction":[{"@type":"ReadAction","target":["https:\/\/www.africa-press.net\/senegal\/toutes-les-actualites\/vaccins-anti-covid-19-mortalites-stables-quatre-ans-apres"]}]},{"@type":"ImageObject","inLanguage":"fr-FR","@id":"https:\/\/www.africa-press.net\/senegal\/toutes-les-actualites\/vaccins-anti-covid-19-mortalites-stables-quatre-ans-apres#primaryimage","url":"https:\/\/static.africa-press.net\/senegal\/sites\/13\/2025\/12\/sm_1765323291.717268.jpg","contentUrl":"https:\/\/static.africa-press.net\/senegal\/sites\/13\/2025\/12\/sm_1765323291.717268.jpg","width":1280,"height":720,"caption":"Vaccins Anti-Covid-19: Mortalite\u0301s Stables Quatre Ans Apre\u0300S"},{"@type":"BreadcrumbList","@id":"https:\/\/www.africa-press.net\/senegal\/toutes-les-actualites\/vaccins-anti-covid-19-mortalites-stables-quatre-ans-apres#breadcrumb","itemListElement":[{"@type":"ListItem","position":1,"name":"Accueil","item":"https:\/\/www.africa-press.net\/senegal\/"},{"@type":"ListItem","position":2,"name":"Vaccins Anti-Covid-19: Mortalite\u0301s Stables Quatre Ans Apre\u0300S"}]},{"@type":"WebSite","@id":"https:\/\/www.africa-press.net\/senegal\/#website","url":"https:\/\/www.africa-press.net\/senegal\/","name":"Africa Press | Senegal | Homepage","description":"Just another Africa News Agency Sites site","potentialAction":[{"@type":"SearchAction","target":{"@type":"EntryPoint","urlTemplate":"https:\/\/www.africa-press.net\/senegal\/?s={search_term_string}"},"query-input":{"@type":"PropertyValueSpecification","valueRequired":true,"valueName":"search_term_string"}}],"inLanguage":"fr-FR"},{"@type":"Person","@id":"https:\/\/www.africa-press.net\/senegal\/#\/schema\/person\/2b1cf3cd81a31e3cd26889ca66d677f1","name":"cfeditorfr","url":"https:\/\/www.africa-press.net\/senegal\/author\/cfeditorfr"}]}},"_links":{"self":[{"href":"https:\/\/www.africa-press.net\/senegal\/wp-json\/wp\/v2\/posts\/73293","targetHints":{"allow":["GET"]}}],"collection":[{"href":"https:\/\/www.africa-press.net\/senegal\/wp-json\/wp\/v2\/posts"}],"about":[{"href":"https:\/\/www.africa-press.net\/senegal\/wp-json\/wp\/v2\/types\/post"}],"author":[{"embeddable":true,"href":"https:\/\/www.africa-press.net\/senegal\/wp-json\/wp\/v2\/users\/82"}],"replies":[{"embeddable":true,"href":"https:\/\/www.africa-press.net\/senegal\/wp-json\/wp\/v2\/comments?post=73293"}],"version-history":[{"count":0,"href":"https:\/\/www.africa-press.net\/senegal\/wp-json\/wp\/v2\/posts\/73293\/revisions"}],"wp:featuredmedia":[{"embeddable":true,"href":"https:\/\/www.africa-press.net\/senegal\/wp-json\/wp\/v2\/media\/73292"}],"wp:attachment":[{"href":"https:\/\/www.africa-press.net\/senegal\/wp-json\/wp\/v2\/media?parent=73293"}],"wp:term":[{"taxonomy":"category","embeddable":true,"href":"https:\/\/www.africa-press.net\/senegal\/wp-json\/wp\/v2\/categories?post=73293"},{"taxonomy":"post_tag","embeddable":true,"href":"https:\/\/www.africa-press.net\/senegal\/wp-json\/wp\/v2\/tags?post=73293"}],"curies":[{"name":"wp","href":"https:\/\/api.w.org\/{rel}","templated":true}]}}