{"id":73320,"date":"2025-12-10T12:00:00","date_gmt":"2025-12-10T12:00:00","guid":{"rendered":"https:\/\/www.africa-press.net\/senegal\/politique\/enquete-trump-sur-morts-associees-aux-vaccins"},"modified":"2025-12-10T23:28:21","modified_gmt":"2025-12-10T23:28:21","slug":"enquete-trump-sur-morts-associees-aux-vaccins","status":"publish","type":"post","link":"https:\/\/www.africa-press.net\/senegal\/toutes-les-actualites\/enquete-trump-sur-morts-associees-aux-vaccins","title":{"rendered":"Enqu\u00eate Trump sur Morts Associ\u00e9es aux Vaccins"},"content":{"rendered":"<p><span style=\"color: #ff6600\"><strong>Africa-Press &#8211; Senegal. <\/strong><\/span>L\u2019Agence ame\u0301ricaine du me\u0301dicament (FDA) me\u0300ne une large enque\u0302te sur de possibles morts lie\u0301es aux vaccins contre le Covid-19, chez des enfants mais aussi des adultes, a confirme\u0301 mardi 9 de\u0301cembre 2025 a\u0300 l\u2019AFP un porte-parole du ministre de la Sante\u0301 vaccinosceptique de Donald Trump. Cet examen survient au moment ou\u0300 de plus en plus de voix s\u2019e\u0301le\u0300vent pour de\u0301noncer la politisation croissante des agences sanitaires par le ministre Robert Kennedy Jr, qui a lance\u0301 une profonde refonte de la politique vaccinale ame\u0301ricaine.<\/p>\n<p><b>Des me\u0301thodes et des donne\u0301es qui restent floues<\/b><\/p>\n<p>\u00ab La FDA me\u0300ne une enque\u0302te approfondie sur plusieurs groupes d\u2019a\u0302ge a\u0300 propos de de\u0301ce\u0300s potentiellement lie\u0301s aux vaccins contre le Covid \u00bb, a indique\u0301 Andrew Nixon, un porte-parole du ministe\u0300re a\u0300 l\u2019AFP, confirmant des informations de Bloomberg et du Washington Post. L\u2019efficacite\u0301 et la se\u0301curite\u0301 des vaccins anti-Covid ont e\u0301te\u0301 documente\u0301es par de nombreuses e\u0301tudes, tout comme l\u2019existence de cas tre\u0300s rares d\u2019effets secondaires graves ne remettant pas en cause l\u2019inte\u0301re\u0302t de la vaccination dans la plupart des tranches d\u2019a\u0302ge, selon diverses autorite\u0301s sanitaires a\u0300 travers le monde.<\/p>\n<p>Interroge\u0301 par l\u2019AFP, le porte-parole n\u2019a pas souhaite\u0301 pre\u0301ciser la date a\u0300 laquelle les conclusions de cette enque\u0302te, dont les me\u0301thodes et les donne\u0301es employe\u0301es restent floues, seraient pre\u0301sente\u0301es. Ce re\u0301examen, qui devait initialement se concentrer sur de possibles morts d\u2019enfants, a suscite\u0301 une pole\u0301mique ces dernie\u0300res semaines apre\u0300s la fuite d\u2019un document interne fin novembre. Attribue\u0301e a\u0300 un haut responsable de la FDA, cette note affirmait que ces vaccins sont lie\u0301s a\u0300 au moins 10 de\u0301ce\u0300s infantiles sans fournir de preuves.<\/p>\n<p><b>Un virus \u00ab ethniquement cible\u0301 \u00bb avait pre\u0301tendu Robert Kennedy Jr<\/b><\/p>\n<p>Une dizaine d\u2019anciens responsables de la FDA ont depuis manifeste\u0301 leur inquie\u0301tude et appele\u0301 a\u0300 la prudence, rappelant qu&rsquo; \u00bbaucune explication sur le processus et les analyses qui ont conduit a\u0300 ce nouveau jugement re\u0301trospectif \u00bb n\u2019ont e\u0301te\u0301 de\u0301voile\u0301es. Et le ministre de la Sante\u0301 Robert Kennedy Jr est par ailleurs connu pour avoir relaye\u0301 des fausses informations et the\u0301ories complotistes sur le sujet.<\/p>\n<p>Lors de la pande\u0301mie, il avait qualifie\u0301 ces vaccins des \u00ab plus mortels jamais fabrique\u0301s \u00bb et sugge\u0301re\u0301, lors d\u2019un e\u0301ve\u0301nement devant la presse, que le virus e\u0301tait \u00ab ethniquement cible\u0301 \u00bb pour nuire aux personnes noires et aux personnes blanches tout en e\u0301pargnant les \u00ab Ashke\u0301nazes et les Chinois \u00bb. Des propos qu\u2019il avait ensuite de\u0301mentis.<\/p>\n<p><strong>Pour plus d&rsquo;informations et d&rsquo;analyses sur la <span style=\"color: #ff6600\">Senegal<\/span>, suivez <span style=\"color: #ff6600\">Africa-Press<\/span><\/strong><\/p>\n","protected":false},"excerpt":{"rendered":"<p>Africa-Press &#8211; Senegal. L\u2019Agence ame\u0301ricaine du me\u0301dicament (FDA) me\u0300ne une large enque\u0302te sur de possibles morts lie\u0301es aux vaccins contre le Covid-19, chez des enfants mais aussi des adultes, a confirme\u0301 mardi 9 de\u0301cembre 2025 a\u0300 l\u2019AFP un porte-parole du ministre de la Sante\u0301 vaccinosceptique de Donald Trump. Cet examen survient au moment ou\u0300 de [&hellip;]<\/p>\n","protected":false},"author":82,"featured_media":73319,"comment_status":"open","ping_status":"closed","sticky":false,"template":"","format":"standard","meta":{"footnotes":""},"categories":[22,10],"tags":[44],"class_list":["post-73320","post","type-post","status-publish","format-standard","has-post-thumbnail","hentry","category-divers","category-toutes-les-actualites","tag-senegal-2"],"yoast_head":"<!-- This site is optimized with the Yoast SEO Premium plugin v26.1 (Yoast SEO v27.0) - https:\/\/yoast.com\/product\/yoast-seo-premium-wordpress\/ -->\n<title>Enqu\u00eate Trump sur Morts Associ\u00e9es aux Vaccins - Senegal<\/title>\n<meta name=\"description\" content=\"L\u2019Agence ame\u0301ricaine du me\u0301dicament (FDA) me\u0300ne une large enque\u0302te sur de possibles morts lie\u0301es aux vaccins contre le C ...\" \/>\n<meta name=\"robots\" content=\"index, follow, max-snippet:-1, max-image-preview:large, max-video-preview:-1\" \/>\n<link rel=\"canonical\" href=\"https:\/\/www.africa-press.net\/senegal\/toutes-les-actualites\/enquete-trump-sur-morts-associees-aux-vaccins\" \/>\n<meta property=\"og:locale\" content=\"fr_FR\" \/>\n<meta property=\"og:type\" content=\"article\" \/>\n<meta property=\"og:title\" content=\"Enqu\u00eate Trump sur Morts Associ\u00e9es aux Vaccins\" \/>\n<meta property=\"og:description\" content=\"L\u2019Agence ame\u0301ricaine du me\u0301dicament (FDA) me\u0300ne une large enque\u0302te sur de possibles morts lie\u0301es aux vaccins contre le C ...\" \/>\n<meta property=\"og:url\" content=\"https:\/\/www.africa-press.net\/senegal\/toutes-les-actualites\/enquete-trump-sur-morts-associees-aux-vaccins\" \/>\n<meta property=\"og:site_name\" content=\"Senegal\" \/>\n<meta property=\"article:published_time\" content=\"2025-12-10T12:00:00+00:00\" \/>\n<meta property=\"article:modified_time\" content=\"2025-12-10T23:28:21+00:00\" \/>\n<meta property=\"og:image\" content=\"https:\/\/static.africa-press.net\/senegal\/sites\/13\/2025\/12\/sm_1765437857.971661.jpg\" \/>\n\t<meta property=\"og:image:width\" content=\"1200\" \/>\n\t<meta property=\"og:image:height\" content=\"900\" \/>\n\t<meta property=\"og:image:type\" content=\"image\/jpeg\" \/>\n<meta name=\"author\" content=\"cfeditorfr\" \/>\n<meta name=\"twitter:card\" content=\"summary_large_image\" \/>\n<meta name=\"twitter:label1\" content=\"\u00c9crit par\" \/>\n\t<meta name=\"twitter:data1\" content=\"cfeditorfr\" \/>\n\t<meta name=\"twitter:label2\" content=\"Dur\u00e9e de lecture estim\u00e9e\" \/>\n\t<meta name=\"twitter:data2\" content=\"2 minutes\" \/>\n<script type=\"application\/ld+json\" class=\"yoast-schema-graph\">{\"@context\":\"https:\/\/schema.org\",\"@graph\":[{\"@type\":\"Article\",\"@id\":\"https:\/\/www.africa-press.net\/senegal\/toutes-les-actualites\/enquete-trump-sur-morts-associees-aux-vaccins#article\",\"isPartOf\":{\"@id\":\"https:\/\/www.africa-press.net\/senegal\/toutes-les-actualites\/enquete-trump-sur-morts-associees-aux-vaccins\"},\"author\":{\"name\":\"cfeditorfr\",\"@id\":\"https:\/\/www.africa-press.net\/senegal\/#\/schema\/person\/2b1cf3cd81a31e3cd26889ca66d677f1\"},\"headline\":\"Enqu\u00eate Trump sur Morts Associ\u00e9es aux Vaccins\",\"datePublished\":\"2025-12-10T12:00:00+00:00\",\"dateModified\":\"2025-12-10T23:28:21+00:00\",\"mainEntityOfPage\":{\"@id\":\"https:\/\/www.africa-press.net\/senegal\/toutes-les-actualites\/enquete-trump-sur-morts-associees-aux-vaccins\"},\"wordCount\":481,\"commentCount\":0,\"image\":{\"@id\":\"https:\/\/www.africa-press.net\/senegal\/toutes-les-actualites\/enquete-trump-sur-morts-associees-aux-vaccins#primaryimage\"},\"thumbnailUrl\":\"https:\/\/static.africa-press.net\/senegal\/sites\/13\/2025\/12\/sm_1765437857.971661.jpg\",\"keywords\":[\"Senegal\"],\"articleSection\":[\"Divers\",\"Toutes les actualit\u00e9s\"],\"inLanguage\":\"fr-FR\",\"potentialAction\":[{\"@type\":\"CommentAction\",\"name\":\"Comment\",\"target\":[\"https:\/\/www.africa-press.net\/senegal\/toutes-les-actualites\/enquete-trump-sur-morts-associees-aux-vaccins#respond\"]}]},{\"@type\":\"WebPage\",\"@id\":\"https:\/\/www.africa-press.net\/senegal\/toutes-les-actualites\/enquete-trump-sur-morts-associees-aux-vaccins\",\"url\":\"https:\/\/www.africa-press.net\/senegal\/toutes-les-actualites\/enquete-trump-sur-morts-associees-aux-vaccins\",\"name\":\"Enqu\u00eate Trump sur Morts Associ\u00e9es aux Vaccins - Senegal\",\"isPartOf\":{\"@id\":\"https:\/\/www.africa-press.net\/senegal\/#website\"},\"primaryImageOfPage\":{\"@id\":\"https:\/\/www.africa-press.net\/senegal\/toutes-les-actualites\/enquete-trump-sur-morts-associees-aux-vaccins#primaryimage\"},\"image\":{\"@id\":\"https:\/\/www.africa-press.net\/senegal\/toutes-les-actualites\/enquete-trump-sur-morts-associees-aux-vaccins#primaryimage\"},\"thumbnailUrl\":\"https:\/\/static.africa-press.net\/senegal\/sites\/13\/2025\/12\/sm_1765437857.971661.jpg\",\"datePublished\":\"2025-12-10T12:00:00+00:00\",\"dateModified\":\"2025-12-10T23:28:21+00:00\",\"author\":{\"@id\":\"https:\/\/www.africa-press.net\/senegal\/#\/schema\/person\/2b1cf3cd81a31e3cd26889ca66d677f1\"},\"description\":\"L\u2019Agence ame\u0301ricaine du me\u0301dicament (FDA) me\u0300ne une large enque\u0302te sur de possibles morts lie\u0301es aux vaccins contre le C ...\",\"breadcrumb\":{\"@id\":\"https:\/\/www.africa-press.net\/senegal\/toutes-les-actualites\/enquete-trump-sur-morts-associees-aux-vaccins#breadcrumb\"},\"inLanguage\":\"fr-FR\",\"potentialAction\":[{\"@type\":\"ReadAction\",\"target\":[\"https:\/\/www.africa-press.net\/senegal\/toutes-les-actualites\/enquete-trump-sur-morts-associees-aux-vaccins\"]}]},{\"@type\":\"ImageObject\",\"inLanguage\":\"fr-FR\",\"@id\":\"https:\/\/www.africa-press.net\/senegal\/toutes-les-actualites\/enquete-trump-sur-morts-associees-aux-vaccins#primaryimage\",\"url\":\"https:\/\/static.africa-press.net\/senegal\/sites\/13\/2025\/12\/sm_1765437857.971661.jpg\",\"contentUrl\":\"https:\/\/static.africa-press.net\/senegal\/sites\/13\/2025\/12\/sm_1765437857.971661.jpg\",\"width\":1200,\"height\":900,\"caption\":\"Enqu\u00eate Trump sur Morts Associ\u00e9es aux Vaccins\"},{\"@type\":\"BreadcrumbList\",\"@id\":\"https:\/\/www.africa-press.net\/senegal\/toutes-les-actualites\/enquete-trump-sur-morts-associees-aux-vaccins#breadcrumb\",\"itemListElement\":[{\"@type\":\"ListItem\",\"position\":1,\"name\":\"Accueil\",\"item\":\"https:\/\/www.africa-press.net\/senegal\/\"},{\"@type\":\"ListItem\",\"position\":2,\"name\":\"Enqu\u00eate Trump sur Morts Associ\u00e9es aux Vaccins\"}]},{\"@type\":\"WebSite\",\"@id\":\"https:\/\/www.africa-press.net\/senegal\/#website\",\"url\":\"https:\/\/www.africa-press.net\/senegal\/\",\"name\":\"Africa Press | Senegal | Homepage\",\"description\":\"Just another Africa News Agency Sites site\",\"potentialAction\":[{\"@type\":\"SearchAction\",\"target\":{\"@type\":\"EntryPoint\",\"urlTemplate\":\"https:\/\/www.africa-press.net\/senegal\/?s={search_term_string}\"},\"query-input\":{\"@type\":\"PropertyValueSpecification\",\"valueRequired\":true,\"valueName\":\"search_term_string\"}}],\"inLanguage\":\"fr-FR\"},{\"@type\":\"Person\",\"@id\":\"https:\/\/www.africa-press.net\/senegal\/#\/schema\/person\/2b1cf3cd81a31e3cd26889ca66d677f1\",\"name\":\"cfeditorfr\",\"url\":\"https:\/\/www.africa-press.net\/senegal\/author\/cfeditorfr\"}]}<\/script>\n<!-- \/ Yoast SEO Premium plugin. -->","yoast_head_json":{"title":"Enqu\u00eate Trump sur Morts Associ\u00e9es aux Vaccins - Senegal","description":"L\u2019Agence ame\u0301ricaine du me\u0301dicament (FDA) me\u0300ne une large enque\u0302te sur de possibles morts lie\u0301es aux vaccins contre le C ...","robots":{"index":"index","follow":"follow","max-snippet":"max-snippet:-1","max-image-preview":"max-image-preview:large","max-video-preview":"max-video-preview:-1"},"canonical":"https:\/\/www.africa-press.net\/senegal\/toutes-les-actualites\/enquete-trump-sur-morts-associees-aux-vaccins","og_locale":"fr_FR","og_type":"article","og_title":"Enqu\u00eate Trump sur Morts Associ\u00e9es aux Vaccins","og_description":"L\u2019Agence ame\u0301ricaine du me\u0301dicament (FDA) me\u0300ne une large enque\u0302te sur de possibles morts lie\u0301es aux vaccins contre le C ...","og_url":"https:\/\/www.africa-press.net\/senegal\/toutes-les-actualites\/enquete-trump-sur-morts-associees-aux-vaccins","og_site_name":"Senegal","article_published_time":"2025-12-10T12:00:00+00:00","article_modified_time":"2025-12-10T23:28:21+00:00","og_image":[{"width":1200,"height":900,"url":"https:\/\/static.africa-press.net\/senegal\/sites\/13\/2025\/12\/sm_1765437857.971661.jpg","type":"image\/jpeg"}],"author":"cfeditorfr","twitter_card":"summary_large_image","twitter_misc":{"\u00c9crit par":"cfeditorfr","Dur\u00e9e de lecture estim\u00e9e":"2 minutes"},"schema":{"@context":"https:\/\/schema.org","@graph":[{"@type":"Article","@id":"https:\/\/www.africa-press.net\/senegal\/toutes-les-actualites\/enquete-trump-sur-morts-associees-aux-vaccins#article","isPartOf":{"@id":"https:\/\/www.africa-press.net\/senegal\/toutes-les-actualites\/enquete-trump-sur-morts-associees-aux-vaccins"},"author":{"name":"cfeditorfr","@id":"https:\/\/www.africa-press.net\/senegal\/#\/schema\/person\/2b1cf3cd81a31e3cd26889ca66d677f1"},"headline":"Enqu\u00eate Trump sur Morts Associ\u00e9es aux Vaccins","datePublished":"2025-12-10T12:00:00+00:00","dateModified":"2025-12-10T23:28:21+00:00","mainEntityOfPage":{"@id":"https:\/\/www.africa-press.net\/senegal\/toutes-les-actualites\/enquete-trump-sur-morts-associees-aux-vaccins"},"wordCount":481,"commentCount":0,"image":{"@id":"https:\/\/www.africa-press.net\/senegal\/toutes-les-actualites\/enquete-trump-sur-morts-associees-aux-vaccins#primaryimage"},"thumbnailUrl":"https:\/\/static.africa-press.net\/senegal\/sites\/13\/2025\/12\/sm_1765437857.971661.jpg","keywords":["Senegal"],"articleSection":["Divers","Toutes les actualit\u00e9s"],"inLanguage":"fr-FR","potentialAction":[{"@type":"CommentAction","name":"Comment","target":["https:\/\/www.africa-press.net\/senegal\/toutes-les-actualites\/enquete-trump-sur-morts-associees-aux-vaccins#respond"]}]},{"@type":"WebPage","@id":"https:\/\/www.africa-press.net\/senegal\/toutes-les-actualites\/enquete-trump-sur-morts-associees-aux-vaccins","url":"https:\/\/www.africa-press.net\/senegal\/toutes-les-actualites\/enquete-trump-sur-morts-associees-aux-vaccins","name":"Enqu\u00eate Trump sur Morts Associ\u00e9es aux Vaccins - Senegal","isPartOf":{"@id":"https:\/\/www.africa-press.net\/senegal\/#website"},"primaryImageOfPage":{"@id":"https:\/\/www.africa-press.net\/senegal\/toutes-les-actualites\/enquete-trump-sur-morts-associees-aux-vaccins#primaryimage"},"image":{"@id":"https:\/\/www.africa-press.net\/senegal\/toutes-les-actualites\/enquete-trump-sur-morts-associees-aux-vaccins#primaryimage"},"thumbnailUrl":"https:\/\/static.africa-press.net\/senegal\/sites\/13\/2025\/12\/sm_1765437857.971661.jpg","datePublished":"2025-12-10T12:00:00+00:00","dateModified":"2025-12-10T23:28:21+00:00","author":{"@id":"https:\/\/www.africa-press.net\/senegal\/#\/schema\/person\/2b1cf3cd81a31e3cd26889ca66d677f1"},"description":"L\u2019Agence ame\u0301ricaine du me\u0301dicament (FDA) me\u0300ne une large enque\u0302te sur de possibles morts lie\u0301es aux vaccins contre le C ...","breadcrumb":{"@id":"https:\/\/www.africa-press.net\/senegal\/toutes-les-actualites\/enquete-trump-sur-morts-associees-aux-vaccins#breadcrumb"},"inLanguage":"fr-FR","potentialAction":[{"@type":"ReadAction","target":["https:\/\/www.africa-press.net\/senegal\/toutes-les-actualites\/enquete-trump-sur-morts-associees-aux-vaccins"]}]},{"@type":"ImageObject","inLanguage":"fr-FR","@id":"https:\/\/www.africa-press.net\/senegal\/toutes-les-actualites\/enquete-trump-sur-morts-associees-aux-vaccins#primaryimage","url":"https:\/\/static.africa-press.net\/senegal\/sites\/13\/2025\/12\/sm_1765437857.971661.jpg","contentUrl":"https:\/\/static.africa-press.net\/senegal\/sites\/13\/2025\/12\/sm_1765437857.971661.jpg","width":1200,"height":900,"caption":"Enqu\u00eate Trump sur Morts Associ\u00e9es aux Vaccins"},{"@type":"BreadcrumbList","@id":"https:\/\/www.africa-press.net\/senegal\/toutes-les-actualites\/enquete-trump-sur-morts-associees-aux-vaccins#breadcrumb","itemListElement":[{"@type":"ListItem","position":1,"name":"Accueil","item":"https:\/\/www.africa-press.net\/senegal\/"},{"@type":"ListItem","position":2,"name":"Enqu\u00eate Trump sur Morts Associ\u00e9es aux Vaccins"}]},{"@type":"WebSite","@id":"https:\/\/www.africa-press.net\/senegal\/#website","url":"https:\/\/www.africa-press.net\/senegal\/","name":"Africa Press | Senegal | Homepage","description":"Just another Africa News Agency Sites site","potentialAction":[{"@type":"SearchAction","target":{"@type":"EntryPoint","urlTemplate":"https:\/\/www.africa-press.net\/senegal\/?s={search_term_string}"},"query-input":{"@type":"PropertyValueSpecification","valueRequired":true,"valueName":"search_term_string"}}],"inLanguage":"fr-FR"},{"@type":"Person","@id":"https:\/\/www.africa-press.net\/senegal\/#\/schema\/person\/2b1cf3cd81a31e3cd26889ca66d677f1","name":"cfeditorfr","url":"https:\/\/www.africa-press.net\/senegal\/author\/cfeditorfr"}]}},"_links":{"self":[{"href":"https:\/\/www.africa-press.net\/senegal\/wp-json\/wp\/v2\/posts\/73320","targetHints":{"allow":["GET"]}}],"collection":[{"href":"https:\/\/www.africa-press.net\/senegal\/wp-json\/wp\/v2\/posts"}],"about":[{"href":"https:\/\/www.africa-press.net\/senegal\/wp-json\/wp\/v2\/types\/post"}],"author":[{"embeddable":true,"href":"https:\/\/www.africa-press.net\/senegal\/wp-json\/wp\/v2\/users\/82"}],"replies":[{"embeddable":true,"href":"https:\/\/www.africa-press.net\/senegal\/wp-json\/wp\/v2\/comments?post=73320"}],"version-history":[{"count":0,"href":"https:\/\/www.africa-press.net\/senegal\/wp-json\/wp\/v2\/posts\/73320\/revisions"}],"wp:featuredmedia":[{"embeddable":true,"href":"https:\/\/www.africa-press.net\/senegal\/wp-json\/wp\/v2\/media\/73319"}],"wp:attachment":[{"href":"https:\/\/www.africa-press.net\/senegal\/wp-json\/wp\/v2\/media?parent=73320"}],"wp:term":[{"taxonomy":"category","embeddable":true,"href":"https:\/\/www.africa-press.net\/senegal\/wp-json\/wp\/v2\/categories?post=73320"},{"taxonomy":"post_tag","embeddable":true,"href":"https:\/\/www.africa-press.net\/senegal\/wp-json\/wp\/v2\/tags?post=73320"}],"curies":[{"name":"wp","href":"https:\/\/api.w.org\/{rel}","templated":true}]}}