{"id":73347,"date":"2025-12-11T12:00:00","date_gmt":"2025-12-11T12:00:00","guid":{"rendered":"https:\/\/www.africa-press.net\/senegal\/politique\/bronchiolite-transfert-de-bebes-dile-de-france"},"modified":"2025-12-11T22:31:36","modified_gmt":"2025-12-11T22:31:36","slug":"bronchiolite-transfert-de-bebes-dile-de-france","status":"publish","type":"post","link":"https:\/\/www.africa-press.net\/senegal\/toutes-les-actualites\/bronchiolite-transfert-de-bebes-dile-de-france","title":{"rendered":"Bronchiolite: Transfert de Be\u0301be\u0301s D\u2019Ile-De-France"},"content":{"rendered":"<p><span style=\"color: #ff6600\"><strong>Africa-Press &#8211; Senegal. <\/strong><\/span>L\u2019e\u0301pide\u0301mie de bronchiolite, qui \u00ab monte en puissance \u00bb en Ile-de-France, premie\u0300re re\u0301gion hexagonale touche\u0301e, s\u2019accompagne de transferts de be\u0301be\u0301s dans des e\u0301tablissements de re\u0301gions limitrophes, parfois par manque de lits mais aussi, selon les autorite\u0301s sanitaires, pour les rapprocher du domicile des parents.<\/p>\n<p>En I\u0302le-de-France, il a fallu transfe\u0301rer 14 be\u0301be\u0301s en re\u0301animation vers d\u2019autres re\u0301gions faute de lits, selon des informations de France Inter lundi matin. \u00ab Nous avons 36 lits dans ce service, et 36 lits occupe\u0301s, pleins \u00bb, a notamment expose\u0301 a\u0300 la radio Nai\u0308m Ouldali, pe\u0301diatre a\u0300 l\u2019ho\u0302pital Robert Debre\u0301 a\u0300 Paris.<\/p>\n<p>Dans une mise au point, l\u2019Agence re\u0301gionale de sante\u0301 a pre\u0301cise\u0301 dans l\u2019apre\u0300s-midi que \u00ab 16 enfants ont e\u0301te\u0301 concerne\u0301s par un transfert vers un ho\u0302pital hors I\u0302le-de-France \u00bb depuis mi-octobre, deux de ces transferts ayant e\u0301te\u0301 effectue\u0301s ce week-end. \u00ab Parmi ces 16 transferts, six ne sont pas lie\u0301s aux tensions sur les places d\u2019hospitalisation en I\u0302le-de-France mais re\u0301pondaient a\u0300 une proble\u0301matique non me\u0301dicale de rapprochement avec le domicile des parents, notamment dans le Val d\u2019Oise et dans les Yvelines \u00bb, a notamment indique\u0301 l\u2019ARS. Et, selon son communique\u0301, \u00ab les 10 autres cas de transferts peuvent e\u0302tre effectivement attribue\u0301s a\u0300 une tension locale sur l\u2019offre mais pas ne\u0301cessairement a\u0300 une saturation des services a\u0300 l\u2019e\u0301chelle re\u0301gionale \u00bb.<\/p>\n<p>\u00ab Dans ces cas de tensions locales, en particulier dans les de\u0301partements de la grande couronne, un transfert en proximite\u0301 dans un e\u0301tablissement d\u2019une re\u0301gion limitrophe peut s\u2019ave\u0301rer plus pertinent et confortable pour les parents qu\u2019un transfert dans un autre de\u0301partement francilien \u00bb, selon l\u2019agence.<\/p>\n<p>La ministre de la Sante\u0301 Ste\u0301phanie Rist a e\u0301galement affirme\u0301 lundi sur BFMTV qu&rsquo; \u00bbil y a des transferts d\u2019enfants entre services souvent dus a\u0300 des rapprochements familiaux, souvent pour que l\u2019enfant soit pris en charge au plus pre\u0300s d\u2019ou\u0300 il habite \u00bb. Mais \u00ab on surveille e\u0301videmment de tre\u0300s pre\u0300s l\u2019e\u0301tat des services \u00bb, a-t-elle assure\u0301.<\/p>\n<p><b>Deux traitements immunisants disponibles<\/b><\/p>\n<p>L\u2019I\u0302le-de-France, en alerte e\u0301pide\u0301mique pour la bronchiolite pour la sixie\u0300me semaine, a enregistre\u0301 une augmentation hebdomadaire des passages aux urgences de 7,4% pour les moins de 2 ans et de 9,7% pour les moins de 1 an entre le 24 et le 30 novembre. L\u2019ARS a cependant pointe\u0301 \u00ab un infle\u0301chissement \u00bb pour les moins de 2 ans depuis fin novembre.<\/p>\n<p>Deux traitements immunisants sont de\u0301sormais disponibles contre la bronchiolite: l\u2019Abrysvo (Pfizer), vaccin administre\u0301 a\u0300 la me\u0300re avant la naissance du be\u0301be\u0301, et le Beyfortus (AstraZeneca\/Sanofi), traitement donne\u0301 au nourrisson pendant ses premiers mois. Mais \u00ab la grosse majorite\u0301 des parents dont les enfants sont hospitalise\u0301s pour une bronchiolite a\u0300 VRS ne sont pas au courant de l\u2019existence de ces produits-la\u0300 \u00bb, selon Nai\u0308m Oualdali.<\/p>\n<p><strong>Pour plus d&rsquo;informations et d&rsquo;analyses sur la <span style=\"color: #ff6600\">Senegal<\/span>, suivez <span style=\"color: #ff6600\">Africa-Press<\/span><\/strong><\/p>\n","protected":false},"excerpt":{"rendered":"<p>Africa-Press &#8211; Senegal. L\u2019e\u0301pide\u0301mie de bronchiolite, qui \u00ab monte en puissance \u00bb en Ile-de-France, premie\u0300re re\u0301gion hexagonale touche\u0301e, s\u2019accompagne de transferts de be\u0301be\u0301s dans des e\u0301tablissements de re\u0301gions limitrophes, parfois par manque de lits mais aussi, selon les autorite\u0301s sanitaires, pour les rapprocher du domicile des parents. En I\u0302le-de-France, il a fallu transfe\u0301rer 14 be\u0301be\u0301s [&hellip;]<\/p>\n","protected":false},"author":82,"featured_media":73346,"comment_status":"open","ping_status":"closed","sticky":false,"template":"","format":"standard","meta":{"footnotes":""},"categories":[22,10],"tags":[44],"class_list":["post-73347","post","type-post","status-publish","format-standard","has-post-thumbnail","hentry","category-divers","category-toutes-les-actualites","tag-senegal-2"],"yoast_head":"<!-- This site is optimized with the Yoast SEO Premium plugin v26.1 (Yoast SEO v27.0) - https:\/\/yoast.com\/product\/yoast-seo-premium-wordpress\/ -->\n<title>Bronchiolite: Transfert de Be\u0301be\u0301s D\u2019Ile-De-France - Senegal<\/title>\n<meta name=\"description\" content=\"L\u2019e\u0301pide\u0301mie de bronchiolite, qui \u00ab monte en puissance \u00bb en Ile-de-France, premie\u0300re re\u0301gion hexagonale touche\u0301e, s\u2019acco ...\" \/>\n<meta name=\"robots\" content=\"index, follow, max-snippet:-1, max-image-preview:large, max-video-preview:-1\" \/>\n<link rel=\"canonical\" href=\"https:\/\/www.africa-press.net\/senegal\/toutes-les-actualites\/bronchiolite-transfert-de-bebes-dile-de-france\" \/>\n<meta property=\"og:locale\" content=\"fr_FR\" \/>\n<meta property=\"og:type\" content=\"article\" \/>\n<meta property=\"og:title\" content=\"Bronchiolite: Transfert de Be\u0301be\u0301s D\u2019Ile-De-France\" \/>\n<meta property=\"og:description\" content=\"L\u2019e\u0301pide\u0301mie de bronchiolite, qui \u00ab monte en puissance \u00bb en Ile-de-France, premie\u0300re re\u0301gion hexagonale touche\u0301e, s\u2019acco ...\" \/>\n<meta property=\"og:url\" content=\"https:\/\/www.africa-press.net\/senegal\/toutes-les-actualites\/bronchiolite-transfert-de-bebes-dile-de-france\" \/>\n<meta property=\"og:site_name\" content=\"Senegal\" \/>\n<meta property=\"article:published_time\" content=\"2025-12-11T12:00:00+00:00\" \/>\n<meta property=\"article:modified_time\" content=\"2025-12-11T22:31:36+00:00\" \/>\n<meta property=\"og:image\" content=\"https:\/\/static.africa-press.net\/senegal\/sites\/13\/2025\/12\/sm_1765520965.531745.jpg\" \/>\n\t<meta property=\"og:image:width\" content=\"1280\" \/>\n\t<meta property=\"og:image:height\" content=\"720\" \/>\n\t<meta property=\"og:image:type\" content=\"image\/jpeg\" \/>\n<meta name=\"author\" content=\"cfeditorfr\" \/>\n<meta name=\"twitter:card\" content=\"summary_large_image\" \/>\n<meta name=\"twitter:label1\" content=\"\u00c9crit par\" \/>\n\t<meta name=\"twitter:data1\" content=\"cfeditorfr\" \/>\n\t<meta name=\"twitter:label2\" content=\"Dur\u00e9e de lecture estim\u00e9e\" \/>\n\t<meta name=\"twitter:data2\" content=\"3 minutes\" \/>\n<script type=\"application\/ld+json\" class=\"yoast-schema-graph\">{\"@context\":\"https:\/\/schema.org\",\"@graph\":[{\"@type\":\"Article\",\"@id\":\"https:\/\/www.africa-press.net\/senegal\/toutes-les-actualites\/bronchiolite-transfert-de-bebes-dile-de-france#article\",\"isPartOf\":{\"@id\":\"https:\/\/www.africa-press.net\/senegal\/toutes-les-actualites\/bronchiolite-transfert-de-bebes-dile-de-france\"},\"author\":{\"name\":\"cfeditorfr\",\"@id\":\"https:\/\/www.africa-press.net\/senegal\/#\/schema\/person\/2b1cf3cd81a31e3cd26889ca66d677f1\"},\"headline\":\"Bronchiolite: Transfert de Be\u0301be\u0301s D\u2019Ile-De-France\",\"datePublished\":\"2025-12-11T12:00:00+00:00\",\"dateModified\":\"2025-12-11T22:31:36+00:00\",\"mainEntityOfPage\":{\"@id\":\"https:\/\/www.africa-press.net\/senegal\/toutes-les-actualites\/bronchiolite-transfert-de-bebes-dile-de-france\"},\"wordCount\":523,\"commentCount\":0,\"image\":{\"@id\":\"https:\/\/www.africa-press.net\/senegal\/toutes-les-actualites\/bronchiolite-transfert-de-bebes-dile-de-france#primaryimage\"},\"thumbnailUrl\":\"https:\/\/static.africa-press.net\/senegal\/sites\/13\/2025\/12\/sm_1765520965.531745.jpg\",\"keywords\":[\"Senegal\"],\"articleSection\":[\"Divers\",\"Toutes les actualit\u00e9s\"],\"inLanguage\":\"fr-FR\",\"potentialAction\":[{\"@type\":\"CommentAction\",\"name\":\"Comment\",\"target\":[\"https:\/\/www.africa-press.net\/senegal\/toutes-les-actualites\/bronchiolite-transfert-de-bebes-dile-de-france#respond\"]}]},{\"@type\":\"WebPage\",\"@id\":\"https:\/\/www.africa-press.net\/senegal\/toutes-les-actualites\/bronchiolite-transfert-de-bebes-dile-de-france\",\"url\":\"https:\/\/www.africa-press.net\/senegal\/toutes-les-actualites\/bronchiolite-transfert-de-bebes-dile-de-france\",\"name\":\"Bronchiolite: Transfert de Be\u0301be\u0301s D\u2019Ile-De-France - Senegal\",\"isPartOf\":{\"@id\":\"https:\/\/www.africa-press.net\/senegal\/#website\"},\"primaryImageOfPage\":{\"@id\":\"https:\/\/www.africa-press.net\/senegal\/toutes-les-actualites\/bronchiolite-transfert-de-bebes-dile-de-france#primaryimage\"},\"image\":{\"@id\":\"https:\/\/www.africa-press.net\/senegal\/toutes-les-actualites\/bronchiolite-transfert-de-bebes-dile-de-france#primaryimage\"},\"thumbnailUrl\":\"https:\/\/static.africa-press.net\/senegal\/sites\/13\/2025\/12\/sm_1765520965.531745.jpg\",\"datePublished\":\"2025-12-11T12:00:00+00:00\",\"dateModified\":\"2025-12-11T22:31:36+00:00\",\"author\":{\"@id\":\"https:\/\/www.africa-press.net\/senegal\/#\/schema\/person\/2b1cf3cd81a31e3cd26889ca66d677f1\"},\"description\":\"L\u2019e\u0301pide\u0301mie de bronchiolite, qui \u00ab monte en puissance \u00bb en Ile-de-France, premie\u0300re re\u0301gion hexagonale touche\u0301e, s\u2019acco ...\",\"breadcrumb\":{\"@id\":\"https:\/\/www.africa-press.net\/senegal\/toutes-les-actualites\/bronchiolite-transfert-de-bebes-dile-de-france#breadcrumb\"},\"inLanguage\":\"fr-FR\",\"potentialAction\":[{\"@type\":\"ReadAction\",\"target\":[\"https:\/\/www.africa-press.net\/senegal\/toutes-les-actualites\/bronchiolite-transfert-de-bebes-dile-de-france\"]}]},{\"@type\":\"ImageObject\",\"inLanguage\":\"fr-FR\",\"@id\":\"https:\/\/www.africa-press.net\/senegal\/toutes-les-actualites\/bronchiolite-transfert-de-bebes-dile-de-france#primaryimage\",\"url\":\"https:\/\/static.africa-press.net\/senegal\/sites\/13\/2025\/12\/sm_1765520965.531745.jpg\",\"contentUrl\":\"https:\/\/static.africa-press.net\/senegal\/sites\/13\/2025\/12\/sm_1765520965.531745.jpg\",\"width\":1280,\"height\":720,\"caption\":\"Bronchiolite: Transfert de Be\u0301be\u0301s D\u2019Ile-De-France\"},{\"@type\":\"BreadcrumbList\",\"@id\":\"https:\/\/www.africa-press.net\/senegal\/toutes-les-actualites\/bronchiolite-transfert-de-bebes-dile-de-france#breadcrumb\",\"itemListElement\":[{\"@type\":\"ListItem\",\"position\":1,\"name\":\"Accueil\",\"item\":\"https:\/\/www.africa-press.net\/senegal\/\"},{\"@type\":\"ListItem\",\"position\":2,\"name\":\"Bronchiolite: Transfert de Be\u0301be\u0301s D\u2019Ile-De-France\"}]},{\"@type\":\"WebSite\",\"@id\":\"https:\/\/www.africa-press.net\/senegal\/#website\",\"url\":\"https:\/\/www.africa-press.net\/senegal\/\",\"name\":\"Africa Press | Senegal | Homepage\",\"description\":\"Just another Africa News Agency Sites site\",\"potentialAction\":[{\"@type\":\"SearchAction\",\"target\":{\"@type\":\"EntryPoint\",\"urlTemplate\":\"https:\/\/www.africa-press.net\/senegal\/?s={search_term_string}\"},\"query-input\":{\"@type\":\"PropertyValueSpecification\",\"valueRequired\":true,\"valueName\":\"search_term_string\"}}],\"inLanguage\":\"fr-FR\"},{\"@type\":\"Person\",\"@id\":\"https:\/\/www.africa-press.net\/senegal\/#\/schema\/person\/2b1cf3cd81a31e3cd26889ca66d677f1\",\"name\":\"cfeditorfr\",\"url\":\"https:\/\/www.africa-press.net\/senegal\/author\/cfeditorfr\"}]}<\/script>\n<!-- \/ Yoast SEO Premium plugin. -->","yoast_head_json":{"title":"Bronchiolite: Transfert de Be\u0301be\u0301s D\u2019Ile-De-France - Senegal","description":"L\u2019e\u0301pide\u0301mie de bronchiolite, qui \u00ab monte en puissance \u00bb en Ile-de-France, premie\u0300re re\u0301gion hexagonale touche\u0301e, s\u2019acco ...","robots":{"index":"index","follow":"follow","max-snippet":"max-snippet:-1","max-image-preview":"max-image-preview:large","max-video-preview":"max-video-preview:-1"},"canonical":"https:\/\/www.africa-press.net\/senegal\/toutes-les-actualites\/bronchiolite-transfert-de-bebes-dile-de-france","og_locale":"fr_FR","og_type":"article","og_title":"Bronchiolite: Transfert de Be\u0301be\u0301s D\u2019Ile-De-France","og_description":"L\u2019e\u0301pide\u0301mie de bronchiolite, qui \u00ab monte en puissance \u00bb en Ile-de-France, premie\u0300re re\u0301gion hexagonale touche\u0301e, s\u2019acco ...","og_url":"https:\/\/www.africa-press.net\/senegal\/toutes-les-actualites\/bronchiolite-transfert-de-bebes-dile-de-france","og_site_name":"Senegal","article_published_time":"2025-12-11T12:00:00+00:00","article_modified_time":"2025-12-11T22:31:36+00:00","og_image":[{"width":1280,"height":720,"url":"https:\/\/static.africa-press.net\/senegal\/sites\/13\/2025\/12\/sm_1765520965.531745.jpg","type":"image\/jpeg"}],"author":"cfeditorfr","twitter_card":"summary_large_image","twitter_misc":{"\u00c9crit par":"cfeditorfr","Dur\u00e9e de lecture estim\u00e9e":"3 minutes"},"schema":{"@context":"https:\/\/schema.org","@graph":[{"@type":"Article","@id":"https:\/\/www.africa-press.net\/senegal\/toutes-les-actualites\/bronchiolite-transfert-de-bebes-dile-de-france#article","isPartOf":{"@id":"https:\/\/www.africa-press.net\/senegal\/toutes-les-actualites\/bronchiolite-transfert-de-bebes-dile-de-france"},"author":{"name":"cfeditorfr","@id":"https:\/\/www.africa-press.net\/senegal\/#\/schema\/person\/2b1cf3cd81a31e3cd26889ca66d677f1"},"headline":"Bronchiolite: Transfert de Be\u0301be\u0301s D\u2019Ile-De-France","datePublished":"2025-12-11T12:00:00+00:00","dateModified":"2025-12-11T22:31:36+00:00","mainEntityOfPage":{"@id":"https:\/\/www.africa-press.net\/senegal\/toutes-les-actualites\/bronchiolite-transfert-de-bebes-dile-de-france"},"wordCount":523,"commentCount":0,"image":{"@id":"https:\/\/www.africa-press.net\/senegal\/toutes-les-actualites\/bronchiolite-transfert-de-bebes-dile-de-france#primaryimage"},"thumbnailUrl":"https:\/\/static.africa-press.net\/senegal\/sites\/13\/2025\/12\/sm_1765520965.531745.jpg","keywords":["Senegal"],"articleSection":["Divers","Toutes les actualit\u00e9s"],"inLanguage":"fr-FR","potentialAction":[{"@type":"CommentAction","name":"Comment","target":["https:\/\/www.africa-press.net\/senegal\/toutes-les-actualites\/bronchiolite-transfert-de-bebes-dile-de-france#respond"]}]},{"@type":"WebPage","@id":"https:\/\/www.africa-press.net\/senegal\/toutes-les-actualites\/bronchiolite-transfert-de-bebes-dile-de-france","url":"https:\/\/www.africa-press.net\/senegal\/toutes-les-actualites\/bronchiolite-transfert-de-bebes-dile-de-france","name":"Bronchiolite: Transfert de Be\u0301be\u0301s D\u2019Ile-De-France - Senegal","isPartOf":{"@id":"https:\/\/www.africa-press.net\/senegal\/#website"},"primaryImageOfPage":{"@id":"https:\/\/www.africa-press.net\/senegal\/toutes-les-actualites\/bronchiolite-transfert-de-bebes-dile-de-france#primaryimage"},"image":{"@id":"https:\/\/www.africa-press.net\/senegal\/toutes-les-actualites\/bronchiolite-transfert-de-bebes-dile-de-france#primaryimage"},"thumbnailUrl":"https:\/\/static.africa-press.net\/senegal\/sites\/13\/2025\/12\/sm_1765520965.531745.jpg","datePublished":"2025-12-11T12:00:00+00:00","dateModified":"2025-12-11T22:31:36+00:00","author":{"@id":"https:\/\/www.africa-press.net\/senegal\/#\/schema\/person\/2b1cf3cd81a31e3cd26889ca66d677f1"},"description":"L\u2019e\u0301pide\u0301mie de bronchiolite, qui \u00ab monte en puissance \u00bb en Ile-de-France, premie\u0300re re\u0301gion hexagonale touche\u0301e, s\u2019acco ...","breadcrumb":{"@id":"https:\/\/www.africa-press.net\/senegal\/toutes-les-actualites\/bronchiolite-transfert-de-bebes-dile-de-france#breadcrumb"},"inLanguage":"fr-FR","potentialAction":[{"@type":"ReadAction","target":["https:\/\/www.africa-press.net\/senegal\/toutes-les-actualites\/bronchiolite-transfert-de-bebes-dile-de-france"]}]},{"@type":"ImageObject","inLanguage":"fr-FR","@id":"https:\/\/www.africa-press.net\/senegal\/toutes-les-actualites\/bronchiolite-transfert-de-bebes-dile-de-france#primaryimage","url":"https:\/\/static.africa-press.net\/senegal\/sites\/13\/2025\/12\/sm_1765520965.531745.jpg","contentUrl":"https:\/\/static.africa-press.net\/senegal\/sites\/13\/2025\/12\/sm_1765520965.531745.jpg","width":1280,"height":720,"caption":"Bronchiolite: Transfert de Be\u0301be\u0301s D\u2019Ile-De-France"},{"@type":"BreadcrumbList","@id":"https:\/\/www.africa-press.net\/senegal\/toutes-les-actualites\/bronchiolite-transfert-de-bebes-dile-de-france#breadcrumb","itemListElement":[{"@type":"ListItem","position":1,"name":"Accueil","item":"https:\/\/www.africa-press.net\/senegal\/"},{"@type":"ListItem","position":2,"name":"Bronchiolite: Transfert de Be\u0301be\u0301s D\u2019Ile-De-France"}]},{"@type":"WebSite","@id":"https:\/\/www.africa-press.net\/senegal\/#website","url":"https:\/\/www.africa-press.net\/senegal\/","name":"Africa Press | Senegal | Homepage","description":"Just another Africa News Agency Sites site","potentialAction":[{"@type":"SearchAction","target":{"@type":"EntryPoint","urlTemplate":"https:\/\/www.africa-press.net\/senegal\/?s={search_term_string}"},"query-input":{"@type":"PropertyValueSpecification","valueRequired":true,"valueName":"search_term_string"}}],"inLanguage":"fr-FR"},{"@type":"Person","@id":"https:\/\/www.africa-press.net\/senegal\/#\/schema\/person\/2b1cf3cd81a31e3cd26889ca66d677f1","name":"cfeditorfr","url":"https:\/\/www.africa-press.net\/senegal\/author\/cfeditorfr"}]}},"_links":{"self":[{"href":"https:\/\/www.africa-press.net\/senegal\/wp-json\/wp\/v2\/posts\/73347","targetHints":{"allow":["GET"]}}],"collection":[{"href":"https:\/\/www.africa-press.net\/senegal\/wp-json\/wp\/v2\/posts"}],"about":[{"href":"https:\/\/www.africa-press.net\/senegal\/wp-json\/wp\/v2\/types\/post"}],"author":[{"embeddable":true,"href":"https:\/\/www.africa-press.net\/senegal\/wp-json\/wp\/v2\/users\/82"}],"replies":[{"embeddable":true,"href":"https:\/\/www.africa-press.net\/senegal\/wp-json\/wp\/v2\/comments?post=73347"}],"version-history":[{"count":0,"href":"https:\/\/www.africa-press.net\/senegal\/wp-json\/wp\/v2\/posts\/73347\/revisions"}],"wp:featuredmedia":[{"embeddable":true,"href":"https:\/\/www.africa-press.net\/senegal\/wp-json\/wp\/v2\/media\/73346"}],"wp:attachment":[{"href":"https:\/\/www.africa-press.net\/senegal\/wp-json\/wp\/v2\/media?parent=73347"}],"wp:term":[{"taxonomy":"category","embeddable":true,"href":"https:\/\/www.africa-press.net\/senegal\/wp-json\/wp\/v2\/categories?post=73347"},{"taxonomy":"post_tag","embeddable":true,"href":"https:\/\/www.africa-press.net\/senegal\/wp-json\/wp\/v2\/tags?post=73347"}],"curies":[{"name":"wp","href":"https:\/\/api.w.org\/{rel}","templated":true}]}}