{"id":73349,"date":"2025-12-11T12:00:00","date_gmt":"2025-12-11T12:00:00","guid":{"rendered":"https:\/\/www.africa-press.net\/senegal\/politique\/arreter-de-fumer-rend-douillet-du-moins-au-debut"},"modified":"2025-12-11T22:34:53","modified_gmt":"2025-12-11T22:34:53","slug":"arreter-de-fumer-rend-douillet-du-moins-au-debut","status":"publish","type":"post","link":"https:\/\/www.africa-press.net\/senegal\/toutes-les-actualites\/arreter-de-fumer-rend-douillet-du-moins-au-debut","title":{"rendered":"Arr\u00eater de Fumer Rend Douillet (Du Moins au D\u00e9but)"},"content":{"rendered":"<p><span style=\"color: #ff6600\"><strong>Africa-Press &#8211; Senegal. <\/strong><\/span>Depuis une quinzaine d\u2019anne\u0301es, plusieurs e\u0301tudes avaient montre\u0301 que les personnes ayant arre\u0302te\u0301 de fumer avant une ope\u0301ration chirurgicale semblaient avoir besoin de plus d\u2019antidouleurs lors de la pe\u0301riode post-ope\u0301ratoire que des patients non-fumeurs. Par ailleurs, d\u2019autres travaux mene\u0301s sur des animaux de\u0301montraient que le sevrage de la nicotine de\u0301clenchait une augmentation de l\u2019hyperalgie, la sensibilite\u0301 a\u0300 la douleur.<\/p>\n<p>Il semblait donc se passer quelque chose au niveau du syste\u0300me nerveux liant les nocicepteurs (les re\u0301cepteurs sensoriels responsables de la perception de la douleur) et la nicotine. Ce qui en soi ne semblait pas si surprenant que cela e\u0301tant donne\u0301 que sont connus depuis des de\u0301cennies les effets pharmacologiques de la substance qui agit en se fixant aux re\u0301cepteurs nicotiniques du cerveau, entrainant ainsi la de\u0301pendance au tabac.<\/p>\n<p>Pour autant, il n\u2019existait pas de preuves en neuro-imagerie sur l\u2019e\u0302tre humain de\u0301montrant que le sevrage nicotinique a un effet sur l\u2019hyperalgie.<\/p>\n<p><b>Des alte\u0301rations spe\u0301cifiques du cerveau chez les ex-fumeurs<\/b><\/p>\n<p>Une e\u0301quipe de me\u0301decins chinois de l\u2019ho\u0302pital de chirurgie he\u0301patobiliaire et de l\u2019ho\u0302pital Minhang de l\u2019Universite\u0301 Fudan, tous deux a\u0300 Shanghai, a enro\u0302le\u0301 60 patients pre\u0301vus pour subir une chirurgie afin de les soulager de leurs tumeurs au foie. La moitie\u0301 d\u2019entre eux ne fumait pas. L\u2019autre avait arre\u0302te\u0301 en vue de l\u2019ope\u0301ration. L\u2019e\u0301tude est publie\u0301e dans la revue The Journal of Neuroscience.<\/p>\n<p>Les scientifiques ont pu de\u0301montrer qu\u2019apre\u0300s l\u2019ope\u0301ration, les 30 patients abstinents pre\u0301sentaient bien des alte\u0301rations spe\u0301cifiques de certaines re\u0301gions du cerveau implique\u0301es dans la sensibilite\u0301 a\u0300 la douleur qui avaient ne\u0301cessite\u0301 plus d\u2019antidouleurs et particulie\u0300rement des opioi\u0308des, compare\u0301s aux patients non-fumeurs. Et plus la dure\u0301e de leur abstinence avait e\u0301te\u0301 longue, plus ils apparaissaient sensibles a\u0300 la douleur. Toutefois, selon des travaux ante\u0301rieurs, il semble que cette hyperalgie s\u2019estompe et retombe a\u0300 des niveaux normaux passe\u0301s trois mois sans tabac.<\/p>\n<p><b>Corre\u0301lation n\u2019est pas causalite\u0301<\/b><\/p>\n<p>Attention, les auteurs de l\u2019e\u0301tude ne souhaitent absolument pas de\u0301courager les fumeurs d\u2019arre\u0302ter de fumer avant une ope\u0301ration chirurgicale tant cette mauvaise habitude s\u2019accompagne d\u2019un corte\u0300ge de complications post-ope\u0301ratoires comme une mauvaise cicatrisation, des infections tissulaires et des dysfonctionnements respiratoires.<\/p>\n<p>Les chercheurs ont note\u0301 plusieurs limitations a\u0300 leur e\u0301tude. Premie\u0300rement, seuls des hommes ont e\u0301te\u0301 enro\u0302le\u0301s pour ne pas fausser les re\u0301sultats e\u0301tant donne\u0301 que les deux sexes re\u0301agissent diffe\u0301remment a\u0300 la douleur. Ils sugge\u0300rent donc que des futures e\u0301tudes se penchent e\u0301galement sur l\u2019hyperalgie fe\u0301minine en lien avec le sevrage nicotinique. Ensuite, leur e\u0301tude e\u0301tant uniquement observationnelle, elle montre une corre\u0301lation entre les deux phe\u0301nome\u0300nes, mais pas ne\u0301cessairement une causalite\u0301 que des recherches plus approfondies devraient se charger de mettre en lumie\u0300re. Ceci afin de de\u0301velopper des strate\u0301gies the\u0301rapeutiques dans le but de limiter l\u2019emploi d\u2019analge\u0301siques forts comme les opioi\u0308des chez des patients ayant cesse\u0301 de fumer en vue d\u2019une chirurgie.<\/p>\n<p>Car, ce serait une cruelle ironie que d\u2019avoir incite\u0301 des patients a\u0300 quitter une addiction pour les plonger dans une autre&#8230;<\/p>\n<p><strong>Pour plus d&rsquo;informations et d&rsquo;analyses sur la <span style=\"color: #ff6600\">Senegal<\/span>, suivez <span style=\"color: #ff6600\">Africa-Press<\/span><\/strong><\/p>\n","protected":false},"excerpt":{"rendered":"<p>Africa-Press &#8211; Senegal. Depuis une quinzaine d\u2019anne\u0301es, plusieurs e\u0301tudes avaient montre\u0301 que les personnes ayant arre\u0302te\u0301 de fumer avant une ope\u0301ration chirurgicale semblaient avoir besoin de plus d\u2019antidouleurs lors de la pe\u0301riode post-ope\u0301ratoire que des patients non-fumeurs. Par ailleurs, d\u2019autres travaux mene\u0301s sur des animaux de\u0301montraient que le sevrage de la nicotine de\u0301clenchait une augmentation [&hellip;]<\/p>\n","protected":false},"author":82,"featured_media":73348,"comment_status":"open","ping_status":"closed","sticky":false,"template":"","format":"standard","meta":{"footnotes":""},"categories":[22,10],"tags":[44],"class_list":["post-73349","post","type-post","status-publish","format-standard","has-post-thumbnail","hentry","category-divers","category-toutes-les-actualites","tag-senegal-2"],"yoast_head":"<!-- This site is optimized with the Yoast SEO Premium plugin v26.1 (Yoast SEO v27.0) - https:\/\/yoast.com\/product\/yoast-seo-premium-wordpress\/ -->\n<title>Arr\u00eater de Fumer Rend Douillet (Du Moins au D\u00e9but) - Senegal<\/title>\n<meta name=\"description\" content=\"Depuis une quinzaine d\u2019anne\u0301es, plusieurs e\u0301tudes avaient montre\u0301 que les personnes ayant arre\u0302te\u0301 de fumer avant une op ...\" \/>\n<meta name=\"robots\" content=\"index, follow, max-snippet:-1, max-image-preview:large, max-video-preview:-1\" \/>\n<link rel=\"canonical\" href=\"https:\/\/www.africa-press.net\/senegal\/toutes-les-actualites\/arreter-de-fumer-rend-douillet-du-moins-au-debut\" \/>\n<meta property=\"og:locale\" content=\"fr_FR\" \/>\n<meta property=\"og:type\" content=\"article\" \/>\n<meta property=\"og:title\" content=\"Arr\u00eater de Fumer Rend Douillet (Du Moins au D\u00e9but)\" \/>\n<meta property=\"og:description\" content=\"Depuis une quinzaine d\u2019anne\u0301es, plusieurs e\u0301tudes avaient montre\u0301 que les personnes ayant arre\u0302te\u0301 de fumer avant une op ...\" \/>\n<meta property=\"og:url\" content=\"https:\/\/www.africa-press.net\/senegal\/toutes-les-actualites\/arreter-de-fumer-rend-douillet-du-moins-au-debut\" \/>\n<meta property=\"og:site_name\" content=\"Senegal\" \/>\n<meta property=\"article:published_time\" content=\"2025-12-11T12:00:00+00:00\" \/>\n<meta property=\"article:modified_time\" content=\"2025-12-11T22:34:53+00:00\" \/>\n<meta property=\"og:image\" content=\"https:\/\/static.africa-press.net\/senegal\/sites\/13\/2025\/12\/sm_1765521091.038517.jpg\" \/>\n\t<meta property=\"og:image:width\" content=\"1200\" \/>\n\t<meta property=\"og:image:height\" content=\"900\" \/>\n\t<meta property=\"og:image:type\" content=\"image\/jpeg\" \/>\n<meta name=\"author\" content=\"cfeditorfr\" \/>\n<meta name=\"twitter:card\" content=\"summary_large_image\" \/>\n<meta name=\"twitter:label1\" content=\"\u00c9crit par\" \/>\n\t<meta name=\"twitter:data1\" content=\"cfeditorfr\" \/>\n\t<meta name=\"twitter:label2\" content=\"Dur\u00e9e de lecture estim\u00e9e\" \/>\n\t<meta name=\"twitter:data2\" content=\"3 minutes\" \/>\n<script type=\"application\/ld+json\" class=\"yoast-schema-graph\">{\"@context\":\"https:\/\/schema.org\",\"@graph\":[{\"@type\":\"Article\",\"@id\":\"https:\/\/www.africa-press.net\/senegal\/toutes-les-actualites\/arreter-de-fumer-rend-douillet-du-moins-au-debut#article\",\"isPartOf\":{\"@id\":\"https:\/\/www.africa-press.net\/senegal\/toutes-les-actualites\/arreter-de-fumer-rend-douillet-du-moins-au-debut\"},\"author\":{\"name\":\"cfeditorfr\",\"@id\":\"https:\/\/www.africa-press.net\/senegal\/#\/schema\/person\/2b1cf3cd81a31e3cd26889ca66d677f1\"},\"headline\":\"Arr\u00eater de Fumer Rend Douillet (Du Moins au D\u00e9but)\",\"datePublished\":\"2025-12-11T12:00:00+00:00\",\"dateModified\":\"2025-12-11T22:34:53+00:00\",\"mainEntityOfPage\":{\"@id\":\"https:\/\/www.africa-press.net\/senegal\/toutes-les-actualites\/arreter-de-fumer-rend-douillet-du-moins-au-debut\"},\"wordCount\":608,\"commentCount\":0,\"image\":{\"@id\":\"https:\/\/www.africa-press.net\/senegal\/toutes-les-actualites\/arreter-de-fumer-rend-douillet-du-moins-au-debut#primaryimage\"},\"thumbnailUrl\":\"https:\/\/static.africa-press.net\/senegal\/sites\/13\/2025\/12\/sm_1765521091.038517.jpg\",\"keywords\":[\"Senegal\"],\"articleSection\":[\"Divers\",\"Toutes les actualit\u00e9s\"],\"inLanguage\":\"fr-FR\",\"potentialAction\":[{\"@type\":\"CommentAction\",\"name\":\"Comment\",\"target\":[\"https:\/\/www.africa-press.net\/senegal\/toutes-les-actualites\/arreter-de-fumer-rend-douillet-du-moins-au-debut#respond\"]}]},{\"@type\":\"WebPage\",\"@id\":\"https:\/\/www.africa-press.net\/senegal\/toutes-les-actualites\/arreter-de-fumer-rend-douillet-du-moins-au-debut\",\"url\":\"https:\/\/www.africa-press.net\/senegal\/toutes-les-actualites\/arreter-de-fumer-rend-douillet-du-moins-au-debut\",\"name\":\"Arr\u00eater de Fumer Rend Douillet (Du Moins au D\u00e9but) - Senegal\",\"isPartOf\":{\"@id\":\"https:\/\/www.africa-press.net\/senegal\/#website\"},\"primaryImageOfPage\":{\"@id\":\"https:\/\/www.africa-press.net\/senegal\/toutes-les-actualites\/arreter-de-fumer-rend-douillet-du-moins-au-debut#primaryimage\"},\"image\":{\"@id\":\"https:\/\/www.africa-press.net\/senegal\/toutes-les-actualites\/arreter-de-fumer-rend-douillet-du-moins-au-debut#primaryimage\"},\"thumbnailUrl\":\"https:\/\/static.africa-press.net\/senegal\/sites\/13\/2025\/12\/sm_1765521091.038517.jpg\",\"datePublished\":\"2025-12-11T12:00:00+00:00\",\"dateModified\":\"2025-12-11T22:34:53+00:00\",\"author\":{\"@id\":\"https:\/\/www.africa-press.net\/senegal\/#\/schema\/person\/2b1cf3cd81a31e3cd26889ca66d677f1\"},\"description\":\"Depuis une quinzaine d\u2019anne\u0301es, plusieurs e\u0301tudes avaient montre\u0301 que les personnes ayant arre\u0302te\u0301 de fumer avant une op ...\",\"breadcrumb\":{\"@id\":\"https:\/\/www.africa-press.net\/senegal\/toutes-les-actualites\/arreter-de-fumer-rend-douillet-du-moins-au-debut#breadcrumb\"},\"inLanguage\":\"fr-FR\",\"potentialAction\":[{\"@type\":\"ReadAction\",\"target\":[\"https:\/\/www.africa-press.net\/senegal\/toutes-les-actualites\/arreter-de-fumer-rend-douillet-du-moins-au-debut\"]}]},{\"@type\":\"ImageObject\",\"inLanguage\":\"fr-FR\",\"@id\":\"https:\/\/www.africa-press.net\/senegal\/toutes-les-actualites\/arreter-de-fumer-rend-douillet-du-moins-au-debut#primaryimage\",\"url\":\"https:\/\/static.africa-press.net\/senegal\/sites\/13\/2025\/12\/sm_1765521091.038517.jpg\",\"contentUrl\":\"https:\/\/static.africa-press.net\/senegal\/sites\/13\/2025\/12\/sm_1765521091.038517.jpg\",\"width\":1200,\"height\":900,\"caption\":\"Arr\u00eater de Fumer Rend Douillet (Du Moins au D\u00e9but)\"},{\"@type\":\"BreadcrumbList\",\"@id\":\"https:\/\/www.africa-press.net\/senegal\/toutes-les-actualites\/arreter-de-fumer-rend-douillet-du-moins-au-debut#breadcrumb\",\"itemListElement\":[{\"@type\":\"ListItem\",\"position\":1,\"name\":\"Accueil\",\"item\":\"https:\/\/www.africa-press.net\/senegal\/\"},{\"@type\":\"ListItem\",\"position\":2,\"name\":\"Arr\u00eater de Fumer Rend Douillet (Du Moins au D\u00e9but)\"}]},{\"@type\":\"WebSite\",\"@id\":\"https:\/\/www.africa-press.net\/senegal\/#website\",\"url\":\"https:\/\/www.africa-press.net\/senegal\/\",\"name\":\"Africa Press | Senegal | Homepage\",\"description\":\"Just another Africa News Agency Sites site\",\"potentialAction\":[{\"@type\":\"SearchAction\",\"target\":{\"@type\":\"EntryPoint\",\"urlTemplate\":\"https:\/\/www.africa-press.net\/senegal\/?s={search_term_string}\"},\"query-input\":{\"@type\":\"PropertyValueSpecification\",\"valueRequired\":true,\"valueName\":\"search_term_string\"}}],\"inLanguage\":\"fr-FR\"},{\"@type\":\"Person\",\"@id\":\"https:\/\/www.africa-press.net\/senegal\/#\/schema\/person\/2b1cf3cd81a31e3cd26889ca66d677f1\",\"name\":\"cfeditorfr\",\"url\":\"https:\/\/www.africa-press.net\/senegal\/author\/cfeditorfr\"}]}<\/script>\n<!-- \/ Yoast SEO Premium plugin. -->","yoast_head_json":{"title":"Arr\u00eater de Fumer Rend Douillet (Du Moins au D\u00e9but) - Senegal","description":"Depuis une quinzaine d\u2019anne\u0301es, plusieurs e\u0301tudes avaient montre\u0301 que les personnes ayant arre\u0302te\u0301 de fumer avant une op ...","robots":{"index":"index","follow":"follow","max-snippet":"max-snippet:-1","max-image-preview":"max-image-preview:large","max-video-preview":"max-video-preview:-1"},"canonical":"https:\/\/www.africa-press.net\/senegal\/toutes-les-actualites\/arreter-de-fumer-rend-douillet-du-moins-au-debut","og_locale":"fr_FR","og_type":"article","og_title":"Arr\u00eater de Fumer Rend Douillet (Du Moins au D\u00e9but)","og_description":"Depuis une quinzaine d\u2019anne\u0301es, plusieurs e\u0301tudes avaient montre\u0301 que les personnes ayant arre\u0302te\u0301 de fumer avant une op ...","og_url":"https:\/\/www.africa-press.net\/senegal\/toutes-les-actualites\/arreter-de-fumer-rend-douillet-du-moins-au-debut","og_site_name":"Senegal","article_published_time":"2025-12-11T12:00:00+00:00","article_modified_time":"2025-12-11T22:34:53+00:00","og_image":[{"width":1200,"height":900,"url":"https:\/\/static.africa-press.net\/senegal\/sites\/13\/2025\/12\/sm_1765521091.038517.jpg","type":"image\/jpeg"}],"author":"cfeditorfr","twitter_card":"summary_large_image","twitter_misc":{"\u00c9crit par":"cfeditorfr","Dur\u00e9e de lecture estim\u00e9e":"3 minutes"},"schema":{"@context":"https:\/\/schema.org","@graph":[{"@type":"Article","@id":"https:\/\/www.africa-press.net\/senegal\/toutes-les-actualites\/arreter-de-fumer-rend-douillet-du-moins-au-debut#article","isPartOf":{"@id":"https:\/\/www.africa-press.net\/senegal\/toutes-les-actualites\/arreter-de-fumer-rend-douillet-du-moins-au-debut"},"author":{"name":"cfeditorfr","@id":"https:\/\/www.africa-press.net\/senegal\/#\/schema\/person\/2b1cf3cd81a31e3cd26889ca66d677f1"},"headline":"Arr\u00eater de Fumer Rend Douillet (Du Moins au D\u00e9but)","datePublished":"2025-12-11T12:00:00+00:00","dateModified":"2025-12-11T22:34:53+00:00","mainEntityOfPage":{"@id":"https:\/\/www.africa-press.net\/senegal\/toutes-les-actualites\/arreter-de-fumer-rend-douillet-du-moins-au-debut"},"wordCount":608,"commentCount":0,"image":{"@id":"https:\/\/www.africa-press.net\/senegal\/toutes-les-actualites\/arreter-de-fumer-rend-douillet-du-moins-au-debut#primaryimage"},"thumbnailUrl":"https:\/\/static.africa-press.net\/senegal\/sites\/13\/2025\/12\/sm_1765521091.038517.jpg","keywords":["Senegal"],"articleSection":["Divers","Toutes les actualit\u00e9s"],"inLanguage":"fr-FR","potentialAction":[{"@type":"CommentAction","name":"Comment","target":["https:\/\/www.africa-press.net\/senegal\/toutes-les-actualites\/arreter-de-fumer-rend-douillet-du-moins-au-debut#respond"]}]},{"@type":"WebPage","@id":"https:\/\/www.africa-press.net\/senegal\/toutes-les-actualites\/arreter-de-fumer-rend-douillet-du-moins-au-debut","url":"https:\/\/www.africa-press.net\/senegal\/toutes-les-actualites\/arreter-de-fumer-rend-douillet-du-moins-au-debut","name":"Arr\u00eater de Fumer Rend Douillet (Du Moins au D\u00e9but) - Senegal","isPartOf":{"@id":"https:\/\/www.africa-press.net\/senegal\/#website"},"primaryImageOfPage":{"@id":"https:\/\/www.africa-press.net\/senegal\/toutes-les-actualites\/arreter-de-fumer-rend-douillet-du-moins-au-debut#primaryimage"},"image":{"@id":"https:\/\/www.africa-press.net\/senegal\/toutes-les-actualites\/arreter-de-fumer-rend-douillet-du-moins-au-debut#primaryimage"},"thumbnailUrl":"https:\/\/static.africa-press.net\/senegal\/sites\/13\/2025\/12\/sm_1765521091.038517.jpg","datePublished":"2025-12-11T12:00:00+00:00","dateModified":"2025-12-11T22:34:53+00:00","author":{"@id":"https:\/\/www.africa-press.net\/senegal\/#\/schema\/person\/2b1cf3cd81a31e3cd26889ca66d677f1"},"description":"Depuis une quinzaine d\u2019anne\u0301es, plusieurs e\u0301tudes avaient montre\u0301 que les personnes ayant arre\u0302te\u0301 de fumer avant une op ...","breadcrumb":{"@id":"https:\/\/www.africa-press.net\/senegal\/toutes-les-actualites\/arreter-de-fumer-rend-douillet-du-moins-au-debut#breadcrumb"},"inLanguage":"fr-FR","potentialAction":[{"@type":"ReadAction","target":["https:\/\/www.africa-press.net\/senegal\/toutes-les-actualites\/arreter-de-fumer-rend-douillet-du-moins-au-debut"]}]},{"@type":"ImageObject","inLanguage":"fr-FR","@id":"https:\/\/www.africa-press.net\/senegal\/toutes-les-actualites\/arreter-de-fumer-rend-douillet-du-moins-au-debut#primaryimage","url":"https:\/\/static.africa-press.net\/senegal\/sites\/13\/2025\/12\/sm_1765521091.038517.jpg","contentUrl":"https:\/\/static.africa-press.net\/senegal\/sites\/13\/2025\/12\/sm_1765521091.038517.jpg","width":1200,"height":900,"caption":"Arr\u00eater de Fumer Rend Douillet (Du Moins au D\u00e9but)"},{"@type":"BreadcrumbList","@id":"https:\/\/www.africa-press.net\/senegal\/toutes-les-actualites\/arreter-de-fumer-rend-douillet-du-moins-au-debut#breadcrumb","itemListElement":[{"@type":"ListItem","position":1,"name":"Accueil","item":"https:\/\/www.africa-press.net\/senegal\/"},{"@type":"ListItem","position":2,"name":"Arr\u00eater de Fumer Rend Douillet (Du Moins au D\u00e9but)"}]},{"@type":"WebSite","@id":"https:\/\/www.africa-press.net\/senegal\/#website","url":"https:\/\/www.africa-press.net\/senegal\/","name":"Africa Press | Senegal | Homepage","description":"Just another Africa News Agency Sites site","potentialAction":[{"@type":"SearchAction","target":{"@type":"EntryPoint","urlTemplate":"https:\/\/www.africa-press.net\/senegal\/?s={search_term_string}"},"query-input":{"@type":"PropertyValueSpecification","valueRequired":true,"valueName":"search_term_string"}}],"inLanguage":"fr-FR"},{"@type":"Person","@id":"https:\/\/www.africa-press.net\/senegal\/#\/schema\/person\/2b1cf3cd81a31e3cd26889ca66d677f1","name":"cfeditorfr","url":"https:\/\/www.africa-press.net\/senegal\/author\/cfeditorfr"}]}},"_links":{"self":[{"href":"https:\/\/www.africa-press.net\/senegal\/wp-json\/wp\/v2\/posts\/73349","targetHints":{"allow":["GET"]}}],"collection":[{"href":"https:\/\/www.africa-press.net\/senegal\/wp-json\/wp\/v2\/posts"}],"about":[{"href":"https:\/\/www.africa-press.net\/senegal\/wp-json\/wp\/v2\/types\/post"}],"author":[{"embeddable":true,"href":"https:\/\/www.africa-press.net\/senegal\/wp-json\/wp\/v2\/users\/82"}],"replies":[{"embeddable":true,"href":"https:\/\/www.africa-press.net\/senegal\/wp-json\/wp\/v2\/comments?post=73349"}],"version-history":[{"count":0,"href":"https:\/\/www.africa-press.net\/senegal\/wp-json\/wp\/v2\/posts\/73349\/revisions"}],"wp:featuredmedia":[{"embeddable":true,"href":"https:\/\/www.africa-press.net\/senegal\/wp-json\/wp\/v2\/media\/73348"}],"wp:attachment":[{"href":"https:\/\/www.africa-press.net\/senegal\/wp-json\/wp\/v2\/media?parent=73349"}],"wp:term":[{"taxonomy":"category","embeddable":true,"href":"https:\/\/www.africa-press.net\/senegal\/wp-json\/wp\/v2\/categories?post=73349"},{"taxonomy":"post_tag","embeddable":true,"href":"https:\/\/www.africa-press.net\/senegal\/wp-json\/wp\/v2\/tags?post=73349"}],"curies":[{"name":"wp","href":"https:\/\/api.w.org\/{rel}","templated":true}]}}