{"id":73364,"date":"2025-12-11T14:00:00","date_gmt":"2025-12-11T14:00:00","guid":{"rendered":"https:\/\/www.africa-press.net\/senegal\/politique\/fdr-alerte-sur-crise-au-sommet-de-letat"},"modified":"2025-12-11T23:44:26","modified_gmt":"2025-12-11T23:44:26","slug":"fdr-alerte-sur-crise-au-sommet-de-letat","status":"publish","type":"post","link":"https:\/\/www.africa-press.net\/senegal\/parties\/fdr-alerte-sur-crise-au-sommet-de-letat","title":{"rendered":"FDR Alerte sur Crise au Sommet de L&rsquo;\u00c9tat"},"content":{"rendered":"<p><span style=\"color: #ff6600\"><strong>Africa-Press &#8211; Senegal. <\/strong><\/span>A\u0300 l\u2019issue de la rencontre de sa confe\u0301rence des leaders, tenue mercredi 10 de\u0301cembre 2025 au sie\u0300ge de Taxawu Se\u0301ne\u0301gal, le Front pour la De\u0301mocratie et la Re\u0301publique (FDR) a rendu publique une de\u0301claration dans laquelle il dresse un tableau tre\u0300s sombre de la situation nationale. Le parti annonce e\u0301galement une intensification de son plan d\u2019actions de\u0300s la semaine prochaine.<\/p>\n<p>Selon le communique\u0301, le FDR pre\u0301voit un de\u0301ploiement national dans toutes les re\u0301gions afin \u00ab d&rsquo;organiser la mobilisation populaire pour mettre un terme aux choix destructeurs par lesquels le re\u0301gime du PASTEF est en train de faire reculer le Se\u0301ne\u0301gal sur pratiquement tous les plans \u00bb.<\/p>\n<p>Le frond estime qu\u2019aucune autre option n\u2019est envisageable pour contenir ce qu\u2019il conside\u0300re comme une crise institutionnelle majeure: \u00ab Il devient impe\u0301ratif que cette mobilisation s&rsquo;organise et s&rsquo;intensifie sans de\u0301lai, pre\u0301cise\u0301ment parce qu\u2019aucune autre alternative n&rsquo;existe pour empe\u0302cher que la crise au sommet de l&rsquo;E\u0301tat ne de\u0301ge\u0301ne\u0300re \u00bb.<\/p>\n<p><b>Une confrontation au sommet de l\u2019exe\u0301cutif<\/b><\/p>\n<p>Le FDR de\u0301nonce ce qu\u2019il de\u0301crit comme une \u201cconfrontation ste\u0301rile\u201d entre \u00ab deux camps, retranche\u0301s a\u0300 la Pre\u0301sidence et a\u0300 la Primature \u00bb, une situation qui, selon lui, menace la stabilite\u0301 des institutions.<\/p>\n<p>Le parti parle me\u0302me d\u2019une \u201ctragi-come\u0301die\u201d qui illustrerait \u00ab l\u2019e\u0301chec pre\u0301coce d\u2019un re\u0301gime populiste de\u0301pourvu d&rsquo;ambition et de perspectives claires \u00bb.<\/p>\n<p><b>Des difficulte\u0301s e\u0301conomiques aggrave\u0301es<\/b><\/p>\n<p>Sur le plan e\u0301conomique, la de\u0301claration e\u0301voque une \u201cchute vertigineuse\u201d de l\u2019e\u0301conomie nationale. Le FDR accuse l\u2019E\u0301tat d\u2019e\u0302tre \u00ab incapable de s&rsquo;acquitter de ses obligations les plus fondamentales \u00bb, citant notamment le retard dans le paiement des bourses e\u0301tudiantes et des factures dues aux entreprises de BTP.<\/p>\n<p>Dans le me\u0302me registre, la formation politique de\u0301nonce \u00ab l\u2019affichage ostentatoire des richesses \u00bb de certains dignitaires, mentionnant des \u00ab voyages en jet prive\u0301 \u00bb et des \u00ab ve\u0301hicules de luxe \u00bb. Le FDR e\u0301voque e\u0301galement le cas d\u2019un ministre ayant reconnu avoir de\u0301tourne\u0301 des fonds sociaux au profit de membres de son parti, un acte reste\u0301 selon eux \u00ab dans une impunite\u0301 totale \u00bb.<\/p>\n<p><b>Arachide, souverainete\u0301 alimentaire et e\u0301migration clandestine<\/b><\/p>\n<p>Le communique\u0301 s\u2019attarde aussi sur les difficulte\u0301s de la campagne arachidie\u0300re, paralyse\u0301e selon le FDR par l\u2019incapacite\u0301 de l\u2019E\u0301tat a\u0300 payer ses dettes envers les ope\u0301rateurs prive\u0301s stockeurs. Cette situation pousserait les producteurs a\u0300 \u00ab un bradage des re\u0301coltes \u00bb.<\/p>\n<p>Sur le plan de la se\u0301curite\u0301 alimentaire, le parti note une forte hausse des importations de ce\u0301re\u0301ales: \u00ab 2.741.400 tonnes en 2024 et 2.323.625 tonnes de\u0300s septembre 2025 \u00bb, des chiffres en nette hausse par rapport a\u0300 2023.<\/p>\n<p>Dans le me\u0302me temps, le FDR affirme que des centaines de jeunes continuent de prendre la mer \u00ab dans l&rsquo;e\u0301migration pe\u0301rilleuse par pirogues \u00bb.<\/p>\n<p><b>Gre\u0300ves, tension sociale et prix de l\u2019e\u0301nergie<\/b><\/p>\n<p>Le parti rappelle que les e\u0301tudiants universitaires sont en gre\u0300ve depuis plusieurs semaines, confronte\u0301s a\u0300 la fois au non-paiement de leurs bourses, a\u0300 la re\u0301pression policie\u0300re et aux \u00ab rodomontades du Premier ministre \u00bb. Il pre\u0301vient e\u0301galement de l\u2019imminence d\u2019autres mouvements sociaux dans l\u2019e\u0301ducation, la sante\u0301 ou l\u2019administration.<\/p>\n<p>Concernant les prix de l\u2019e\u0301nergie, le FDR juge de\u0301risoire la baisse re\u0301cemment annonce\u0301e, estimant qu\u2019il s\u2019agit d\u2019une mesure \u00ab superficielle et propagandiste \u00bb. Il s\u2019interroge notamment sur les prix e\u0301leve\u0301s du carburant, alors que \u00ab le prix du baril est tombe\u0301 dans la fourchette de 60 a\u0300 65 dollars depuis 2024 \u00bb. Le parti compare e\u0301galement le prix du super au Se\u0301ne\u0301gal (920 F) a\u0300 celui de la Co\u0302te d\u2019Ivoire (820 F).<\/p>\n<p><b>Un appel a\u0300 une synergie nationale<\/b><\/p>\n<p>Face a\u0300 ce tableau, le FDR juge la situation \u201cde\u0301le\u0301te\u0300re\u201d et appelle a\u0300 une action collective urgente: \u00ab Il est impe\u0301ratif d&rsquo;agir sans tarder pour pre\u0301server le Se\u0301ne\u0301gal de cette catastrophe que tous voient venir \u00bb.<\/p>\n<p>Le parti invite ainsi \u00ab tous les partis d&rsquo;opposition et toutes les forces vives de la Nation \u00bb a\u0300 s\u2019unir pour \u00ab en finir au plus to\u0302t avec ce re\u0301gime malfaisant du PASTEF \u00bb.<\/p>\n<p><strong>Pour plus d&rsquo;informations et d&rsquo;analyses sur la <span style=\"color: #ff6600\">Senegal<\/span>, suivez <span style=\"color: #ff6600\">Africa-Press<\/span><\/strong><\/p>\n","protected":false},"excerpt":{"rendered":"<p>Africa-Press &#8211; Senegal. A\u0300 l\u2019issue de la rencontre de sa confe\u0301rence des leaders, tenue mercredi 10 de\u0301cembre 2025 au sie\u0300ge de Taxawu Se\u0301ne\u0301gal, le Front pour la De\u0301mocratie et la Re\u0301publique (FDR) a rendu publique une de\u0301claration dans laquelle il dresse un tableau tre\u0300s sombre de la situation nationale. Le parti annonce e\u0301galement une intensification [&hellip;]<\/p>\n","protected":false},"author":82,"featured_media":73363,"comment_status":"open","ping_status":"closed","sticky":false,"template":"","format":"standard","meta":{"footnotes":""},"categories":[4,20,10],"tags":[44],"class_list":["post-73364","post","type-post","status-publish","format-standard","has-post-thumbnail","hentry","category-parties","category-top-nouvelles","category-toutes-les-actualites","tag-senegal-2"],"yoast_head":"<!-- This site is optimized with the Yoast SEO Premium plugin v26.1 (Yoast SEO v27.0) - https:\/\/yoast.com\/product\/yoast-seo-premium-wordpress\/ -->\n<title>FDR Alerte sur Crise au Sommet de L&#039;\u00c9tat - Senegal<\/title>\n<meta name=\"description\" content=\"A\u0300 l\u2019issue de la rencontre de sa confe\u0301rence des leaders, tenue mercredi 10 de\u0301cembre 2025 au sie\u0300ge de Taxawu Se\u0301ne\u0301gal ...\" \/>\n<meta name=\"robots\" content=\"index, follow, max-snippet:-1, max-image-preview:large, max-video-preview:-1\" \/>\n<link rel=\"canonical\" href=\"https:\/\/www.africa-press.net\/senegal\/parties\/fdr-alerte-sur-crise-au-sommet-de-letat\" \/>\n<meta property=\"og:locale\" content=\"fr_FR\" \/>\n<meta property=\"og:type\" content=\"article\" \/>\n<meta property=\"og:title\" content=\"FDR Alerte sur Crise au Sommet de L&#039;\u00c9tat\" \/>\n<meta property=\"og:description\" content=\"A\u0300 l\u2019issue de la rencontre de sa confe\u0301rence des leaders, tenue mercredi 10 de\u0301cembre 2025 au sie\u0300ge de Taxawu Se\u0301ne\u0301gal ...\" \/>\n<meta property=\"og:url\" content=\"https:\/\/www.africa-press.net\/senegal\/parties\/fdr-alerte-sur-crise-au-sommet-de-letat\" \/>\n<meta property=\"og:site_name\" content=\"Senegal\" \/>\n<meta property=\"article:published_time\" content=\"2025-12-11T14:00:00+00:00\" \/>\n<meta property=\"article:modified_time\" content=\"2025-12-11T23:44:26+00:00\" \/>\n<meta property=\"og:image\" content=\"https:\/\/static.africa-press.net\/senegal\/sites\/13\/2025\/12\/sm_1765525246.586048.jpg\" \/>\n\t<meta property=\"og:image:width\" content=\"1280\" \/>\n\t<meta property=\"og:image:height\" content=\"720\" \/>\n\t<meta property=\"og:image:type\" content=\"image\/jpeg\" \/>\n<meta name=\"author\" content=\"cfeditorfr\" \/>\n<meta name=\"twitter:card\" content=\"summary_large_image\" \/>\n<meta name=\"twitter:label1\" content=\"\u00c9crit par\" \/>\n\t<meta name=\"twitter:data1\" content=\"cfeditorfr\" \/>\n\t<meta name=\"twitter:label2\" content=\"Dur\u00e9e de lecture estim\u00e9e\" \/>\n\t<meta name=\"twitter:data2\" content=\"4 minutes\" \/>\n<script type=\"application\/ld+json\" class=\"yoast-schema-graph\">{\"@context\":\"https:\/\/schema.org\",\"@graph\":[{\"@type\":\"Article\",\"@id\":\"https:\/\/www.africa-press.net\/senegal\/parties\/fdr-alerte-sur-crise-au-sommet-de-letat#article\",\"isPartOf\":{\"@id\":\"https:\/\/www.africa-press.net\/senegal\/parties\/fdr-alerte-sur-crise-au-sommet-de-letat\"},\"author\":{\"name\":\"cfeditorfr\",\"@id\":\"https:\/\/www.africa-press.net\/senegal\/#\/schema\/person\/2b1cf3cd81a31e3cd26889ca66d677f1\"},\"headline\":\"FDR Alerte sur Crise au Sommet de L&rsquo;\u00c9tat\",\"datePublished\":\"2025-12-11T14:00:00+00:00\",\"dateModified\":\"2025-12-11T23:44:26+00:00\",\"mainEntityOfPage\":{\"@id\":\"https:\/\/www.africa-press.net\/senegal\/parties\/fdr-alerte-sur-crise-au-sommet-de-letat\"},\"wordCount\":757,\"commentCount\":0,\"image\":{\"@id\":\"https:\/\/www.africa-press.net\/senegal\/parties\/fdr-alerte-sur-crise-au-sommet-de-letat#primaryimage\"},\"thumbnailUrl\":\"https:\/\/static.africa-press.net\/senegal\/sites\/13\/2025\/12\/sm_1765525246.586048.jpg\",\"keywords\":[\"Senegal\"],\"articleSection\":[\"Parties\",\"Top Nouvelles\",\"Toutes les actualit\u00e9s\"],\"inLanguage\":\"fr-FR\",\"potentialAction\":[{\"@type\":\"CommentAction\",\"name\":\"Comment\",\"target\":[\"https:\/\/www.africa-press.net\/senegal\/parties\/fdr-alerte-sur-crise-au-sommet-de-letat#respond\"]}]},{\"@type\":\"WebPage\",\"@id\":\"https:\/\/www.africa-press.net\/senegal\/parties\/fdr-alerte-sur-crise-au-sommet-de-letat\",\"url\":\"https:\/\/www.africa-press.net\/senegal\/parties\/fdr-alerte-sur-crise-au-sommet-de-letat\",\"name\":\"FDR Alerte sur Crise au Sommet de L'\u00c9tat - Senegal\",\"isPartOf\":{\"@id\":\"https:\/\/www.africa-press.net\/senegal\/#website\"},\"primaryImageOfPage\":{\"@id\":\"https:\/\/www.africa-press.net\/senegal\/parties\/fdr-alerte-sur-crise-au-sommet-de-letat#primaryimage\"},\"image\":{\"@id\":\"https:\/\/www.africa-press.net\/senegal\/parties\/fdr-alerte-sur-crise-au-sommet-de-letat#primaryimage\"},\"thumbnailUrl\":\"https:\/\/static.africa-press.net\/senegal\/sites\/13\/2025\/12\/sm_1765525246.586048.jpg\",\"datePublished\":\"2025-12-11T14:00:00+00:00\",\"dateModified\":\"2025-12-11T23:44:26+00:00\",\"author\":{\"@id\":\"https:\/\/www.africa-press.net\/senegal\/#\/schema\/person\/2b1cf3cd81a31e3cd26889ca66d677f1\"},\"description\":\"A\u0300 l\u2019issue de la rencontre de sa confe\u0301rence des leaders, tenue mercredi 10 de\u0301cembre 2025 au sie\u0300ge de Taxawu Se\u0301ne\u0301gal ...\",\"breadcrumb\":{\"@id\":\"https:\/\/www.africa-press.net\/senegal\/parties\/fdr-alerte-sur-crise-au-sommet-de-letat#breadcrumb\"},\"inLanguage\":\"fr-FR\",\"potentialAction\":[{\"@type\":\"ReadAction\",\"target\":[\"https:\/\/www.africa-press.net\/senegal\/parties\/fdr-alerte-sur-crise-au-sommet-de-letat\"]}]},{\"@type\":\"ImageObject\",\"inLanguage\":\"fr-FR\",\"@id\":\"https:\/\/www.africa-press.net\/senegal\/parties\/fdr-alerte-sur-crise-au-sommet-de-letat#primaryimage\",\"url\":\"https:\/\/static.africa-press.net\/senegal\/sites\/13\/2025\/12\/sm_1765525246.586048.jpg\",\"contentUrl\":\"https:\/\/static.africa-press.net\/senegal\/sites\/13\/2025\/12\/sm_1765525246.586048.jpg\",\"width\":1280,\"height\":720,\"caption\":\"FDR Alerte sur Crise au Sommet de L'\u00c9tat\"},{\"@type\":\"BreadcrumbList\",\"@id\":\"https:\/\/www.africa-press.net\/senegal\/parties\/fdr-alerte-sur-crise-au-sommet-de-letat#breadcrumb\",\"itemListElement\":[{\"@type\":\"ListItem\",\"position\":1,\"name\":\"Accueil\",\"item\":\"https:\/\/www.africa-press.net\/senegal\/\"},{\"@type\":\"ListItem\",\"position\":2,\"name\":\"FDR Alerte sur Crise au Sommet de L&#8217;\u00c9tat\"}]},{\"@type\":\"WebSite\",\"@id\":\"https:\/\/www.africa-press.net\/senegal\/#website\",\"url\":\"https:\/\/www.africa-press.net\/senegal\/\",\"name\":\"Africa Press | Senegal | Homepage\",\"description\":\"Just another Africa News Agency Sites site\",\"potentialAction\":[{\"@type\":\"SearchAction\",\"target\":{\"@type\":\"EntryPoint\",\"urlTemplate\":\"https:\/\/www.africa-press.net\/senegal\/?s={search_term_string}\"},\"query-input\":{\"@type\":\"PropertyValueSpecification\",\"valueRequired\":true,\"valueName\":\"search_term_string\"}}],\"inLanguage\":\"fr-FR\"},{\"@type\":\"Person\",\"@id\":\"https:\/\/www.africa-press.net\/senegal\/#\/schema\/person\/2b1cf3cd81a31e3cd26889ca66d677f1\",\"name\":\"cfeditorfr\",\"url\":\"https:\/\/www.africa-press.net\/senegal\/author\/cfeditorfr\"}]}<\/script>\n<!-- \/ Yoast SEO Premium plugin. -->","yoast_head_json":{"title":"FDR Alerte sur Crise au Sommet de L'\u00c9tat - Senegal","description":"A\u0300 l\u2019issue de la rencontre de sa confe\u0301rence des leaders, tenue mercredi 10 de\u0301cembre 2025 au sie\u0300ge de Taxawu Se\u0301ne\u0301gal ...","robots":{"index":"index","follow":"follow","max-snippet":"max-snippet:-1","max-image-preview":"max-image-preview:large","max-video-preview":"max-video-preview:-1"},"canonical":"https:\/\/www.africa-press.net\/senegal\/parties\/fdr-alerte-sur-crise-au-sommet-de-letat","og_locale":"fr_FR","og_type":"article","og_title":"FDR Alerte sur Crise au Sommet de L'\u00c9tat","og_description":"A\u0300 l\u2019issue de la rencontre de sa confe\u0301rence des leaders, tenue mercredi 10 de\u0301cembre 2025 au sie\u0300ge de Taxawu Se\u0301ne\u0301gal ...","og_url":"https:\/\/www.africa-press.net\/senegal\/parties\/fdr-alerte-sur-crise-au-sommet-de-letat","og_site_name":"Senegal","article_published_time":"2025-12-11T14:00:00+00:00","article_modified_time":"2025-12-11T23:44:26+00:00","og_image":[{"width":1280,"height":720,"url":"https:\/\/static.africa-press.net\/senegal\/sites\/13\/2025\/12\/sm_1765525246.586048.jpg","type":"image\/jpeg"}],"author":"cfeditorfr","twitter_card":"summary_large_image","twitter_misc":{"\u00c9crit par":"cfeditorfr","Dur\u00e9e de lecture estim\u00e9e":"4 minutes"},"schema":{"@context":"https:\/\/schema.org","@graph":[{"@type":"Article","@id":"https:\/\/www.africa-press.net\/senegal\/parties\/fdr-alerte-sur-crise-au-sommet-de-letat#article","isPartOf":{"@id":"https:\/\/www.africa-press.net\/senegal\/parties\/fdr-alerte-sur-crise-au-sommet-de-letat"},"author":{"name":"cfeditorfr","@id":"https:\/\/www.africa-press.net\/senegal\/#\/schema\/person\/2b1cf3cd81a31e3cd26889ca66d677f1"},"headline":"FDR Alerte sur Crise au Sommet de L&rsquo;\u00c9tat","datePublished":"2025-12-11T14:00:00+00:00","dateModified":"2025-12-11T23:44:26+00:00","mainEntityOfPage":{"@id":"https:\/\/www.africa-press.net\/senegal\/parties\/fdr-alerte-sur-crise-au-sommet-de-letat"},"wordCount":757,"commentCount":0,"image":{"@id":"https:\/\/www.africa-press.net\/senegal\/parties\/fdr-alerte-sur-crise-au-sommet-de-letat#primaryimage"},"thumbnailUrl":"https:\/\/static.africa-press.net\/senegal\/sites\/13\/2025\/12\/sm_1765525246.586048.jpg","keywords":["Senegal"],"articleSection":["Parties","Top Nouvelles","Toutes les actualit\u00e9s"],"inLanguage":"fr-FR","potentialAction":[{"@type":"CommentAction","name":"Comment","target":["https:\/\/www.africa-press.net\/senegal\/parties\/fdr-alerte-sur-crise-au-sommet-de-letat#respond"]}]},{"@type":"WebPage","@id":"https:\/\/www.africa-press.net\/senegal\/parties\/fdr-alerte-sur-crise-au-sommet-de-letat","url":"https:\/\/www.africa-press.net\/senegal\/parties\/fdr-alerte-sur-crise-au-sommet-de-letat","name":"FDR Alerte sur Crise au Sommet de L'\u00c9tat - Senegal","isPartOf":{"@id":"https:\/\/www.africa-press.net\/senegal\/#website"},"primaryImageOfPage":{"@id":"https:\/\/www.africa-press.net\/senegal\/parties\/fdr-alerte-sur-crise-au-sommet-de-letat#primaryimage"},"image":{"@id":"https:\/\/www.africa-press.net\/senegal\/parties\/fdr-alerte-sur-crise-au-sommet-de-letat#primaryimage"},"thumbnailUrl":"https:\/\/static.africa-press.net\/senegal\/sites\/13\/2025\/12\/sm_1765525246.586048.jpg","datePublished":"2025-12-11T14:00:00+00:00","dateModified":"2025-12-11T23:44:26+00:00","author":{"@id":"https:\/\/www.africa-press.net\/senegal\/#\/schema\/person\/2b1cf3cd81a31e3cd26889ca66d677f1"},"description":"A\u0300 l\u2019issue de la rencontre de sa confe\u0301rence des leaders, tenue mercredi 10 de\u0301cembre 2025 au sie\u0300ge de Taxawu Se\u0301ne\u0301gal ...","breadcrumb":{"@id":"https:\/\/www.africa-press.net\/senegal\/parties\/fdr-alerte-sur-crise-au-sommet-de-letat#breadcrumb"},"inLanguage":"fr-FR","potentialAction":[{"@type":"ReadAction","target":["https:\/\/www.africa-press.net\/senegal\/parties\/fdr-alerte-sur-crise-au-sommet-de-letat"]}]},{"@type":"ImageObject","inLanguage":"fr-FR","@id":"https:\/\/www.africa-press.net\/senegal\/parties\/fdr-alerte-sur-crise-au-sommet-de-letat#primaryimage","url":"https:\/\/static.africa-press.net\/senegal\/sites\/13\/2025\/12\/sm_1765525246.586048.jpg","contentUrl":"https:\/\/static.africa-press.net\/senegal\/sites\/13\/2025\/12\/sm_1765525246.586048.jpg","width":1280,"height":720,"caption":"FDR Alerte sur Crise au Sommet de L'\u00c9tat"},{"@type":"BreadcrumbList","@id":"https:\/\/www.africa-press.net\/senegal\/parties\/fdr-alerte-sur-crise-au-sommet-de-letat#breadcrumb","itemListElement":[{"@type":"ListItem","position":1,"name":"Accueil","item":"https:\/\/www.africa-press.net\/senegal\/"},{"@type":"ListItem","position":2,"name":"FDR Alerte sur Crise au Sommet de L&#8217;\u00c9tat"}]},{"@type":"WebSite","@id":"https:\/\/www.africa-press.net\/senegal\/#website","url":"https:\/\/www.africa-press.net\/senegal\/","name":"Africa Press | Senegal | Homepage","description":"Just another Africa News Agency Sites site","potentialAction":[{"@type":"SearchAction","target":{"@type":"EntryPoint","urlTemplate":"https:\/\/www.africa-press.net\/senegal\/?s={search_term_string}"},"query-input":{"@type":"PropertyValueSpecification","valueRequired":true,"valueName":"search_term_string"}}],"inLanguage":"fr-FR"},{"@type":"Person","@id":"https:\/\/www.africa-press.net\/senegal\/#\/schema\/person\/2b1cf3cd81a31e3cd26889ca66d677f1","name":"cfeditorfr","url":"https:\/\/www.africa-press.net\/senegal\/author\/cfeditorfr"}]}},"_links":{"self":[{"href":"https:\/\/www.africa-press.net\/senegal\/wp-json\/wp\/v2\/posts\/73364","targetHints":{"allow":["GET"]}}],"collection":[{"href":"https:\/\/www.africa-press.net\/senegal\/wp-json\/wp\/v2\/posts"}],"about":[{"href":"https:\/\/www.africa-press.net\/senegal\/wp-json\/wp\/v2\/types\/post"}],"author":[{"embeddable":true,"href":"https:\/\/www.africa-press.net\/senegal\/wp-json\/wp\/v2\/users\/82"}],"replies":[{"embeddable":true,"href":"https:\/\/www.africa-press.net\/senegal\/wp-json\/wp\/v2\/comments?post=73364"}],"version-history":[{"count":0,"href":"https:\/\/www.africa-press.net\/senegal\/wp-json\/wp\/v2\/posts\/73364\/revisions"}],"wp:featuredmedia":[{"embeddable":true,"href":"https:\/\/www.africa-press.net\/senegal\/wp-json\/wp\/v2\/media\/73363"}],"wp:attachment":[{"href":"https:\/\/www.africa-press.net\/senegal\/wp-json\/wp\/v2\/media?parent=73364"}],"wp:term":[{"taxonomy":"category","embeddable":true,"href":"https:\/\/www.africa-press.net\/senegal\/wp-json\/wp\/v2\/categories?post=73364"},{"taxonomy":"post_tag","embeddable":true,"href":"https:\/\/www.africa-press.net\/senegal\/wp-json\/wp\/v2\/tags?post=73364"}],"curies":[{"name":"wp","href":"https:\/\/api.w.org\/{rel}","templated":true}]}}