{"id":73366,"date":"2025-12-11T12:10:00","date_gmt":"2025-12-11T12:10:00","guid":{"rendered":"https:\/\/www.africa-press.net\/senegal\/politique\/sonko-classe-parmi-les-20-personnalites-influentes"},"modified":"2025-12-11T23:44:43","modified_gmt":"2025-12-11T23:44:43","slug":"sonko-classe-parmi-les-20-personnalites-influentes","status":"publish","type":"post","link":"https:\/\/www.africa-press.net\/senegal\/politique\/sonko-classe-parmi-les-20-personnalites-influentes","title":{"rendered":"Sonko Class\u00e9 parmi les 20 Personnalit\u00e9s Influentes"},"content":{"rendered":"<p><span style=\"color: #ff6600\"><strong>Africa-Press &#8211; Senegal. <\/strong><\/span>Le leader de Pastef, actuel premier ministre du Se\u0301ne\u0301gal, est classe\u0301 parmi les 20 personnalite\u0301s les plus influentes au monde. Selon un ouvrage intitule\u0301 \u2018\u2019les mai\u0302tres du monde\u2019\u2019 et coordonne\u0301 par Pascal Boniface, fondateur et directeur de l\u2019Institut de Relations Internationales et Strate\u0301giques (IRIS), Sonko sie\u0300ge au co\u0302te\u0301 de Donald Trump, Elon Musk et Vladimir Poutine.<\/p>\n<p>Interroge\u0301 par Kirinapost (et repris par Iris), Pascal Boniface justifie ce classement par ce qui suit: \u00ab Le cas d\u2019Ousmane Sonko est particulie\u0300rement inte\u0301ressant parce qu\u2019il tient un discours d\u2019inde\u0301pendance nationale re\u0301elle et qui n\u2019est pas le masque d\u2019un coup d\u2019E\u0301tat militaire, comme cela a pu e\u0302tre le cas dans certains E\u0301tats d\u2019Afrique de l\u2019Ouest.<\/p>\n<p>Sa popularite\u0301 est ave\u0301re\u0301e au sein de la population se\u0301ne\u0301galaise, et au-dela\u0300, il marque une nouvelle voix pour rede\u0301finir les relations du Se\u0301ne\u0301gal avec la France qui sort a\u0300 la fois des relations de cliente\u0301lisme traditionnelles, mais e\u0301galement des affrontements ste\u0301riles. Il peut re\u0301ellement e\u0302tre un \u00ab\u00a0game changer\u00a0\u00bb.<\/p>\n<p>Son discours sur la souverainete\u0301 correspond a\u0300 la fois a\u0300 ses convictions profondes, mais aussi aux aspirations de sa population, notamment de la jeunesse. Il ne refle\u0300te pas, comme dans d\u2019autres cas, la soif d\u2019un pouvoir personnel ou ne constitue pas une fac\u0327on facile de de\u0301tourner l\u2019attention sur les proble\u0300mes re\u0301els que peut rencontrer un pays \u00bb.<\/p>\n<p><strong>Pour plus d&rsquo;informations et d&rsquo;analyses sur la <span style=\"color: #ff6600\">Senegal<\/span>, suivez <span style=\"color: #ff6600\">Africa-Press<\/span><\/strong><\/p>\n","protected":false},"excerpt":{"rendered":"<p>Africa-Press &#8211; Senegal. Le leader de Pastef, actuel premier ministre du Se\u0301ne\u0301gal, est classe\u0301 parmi les 20 personnalite\u0301s les plus influentes au monde. Selon un ouvrage intitule\u0301 \u2018\u2019les mai\u0302tres du monde\u2019\u2019 et coordonne\u0301 par Pascal Boniface, fondateur et directeur de l\u2019Institut de Relations Internationales et Strate\u0301giques (IRIS), Sonko sie\u0300ge au co\u0302te\u0301 de Donald Trump, Elon [&hellip;]<\/p>\n","protected":false},"author":82,"featured_media":73365,"comment_status":"open","ping_status":"closed","sticky":false,"template":"","format":"standard","meta":{"footnotes":""},"categories":[2,10],"tags":[44],"class_list":["post-73366","post","type-post","status-publish","format-standard","has-post-thumbnail","hentry","category-politique","category-toutes-les-actualites","tag-senegal-2"],"yoast_head":"<!-- This site is optimized with the Yoast SEO Premium plugin v26.1 (Yoast SEO v27.0) - https:\/\/yoast.com\/product\/yoast-seo-premium-wordpress\/ -->\n<title>Sonko Class\u00e9 parmi les 20 Personnalit\u00e9s Influentes - Senegal<\/title>\n<meta name=\"description\" content=\"Le leader de Pastef, actuel premier ministre du Se\u0301ne\u0301gal, est classe\u0301 parmi les 20 personnalite\u0301s les plus influentes a ...\" \/>\n<meta name=\"robots\" content=\"index, follow, max-snippet:-1, max-image-preview:large, max-video-preview:-1\" \/>\n<link rel=\"canonical\" href=\"https:\/\/www.africa-press.net\/senegal\/politique\/sonko-classe-parmi-les-20-personnalites-influentes\" \/>\n<meta property=\"og:locale\" content=\"fr_FR\" \/>\n<meta property=\"og:type\" content=\"article\" \/>\n<meta property=\"og:title\" content=\"Sonko Class\u00e9 parmi les 20 Personnalit\u00e9s Influentes\" \/>\n<meta property=\"og:description\" content=\"Le leader de Pastef, actuel premier ministre du Se\u0301ne\u0301gal, est classe\u0301 parmi les 20 personnalite\u0301s les plus influentes a ...\" \/>\n<meta property=\"og:url\" content=\"https:\/\/www.africa-press.net\/senegal\/politique\/sonko-classe-parmi-les-20-personnalites-influentes\" \/>\n<meta property=\"og:site_name\" content=\"Senegal\" \/>\n<meta property=\"article:published_time\" content=\"2025-12-11T12:10:00+00:00\" \/>\n<meta property=\"article:modified_time\" content=\"2025-12-11T23:44:43+00:00\" \/>\n<meta property=\"og:image\" content=\"https:\/\/static.africa-press.net\/senegal\/sites\/13\/2025\/12\/sm_1765525259.499617.jpg\" \/>\n\t<meta property=\"og:image:width\" content=\"1280\" \/>\n\t<meta property=\"og:image:height\" content=\"720\" \/>\n\t<meta property=\"og:image:type\" content=\"image\/jpeg\" \/>\n<meta name=\"author\" content=\"cfeditorfr\" \/>\n<meta name=\"twitter:card\" content=\"summary_large_image\" \/>\n<meta name=\"twitter:label1\" content=\"\u00c9crit par\" \/>\n\t<meta name=\"twitter:data1\" content=\"cfeditorfr\" \/>\n\t<meta name=\"twitter:label2\" content=\"Dur\u00e9e de lecture estim\u00e9e\" \/>\n\t<meta name=\"twitter:data2\" content=\"1 minute\" \/>\n<script type=\"application\/ld+json\" class=\"yoast-schema-graph\">{\"@context\":\"https:\/\/schema.org\",\"@graph\":[{\"@type\":\"Article\",\"@id\":\"https:\/\/www.africa-press.net\/senegal\/politique\/sonko-classe-parmi-les-20-personnalites-influentes#article\",\"isPartOf\":{\"@id\":\"https:\/\/www.africa-press.net\/senegal\/politique\/sonko-classe-parmi-les-20-personnalites-influentes\"},\"author\":{\"name\":\"cfeditorfr\",\"@id\":\"https:\/\/www.africa-press.net\/senegal\/#\/schema\/person\/2b1cf3cd81a31e3cd26889ca66d677f1\"},\"headline\":\"Sonko Class\u00e9 parmi les 20 Personnalit\u00e9s Influentes\",\"datePublished\":\"2025-12-11T12:10:00+00:00\",\"dateModified\":\"2025-12-11T23:44:43+00:00\",\"mainEntityOfPage\":{\"@id\":\"https:\/\/www.africa-press.net\/senegal\/politique\/sonko-classe-parmi-les-20-personnalites-influentes\"},\"wordCount\":278,\"commentCount\":0,\"image\":{\"@id\":\"https:\/\/www.africa-press.net\/senegal\/politique\/sonko-classe-parmi-les-20-personnalites-influentes#primaryimage\"},\"thumbnailUrl\":\"https:\/\/static.africa-press.net\/senegal\/sites\/13\/2025\/12\/sm_1765525259.499617.jpg\",\"keywords\":[\"Senegal\"],\"articleSection\":[\"Politique\",\"Toutes les actualit\u00e9s\"],\"inLanguage\":\"fr-FR\",\"potentialAction\":[{\"@type\":\"CommentAction\",\"name\":\"Comment\",\"target\":[\"https:\/\/www.africa-press.net\/senegal\/politique\/sonko-classe-parmi-les-20-personnalites-influentes#respond\"]}]},{\"@type\":\"WebPage\",\"@id\":\"https:\/\/www.africa-press.net\/senegal\/politique\/sonko-classe-parmi-les-20-personnalites-influentes\",\"url\":\"https:\/\/www.africa-press.net\/senegal\/politique\/sonko-classe-parmi-les-20-personnalites-influentes\",\"name\":\"Sonko Class\u00e9 parmi les 20 Personnalit\u00e9s Influentes - Senegal\",\"isPartOf\":{\"@id\":\"https:\/\/www.africa-press.net\/senegal\/#website\"},\"primaryImageOfPage\":{\"@id\":\"https:\/\/www.africa-press.net\/senegal\/politique\/sonko-classe-parmi-les-20-personnalites-influentes#primaryimage\"},\"image\":{\"@id\":\"https:\/\/www.africa-press.net\/senegal\/politique\/sonko-classe-parmi-les-20-personnalites-influentes#primaryimage\"},\"thumbnailUrl\":\"https:\/\/static.africa-press.net\/senegal\/sites\/13\/2025\/12\/sm_1765525259.499617.jpg\",\"datePublished\":\"2025-12-11T12:10:00+00:00\",\"dateModified\":\"2025-12-11T23:44:43+00:00\",\"author\":{\"@id\":\"https:\/\/www.africa-press.net\/senegal\/#\/schema\/person\/2b1cf3cd81a31e3cd26889ca66d677f1\"},\"description\":\"Le leader de Pastef, actuel premier ministre du Se\u0301ne\u0301gal, est classe\u0301 parmi les 20 personnalite\u0301s les plus influentes a ...\",\"breadcrumb\":{\"@id\":\"https:\/\/www.africa-press.net\/senegal\/politique\/sonko-classe-parmi-les-20-personnalites-influentes#breadcrumb\"},\"inLanguage\":\"fr-FR\",\"potentialAction\":[{\"@type\":\"ReadAction\",\"target\":[\"https:\/\/www.africa-press.net\/senegal\/politique\/sonko-classe-parmi-les-20-personnalites-influentes\"]}]},{\"@type\":\"ImageObject\",\"inLanguage\":\"fr-FR\",\"@id\":\"https:\/\/www.africa-press.net\/senegal\/politique\/sonko-classe-parmi-les-20-personnalites-influentes#primaryimage\",\"url\":\"https:\/\/static.africa-press.net\/senegal\/sites\/13\/2025\/12\/sm_1765525259.499617.jpg\",\"contentUrl\":\"https:\/\/static.africa-press.net\/senegal\/sites\/13\/2025\/12\/sm_1765525259.499617.jpg\",\"width\":1280,\"height\":720,\"caption\":\"Sonko Class\u00e9 parmi les 20 Personnalit\u00e9s Influentes\"},{\"@type\":\"BreadcrumbList\",\"@id\":\"https:\/\/www.africa-press.net\/senegal\/politique\/sonko-classe-parmi-les-20-personnalites-influentes#breadcrumb\",\"itemListElement\":[{\"@type\":\"ListItem\",\"position\":1,\"name\":\"Accueil\",\"item\":\"https:\/\/www.africa-press.net\/senegal\/\"},{\"@type\":\"ListItem\",\"position\":2,\"name\":\"Sonko Class\u00e9 parmi les 20 Personnalit\u00e9s Influentes\"}]},{\"@type\":\"WebSite\",\"@id\":\"https:\/\/www.africa-press.net\/senegal\/#website\",\"url\":\"https:\/\/www.africa-press.net\/senegal\/\",\"name\":\"Africa Press | Senegal | Homepage\",\"description\":\"Just another Africa News Agency Sites site\",\"potentialAction\":[{\"@type\":\"SearchAction\",\"target\":{\"@type\":\"EntryPoint\",\"urlTemplate\":\"https:\/\/www.africa-press.net\/senegal\/?s={search_term_string}\"},\"query-input\":{\"@type\":\"PropertyValueSpecification\",\"valueRequired\":true,\"valueName\":\"search_term_string\"}}],\"inLanguage\":\"fr-FR\"},{\"@type\":\"Person\",\"@id\":\"https:\/\/www.africa-press.net\/senegal\/#\/schema\/person\/2b1cf3cd81a31e3cd26889ca66d677f1\",\"name\":\"cfeditorfr\",\"url\":\"https:\/\/www.africa-press.net\/senegal\/author\/cfeditorfr\"}]}<\/script>\n<!-- \/ Yoast SEO Premium plugin. -->","yoast_head_json":{"title":"Sonko Class\u00e9 parmi les 20 Personnalit\u00e9s Influentes - Senegal","description":"Le leader de Pastef, actuel premier ministre du Se\u0301ne\u0301gal, est classe\u0301 parmi les 20 personnalite\u0301s les plus influentes a ...","robots":{"index":"index","follow":"follow","max-snippet":"max-snippet:-1","max-image-preview":"max-image-preview:large","max-video-preview":"max-video-preview:-1"},"canonical":"https:\/\/www.africa-press.net\/senegal\/politique\/sonko-classe-parmi-les-20-personnalites-influentes","og_locale":"fr_FR","og_type":"article","og_title":"Sonko Class\u00e9 parmi les 20 Personnalit\u00e9s Influentes","og_description":"Le leader de Pastef, actuel premier ministre du Se\u0301ne\u0301gal, est classe\u0301 parmi les 20 personnalite\u0301s les plus influentes a ...","og_url":"https:\/\/www.africa-press.net\/senegal\/politique\/sonko-classe-parmi-les-20-personnalites-influentes","og_site_name":"Senegal","article_published_time":"2025-12-11T12:10:00+00:00","article_modified_time":"2025-12-11T23:44:43+00:00","og_image":[{"width":1280,"height":720,"url":"https:\/\/static.africa-press.net\/senegal\/sites\/13\/2025\/12\/sm_1765525259.499617.jpg","type":"image\/jpeg"}],"author":"cfeditorfr","twitter_card":"summary_large_image","twitter_misc":{"\u00c9crit par":"cfeditorfr","Dur\u00e9e de lecture estim\u00e9e":"1 minute"},"schema":{"@context":"https:\/\/schema.org","@graph":[{"@type":"Article","@id":"https:\/\/www.africa-press.net\/senegal\/politique\/sonko-classe-parmi-les-20-personnalites-influentes#article","isPartOf":{"@id":"https:\/\/www.africa-press.net\/senegal\/politique\/sonko-classe-parmi-les-20-personnalites-influentes"},"author":{"name":"cfeditorfr","@id":"https:\/\/www.africa-press.net\/senegal\/#\/schema\/person\/2b1cf3cd81a31e3cd26889ca66d677f1"},"headline":"Sonko Class\u00e9 parmi les 20 Personnalit\u00e9s Influentes","datePublished":"2025-12-11T12:10:00+00:00","dateModified":"2025-12-11T23:44:43+00:00","mainEntityOfPage":{"@id":"https:\/\/www.africa-press.net\/senegal\/politique\/sonko-classe-parmi-les-20-personnalites-influentes"},"wordCount":278,"commentCount":0,"image":{"@id":"https:\/\/www.africa-press.net\/senegal\/politique\/sonko-classe-parmi-les-20-personnalites-influentes#primaryimage"},"thumbnailUrl":"https:\/\/static.africa-press.net\/senegal\/sites\/13\/2025\/12\/sm_1765525259.499617.jpg","keywords":["Senegal"],"articleSection":["Politique","Toutes les actualit\u00e9s"],"inLanguage":"fr-FR","potentialAction":[{"@type":"CommentAction","name":"Comment","target":["https:\/\/www.africa-press.net\/senegal\/politique\/sonko-classe-parmi-les-20-personnalites-influentes#respond"]}]},{"@type":"WebPage","@id":"https:\/\/www.africa-press.net\/senegal\/politique\/sonko-classe-parmi-les-20-personnalites-influentes","url":"https:\/\/www.africa-press.net\/senegal\/politique\/sonko-classe-parmi-les-20-personnalites-influentes","name":"Sonko Class\u00e9 parmi les 20 Personnalit\u00e9s Influentes - Senegal","isPartOf":{"@id":"https:\/\/www.africa-press.net\/senegal\/#website"},"primaryImageOfPage":{"@id":"https:\/\/www.africa-press.net\/senegal\/politique\/sonko-classe-parmi-les-20-personnalites-influentes#primaryimage"},"image":{"@id":"https:\/\/www.africa-press.net\/senegal\/politique\/sonko-classe-parmi-les-20-personnalites-influentes#primaryimage"},"thumbnailUrl":"https:\/\/static.africa-press.net\/senegal\/sites\/13\/2025\/12\/sm_1765525259.499617.jpg","datePublished":"2025-12-11T12:10:00+00:00","dateModified":"2025-12-11T23:44:43+00:00","author":{"@id":"https:\/\/www.africa-press.net\/senegal\/#\/schema\/person\/2b1cf3cd81a31e3cd26889ca66d677f1"},"description":"Le leader de Pastef, actuel premier ministre du Se\u0301ne\u0301gal, est classe\u0301 parmi les 20 personnalite\u0301s les plus influentes a ...","breadcrumb":{"@id":"https:\/\/www.africa-press.net\/senegal\/politique\/sonko-classe-parmi-les-20-personnalites-influentes#breadcrumb"},"inLanguage":"fr-FR","potentialAction":[{"@type":"ReadAction","target":["https:\/\/www.africa-press.net\/senegal\/politique\/sonko-classe-parmi-les-20-personnalites-influentes"]}]},{"@type":"ImageObject","inLanguage":"fr-FR","@id":"https:\/\/www.africa-press.net\/senegal\/politique\/sonko-classe-parmi-les-20-personnalites-influentes#primaryimage","url":"https:\/\/static.africa-press.net\/senegal\/sites\/13\/2025\/12\/sm_1765525259.499617.jpg","contentUrl":"https:\/\/static.africa-press.net\/senegal\/sites\/13\/2025\/12\/sm_1765525259.499617.jpg","width":1280,"height":720,"caption":"Sonko Class\u00e9 parmi les 20 Personnalit\u00e9s Influentes"},{"@type":"BreadcrumbList","@id":"https:\/\/www.africa-press.net\/senegal\/politique\/sonko-classe-parmi-les-20-personnalites-influentes#breadcrumb","itemListElement":[{"@type":"ListItem","position":1,"name":"Accueil","item":"https:\/\/www.africa-press.net\/senegal\/"},{"@type":"ListItem","position":2,"name":"Sonko Class\u00e9 parmi les 20 Personnalit\u00e9s Influentes"}]},{"@type":"WebSite","@id":"https:\/\/www.africa-press.net\/senegal\/#website","url":"https:\/\/www.africa-press.net\/senegal\/","name":"Africa Press | Senegal | Homepage","description":"Just another Africa News Agency Sites site","potentialAction":[{"@type":"SearchAction","target":{"@type":"EntryPoint","urlTemplate":"https:\/\/www.africa-press.net\/senegal\/?s={search_term_string}"},"query-input":{"@type":"PropertyValueSpecification","valueRequired":true,"valueName":"search_term_string"}}],"inLanguage":"fr-FR"},{"@type":"Person","@id":"https:\/\/www.africa-press.net\/senegal\/#\/schema\/person\/2b1cf3cd81a31e3cd26889ca66d677f1","name":"cfeditorfr","url":"https:\/\/www.africa-press.net\/senegal\/author\/cfeditorfr"}]}},"_links":{"self":[{"href":"https:\/\/www.africa-press.net\/senegal\/wp-json\/wp\/v2\/posts\/73366","targetHints":{"allow":["GET"]}}],"collection":[{"href":"https:\/\/www.africa-press.net\/senegal\/wp-json\/wp\/v2\/posts"}],"about":[{"href":"https:\/\/www.africa-press.net\/senegal\/wp-json\/wp\/v2\/types\/post"}],"author":[{"embeddable":true,"href":"https:\/\/www.africa-press.net\/senegal\/wp-json\/wp\/v2\/users\/82"}],"replies":[{"embeddable":true,"href":"https:\/\/www.africa-press.net\/senegal\/wp-json\/wp\/v2\/comments?post=73366"}],"version-history":[{"count":0,"href":"https:\/\/www.africa-press.net\/senegal\/wp-json\/wp\/v2\/posts\/73366\/revisions"}],"wp:featuredmedia":[{"embeddable":true,"href":"https:\/\/www.africa-press.net\/senegal\/wp-json\/wp\/v2\/media\/73365"}],"wp:attachment":[{"href":"https:\/\/www.africa-press.net\/senegal\/wp-json\/wp\/v2\/media?parent=73366"}],"wp:term":[{"taxonomy":"category","embeddable":true,"href":"https:\/\/www.africa-press.net\/senegal\/wp-json\/wp\/v2\/categories?post=73366"},{"taxonomy":"post_tag","embeddable":true,"href":"https:\/\/www.africa-press.net\/senegal\/wp-json\/wp\/v2\/tags?post=73366"}],"curies":[{"name":"wp","href":"https:\/\/api.w.org\/{rel}","templated":true}]}}