{"id":73392,"date":"2025-12-12T12:10:00","date_gmt":"2025-12-12T12:10:00","guid":{"rendered":"https:\/\/www.africa-press.net\/senegal\/politique\/can-2025-lafrique-du-sud-accueille-le-ghana-en-amical"},"modified":"2025-12-12T21:41:35","modified_gmt":"2025-12-12T21:41:35","slug":"can-2025-lafrique-du-sud-accueille-le-ghana-en-amical","status":"publish","type":"post","link":"https:\/\/www.africa-press.net\/senegal\/sports\/can-2025-lafrique-du-sud-accueille-le-ghana-en-amical","title":{"rendered":"CAN 2025: L\u2019Afrique du Sud Accueille le Ghana en Amical"},"content":{"rendered":"<p><span style=\"color: #ff6600\"><strong>Africa-Press &#8211; Senegal. <\/strong><\/span>Les Bafana Bafana d\u2019Afrique du Sud accueillent les Black Stars du Ghana au stade Dobsonville pour leur dernier match avant leur de\u0301part pour la Coupe d\u2019Afrique des Nations (CAN) au Maroc plus tard ce mois-ci.<\/p>\n<p>L\u2019e\u0301quipe nationale d\u2019Afrique du Sud accueillera les Ghane\u0301ens a\u0300 Soweto le mardi 16 de\u0301cembre 2025, puis partira pour le Maroc le lendemain en vue de sa participation a\u0300 la CAN.<\/p>\n<p>Le se\u0301lectionneur sud-africain, Hugo Broos, a de\u0301clare\u0301 que les Bafana Bafana ne be\u0301ne\u0301ficieraient pas de l\u2019effet de surprise qu\u2019ils avaient eu lors du pre\u0301ce\u0301dent tournoi en Co\u0302te d\u2019Ivoire en 2024.<\/p>\n<p>\u00ab Nous avons prouve\u0301 que nous sommes une bonne e\u0301quipe (lors de la pre\u0301ce\u0301dente CAN ou\u0300 les Bafana Bafana ont remporte\u0301 les me\u0301dailles de bronze). Maintenant, tout le monde le sait, tout le monde sait que nous sommes une bonne e\u0301quipe, et tout le monde sait qu\u2019ils seront pre\u0302ts a\u0300 se battre contre nous, a\u0300 essayer de gagner contre nous, car gagner contre l\u2019Afrique du Sud, aujourd\u2019hui, est bien diffe\u0301rent de gagner il y a deux ans \u00bb, a-t-il de\u0301clare\u0301.<\/p>\n<p>\u00ab Ce sera donc diffe\u0301rent et je pense que nous devons nous adapter de\u0300s notre premier match contre l\u2019Angola pour montrer que nous sommes pre\u0302ts. Ce sera comme la pre\u0301ce\u0301dente CAN. \u00bb<\/p>\n<p>L\u2019e\u0301quipe nationale sud-africaine, les Bafana Bafana, est dans le groupe B de la CAN 2025 et affrontera l\u2019E\u0301gypte, l\u2019Angola et le Zimbabwe. Son premier match de la compe\u0301tition continentale aura lieu contre l\u2019Angola le 22 de\u0301cembre 2025.<\/p>\n<p>Le tournoi se de\u0301roulera au Maroc du 21 de\u0301cembre 2025 au 18 janvier 2026.<\/p>\n<p><strong>Pour plus d&rsquo;informations et d&rsquo;analyses sur la <span style=\"color: #ff6600\">Senegal<\/span>, suivez <span style=\"color: #ff6600\">Africa-Press<\/span><\/strong><\/p>\n","protected":false},"excerpt":{"rendered":"<p>Africa-Press &#8211; Senegal. Les Bafana Bafana d\u2019Afrique du Sud accueillent les Black Stars du Ghana au stade Dobsonville pour leur dernier match avant leur de\u0301part pour la Coupe d\u2019Afrique des Nations (CAN) au Maroc plus tard ce mois-ci. L\u2019e\u0301quipe nationale d\u2019Afrique du Sud accueillera les Ghane\u0301ens a\u0300 Soweto le mardi 16 de\u0301cembre 2025, puis partira [&hellip;]<\/p>\n","protected":false},"author":82,"featured_media":73391,"comment_status":"open","ping_status":"closed","sticky":false,"template":"","format":"standard","meta":{"footnotes":""},"categories":[6,10],"tags":[44],"class_list":["post-73392","post","type-post","status-publish","format-standard","has-post-thumbnail","hentry","category-sports","category-toutes-les-actualites","tag-senegal-2"],"yoast_head":"<!-- This site is optimized with the Yoast SEO Premium plugin v26.1 (Yoast SEO v27.0) - https:\/\/yoast.com\/product\/yoast-seo-premium-wordpress\/ -->\n<title>CAN 2025: L\u2019Afrique du Sud Accueille le Ghana en Amical - Senegal<\/title>\n<meta name=\"description\" content=\"Les Bafana Bafana d\u2019Afrique du Sud accueillent les Black Stars du Ghana au stade Dobsonville pour leur dernier match ava ...\" \/>\n<meta name=\"robots\" content=\"index, follow, max-snippet:-1, max-image-preview:large, max-video-preview:-1\" \/>\n<link rel=\"canonical\" href=\"https:\/\/www.africa-press.net\/senegal\/sports\/can-2025-lafrique-du-sud-accueille-le-ghana-en-amical\" \/>\n<meta property=\"og:locale\" content=\"fr_FR\" \/>\n<meta property=\"og:type\" content=\"article\" \/>\n<meta property=\"og:title\" content=\"CAN 2025: L\u2019Afrique du Sud Accueille le Ghana en Amical\" \/>\n<meta property=\"og:description\" content=\"Les Bafana Bafana d\u2019Afrique du Sud accueillent les Black Stars du Ghana au stade Dobsonville pour leur dernier match ava ...\" \/>\n<meta property=\"og:url\" content=\"https:\/\/www.africa-press.net\/senegal\/sports\/can-2025-lafrique-du-sud-accueille-le-ghana-en-amical\" \/>\n<meta property=\"og:site_name\" content=\"Senegal\" \/>\n<meta property=\"article:published_time\" content=\"2025-12-12T12:10:00+00:00\" \/>\n<meta property=\"article:modified_time\" content=\"2025-12-12T21:41:35+00:00\" \/>\n<meta property=\"og:image\" content=\"https:\/\/static.africa-press.net\/senegal\/sites\/13\/2025\/12\/sm_1765601413.886141.jpg\" \/>\n\t<meta property=\"og:image:width\" content=\"720\" \/>\n\t<meta property=\"og:image:height\" content=\"397\" \/>\n\t<meta property=\"og:image:type\" content=\"image\/jpeg\" \/>\n<meta name=\"author\" content=\"cfeditorfr\" \/>\n<meta name=\"twitter:card\" content=\"summary_large_image\" \/>\n<meta name=\"twitter:label1\" content=\"\u00c9crit par\" \/>\n\t<meta name=\"twitter:data1\" content=\"cfeditorfr\" \/>\n\t<meta name=\"twitter:label2\" content=\"Dur\u00e9e de lecture estim\u00e9e\" \/>\n\t<meta name=\"twitter:data2\" content=\"2 minutes\" \/>\n<script type=\"application\/ld+json\" class=\"yoast-schema-graph\">{\"@context\":\"https:\/\/schema.org\",\"@graph\":[{\"@type\":\"Article\",\"@id\":\"https:\/\/www.africa-press.net\/senegal\/sports\/can-2025-lafrique-du-sud-accueille-le-ghana-en-amical#article\",\"isPartOf\":{\"@id\":\"https:\/\/www.africa-press.net\/senegal\/sports\/can-2025-lafrique-du-sud-accueille-le-ghana-en-amical\"},\"author\":{\"name\":\"cfeditorfr\",\"@id\":\"https:\/\/www.africa-press.net\/senegal\/#\/schema\/person\/2b1cf3cd81a31e3cd26889ca66d677f1\"},\"headline\":\"CAN 2025: L\u2019Afrique du Sud Accueille le Ghana en Amical\",\"datePublished\":\"2025-12-12T12:10:00+00:00\",\"dateModified\":\"2025-12-12T21:41:35+00:00\",\"mainEntityOfPage\":{\"@id\":\"https:\/\/www.africa-press.net\/senegal\/sports\/can-2025-lafrique-du-sud-accueille-le-ghana-en-amical\"},\"wordCount\":314,\"commentCount\":0,\"image\":{\"@id\":\"https:\/\/www.africa-press.net\/senegal\/sports\/can-2025-lafrique-du-sud-accueille-le-ghana-en-amical#primaryimage\"},\"thumbnailUrl\":\"https:\/\/static.africa-press.net\/senegal\/sites\/13\/2025\/12\/sm_1765601413.886141.jpg\",\"keywords\":[\"Senegal\"],\"articleSection\":[\"Sports\",\"Toutes les actualit\u00e9s\"],\"inLanguage\":\"fr-FR\",\"potentialAction\":[{\"@type\":\"CommentAction\",\"name\":\"Comment\",\"target\":[\"https:\/\/www.africa-press.net\/senegal\/sports\/can-2025-lafrique-du-sud-accueille-le-ghana-en-amical#respond\"]}]},{\"@type\":\"WebPage\",\"@id\":\"https:\/\/www.africa-press.net\/senegal\/sports\/can-2025-lafrique-du-sud-accueille-le-ghana-en-amical\",\"url\":\"https:\/\/www.africa-press.net\/senegal\/sports\/can-2025-lafrique-du-sud-accueille-le-ghana-en-amical\",\"name\":\"CAN 2025: L\u2019Afrique du Sud Accueille le Ghana en Amical - Senegal\",\"isPartOf\":{\"@id\":\"https:\/\/www.africa-press.net\/senegal\/#website\"},\"primaryImageOfPage\":{\"@id\":\"https:\/\/www.africa-press.net\/senegal\/sports\/can-2025-lafrique-du-sud-accueille-le-ghana-en-amical#primaryimage\"},\"image\":{\"@id\":\"https:\/\/www.africa-press.net\/senegal\/sports\/can-2025-lafrique-du-sud-accueille-le-ghana-en-amical#primaryimage\"},\"thumbnailUrl\":\"https:\/\/static.africa-press.net\/senegal\/sites\/13\/2025\/12\/sm_1765601413.886141.jpg\",\"datePublished\":\"2025-12-12T12:10:00+00:00\",\"dateModified\":\"2025-12-12T21:41:35+00:00\",\"author\":{\"@id\":\"https:\/\/www.africa-press.net\/senegal\/#\/schema\/person\/2b1cf3cd81a31e3cd26889ca66d677f1\"},\"description\":\"Les Bafana Bafana d\u2019Afrique du Sud accueillent les Black Stars du Ghana au stade Dobsonville pour leur dernier match ava ...\",\"breadcrumb\":{\"@id\":\"https:\/\/www.africa-press.net\/senegal\/sports\/can-2025-lafrique-du-sud-accueille-le-ghana-en-amical#breadcrumb\"},\"inLanguage\":\"fr-FR\",\"potentialAction\":[{\"@type\":\"ReadAction\",\"target\":[\"https:\/\/www.africa-press.net\/senegal\/sports\/can-2025-lafrique-du-sud-accueille-le-ghana-en-amical\"]}]},{\"@type\":\"ImageObject\",\"inLanguage\":\"fr-FR\",\"@id\":\"https:\/\/www.africa-press.net\/senegal\/sports\/can-2025-lafrique-du-sud-accueille-le-ghana-en-amical#primaryimage\",\"url\":\"https:\/\/static.africa-press.net\/senegal\/sites\/13\/2025\/12\/sm_1765601413.886141.jpg\",\"contentUrl\":\"https:\/\/static.africa-press.net\/senegal\/sites\/13\/2025\/12\/sm_1765601413.886141.jpg\",\"width\":720,\"height\":397,\"caption\":\"CAN 2025: L\u2019Afrique du Sud Accueille le Ghana en Amical\"},{\"@type\":\"BreadcrumbList\",\"@id\":\"https:\/\/www.africa-press.net\/senegal\/sports\/can-2025-lafrique-du-sud-accueille-le-ghana-en-amical#breadcrumb\",\"itemListElement\":[{\"@type\":\"ListItem\",\"position\":1,\"name\":\"Accueil\",\"item\":\"https:\/\/www.africa-press.net\/senegal\/\"},{\"@type\":\"ListItem\",\"position\":2,\"name\":\"CAN 2025: L\u2019Afrique du Sud Accueille le Ghana en Amical\"}]},{\"@type\":\"WebSite\",\"@id\":\"https:\/\/www.africa-press.net\/senegal\/#website\",\"url\":\"https:\/\/www.africa-press.net\/senegal\/\",\"name\":\"Africa Press | Senegal | Homepage\",\"description\":\"Just another Africa News Agency Sites site\",\"potentialAction\":[{\"@type\":\"SearchAction\",\"target\":{\"@type\":\"EntryPoint\",\"urlTemplate\":\"https:\/\/www.africa-press.net\/senegal\/?s={search_term_string}\"},\"query-input\":{\"@type\":\"PropertyValueSpecification\",\"valueRequired\":true,\"valueName\":\"search_term_string\"}}],\"inLanguage\":\"fr-FR\"},{\"@type\":\"Person\",\"@id\":\"https:\/\/www.africa-press.net\/senegal\/#\/schema\/person\/2b1cf3cd81a31e3cd26889ca66d677f1\",\"name\":\"cfeditorfr\",\"url\":\"https:\/\/www.africa-press.net\/senegal\/author\/cfeditorfr\"}]}<\/script>\n<!-- \/ Yoast SEO Premium plugin. -->","yoast_head_json":{"title":"CAN 2025: L\u2019Afrique du Sud Accueille le Ghana en Amical - Senegal","description":"Les Bafana Bafana d\u2019Afrique du Sud accueillent les Black Stars du Ghana au stade Dobsonville pour leur dernier match ava ...","robots":{"index":"index","follow":"follow","max-snippet":"max-snippet:-1","max-image-preview":"max-image-preview:large","max-video-preview":"max-video-preview:-1"},"canonical":"https:\/\/www.africa-press.net\/senegal\/sports\/can-2025-lafrique-du-sud-accueille-le-ghana-en-amical","og_locale":"fr_FR","og_type":"article","og_title":"CAN 2025: L\u2019Afrique du Sud Accueille le Ghana en Amical","og_description":"Les Bafana Bafana d\u2019Afrique du Sud accueillent les Black Stars du Ghana au stade Dobsonville pour leur dernier match ava ...","og_url":"https:\/\/www.africa-press.net\/senegal\/sports\/can-2025-lafrique-du-sud-accueille-le-ghana-en-amical","og_site_name":"Senegal","article_published_time":"2025-12-12T12:10:00+00:00","article_modified_time":"2025-12-12T21:41:35+00:00","og_image":[{"width":720,"height":397,"url":"https:\/\/static.africa-press.net\/senegal\/sites\/13\/2025\/12\/sm_1765601413.886141.jpg","type":"image\/jpeg"}],"author":"cfeditorfr","twitter_card":"summary_large_image","twitter_misc":{"\u00c9crit par":"cfeditorfr","Dur\u00e9e de lecture estim\u00e9e":"2 minutes"},"schema":{"@context":"https:\/\/schema.org","@graph":[{"@type":"Article","@id":"https:\/\/www.africa-press.net\/senegal\/sports\/can-2025-lafrique-du-sud-accueille-le-ghana-en-amical#article","isPartOf":{"@id":"https:\/\/www.africa-press.net\/senegal\/sports\/can-2025-lafrique-du-sud-accueille-le-ghana-en-amical"},"author":{"name":"cfeditorfr","@id":"https:\/\/www.africa-press.net\/senegal\/#\/schema\/person\/2b1cf3cd81a31e3cd26889ca66d677f1"},"headline":"CAN 2025: L\u2019Afrique du Sud Accueille le Ghana en Amical","datePublished":"2025-12-12T12:10:00+00:00","dateModified":"2025-12-12T21:41:35+00:00","mainEntityOfPage":{"@id":"https:\/\/www.africa-press.net\/senegal\/sports\/can-2025-lafrique-du-sud-accueille-le-ghana-en-amical"},"wordCount":314,"commentCount":0,"image":{"@id":"https:\/\/www.africa-press.net\/senegal\/sports\/can-2025-lafrique-du-sud-accueille-le-ghana-en-amical#primaryimage"},"thumbnailUrl":"https:\/\/static.africa-press.net\/senegal\/sites\/13\/2025\/12\/sm_1765601413.886141.jpg","keywords":["Senegal"],"articleSection":["Sports","Toutes les actualit\u00e9s"],"inLanguage":"fr-FR","potentialAction":[{"@type":"CommentAction","name":"Comment","target":["https:\/\/www.africa-press.net\/senegal\/sports\/can-2025-lafrique-du-sud-accueille-le-ghana-en-amical#respond"]}]},{"@type":"WebPage","@id":"https:\/\/www.africa-press.net\/senegal\/sports\/can-2025-lafrique-du-sud-accueille-le-ghana-en-amical","url":"https:\/\/www.africa-press.net\/senegal\/sports\/can-2025-lafrique-du-sud-accueille-le-ghana-en-amical","name":"CAN 2025: L\u2019Afrique du Sud Accueille le Ghana en Amical - Senegal","isPartOf":{"@id":"https:\/\/www.africa-press.net\/senegal\/#website"},"primaryImageOfPage":{"@id":"https:\/\/www.africa-press.net\/senegal\/sports\/can-2025-lafrique-du-sud-accueille-le-ghana-en-amical#primaryimage"},"image":{"@id":"https:\/\/www.africa-press.net\/senegal\/sports\/can-2025-lafrique-du-sud-accueille-le-ghana-en-amical#primaryimage"},"thumbnailUrl":"https:\/\/static.africa-press.net\/senegal\/sites\/13\/2025\/12\/sm_1765601413.886141.jpg","datePublished":"2025-12-12T12:10:00+00:00","dateModified":"2025-12-12T21:41:35+00:00","author":{"@id":"https:\/\/www.africa-press.net\/senegal\/#\/schema\/person\/2b1cf3cd81a31e3cd26889ca66d677f1"},"description":"Les Bafana Bafana d\u2019Afrique du Sud accueillent les Black Stars du Ghana au stade Dobsonville pour leur dernier match ava ...","breadcrumb":{"@id":"https:\/\/www.africa-press.net\/senegal\/sports\/can-2025-lafrique-du-sud-accueille-le-ghana-en-amical#breadcrumb"},"inLanguage":"fr-FR","potentialAction":[{"@type":"ReadAction","target":["https:\/\/www.africa-press.net\/senegal\/sports\/can-2025-lafrique-du-sud-accueille-le-ghana-en-amical"]}]},{"@type":"ImageObject","inLanguage":"fr-FR","@id":"https:\/\/www.africa-press.net\/senegal\/sports\/can-2025-lafrique-du-sud-accueille-le-ghana-en-amical#primaryimage","url":"https:\/\/static.africa-press.net\/senegal\/sites\/13\/2025\/12\/sm_1765601413.886141.jpg","contentUrl":"https:\/\/static.africa-press.net\/senegal\/sites\/13\/2025\/12\/sm_1765601413.886141.jpg","width":720,"height":397,"caption":"CAN 2025: L\u2019Afrique du Sud Accueille le Ghana en Amical"},{"@type":"BreadcrumbList","@id":"https:\/\/www.africa-press.net\/senegal\/sports\/can-2025-lafrique-du-sud-accueille-le-ghana-en-amical#breadcrumb","itemListElement":[{"@type":"ListItem","position":1,"name":"Accueil","item":"https:\/\/www.africa-press.net\/senegal\/"},{"@type":"ListItem","position":2,"name":"CAN 2025: L\u2019Afrique du Sud Accueille le Ghana en Amical"}]},{"@type":"WebSite","@id":"https:\/\/www.africa-press.net\/senegal\/#website","url":"https:\/\/www.africa-press.net\/senegal\/","name":"Africa Press | Senegal | Homepage","description":"Just another Africa News Agency Sites site","potentialAction":[{"@type":"SearchAction","target":{"@type":"EntryPoint","urlTemplate":"https:\/\/www.africa-press.net\/senegal\/?s={search_term_string}"},"query-input":{"@type":"PropertyValueSpecification","valueRequired":true,"valueName":"search_term_string"}}],"inLanguage":"fr-FR"},{"@type":"Person","@id":"https:\/\/www.africa-press.net\/senegal\/#\/schema\/person\/2b1cf3cd81a31e3cd26889ca66d677f1","name":"cfeditorfr","url":"https:\/\/www.africa-press.net\/senegal\/author\/cfeditorfr"}]}},"_links":{"self":[{"href":"https:\/\/www.africa-press.net\/senegal\/wp-json\/wp\/v2\/posts\/73392","targetHints":{"allow":["GET"]}}],"collection":[{"href":"https:\/\/www.africa-press.net\/senegal\/wp-json\/wp\/v2\/posts"}],"about":[{"href":"https:\/\/www.africa-press.net\/senegal\/wp-json\/wp\/v2\/types\/post"}],"author":[{"embeddable":true,"href":"https:\/\/www.africa-press.net\/senegal\/wp-json\/wp\/v2\/users\/82"}],"replies":[{"embeddable":true,"href":"https:\/\/www.africa-press.net\/senegal\/wp-json\/wp\/v2\/comments?post=73392"}],"version-history":[{"count":0,"href":"https:\/\/www.africa-press.net\/senegal\/wp-json\/wp\/v2\/posts\/73392\/revisions"}],"wp:featuredmedia":[{"embeddable":true,"href":"https:\/\/www.africa-press.net\/senegal\/wp-json\/wp\/v2\/media\/73391"}],"wp:attachment":[{"href":"https:\/\/www.africa-press.net\/senegal\/wp-json\/wp\/v2\/media?parent=73392"}],"wp:term":[{"taxonomy":"category","embeddable":true,"href":"https:\/\/www.africa-press.net\/senegal\/wp-json\/wp\/v2\/categories?post=73392"},{"taxonomy":"post_tag","embeddable":true,"href":"https:\/\/www.africa-press.net\/senegal\/wp-json\/wp\/v2\/tags?post=73392"}],"curies":[{"name":"wp","href":"https:\/\/api.w.org\/{rel}","templated":true}]}}