{"id":73403,"date":"2025-12-12T13:45:00","date_gmt":"2025-12-12T13:45:00","guid":{"rendered":"https:\/\/www.africa-press.net\/senegal\/politique\/affaire-aser-aee-power-opacite-sur-37-milliards-fcfa"},"modified":"2025-12-12T22:06:01","modified_gmt":"2025-12-12T22:06:01","slug":"affaire-aser-aee-power-opacite-sur-37-milliards-fcfa","status":"publish","type":"post","link":"https:\/\/www.africa-press.net\/senegal\/parties\/affaire-aser-aee-power-opacite-sur-37-milliards-fcfa","title":{"rendered":"Affaire ASER-AEE Power: Opacite\u0301 sur 37 Milliards FCFA"},"content":{"rendered":"<p><span style=\"color: #ff6600\"><strong>Africa-Press &#8211; Senegal. <\/strong><\/span>La Re\u0301publique des Valeurs (RV), parti du de\u0301pute\u0301 Thierno Alassane Sall (TAS), maintient la pression sur le projet d\u2019e\u0301lectrification rurale ASER et de\u0301nonce une \u00ab ne\u0301buleuse \u00bb financie\u0300re et d&rsquo;exe\u0301cution.<\/p>\n<p>La section Europe du parti a re\u0301ve\u0301le\u0301 qu\u2019une de\u0301le\u0301gation du gouvernement se\u0301ne\u0301galais s\u2019est re\u0301cemment rendue en Espagne pour rencontrer l\u2019agence de cre\u0301dit a\u0300 l\u2019export, CESCE (Cuenta del Estado Compan\u0303i\u0301a Espan\u0303ola de Seguros de Cre\u0301dito a la Exportacio\u0301n), et potentiellement la banque Santander.<\/p>\n<p>L\u2019objectif de cette mission e\u0301tait de trouver un arrangement pour lever la suspension des de\u0301caissements et permettre la poursuite du projet confie\u0301 a\u0300 la socie\u0301te\u0301 AEE Power EPC.<\/p>\n<p>Selon la RV\/section Europe, cette de\u0301marche se heurte a\u0300 une exigence simple et le\u0301gitime de la part des partenaires espagnols: la justification de l\u2019utilisation de l\u2019avance de 56 millions d\u2019euros (environ 37 milliards de FCFA) remise a\u0300 AEE Power EPC.<\/p>\n<p>\u00ab A\u0300 ce jour, les autorite\u0301s compe\u0301tentes semblent e\u0302tre dans l\u2019incapacite\u0301 de produire des e\u0301le\u0301ments probants sur l\u2019affectation re\u0301elle de ces fonds. Cette de\u0301le\u0301gation n\u2019a pas e\u0301te\u0301 rec\u0327ue par les autorite\u0301s du CESCE \u00bb, a relate\u0301 la section Europe de RV.<\/p>\n<p>Le RV demande une simple clarification: fournir la liste exhaustive des villages effectivement e\u0301lectrifie\u0301s gra\u0302ce aux 37 milliards de FCFA de\u0301ja\u0300 de\u0301caisse\u0301s, ainsi que des preuves de l\u2019effectivite\u0301 des travaux re\u0301alise\u0301s.<\/p>\n<p>Le parti met en paralle\u0300le le montant de\u0301caisse\u0301 et le niveau d&rsquo;exe\u0301cution: \u00ab L\u2019ASER affirme urbi et orbi que le projet se de\u0301roule sans heurts. Pourtant, 18 mois apre\u0300s le de\u0301caissement, sur un projet pre\u0301vu pour durer 36 mois, le niveau d\u2019exe\u0301cution devrait e\u0302tre d\u2019au moins 40 %, soit environ 600 villages e\u0301lectrifie\u0301s. Ou\u0300 sont-ils? Quels sont-ils? Pourquoi aucune liste claire, ve\u0301rifiable et opposable n\u2019est-elle rendue publique? \u00bb<\/p>\n<p>Les militants de TAS estiment qu&rsquo;il est impe\u0301ratif de restaurer et de cultiver une ve\u0301ritable culture de transparence et de reddition des comptes pour la cre\u0301dibilite\u0301 du Se\u0301ne\u0301gal et pour les populations rurales qui demeurent dans l\u2019obscurite\u0301.<\/p>\n<p>Selon le RV, ces pratiques \u00ab nourrissent les disparite\u0301s sociales et poussent nos jeunes a\u0300 l\u2019e\u0301migration clandestine \u00bb.<\/p>\n<p>C\u2019est pourquoi les militants ont manifeste\u0301 devant le sie\u0300ge de l\u2019agence de cre\u0301dit CESCE et devant celui d\u2019AEE Power EPC, afin d\u2019appeler les autorite\u0301s espagnoles \u00ab a\u0300 la plus grande vigilance face a\u0300 ce qui pre\u0301sente tous les traits d\u2019une ve\u0301ritable ne\u0301buleuse \u00bb.<\/p>\n<p>La Re\u0301publique des Valeurs re\u0301affirme sa de\u0301termination a\u0300 obtenir la ve\u0301rite\u0301 sur l\u2019utilisation de ces fonds et a\u0300 de\u0301fendre les droits des \u00ab 1 600 villages toujours plonge\u0301s dans le noir, alors que 37 milliards de FCFA demeurent dans les te\u0301ne\u0300bres de l\u2019opacite\u0301 \u00bb.<\/p>\n<p><strong>Pour plus d&rsquo;informations et d&rsquo;analyses sur la <span style=\"color: #ff6600\">Senegal<\/span>, suivez <span style=\"color: #ff6600\">Africa-Press<\/span><\/strong><\/p>\n","protected":false},"excerpt":{"rendered":"<p>Africa-Press &#8211; Senegal. La Re\u0301publique des Valeurs (RV), parti du de\u0301pute\u0301 Thierno Alassane Sall (TAS), maintient la pression sur le projet d\u2019e\u0301lectrification rurale ASER et de\u0301nonce une \u00ab ne\u0301buleuse \u00bb financie\u0300re et d&rsquo;exe\u0301cution. La section Europe du parti a re\u0301ve\u0301le\u0301 qu\u2019une de\u0301le\u0301gation du gouvernement se\u0301ne\u0301galais s\u2019est re\u0301cemment rendue en Espagne pour rencontrer l\u2019agence de cre\u0301dit [&hellip;]<\/p>\n","protected":false},"author":82,"featured_media":73402,"comment_status":"open","ping_status":"closed","sticky":false,"template":"","format":"standard","meta":{"footnotes":""},"categories":[4,20,10],"tags":[44],"class_list":["post-73403","post","type-post","status-publish","format-standard","has-post-thumbnail","hentry","category-parties","category-top-nouvelles","category-toutes-les-actualites","tag-senegal-2"],"yoast_head":"<!-- This site is optimized with the Yoast SEO Premium plugin v26.1 (Yoast SEO v27.0) - https:\/\/yoast.com\/product\/yoast-seo-premium-wordpress\/ -->\n<title>Affaire ASER-AEE Power: Opacite\u0301 sur 37 Milliards FCFA - Senegal<\/title>\n<meta name=\"description\" content=\"La Re\u0301publique des Valeurs (RV), parti du de\u0301pute\u0301 Thierno Alassane Sall (TAS), maintient la pression sur le projet d\u2019e\u0301 ...\" \/>\n<meta name=\"robots\" content=\"index, follow, max-snippet:-1, max-image-preview:large, max-video-preview:-1\" \/>\n<link rel=\"canonical\" href=\"https:\/\/www.africa-press.net\/senegal\/parties\/affaire-aser-aee-power-opacite-sur-37-milliards-fcfa\" \/>\n<meta property=\"og:locale\" content=\"fr_FR\" \/>\n<meta property=\"og:type\" content=\"article\" \/>\n<meta property=\"og:title\" content=\"Affaire ASER-AEE Power: Opacite\u0301 sur 37 Milliards FCFA\" \/>\n<meta property=\"og:description\" content=\"La Re\u0301publique des Valeurs (RV), parti du de\u0301pute\u0301 Thierno Alassane Sall (TAS), maintient la pression sur le projet d\u2019e\u0301 ...\" \/>\n<meta property=\"og:url\" content=\"https:\/\/www.africa-press.net\/senegal\/parties\/affaire-aser-aee-power-opacite-sur-37-milliards-fcfa\" \/>\n<meta property=\"og:site_name\" content=\"Senegal\" \/>\n<meta property=\"article:published_time\" content=\"2025-12-12T13:45:00+00:00\" \/>\n<meta property=\"article:modified_time\" content=\"2025-12-12T22:06:01+00:00\" \/>\n<meta property=\"og:image\" content=\"https:\/\/static.africa-press.net\/senegal\/sites\/13\/2025\/12\/sm_1765605918.310393.jpg\" \/>\n\t<meta property=\"og:image:width\" content=\"1280\" \/>\n\t<meta property=\"og:image:height\" content=\"720\" \/>\n\t<meta property=\"og:image:type\" content=\"image\/jpeg\" \/>\n<meta name=\"author\" content=\"cfeditorfr\" \/>\n<meta name=\"twitter:card\" content=\"summary_large_image\" \/>\n<meta name=\"twitter:label1\" content=\"\u00c9crit par\" \/>\n\t<meta name=\"twitter:data1\" content=\"cfeditorfr\" \/>\n\t<meta name=\"twitter:label2\" content=\"Dur\u00e9e de lecture estim\u00e9e\" \/>\n\t<meta name=\"twitter:data2\" content=\"3 minutes\" \/>\n<script type=\"application\/ld+json\" class=\"yoast-schema-graph\">{\"@context\":\"https:\/\/schema.org\",\"@graph\":[{\"@type\":\"Article\",\"@id\":\"https:\/\/www.africa-press.net\/senegal\/parties\/affaire-aser-aee-power-opacite-sur-37-milliards-fcfa#article\",\"isPartOf\":{\"@id\":\"https:\/\/www.africa-press.net\/senegal\/parties\/affaire-aser-aee-power-opacite-sur-37-milliards-fcfa\"},\"author\":{\"name\":\"cfeditorfr\",\"@id\":\"https:\/\/www.africa-press.net\/senegal\/#\/schema\/person\/2b1cf3cd81a31e3cd26889ca66d677f1\"},\"headline\":\"Affaire ASER-AEE Power: Opacite\u0301 sur 37 Milliards FCFA\",\"datePublished\":\"2025-12-12T13:45:00+00:00\",\"dateModified\":\"2025-12-12T22:06:01+00:00\",\"mainEntityOfPage\":{\"@id\":\"https:\/\/www.africa-press.net\/senegal\/parties\/affaire-aser-aee-power-opacite-sur-37-milliards-fcfa\"},\"wordCount\":528,\"commentCount\":0,\"image\":{\"@id\":\"https:\/\/www.africa-press.net\/senegal\/parties\/affaire-aser-aee-power-opacite-sur-37-milliards-fcfa#primaryimage\"},\"thumbnailUrl\":\"https:\/\/static.africa-press.net\/senegal\/sites\/13\/2025\/12\/sm_1765605918.310393.jpg\",\"keywords\":[\"Senegal\"],\"articleSection\":[\"Parties\",\"Top Nouvelles\",\"Toutes les actualit\u00e9s\"],\"inLanguage\":\"fr-FR\",\"potentialAction\":[{\"@type\":\"CommentAction\",\"name\":\"Comment\",\"target\":[\"https:\/\/www.africa-press.net\/senegal\/parties\/affaire-aser-aee-power-opacite-sur-37-milliards-fcfa#respond\"]}]},{\"@type\":\"WebPage\",\"@id\":\"https:\/\/www.africa-press.net\/senegal\/parties\/affaire-aser-aee-power-opacite-sur-37-milliards-fcfa\",\"url\":\"https:\/\/www.africa-press.net\/senegal\/parties\/affaire-aser-aee-power-opacite-sur-37-milliards-fcfa\",\"name\":\"Affaire ASER-AEE Power: Opacite\u0301 sur 37 Milliards FCFA - Senegal\",\"isPartOf\":{\"@id\":\"https:\/\/www.africa-press.net\/senegal\/#website\"},\"primaryImageOfPage\":{\"@id\":\"https:\/\/www.africa-press.net\/senegal\/parties\/affaire-aser-aee-power-opacite-sur-37-milliards-fcfa#primaryimage\"},\"image\":{\"@id\":\"https:\/\/www.africa-press.net\/senegal\/parties\/affaire-aser-aee-power-opacite-sur-37-milliards-fcfa#primaryimage\"},\"thumbnailUrl\":\"https:\/\/static.africa-press.net\/senegal\/sites\/13\/2025\/12\/sm_1765605918.310393.jpg\",\"datePublished\":\"2025-12-12T13:45:00+00:00\",\"dateModified\":\"2025-12-12T22:06:01+00:00\",\"author\":{\"@id\":\"https:\/\/www.africa-press.net\/senegal\/#\/schema\/person\/2b1cf3cd81a31e3cd26889ca66d677f1\"},\"description\":\"La Re\u0301publique des Valeurs (RV), parti du de\u0301pute\u0301 Thierno Alassane Sall (TAS), maintient la pression sur le projet d\u2019e\u0301 ...\",\"breadcrumb\":{\"@id\":\"https:\/\/www.africa-press.net\/senegal\/parties\/affaire-aser-aee-power-opacite-sur-37-milliards-fcfa#breadcrumb\"},\"inLanguage\":\"fr-FR\",\"potentialAction\":[{\"@type\":\"ReadAction\",\"target\":[\"https:\/\/www.africa-press.net\/senegal\/parties\/affaire-aser-aee-power-opacite-sur-37-milliards-fcfa\"]}]},{\"@type\":\"ImageObject\",\"inLanguage\":\"fr-FR\",\"@id\":\"https:\/\/www.africa-press.net\/senegal\/parties\/affaire-aser-aee-power-opacite-sur-37-milliards-fcfa#primaryimage\",\"url\":\"https:\/\/static.africa-press.net\/senegal\/sites\/13\/2025\/12\/sm_1765605918.310393.jpg\",\"contentUrl\":\"https:\/\/static.africa-press.net\/senegal\/sites\/13\/2025\/12\/sm_1765605918.310393.jpg\",\"width\":1280,\"height\":720,\"caption\":\"Affaire ASER-AEE Power: Opacite\u0301 sur 37 Milliards FCFA\"},{\"@type\":\"BreadcrumbList\",\"@id\":\"https:\/\/www.africa-press.net\/senegal\/parties\/affaire-aser-aee-power-opacite-sur-37-milliards-fcfa#breadcrumb\",\"itemListElement\":[{\"@type\":\"ListItem\",\"position\":1,\"name\":\"Accueil\",\"item\":\"https:\/\/www.africa-press.net\/senegal\/\"},{\"@type\":\"ListItem\",\"position\":2,\"name\":\"Affaire ASER-AEE Power: Opacite\u0301 sur 37 Milliards FCFA\"}]},{\"@type\":\"WebSite\",\"@id\":\"https:\/\/www.africa-press.net\/senegal\/#website\",\"url\":\"https:\/\/www.africa-press.net\/senegal\/\",\"name\":\"Africa Press | Senegal | Homepage\",\"description\":\"Just another Africa News Agency Sites site\",\"potentialAction\":[{\"@type\":\"SearchAction\",\"target\":{\"@type\":\"EntryPoint\",\"urlTemplate\":\"https:\/\/www.africa-press.net\/senegal\/?s={search_term_string}\"},\"query-input\":{\"@type\":\"PropertyValueSpecification\",\"valueRequired\":true,\"valueName\":\"search_term_string\"}}],\"inLanguage\":\"fr-FR\"},{\"@type\":\"Person\",\"@id\":\"https:\/\/www.africa-press.net\/senegal\/#\/schema\/person\/2b1cf3cd81a31e3cd26889ca66d677f1\",\"name\":\"cfeditorfr\",\"url\":\"https:\/\/www.africa-press.net\/senegal\/author\/cfeditorfr\"}]}<\/script>\n<!-- \/ Yoast SEO Premium plugin. -->","yoast_head_json":{"title":"Affaire ASER-AEE Power: Opacite\u0301 sur 37 Milliards FCFA - Senegal","description":"La Re\u0301publique des Valeurs (RV), parti du de\u0301pute\u0301 Thierno Alassane Sall (TAS), maintient la pression sur le projet d\u2019e\u0301 ...","robots":{"index":"index","follow":"follow","max-snippet":"max-snippet:-1","max-image-preview":"max-image-preview:large","max-video-preview":"max-video-preview:-1"},"canonical":"https:\/\/www.africa-press.net\/senegal\/parties\/affaire-aser-aee-power-opacite-sur-37-milliards-fcfa","og_locale":"fr_FR","og_type":"article","og_title":"Affaire ASER-AEE Power: Opacite\u0301 sur 37 Milliards FCFA","og_description":"La Re\u0301publique des Valeurs (RV), parti du de\u0301pute\u0301 Thierno Alassane Sall (TAS), maintient la pression sur le projet d\u2019e\u0301 ...","og_url":"https:\/\/www.africa-press.net\/senegal\/parties\/affaire-aser-aee-power-opacite-sur-37-milliards-fcfa","og_site_name":"Senegal","article_published_time":"2025-12-12T13:45:00+00:00","article_modified_time":"2025-12-12T22:06:01+00:00","og_image":[{"width":1280,"height":720,"url":"https:\/\/static.africa-press.net\/senegal\/sites\/13\/2025\/12\/sm_1765605918.310393.jpg","type":"image\/jpeg"}],"author":"cfeditorfr","twitter_card":"summary_large_image","twitter_misc":{"\u00c9crit par":"cfeditorfr","Dur\u00e9e de lecture estim\u00e9e":"3 minutes"},"schema":{"@context":"https:\/\/schema.org","@graph":[{"@type":"Article","@id":"https:\/\/www.africa-press.net\/senegal\/parties\/affaire-aser-aee-power-opacite-sur-37-milliards-fcfa#article","isPartOf":{"@id":"https:\/\/www.africa-press.net\/senegal\/parties\/affaire-aser-aee-power-opacite-sur-37-milliards-fcfa"},"author":{"name":"cfeditorfr","@id":"https:\/\/www.africa-press.net\/senegal\/#\/schema\/person\/2b1cf3cd81a31e3cd26889ca66d677f1"},"headline":"Affaire ASER-AEE Power: Opacite\u0301 sur 37 Milliards FCFA","datePublished":"2025-12-12T13:45:00+00:00","dateModified":"2025-12-12T22:06:01+00:00","mainEntityOfPage":{"@id":"https:\/\/www.africa-press.net\/senegal\/parties\/affaire-aser-aee-power-opacite-sur-37-milliards-fcfa"},"wordCount":528,"commentCount":0,"image":{"@id":"https:\/\/www.africa-press.net\/senegal\/parties\/affaire-aser-aee-power-opacite-sur-37-milliards-fcfa#primaryimage"},"thumbnailUrl":"https:\/\/static.africa-press.net\/senegal\/sites\/13\/2025\/12\/sm_1765605918.310393.jpg","keywords":["Senegal"],"articleSection":["Parties","Top Nouvelles","Toutes les actualit\u00e9s"],"inLanguage":"fr-FR","potentialAction":[{"@type":"CommentAction","name":"Comment","target":["https:\/\/www.africa-press.net\/senegal\/parties\/affaire-aser-aee-power-opacite-sur-37-milliards-fcfa#respond"]}]},{"@type":"WebPage","@id":"https:\/\/www.africa-press.net\/senegal\/parties\/affaire-aser-aee-power-opacite-sur-37-milliards-fcfa","url":"https:\/\/www.africa-press.net\/senegal\/parties\/affaire-aser-aee-power-opacite-sur-37-milliards-fcfa","name":"Affaire ASER-AEE Power: Opacite\u0301 sur 37 Milliards FCFA - Senegal","isPartOf":{"@id":"https:\/\/www.africa-press.net\/senegal\/#website"},"primaryImageOfPage":{"@id":"https:\/\/www.africa-press.net\/senegal\/parties\/affaire-aser-aee-power-opacite-sur-37-milliards-fcfa#primaryimage"},"image":{"@id":"https:\/\/www.africa-press.net\/senegal\/parties\/affaire-aser-aee-power-opacite-sur-37-milliards-fcfa#primaryimage"},"thumbnailUrl":"https:\/\/static.africa-press.net\/senegal\/sites\/13\/2025\/12\/sm_1765605918.310393.jpg","datePublished":"2025-12-12T13:45:00+00:00","dateModified":"2025-12-12T22:06:01+00:00","author":{"@id":"https:\/\/www.africa-press.net\/senegal\/#\/schema\/person\/2b1cf3cd81a31e3cd26889ca66d677f1"},"description":"La Re\u0301publique des Valeurs (RV), parti du de\u0301pute\u0301 Thierno Alassane Sall (TAS), maintient la pression sur le projet d\u2019e\u0301 ...","breadcrumb":{"@id":"https:\/\/www.africa-press.net\/senegal\/parties\/affaire-aser-aee-power-opacite-sur-37-milliards-fcfa#breadcrumb"},"inLanguage":"fr-FR","potentialAction":[{"@type":"ReadAction","target":["https:\/\/www.africa-press.net\/senegal\/parties\/affaire-aser-aee-power-opacite-sur-37-milliards-fcfa"]}]},{"@type":"ImageObject","inLanguage":"fr-FR","@id":"https:\/\/www.africa-press.net\/senegal\/parties\/affaire-aser-aee-power-opacite-sur-37-milliards-fcfa#primaryimage","url":"https:\/\/static.africa-press.net\/senegal\/sites\/13\/2025\/12\/sm_1765605918.310393.jpg","contentUrl":"https:\/\/static.africa-press.net\/senegal\/sites\/13\/2025\/12\/sm_1765605918.310393.jpg","width":1280,"height":720,"caption":"Affaire ASER-AEE Power: Opacite\u0301 sur 37 Milliards FCFA"},{"@type":"BreadcrumbList","@id":"https:\/\/www.africa-press.net\/senegal\/parties\/affaire-aser-aee-power-opacite-sur-37-milliards-fcfa#breadcrumb","itemListElement":[{"@type":"ListItem","position":1,"name":"Accueil","item":"https:\/\/www.africa-press.net\/senegal\/"},{"@type":"ListItem","position":2,"name":"Affaire ASER-AEE Power: Opacite\u0301 sur 37 Milliards FCFA"}]},{"@type":"WebSite","@id":"https:\/\/www.africa-press.net\/senegal\/#website","url":"https:\/\/www.africa-press.net\/senegal\/","name":"Africa Press | Senegal | Homepage","description":"Just another Africa News Agency Sites site","potentialAction":[{"@type":"SearchAction","target":{"@type":"EntryPoint","urlTemplate":"https:\/\/www.africa-press.net\/senegal\/?s={search_term_string}"},"query-input":{"@type":"PropertyValueSpecification","valueRequired":true,"valueName":"search_term_string"}}],"inLanguage":"fr-FR"},{"@type":"Person","@id":"https:\/\/www.africa-press.net\/senegal\/#\/schema\/person\/2b1cf3cd81a31e3cd26889ca66d677f1","name":"cfeditorfr","url":"https:\/\/www.africa-press.net\/senegal\/author\/cfeditorfr"}]}},"_links":{"self":[{"href":"https:\/\/www.africa-press.net\/senegal\/wp-json\/wp\/v2\/posts\/73403","targetHints":{"allow":["GET"]}}],"collection":[{"href":"https:\/\/www.africa-press.net\/senegal\/wp-json\/wp\/v2\/posts"}],"about":[{"href":"https:\/\/www.africa-press.net\/senegal\/wp-json\/wp\/v2\/types\/post"}],"author":[{"embeddable":true,"href":"https:\/\/www.africa-press.net\/senegal\/wp-json\/wp\/v2\/users\/82"}],"replies":[{"embeddable":true,"href":"https:\/\/www.africa-press.net\/senegal\/wp-json\/wp\/v2\/comments?post=73403"}],"version-history":[{"count":0,"href":"https:\/\/www.africa-press.net\/senegal\/wp-json\/wp\/v2\/posts\/73403\/revisions"}],"wp:featuredmedia":[{"embeddable":true,"href":"https:\/\/www.africa-press.net\/senegal\/wp-json\/wp\/v2\/media\/73402"}],"wp:attachment":[{"href":"https:\/\/www.africa-press.net\/senegal\/wp-json\/wp\/v2\/media?parent=73403"}],"wp:term":[{"taxonomy":"category","embeddable":true,"href":"https:\/\/www.africa-press.net\/senegal\/wp-json\/wp\/v2\/categories?post=73403"},{"taxonomy":"post_tag","embeddable":true,"href":"https:\/\/www.africa-press.net\/senegal\/wp-json\/wp\/v2\/tags?post=73403"}],"curies":[{"name":"wp","href":"https:\/\/api.w.org\/{rel}","templated":true}]}}