{"id":73415,"date":"2025-12-13T12:00:00","date_gmt":"2025-12-13T12:00:00","guid":{"rendered":"https:\/\/www.africa-press.net\/senegal\/politique\/epr-de-flamanville-autorise-a-atteindre-100-de-puissance"},"modified":"2025-12-14T01:51:57","modified_gmt":"2025-12-14T01:51:57","slug":"epr-de-flamanville-autorise-a-atteindre-100-de-puissance","status":"publish","type":"post","link":"https:\/\/www.africa-press.net\/senegal\/toutes-les-actualites\/epr-de-flamanville-autorise-a-atteindre-100-de-puissance","title":{"rendered":"EPR de Flamanville Autoris\u00e9 \u00c0 Atteindre 100% de Puissance"},"content":{"rendered":"<p><span style=\"color: #ff6600\"><strong>Africa-Press &#8211; Senegal. <\/strong><\/span>L\u2019Autorite\u0301 de su\u0302rete\u0301 nucle\u0301aire (ASNR) a donne\u0301 vendredi 12 de\u0301cembre son feu vert a\u0300 l\u2019e\u0301nerge\u0301ticien EDF pour augmenter au-dela\u0300 de 80% la puissance du re\u0301acteur EPR de Flamanville (Manche). Cette de\u0301cision ouvre la voie a\u0300 une exploitation a\u0300 pleine puissance apre\u0300s des anne\u0301es d\u2019attente.<\/p>\n<p><b>\u00ab 100% de puissance d\u2019ici la fin de l\u2019automne \u00bb<\/b><\/p>\n<p>L\u2019ASNR a indique\u0301 vendredi sur son site internet n\u2019avoir \u00ab pas mis en e\u0301vidence d\u2019e\u0301le\u0301ment susceptible de remettre en cause la possibilite\u0301 de poursuivre la monte\u0301e en puissance \u00bb du tre\u0300s attendu re\u0301acteur \u00ab Flamanville 3 \u00bb, qui avait atteint pour la premie\u0300re fois le seuil de 80% de sa puissance mi-novembre.<\/p>\n<p>Le feu vert du gendarme de la su\u0302rete\u0301 nucle\u0301aire \u00ab permet a\u0300 EDF de poursuivre la monte\u0301e en puissance du re\u0301acteur \u00bb jusqu\u2019a\u0300 la puissance maximale et de \u00ab terminer le programme d\u2019essais de de\u0301marrage \u00bb, de\u0301clare l\u2019ASNR vendredi. \u00ab Les e\u0301quipes de Flamanville 3 lancent les ope\u0301rations de monte\u0301e en puissance \u00bb, a re\u0301agi vendredi EDF aupre\u0300s de l\u2019AFP. \u00ab Les e\u0301quipes sont mobilise\u0301es pour amener le re\u0301acteur a\u0300 100% de puissance d\u2019ici la fin de l\u2019automne \u00bb, conforme\u0301ment aux annonces faites pre\u0301ce\u0301demment.<\/p>\n<p><b>12 ans de retard<\/b><\/p>\n<p>En novembre, l\u2019e\u0301nerge\u0301ticien avait aussi annonce\u0301 une \u00ab visite comple\u0300te \u00bb du site, impliquant l\u2019arre\u0302t complet du re\u0301acteur pendant 350 jours a\u0300 compter du 26 septembre 2026. A cette occasion, le couvercle de la cuve, concerne\u0301 par des anomalies connues de longue date, sera remplace\u0301, justement a\u0300 la demande de l\u2019ASNR. Flamanville 3, premier re\u0301acteur nucle\u0301aire a\u0300 de\u0301marrer depuis 25 ans en France, a e\u0301te\u0301 raccorde\u0301 au re\u0301seau e\u0301lectrique le 21 de\u0301cembre 2024, avec 12 ans de retard par rapport a\u0300 la date pre\u0301vue.<\/p>\n<p>Ses cou\u0302ts ont explose\u0301 par rapport au devis initial de 3,3 milliards d\u2019euros, estime\u0301s de\u0301sormais par la Cour des Comptes aux alentours de 23,7 milliards d\u2019euros aux conditions de 2023. L\u2019EPR, construit face a\u0300 la Manche au co\u0302te\u0301 de deux autres re\u0301acteurs, est le plus puissant du parc nucle\u0301aire franc\u0327ais et doit pouvoir alimenter deux millions de foyers. Mais sa puissance the\u0301orique d\u2019abord annonce\u0301e a\u0300 1.620 MW, reste a\u0300 confirmer.<\/p>\n<p>Dans un rapport du 30 septembre, la Commission de re\u0301gulation de l\u2019e\u0301nergie (CRE), avait en effet re\u0301ve\u0301le\u0301 qu\u2019EDF lui avait communique\u0301 une hypothe\u0300se de puissance maximale de 1585 MW. En novembre, EDF a pre\u0301cise\u0301 qu\u2019il s\u2019agissait du \u00ab bas de la fourchette \u00bb, disant espe\u0301rer atteindre les 1620 MW. La puissance d\u2019un re\u0301acteur, une donne\u0301e importante pour estimer sa capacite\u0301 de production e\u0301lectrique, de\u0301pend de facteurs me\u0301te\u0301orologiques influenc\u0327ant la tempe\u0301rature des eaux de refroidissement, mais aussi de re\u0301glages et d\u2019optimisations.<\/p>\n<p><strong>Pour plus d&rsquo;informations et d&rsquo;analyses sur la <span style=\"color: #ff6600\">Senegal<\/span>, suivez <span style=\"color: #ff6600\">Africa-Press<\/span><\/strong><\/p>\n","protected":false},"excerpt":{"rendered":"<p>Africa-Press &#8211; Senegal. L\u2019Autorite\u0301 de su\u0302rete\u0301 nucle\u0301aire (ASNR) a donne\u0301 vendredi 12 de\u0301cembre son feu vert a\u0300 l\u2019e\u0301nerge\u0301ticien EDF pour augmenter au-dela\u0300 de 80% la puissance du re\u0301acteur EPR de Flamanville (Manche). Cette de\u0301cision ouvre la voie a\u0300 une exploitation a\u0300 pleine puissance apre\u0300s des anne\u0301es d\u2019attente. \u00ab 100% de puissance d\u2019ici la fin de [&hellip;]<\/p>\n","protected":false},"author":82,"featured_media":73414,"comment_status":"open","ping_status":"closed","sticky":false,"template":"","format":"standard","meta":{"footnotes":""},"categories":[22,10],"tags":[44],"class_list":["post-73415","post","type-post","status-publish","format-standard","has-post-thumbnail","hentry","category-divers","category-toutes-les-actualites","tag-senegal-2"],"yoast_head":"<!-- This site is optimized with the Yoast SEO Premium plugin v26.1 (Yoast SEO v27.0) - https:\/\/yoast.com\/product\/yoast-seo-premium-wordpress\/ -->\n<title>EPR de Flamanville Autoris\u00e9 \u00c0 Atteindre 100% de Puissance - Senegal<\/title>\n<meta name=\"description\" content=\"L\u2019Autorite\u0301 de su\u0302rete\u0301 nucle\u0301aire (ASNR) a donne\u0301 vendredi 12 de\u0301cembre son feu vert a\u0300 l\u2019e\u0301nerge\u0301ticien EDF pour augme ...\" \/>\n<meta name=\"robots\" content=\"index, follow, max-snippet:-1, max-image-preview:large, max-video-preview:-1\" \/>\n<link rel=\"canonical\" href=\"https:\/\/www.africa-press.net\/senegal\/toutes-les-actualites\/epr-de-flamanville-autorise-a-atteindre-100-de-puissance\" \/>\n<meta property=\"og:locale\" content=\"fr_FR\" \/>\n<meta property=\"og:type\" content=\"article\" \/>\n<meta property=\"og:title\" content=\"EPR de Flamanville Autoris\u00e9 \u00c0 Atteindre 100% de Puissance\" \/>\n<meta property=\"og:description\" content=\"L\u2019Autorite\u0301 de su\u0302rete\u0301 nucle\u0301aire (ASNR) a donne\u0301 vendredi 12 de\u0301cembre son feu vert a\u0300 l\u2019e\u0301nerge\u0301ticien EDF pour augme ...\" \/>\n<meta property=\"og:url\" content=\"https:\/\/www.africa-press.net\/senegal\/toutes-les-actualites\/epr-de-flamanville-autorise-a-atteindre-100-de-puissance\" \/>\n<meta property=\"og:site_name\" content=\"Senegal\" \/>\n<meta property=\"article:published_time\" content=\"2025-12-13T12:00:00+00:00\" \/>\n<meta property=\"article:modified_time\" content=\"2025-12-14T01:51:57+00:00\" \/>\n<meta property=\"og:image\" content=\"https:\/\/static.africa-press.net\/senegal\/sites\/13\/2025\/12\/sm_1765705413.137797.jpg\" \/>\n\t<meta property=\"og:image:width\" content=\"1280\" \/>\n\t<meta property=\"og:image:height\" content=\"720\" \/>\n\t<meta property=\"og:image:type\" content=\"image\/jpeg\" \/>\n<meta name=\"author\" content=\"cfeditorfr\" \/>\n<meta name=\"twitter:card\" content=\"summary_large_image\" \/>\n<meta name=\"twitter:label1\" content=\"\u00c9crit par\" \/>\n\t<meta name=\"twitter:data1\" content=\"cfeditorfr\" \/>\n\t<meta name=\"twitter:label2\" content=\"Dur\u00e9e de lecture estim\u00e9e\" \/>\n\t<meta name=\"twitter:data2\" content=\"2 minutes\" \/>\n<script type=\"application\/ld+json\" class=\"yoast-schema-graph\">{\"@context\":\"https:\/\/schema.org\",\"@graph\":[{\"@type\":\"Article\",\"@id\":\"https:\/\/www.africa-press.net\/senegal\/toutes-les-actualites\/epr-de-flamanville-autorise-a-atteindre-100-de-puissance#article\",\"isPartOf\":{\"@id\":\"https:\/\/www.africa-press.net\/senegal\/toutes-les-actualites\/epr-de-flamanville-autorise-a-atteindre-100-de-puissance\"},\"author\":{\"name\":\"cfeditorfr\",\"@id\":\"https:\/\/www.africa-press.net\/senegal\/#\/schema\/person\/2b1cf3cd81a31e3cd26889ca66d677f1\"},\"headline\":\"EPR de Flamanville Autoris\u00e9 \u00c0 Atteindre 100% de Puissance\",\"datePublished\":\"2025-12-13T12:00:00+00:00\",\"dateModified\":\"2025-12-14T01:51:57+00:00\",\"mainEntityOfPage\":{\"@id\":\"https:\/\/www.africa-press.net\/senegal\/toutes-les-actualites\/epr-de-flamanville-autorise-a-atteindre-100-de-puissance\"},\"wordCount\":507,\"commentCount\":0,\"image\":{\"@id\":\"https:\/\/www.africa-press.net\/senegal\/toutes-les-actualites\/epr-de-flamanville-autorise-a-atteindre-100-de-puissance#primaryimage\"},\"thumbnailUrl\":\"https:\/\/static.africa-press.net\/senegal\/sites\/13\/2025\/12\/sm_1765705413.137797.jpg\",\"keywords\":[\"Senegal\"],\"articleSection\":[\"Divers\",\"Toutes les actualit\u00e9s\"],\"inLanguage\":\"fr-FR\",\"potentialAction\":[{\"@type\":\"CommentAction\",\"name\":\"Comment\",\"target\":[\"https:\/\/www.africa-press.net\/senegal\/toutes-les-actualites\/epr-de-flamanville-autorise-a-atteindre-100-de-puissance#respond\"]}]},{\"@type\":\"WebPage\",\"@id\":\"https:\/\/www.africa-press.net\/senegal\/toutes-les-actualites\/epr-de-flamanville-autorise-a-atteindre-100-de-puissance\",\"url\":\"https:\/\/www.africa-press.net\/senegal\/toutes-les-actualites\/epr-de-flamanville-autorise-a-atteindre-100-de-puissance\",\"name\":\"EPR de Flamanville Autoris\u00e9 \u00c0 Atteindre 100% de Puissance - Senegal\",\"isPartOf\":{\"@id\":\"https:\/\/www.africa-press.net\/senegal\/#website\"},\"primaryImageOfPage\":{\"@id\":\"https:\/\/www.africa-press.net\/senegal\/toutes-les-actualites\/epr-de-flamanville-autorise-a-atteindre-100-de-puissance#primaryimage\"},\"image\":{\"@id\":\"https:\/\/www.africa-press.net\/senegal\/toutes-les-actualites\/epr-de-flamanville-autorise-a-atteindre-100-de-puissance#primaryimage\"},\"thumbnailUrl\":\"https:\/\/static.africa-press.net\/senegal\/sites\/13\/2025\/12\/sm_1765705413.137797.jpg\",\"datePublished\":\"2025-12-13T12:00:00+00:00\",\"dateModified\":\"2025-12-14T01:51:57+00:00\",\"author\":{\"@id\":\"https:\/\/www.africa-press.net\/senegal\/#\/schema\/person\/2b1cf3cd81a31e3cd26889ca66d677f1\"},\"description\":\"L\u2019Autorite\u0301 de su\u0302rete\u0301 nucle\u0301aire (ASNR) a donne\u0301 vendredi 12 de\u0301cembre son feu vert a\u0300 l\u2019e\u0301nerge\u0301ticien EDF pour augme ...\",\"breadcrumb\":{\"@id\":\"https:\/\/www.africa-press.net\/senegal\/toutes-les-actualites\/epr-de-flamanville-autorise-a-atteindre-100-de-puissance#breadcrumb\"},\"inLanguage\":\"fr-FR\",\"potentialAction\":[{\"@type\":\"ReadAction\",\"target\":[\"https:\/\/www.africa-press.net\/senegal\/toutes-les-actualites\/epr-de-flamanville-autorise-a-atteindre-100-de-puissance\"]}]},{\"@type\":\"ImageObject\",\"inLanguage\":\"fr-FR\",\"@id\":\"https:\/\/www.africa-press.net\/senegal\/toutes-les-actualites\/epr-de-flamanville-autorise-a-atteindre-100-de-puissance#primaryimage\",\"url\":\"https:\/\/static.africa-press.net\/senegal\/sites\/13\/2025\/12\/sm_1765705413.137797.jpg\",\"contentUrl\":\"https:\/\/static.africa-press.net\/senegal\/sites\/13\/2025\/12\/sm_1765705413.137797.jpg\",\"width\":1280,\"height\":720,\"caption\":\"EPR de Flamanville Autoris\u00e9 \u00c0 Atteindre 100% de Puissance\"},{\"@type\":\"BreadcrumbList\",\"@id\":\"https:\/\/www.africa-press.net\/senegal\/toutes-les-actualites\/epr-de-flamanville-autorise-a-atteindre-100-de-puissance#breadcrumb\",\"itemListElement\":[{\"@type\":\"ListItem\",\"position\":1,\"name\":\"Accueil\",\"item\":\"https:\/\/www.africa-press.net\/senegal\/\"},{\"@type\":\"ListItem\",\"position\":2,\"name\":\"EPR de Flamanville Autoris\u00e9 \u00c0 Atteindre 100% de Puissance\"}]},{\"@type\":\"WebSite\",\"@id\":\"https:\/\/www.africa-press.net\/senegal\/#website\",\"url\":\"https:\/\/www.africa-press.net\/senegal\/\",\"name\":\"Africa Press | Senegal | Homepage\",\"description\":\"Just another Africa News Agency Sites site\",\"potentialAction\":[{\"@type\":\"SearchAction\",\"target\":{\"@type\":\"EntryPoint\",\"urlTemplate\":\"https:\/\/www.africa-press.net\/senegal\/?s={search_term_string}\"},\"query-input\":{\"@type\":\"PropertyValueSpecification\",\"valueRequired\":true,\"valueName\":\"search_term_string\"}}],\"inLanguage\":\"fr-FR\"},{\"@type\":\"Person\",\"@id\":\"https:\/\/www.africa-press.net\/senegal\/#\/schema\/person\/2b1cf3cd81a31e3cd26889ca66d677f1\",\"name\":\"cfeditorfr\",\"url\":\"https:\/\/www.africa-press.net\/senegal\/author\/cfeditorfr\"}]}<\/script>\n<!-- \/ Yoast SEO Premium plugin. -->","yoast_head_json":{"title":"EPR de Flamanville Autoris\u00e9 \u00c0 Atteindre 100% de Puissance - Senegal","description":"L\u2019Autorite\u0301 de su\u0302rete\u0301 nucle\u0301aire (ASNR) a donne\u0301 vendredi 12 de\u0301cembre son feu vert a\u0300 l\u2019e\u0301nerge\u0301ticien EDF pour augme ...","robots":{"index":"index","follow":"follow","max-snippet":"max-snippet:-1","max-image-preview":"max-image-preview:large","max-video-preview":"max-video-preview:-1"},"canonical":"https:\/\/www.africa-press.net\/senegal\/toutes-les-actualites\/epr-de-flamanville-autorise-a-atteindre-100-de-puissance","og_locale":"fr_FR","og_type":"article","og_title":"EPR de Flamanville Autoris\u00e9 \u00c0 Atteindre 100% de Puissance","og_description":"L\u2019Autorite\u0301 de su\u0302rete\u0301 nucle\u0301aire (ASNR) a donne\u0301 vendredi 12 de\u0301cembre son feu vert a\u0300 l\u2019e\u0301nerge\u0301ticien EDF pour augme ...","og_url":"https:\/\/www.africa-press.net\/senegal\/toutes-les-actualites\/epr-de-flamanville-autorise-a-atteindre-100-de-puissance","og_site_name":"Senegal","article_published_time":"2025-12-13T12:00:00+00:00","article_modified_time":"2025-12-14T01:51:57+00:00","og_image":[{"width":1280,"height":720,"url":"https:\/\/static.africa-press.net\/senegal\/sites\/13\/2025\/12\/sm_1765705413.137797.jpg","type":"image\/jpeg"}],"author":"cfeditorfr","twitter_card":"summary_large_image","twitter_misc":{"\u00c9crit par":"cfeditorfr","Dur\u00e9e de lecture estim\u00e9e":"2 minutes"},"schema":{"@context":"https:\/\/schema.org","@graph":[{"@type":"Article","@id":"https:\/\/www.africa-press.net\/senegal\/toutes-les-actualites\/epr-de-flamanville-autorise-a-atteindre-100-de-puissance#article","isPartOf":{"@id":"https:\/\/www.africa-press.net\/senegal\/toutes-les-actualites\/epr-de-flamanville-autorise-a-atteindre-100-de-puissance"},"author":{"name":"cfeditorfr","@id":"https:\/\/www.africa-press.net\/senegal\/#\/schema\/person\/2b1cf3cd81a31e3cd26889ca66d677f1"},"headline":"EPR de Flamanville Autoris\u00e9 \u00c0 Atteindre 100% de Puissance","datePublished":"2025-12-13T12:00:00+00:00","dateModified":"2025-12-14T01:51:57+00:00","mainEntityOfPage":{"@id":"https:\/\/www.africa-press.net\/senegal\/toutes-les-actualites\/epr-de-flamanville-autorise-a-atteindre-100-de-puissance"},"wordCount":507,"commentCount":0,"image":{"@id":"https:\/\/www.africa-press.net\/senegal\/toutes-les-actualites\/epr-de-flamanville-autorise-a-atteindre-100-de-puissance#primaryimage"},"thumbnailUrl":"https:\/\/static.africa-press.net\/senegal\/sites\/13\/2025\/12\/sm_1765705413.137797.jpg","keywords":["Senegal"],"articleSection":["Divers","Toutes les actualit\u00e9s"],"inLanguage":"fr-FR","potentialAction":[{"@type":"CommentAction","name":"Comment","target":["https:\/\/www.africa-press.net\/senegal\/toutes-les-actualites\/epr-de-flamanville-autorise-a-atteindre-100-de-puissance#respond"]}]},{"@type":"WebPage","@id":"https:\/\/www.africa-press.net\/senegal\/toutes-les-actualites\/epr-de-flamanville-autorise-a-atteindre-100-de-puissance","url":"https:\/\/www.africa-press.net\/senegal\/toutes-les-actualites\/epr-de-flamanville-autorise-a-atteindre-100-de-puissance","name":"EPR de Flamanville Autoris\u00e9 \u00c0 Atteindre 100% de Puissance - Senegal","isPartOf":{"@id":"https:\/\/www.africa-press.net\/senegal\/#website"},"primaryImageOfPage":{"@id":"https:\/\/www.africa-press.net\/senegal\/toutes-les-actualites\/epr-de-flamanville-autorise-a-atteindre-100-de-puissance#primaryimage"},"image":{"@id":"https:\/\/www.africa-press.net\/senegal\/toutes-les-actualites\/epr-de-flamanville-autorise-a-atteindre-100-de-puissance#primaryimage"},"thumbnailUrl":"https:\/\/static.africa-press.net\/senegal\/sites\/13\/2025\/12\/sm_1765705413.137797.jpg","datePublished":"2025-12-13T12:00:00+00:00","dateModified":"2025-12-14T01:51:57+00:00","author":{"@id":"https:\/\/www.africa-press.net\/senegal\/#\/schema\/person\/2b1cf3cd81a31e3cd26889ca66d677f1"},"description":"L\u2019Autorite\u0301 de su\u0302rete\u0301 nucle\u0301aire (ASNR) a donne\u0301 vendredi 12 de\u0301cembre son feu vert a\u0300 l\u2019e\u0301nerge\u0301ticien EDF pour augme ...","breadcrumb":{"@id":"https:\/\/www.africa-press.net\/senegal\/toutes-les-actualites\/epr-de-flamanville-autorise-a-atteindre-100-de-puissance#breadcrumb"},"inLanguage":"fr-FR","potentialAction":[{"@type":"ReadAction","target":["https:\/\/www.africa-press.net\/senegal\/toutes-les-actualites\/epr-de-flamanville-autorise-a-atteindre-100-de-puissance"]}]},{"@type":"ImageObject","inLanguage":"fr-FR","@id":"https:\/\/www.africa-press.net\/senegal\/toutes-les-actualites\/epr-de-flamanville-autorise-a-atteindre-100-de-puissance#primaryimage","url":"https:\/\/static.africa-press.net\/senegal\/sites\/13\/2025\/12\/sm_1765705413.137797.jpg","contentUrl":"https:\/\/static.africa-press.net\/senegal\/sites\/13\/2025\/12\/sm_1765705413.137797.jpg","width":1280,"height":720,"caption":"EPR de Flamanville Autoris\u00e9 \u00c0 Atteindre 100% de Puissance"},{"@type":"BreadcrumbList","@id":"https:\/\/www.africa-press.net\/senegal\/toutes-les-actualites\/epr-de-flamanville-autorise-a-atteindre-100-de-puissance#breadcrumb","itemListElement":[{"@type":"ListItem","position":1,"name":"Accueil","item":"https:\/\/www.africa-press.net\/senegal\/"},{"@type":"ListItem","position":2,"name":"EPR de Flamanville Autoris\u00e9 \u00c0 Atteindre 100% de Puissance"}]},{"@type":"WebSite","@id":"https:\/\/www.africa-press.net\/senegal\/#website","url":"https:\/\/www.africa-press.net\/senegal\/","name":"Africa Press | Senegal | Homepage","description":"Just another Africa News Agency Sites site","potentialAction":[{"@type":"SearchAction","target":{"@type":"EntryPoint","urlTemplate":"https:\/\/www.africa-press.net\/senegal\/?s={search_term_string}"},"query-input":{"@type":"PropertyValueSpecification","valueRequired":true,"valueName":"search_term_string"}}],"inLanguage":"fr-FR"},{"@type":"Person","@id":"https:\/\/www.africa-press.net\/senegal\/#\/schema\/person\/2b1cf3cd81a31e3cd26889ca66d677f1","name":"cfeditorfr","url":"https:\/\/www.africa-press.net\/senegal\/author\/cfeditorfr"}]}},"_links":{"self":[{"href":"https:\/\/www.africa-press.net\/senegal\/wp-json\/wp\/v2\/posts\/73415","targetHints":{"allow":["GET"]}}],"collection":[{"href":"https:\/\/www.africa-press.net\/senegal\/wp-json\/wp\/v2\/posts"}],"about":[{"href":"https:\/\/www.africa-press.net\/senegal\/wp-json\/wp\/v2\/types\/post"}],"author":[{"embeddable":true,"href":"https:\/\/www.africa-press.net\/senegal\/wp-json\/wp\/v2\/users\/82"}],"replies":[{"embeddable":true,"href":"https:\/\/www.africa-press.net\/senegal\/wp-json\/wp\/v2\/comments?post=73415"}],"version-history":[{"count":0,"href":"https:\/\/www.africa-press.net\/senegal\/wp-json\/wp\/v2\/posts\/73415\/revisions"}],"wp:featuredmedia":[{"embeddable":true,"href":"https:\/\/www.africa-press.net\/senegal\/wp-json\/wp\/v2\/media\/73414"}],"wp:attachment":[{"href":"https:\/\/www.africa-press.net\/senegal\/wp-json\/wp\/v2\/media?parent=73415"}],"wp:term":[{"taxonomy":"category","embeddable":true,"href":"https:\/\/www.africa-press.net\/senegal\/wp-json\/wp\/v2\/categories?post=73415"},{"taxonomy":"post_tag","embeddable":true,"href":"https:\/\/www.africa-press.net\/senegal\/wp-json\/wp\/v2\/tags?post=73415"}],"curies":[{"name":"wp","href":"https:\/\/api.w.org\/{rel}","templated":true}]}}