{"id":73437,"date":"2025-12-13T14:00:00","date_gmt":"2025-12-13T14:00:00","guid":{"rendered":"https:\/\/www.africa-press.net\/senegal\/politique\/dette-cachee-base-legale-introuvable-mbow-demande-arret"},"modified":"2025-12-14T02:32:49","modified_gmt":"2025-12-14T02:32:49","slug":"dette-cachee-base-legale-introuvable-mbow-demande-arret","status":"publish","type":"post","link":"https:\/\/www.africa-press.net\/senegal\/politique\/dette-cachee-base-legale-introuvable-mbow-demande-arret","title":{"rendered":"Dette Cache\u0301e, Base Le\u0301gale Introuvable: Mbow Demande Arre\u0302T"},"content":{"rendered":"<p><span style=\"color: #ff6600\"><strong>Africa-Press &#8211; Senegal. <\/strong><\/span>Abdou Mbow (Takku Wallou) met le gouvernement au de\u0301fi de la transparence et de la le\u0301galite\u0301. A\u0300 l\u2019Assemble\u0301e nationale, ce samedi, l\u2019examen de la loi de finances a e\u0301te\u0301 marque\u0301 par une intervention frontale du de\u0301pute\u0301 Abdou Mbow, qui a de\u0301pose\u0301 une question pre\u0301alable tendant a\u0300 empe\u0302cher toute de\u0301libe\u0301ration. En cause: \u00ab l\u2019opacite\u0301 persistante autour de la \u00ab dette cache\u0301e \u00bb e\u0301voque\u0301e par le gouvernement et les doutes se\u0301rieux sur la base juridique de la loi de finances \u00bb.<\/p>\n<p><b>\u00ab Ou\u0300 sont les preuves de la dette cache\u0301e? \u00bb<\/b><\/p>\n<p>Dans une prise de parole sans de\u0301tour, Abdou Mbow a exige\u0301 la publication inte\u0301grale des documents ayant servi a\u0300 e\u0301tablir l\u2019existence de cette dette. Il a cite\u0301 notamment le rapport de l\u2019Inspection ge\u0301ne\u0301rale des Finances (IGF), le rapport provisoire de la Cour des comptes, les bulletins statistiques de la dette, absents depuis juin 2024, et le rapport du cabinet Mazars. Selon le de\u0301pute\u0301, ces documents sont indispensables pour appre\u0301cier \u00ab la ve\u0301racite\u0301, l\u2019ampleur et les responsabilite\u0301s \u00bb lie\u0301es a\u0300 cette dette que l\u2019exe\u0301cutif pre\u0301sente comme l\u2019origine majeure des difficulte\u0301s e\u0301conomiques actuelles.<\/p>\n<p><b>Combien cette dette cou\u0302tera-t-elle aux Se\u0301ne\u0301galais en 2026?<\/b><\/p>\n<p>Allant au fond du sujet, Abdou Mbow a interpelle\u0301 le ministre sur un point pre\u0301cis: \u00ab Quel est le montant supple\u0301mentaire pre\u0301vu dans la loi de finances 2026 pour le remboursement de cette dette dite cache\u0301e? \u00bb Pour le parlementaire de Takku Wally, l\u2019inte\u0301gration annonce\u0301e de cette dette dans les chiffres officiels doit impe\u0301rativement se traduire par des lignes budge\u0301taires claires et chiffre\u0301es, afin d\u2019e\u0301clairer la repre\u0301sentation nationale et l\u2019opinion publique.<\/p>\n<p>Au-dela\u0300 de la question financie\u0300re, Abdou Mbow a souleve\u0301 un proble\u0300me de le\u0301galite\u0301. Il a rappele\u0301 que la loi de finances repose sur la loi portant syste\u0300me de planification nationale, adopte\u0301e en 2019, qu\u2019il estime aujourd\u2019hui soit caduque, soit manifestement viole\u0301e dans son application. De\u0300s lors, une question centrale se pose, selon lui: \u00ab Sur quelle base le\u0301gale repose la loi de finances que nous voulons voter aujourd\u2019hui? \u00bb Le de\u0301pute\u0301 s\u2019est e\u0301galement interroge\u0301 sur la validite\u0301 juridique des actes de gestion pris sur la base d\u2019une loi-cadre qui ne serait plus applique\u0301e.<\/p>\n<p><b>Majorite\u0301 et gouvernement balayent la reque\u0302te<\/b><\/p>\n<p>La majorite\u0301 parlementaire a imme\u0301diatement rejete\u0301 la question pre\u0301alable, accusant Abdou Mbow de vouloir retarder les travaux. Le ministre a, de son co\u0302te\u0301, de\u0301fendu un exercice \u00ab se\u0301rieux, re\u0301publicain et conforme aux exigences le\u0301gales \u00bb, affirmant que l\u2019e\u0301tat des lieux de la dette a e\u0301te\u0301 re\u0301alise\u0301 et valide\u0301 avec les partenaires techniques et financiers. Il s\u2019est notamment appuye\u0301 sur une loi adopte\u0301e en 2022, dont l\u2019article 24 de\u0301finit le re\u0301fe\u0301rentiel des politiques publiques, pour justifier la poursuite des de\u0301bats.<\/p>\n<p><strong>Pour plus d&rsquo;informations et d&rsquo;analyses sur la <span style=\"color: #ff6600\">Senegal<\/span>, suivez <span style=\"color: #ff6600\">Africa-Press<\/span><\/strong><\/p>\n","protected":false},"excerpt":{"rendered":"<p>Africa-Press &#8211; Senegal. Abdou Mbow (Takku Wallou) met le gouvernement au de\u0301fi de la transparence et de la le\u0301galite\u0301. A\u0300 l\u2019Assemble\u0301e nationale, ce samedi, l\u2019examen de la loi de finances a e\u0301te\u0301 marque\u0301 par une intervention frontale du de\u0301pute\u0301 Abdou Mbow, qui a de\u0301pose\u0301 une question pre\u0301alable tendant a\u0300 empe\u0302cher toute de\u0301libe\u0301ration. En cause: \u00ab [&hellip;]<\/p>\n","protected":false},"author":82,"featured_media":73436,"comment_status":"open","ping_status":"closed","sticky":false,"template":"","format":"standard","meta":{"footnotes":""},"categories":[2,20,10],"tags":[44],"class_list":["post-73437","post","type-post","status-publish","format-standard","has-post-thumbnail","hentry","category-politique","category-top-nouvelles","category-toutes-les-actualites","tag-senegal-2"],"yoast_head":"<!-- This site is optimized with the Yoast SEO Premium plugin v26.1 (Yoast SEO v27.0) - https:\/\/yoast.com\/product\/yoast-seo-premium-wordpress\/ -->\n<title>Dette Cache\u0301e, Base Le\u0301gale Introuvable: Mbow Demande Arre\u0302T - Senegal<\/title>\n<meta name=\"description\" content=\"Abdou Mbow (Takku Wallou) met le gouvernement au de\u0301fi de la transparence et de la le\u0301galite\u0301. A\u0300 l\u2019Assemble\u0301e nationale ...\" \/>\n<meta name=\"robots\" content=\"index, follow, max-snippet:-1, max-image-preview:large, max-video-preview:-1\" \/>\n<link rel=\"canonical\" href=\"https:\/\/www.africa-press.net\/senegal\/politique\/dette-cachee-base-legale-introuvable-mbow-demande-arret\" \/>\n<meta property=\"og:locale\" content=\"fr_FR\" \/>\n<meta property=\"og:type\" content=\"article\" \/>\n<meta property=\"og:title\" content=\"Dette Cache\u0301e, Base Le\u0301gale Introuvable: Mbow Demande Arre\u0302T\" \/>\n<meta property=\"og:description\" content=\"Abdou Mbow (Takku Wallou) met le gouvernement au de\u0301fi de la transparence et de la le\u0301galite\u0301. A\u0300 l\u2019Assemble\u0301e nationale ...\" \/>\n<meta property=\"og:url\" content=\"https:\/\/www.africa-press.net\/senegal\/politique\/dette-cachee-base-legale-introuvable-mbow-demande-arret\" \/>\n<meta property=\"og:site_name\" content=\"Senegal\" \/>\n<meta property=\"article:published_time\" content=\"2025-12-13T14:00:00+00:00\" \/>\n<meta property=\"article:modified_time\" content=\"2025-12-14T02:32:49+00:00\" \/>\n<meta property=\"og:image\" content=\"https:\/\/static.africa-press.net\/senegal\/sites\/13\/2025\/12\/sm_1765708134.70731.jpg\" \/>\n\t<meta property=\"og:image:width\" content=\"1280\" \/>\n\t<meta property=\"og:image:height\" content=\"720\" \/>\n\t<meta property=\"og:image:type\" content=\"image\/jpeg\" \/>\n<meta name=\"author\" content=\"cfeditorfr\" \/>\n<meta name=\"twitter:card\" content=\"summary_large_image\" \/>\n<meta name=\"twitter:label1\" content=\"\u00c9crit par\" \/>\n\t<meta name=\"twitter:data1\" content=\"cfeditorfr\" \/>\n\t<meta name=\"twitter:label2\" content=\"Dur\u00e9e de lecture estim\u00e9e\" \/>\n\t<meta name=\"twitter:data2\" content=\"3 minutes\" \/>\n<script type=\"application\/ld+json\" class=\"yoast-schema-graph\">{\"@context\":\"https:\/\/schema.org\",\"@graph\":[{\"@type\":\"Article\",\"@id\":\"https:\/\/www.africa-press.net\/senegal\/politique\/dette-cachee-base-legale-introuvable-mbow-demande-arret#article\",\"isPartOf\":{\"@id\":\"https:\/\/www.africa-press.net\/senegal\/politique\/dette-cachee-base-legale-introuvable-mbow-demande-arret\"},\"author\":{\"name\":\"cfeditorfr\",\"@id\":\"https:\/\/www.africa-press.net\/senegal\/#\/schema\/person\/2b1cf3cd81a31e3cd26889ca66d677f1\"},\"headline\":\"Dette Cache\u0301e, Base Le\u0301gale Introuvable: Mbow Demande Arre\u0302T\",\"datePublished\":\"2025-12-13T14:00:00+00:00\",\"dateModified\":\"2025-12-14T02:32:49+00:00\",\"mainEntityOfPage\":{\"@id\":\"https:\/\/www.africa-press.net\/senegal\/politique\/dette-cachee-base-legale-introuvable-mbow-demande-arret\"},\"wordCount\":532,\"commentCount\":0,\"image\":{\"@id\":\"https:\/\/www.africa-press.net\/senegal\/politique\/dette-cachee-base-legale-introuvable-mbow-demande-arret#primaryimage\"},\"thumbnailUrl\":\"https:\/\/static.africa-press.net\/senegal\/sites\/13\/2025\/12\/sm_1765708134.70731.jpg\",\"keywords\":[\"Senegal\"],\"articleSection\":[\"Politique\",\"Top Nouvelles\",\"Toutes les actualit\u00e9s\"],\"inLanguage\":\"fr-FR\",\"potentialAction\":[{\"@type\":\"CommentAction\",\"name\":\"Comment\",\"target\":[\"https:\/\/www.africa-press.net\/senegal\/politique\/dette-cachee-base-legale-introuvable-mbow-demande-arret#respond\"]}]},{\"@type\":\"WebPage\",\"@id\":\"https:\/\/www.africa-press.net\/senegal\/politique\/dette-cachee-base-legale-introuvable-mbow-demande-arret\",\"url\":\"https:\/\/www.africa-press.net\/senegal\/politique\/dette-cachee-base-legale-introuvable-mbow-demande-arret\",\"name\":\"Dette Cache\u0301e, Base Le\u0301gale Introuvable: Mbow Demande Arre\u0302T - Senegal\",\"isPartOf\":{\"@id\":\"https:\/\/www.africa-press.net\/senegal\/#website\"},\"primaryImageOfPage\":{\"@id\":\"https:\/\/www.africa-press.net\/senegal\/politique\/dette-cachee-base-legale-introuvable-mbow-demande-arret#primaryimage\"},\"image\":{\"@id\":\"https:\/\/www.africa-press.net\/senegal\/politique\/dette-cachee-base-legale-introuvable-mbow-demande-arret#primaryimage\"},\"thumbnailUrl\":\"https:\/\/static.africa-press.net\/senegal\/sites\/13\/2025\/12\/sm_1765708134.70731.jpg\",\"datePublished\":\"2025-12-13T14:00:00+00:00\",\"dateModified\":\"2025-12-14T02:32:49+00:00\",\"author\":{\"@id\":\"https:\/\/www.africa-press.net\/senegal\/#\/schema\/person\/2b1cf3cd81a31e3cd26889ca66d677f1\"},\"description\":\"Abdou Mbow (Takku Wallou) met le gouvernement au de\u0301fi de la transparence et de la le\u0301galite\u0301. A\u0300 l\u2019Assemble\u0301e nationale ...\",\"breadcrumb\":{\"@id\":\"https:\/\/www.africa-press.net\/senegal\/politique\/dette-cachee-base-legale-introuvable-mbow-demande-arret#breadcrumb\"},\"inLanguage\":\"fr-FR\",\"potentialAction\":[{\"@type\":\"ReadAction\",\"target\":[\"https:\/\/www.africa-press.net\/senegal\/politique\/dette-cachee-base-legale-introuvable-mbow-demande-arret\"]}]},{\"@type\":\"ImageObject\",\"inLanguage\":\"fr-FR\",\"@id\":\"https:\/\/www.africa-press.net\/senegal\/politique\/dette-cachee-base-legale-introuvable-mbow-demande-arret#primaryimage\",\"url\":\"https:\/\/static.africa-press.net\/senegal\/sites\/13\/2025\/12\/sm_1765708134.70731.jpg\",\"contentUrl\":\"https:\/\/static.africa-press.net\/senegal\/sites\/13\/2025\/12\/sm_1765708134.70731.jpg\",\"width\":1280,\"height\":720,\"caption\":\"Dette Cache\u0301e, Base Le\u0301gale Introuvable: Mbow Demande Arre\u0302T\"},{\"@type\":\"BreadcrumbList\",\"@id\":\"https:\/\/www.africa-press.net\/senegal\/politique\/dette-cachee-base-legale-introuvable-mbow-demande-arret#breadcrumb\",\"itemListElement\":[{\"@type\":\"ListItem\",\"position\":1,\"name\":\"Accueil\",\"item\":\"https:\/\/www.africa-press.net\/senegal\/\"},{\"@type\":\"ListItem\",\"position\":2,\"name\":\"Dette Cache\u0301e, Base Le\u0301gale Introuvable: Mbow Demande Arre\u0302T\"}]},{\"@type\":\"WebSite\",\"@id\":\"https:\/\/www.africa-press.net\/senegal\/#website\",\"url\":\"https:\/\/www.africa-press.net\/senegal\/\",\"name\":\"Africa Press | Senegal | Homepage\",\"description\":\"Just another Africa News Agency Sites site\",\"potentialAction\":[{\"@type\":\"SearchAction\",\"target\":{\"@type\":\"EntryPoint\",\"urlTemplate\":\"https:\/\/www.africa-press.net\/senegal\/?s={search_term_string}\"},\"query-input\":{\"@type\":\"PropertyValueSpecification\",\"valueRequired\":true,\"valueName\":\"search_term_string\"}}],\"inLanguage\":\"fr-FR\"},{\"@type\":\"Person\",\"@id\":\"https:\/\/www.africa-press.net\/senegal\/#\/schema\/person\/2b1cf3cd81a31e3cd26889ca66d677f1\",\"name\":\"cfeditorfr\",\"url\":\"https:\/\/www.africa-press.net\/senegal\/author\/cfeditorfr\"}]}<\/script>\n<!-- \/ Yoast SEO Premium plugin. -->","yoast_head_json":{"title":"Dette Cache\u0301e, Base Le\u0301gale Introuvable: Mbow Demande Arre\u0302T - Senegal","description":"Abdou Mbow (Takku Wallou) met le gouvernement au de\u0301fi de la transparence et de la le\u0301galite\u0301. A\u0300 l\u2019Assemble\u0301e nationale ...","robots":{"index":"index","follow":"follow","max-snippet":"max-snippet:-1","max-image-preview":"max-image-preview:large","max-video-preview":"max-video-preview:-1"},"canonical":"https:\/\/www.africa-press.net\/senegal\/politique\/dette-cachee-base-legale-introuvable-mbow-demande-arret","og_locale":"fr_FR","og_type":"article","og_title":"Dette Cache\u0301e, Base Le\u0301gale Introuvable: Mbow Demande Arre\u0302T","og_description":"Abdou Mbow (Takku Wallou) met le gouvernement au de\u0301fi de la transparence et de la le\u0301galite\u0301. A\u0300 l\u2019Assemble\u0301e nationale ...","og_url":"https:\/\/www.africa-press.net\/senegal\/politique\/dette-cachee-base-legale-introuvable-mbow-demande-arret","og_site_name":"Senegal","article_published_time":"2025-12-13T14:00:00+00:00","article_modified_time":"2025-12-14T02:32:49+00:00","og_image":[{"width":1280,"height":720,"url":"https:\/\/static.africa-press.net\/senegal\/sites\/13\/2025\/12\/sm_1765708134.70731.jpg","type":"image\/jpeg"}],"author":"cfeditorfr","twitter_card":"summary_large_image","twitter_misc":{"\u00c9crit par":"cfeditorfr","Dur\u00e9e de lecture estim\u00e9e":"3 minutes"},"schema":{"@context":"https:\/\/schema.org","@graph":[{"@type":"Article","@id":"https:\/\/www.africa-press.net\/senegal\/politique\/dette-cachee-base-legale-introuvable-mbow-demande-arret#article","isPartOf":{"@id":"https:\/\/www.africa-press.net\/senegal\/politique\/dette-cachee-base-legale-introuvable-mbow-demande-arret"},"author":{"name":"cfeditorfr","@id":"https:\/\/www.africa-press.net\/senegal\/#\/schema\/person\/2b1cf3cd81a31e3cd26889ca66d677f1"},"headline":"Dette Cache\u0301e, Base Le\u0301gale Introuvable: Mbow Demande Arre\u0302T","datePublished":"2025-12-13T14:00:00+00:00","dateModified":"2025-12-14T02:32:49+00:00","mainEntityOfPage":{"@id":"https:\/\/www.africa-press.net\/senegal\/politique\/dette-cachee-base-legale-introuvable-mbow-demande-arret"},"wordCount":532,"commentCount":0,"image":{"@id":"https:\/\/www.africa-press.net\/senegal\/politique\/dette-cachee-base-legale-introuvable-mbow-demande-arret#primaryimage"},"thumbnailUrl":"https:\/\/static.africa-press.net\/senegal\/sites\/13\/2025\/12\/sm_1765708134.70731.jpg","keywords":["Senegal"],"articleSection":["Politique","Top Nouvelles","Toutes les actualit\u00e9s"],"inLanguage":"fr-FR","potentialAction":[{"@type":"CommentAction","name":"Comment","target":["https:\/\/www.africa-press.net\/senegal\/politique\/dette-cachee-base-legale-introuvable-mbow-demande-arret#respond"]}]},{"@type":"WebPage","@id":"https:\/\/www.africa-press.net\/senegal\/politique\/dette-cachee-base-legale-introuvable-mbow-demande-arret","url":"https:\/\/www.africa-press.net\/senegal\/politique\/dette-cachee-base-legale-introuvable-mbow-demande-arret","name":"Dette Cache\u0301e, Base Le\u0301gale Introuvable: Mbow Demande Arre\u0302T - Senegal","isPartOf":{"@id":"https:\/\/www.africa-press.net\/senegal\/#website"},"primaryImageOfPage":{"@id":"https:\/\/www.africa-press.net\/senegal\/politique\/dette-cachee-base-legale-introuvable-mbow-demande-arret#primaryimage"},"image":{"@id":"https:\/\/www.africa-press.net\/senegal\/politique\/dette-cachee-base-legale-introuvable-mbow-demande-arret#primaryimage"},"thumbnailUrl":"https:\/\/static.africa-press.net\/senegal\/sites\/13\/2025\/12\/sm_1765708134.70731.jpg","datePublished":"2025-12-13T14:00:00+00:00","dateModified":"2025-12-14T02:32:49+00:00","author":{"@id":"https:\/\/www.africa-press.net\/senegal\/#\/schema\/person\/2b1cf3cd81a31e3cd26889ca66d677f1"},"description":"Abdou Mbow (Takku Wallou) met le gouvernement au de\u0301fi de la transparence et de la le\u0301galite\u0301. A\u0300 l\u2019Assemble\u0301e nationale ...","breadcrumb":{"@id":"https:\/\/www.africa-press.net\/senegal\/politique\/dette-cachee-base-legale-introuvable-mbow-demande-arret#breadcrumb"},"inLanguage":"fr-FR","potentialAction":[{"@type":"ReadAction","target":["https:\/\/www.africa-press.net\/senegal\/politique\/dette-cachee-base-legale-introuvable-mbow-demande-arret"]}]},{"@type":"ImageObject","inLanguage":"fr-FR","@id":"https:\/\/www.africa-press.net\/senegal\/politique\/dette-cachee-base-legale-introuvable-mbow-demande-arret#primaryimage","url":"https:\/\/static.africa-press.net\/senegal\/sites\/13\/2025\/12\/sm_1765708134.70731.jpg","contentUrl":"https:\/\/static.africa-press.net\/senegal\/sites\/13\/2025\/12\/sm_1765708134.70731.jpg","width":1280,"height":720,"caption":"Dette Cache\u0301e, Base Le\u0301gale Introuvable: Mbow Demande Arre\u0302T"},{"@type":"BreadcrumbList","@id":"https:\/\/www.africa-press.net\/senegal\/politique\/dette-cachee-base-legale-introuvable-mbow-demande-arret#breadcrumb","itemListElement":[{"@type":"ListItem","position":1,"name":"Accueil","item":"https:\/\/www.africa-press.net\/senegal\/"},{"@type":"ListItem","position":2,"name":"Dette Cache\u0301e, Base Le\u0301gale Introuvable: Mbow Demande Arre\u0302T"}]},{"@type":"WebSite","@id":"https:\/\/www.africa-press.net\/senegal\/#website","url":"https:\/\/www.africa-press.net\/senegal\/","name":"Africa Press | Senegal | Homepage","description":"Just another Africa News Agency Sites site","potentialAction":[{"@type":"SearchAction","target":{"@type":"EntryPoint","urlTemplate":"https:\/\/www.africa-press.net\/senegal\/?s={search_term_string}"},"query-input":{"@type":"PropertyValueSpecification","valueRequired":true,"valueName":"search_term_string"}}],"inLanguage":"fr-FR"},{"@type":"Person","@id":"https:\/\/www.africa-press.net\/senegal\/#\/schema\/person\/2b1cf3cd81a31e3cd26889ca66d677f1","name":"cfeditorfr","url":"https:\/\/www.africa-press.net\/senegal\/author\/cfeditorfr"}]}},"_links":{"self":[{"href":"https:\/\/www.africa-press.net\/senegal\/wp-json\/wp\/v2\/posts\/73437","targetHints":{"allow":["GET"]}}],"collection":[{"href":"https:\/\/www.africa-press.net\/senegal\/wp-json\/wp\/v2\/posts"}],"about":[{"href":"https:\/\/www.africa-press.net\/senegal\/wp-json\/wp\/v2\/types\/post"}],"author":[{"embeddable":true,"href":"https:\/\/www.africa-press.net\/senegal\/wp-json\/wp\/v2\/users\/82"}],"replies":[{"embeddable":true,"href":"https:\/\/www.africa-press.net\/senegal\/wp-json\/wp\/v2\/comments?post=73437"}],"version-history":[{"count":0,"href":"https:\/\/www.africa-press.net\/senegal\/wp-json\/wp\/v2\/posts\/73437\/revisions"}],"wp:featuredmedia":[{"embeddable":true,"href":"https:\/\/www.africa-press.net\/senegal\/wp-json\/wp\/v2\/media\/73436"}],"wp:attachment":[{"href":"https:\/\/www.africa-press.net\/senegal\/wp-json\/wp\/v2\/media?parent=73437"}],"wp:term":[{"taxonomy":"category","embeddable":true,"href":"https:\/\/www.africa-press.net\/senegal\/wp-json\/wp\/v2\/categories?post=73437"},{"taxonomy":"post_tag","embeddable":true,"href":"https:\/\/www.africa-press.net\/senegal\/wp-json\/wp\/v2\/tags?post=73437"}],"curies":[{"name":"wp","href":"https:\/\/api.w.org\/{rel}","templated":true}]}}