{"id":73440,"date":"2025-12-13T14:10:00","date_gmt":"2025-12-13T14:10:00","guid":{"rendered":"https:\/\/www.africa-press.net\/senegal\/politique\/budget-2026-du-ministere-de-leconomie-adopte"},"modified":"2025-12-14T02:35:54","modified_gmt":"2025-12-14T02:35:54","slug":"budget-2026-du-ministere-de-leconomie-adopte","status":"publish","type":"post","link":"https:\/\/www.africa-press.net\/senegal\/politique\/budget-2026-du-ministere-de-leconomie-adopte","title":{"rendered":"Budget 2026 du Minist\u00e8re de L&rsquo;\u00c9conomie Adopt\u00e9"},"content":{"rendered":"<p><span style=\"color: #ff6600\"><strong>Africa-Press &#8211; Senegal. <\/strong><\/span>Le budget 2026 du Ministe\u0300re de l\u2019E\u0301conomie, du Plan et de la Coope\u0301ration a e\u0301te\u0301 adopte\u0301 ce samedi 13 de\u0301cembre 2025 en se\u0301ance ple\u0301nie\u0300re par l\u2019Assemble\u0301e nationale.<\/p>\n<p>Sur les 165 de\u0301pute\u0301s inscrits, 122 ont pris part au vote, dont 21 par procuration. Le texte a e\u0301te\u0301 approuve\u0301 par 116 voix pour, ze\u0301ro contre et 6 abstentions, traduisant un large consensus autour des orientations propose\u0301es par le de\u0301partement ministe\u0301riel.<\/p>\n<p>Pour l\u2019exercice 2026, le Ministe\u0300re de l\u2019E\u0301conomie, du Plan et de la Coope\u0301ration be\u0301ne\u0301ficie d\u2019une dotation globale de 39,28 milliards FCFA, aussi bien en autorisations d\u2019engagement (AE) qu\u2019en cre\u0301dits de paiement (CP).<\/p>\n<p>Ce budget est re\u0301parti entre trois programmes majeurs, refle\u0301tant les priorite\u0301s strate\u0301giques de l\u2019E\u0301tat en matie\u0300re de gouvernance e\u0301conomique, de planification, de coope\u0301ration et de de\u0301veloppement du secteur prive\u0301.<\/p>\n<p><strong>Pour plus d&rsquo;informations et d&rsquo;analyses sur la <span style=\"color: #ff6600\">Senegal<\/span>, suivez <span style=\"color: #ff6600\">Africa-Press<\/span><\/strong><\/p>\n","protected":false},"excerpt":{"rendered":"<p>Africa-Press &#8211; Senegal. Le budget 2026 du Ministe\u0300re de l\u2019E\u0301conomie, du Plan et de la Coope\u0301ration a e\u0301te\u0301 adopte\u0301 ce samedi 13 de\u0301cembre 2025 en se\u0301ance ple\u0301nie\u0300re par l\u2019Assemble\u0301e nationale. Sur les 165 de\u0301pute\u0301s inscrits, 122 ont pris part au vote, dont 21 par procuration. Le texte a e\u0301te\u0301 approuve\u0301 par 116 voix pour, ze\u0301ro [&hellip;]<\/p>\n","protected":false},"author":82,"featured_media":73439,"comment_status":"open","ping_status":"closed","sticky":false,"template":"","format":"standard","meta":{"footnotes":""},"categories":[2,20,10],"tags":[44],"class_list":["post-73440","post","type-post","status-publish","format-standard","has-post-thumbnail","hentry","category-politique","category-top-nouvelles","category-toutes-les-actualites","tag-senegal-2"],"yoast_head":"<!-- This site is optimized with the Yoast SEO Premium plugin v26.1 (Yoast SEO v27.0) - https:\/\/yoast.com\/product\/yoast-seo-premium-wordpress\/ -->\n<title>Budget 2026 du Minist\u00e8re de L&#039;\u00c9conomie Adopt\u00e9 - Senegal<\/title>\n<meta name=\"description\" content=\"Le budget 2026 du Ministe\u0300re de l\u2019E\u0301conomie, du Plan et de la Coope\u0301ration a e\u0301te\u0301 adopte\u0301 ce samedi 13 de\u0301cembre 2025 e ...\" \/>\n<meta name=\"robots\" content=\"index, follow, max-snippet:-1, max-image-preview:large, max-video-preview:-1\" \/>\n<link rel=\"canonical\" href=\"https:\/\/www.africa-press.net\/senegal\/politique\/budget-2026-du-ministere-de-leconomie-adopte\" \/>\n<meta property=\"og:locale\" content=\"fr_FR\" \/>\n<meta property=\"og:type\" content=\"article\" \/>\n<meta property=\"og:title\" content=\"Budget 2026 du Minist\u00e8re de L&#039;\u00c9conomie Adopt\u00e9\" \/>\n<meta property=\"og:description\" content=\"Le budget 2026 du Ministe\u0300re de l\u2019E\u0301conomie, du Plan et de la Coope\u0301ration a e\u0301te\u0301 adopte\u0301 ce samedi 13 de\u0301cembre 2025 e ...\" \/>\n<meta property=\"og:url\" content=\"https:\/\/www.africa-press.net\/senegal\/politique\/budget-2026-du-ministere-de-leconomie-adopte\" \/>\n<meta property=\"og:site_name\" content=\"Senegal\" \/>\n<meta property=\"article:published_time\" content=\"2025-12-13T14:10:00+00:00\" \/>\n<meta property=\"article:modified_time\" content=\"2025-12-14T02:35:54+00:00\" \/>\n<meta property=\"og:image\" content=\"https:\/\/static.africa-press.net\/senegal\/sites\/13\/2025\/12\/sm_1765708511.507338.jpg\" \/>\n\t<meta property=\"og:image:width\" content=\"1280\" \/>\n\t<meta property=\"og:image:height\" content=\"720\" \/>\n\t<meta property=\"og:image:type\" content=\"image\/jpeg\" \/>\n<meta name=\"author\" content=\"cfeditorfr\" \/>\n<meta name=\"twitter:card\" content=\"summary_large_image\" \/>\n<meta name=\"twitter:label1\" content=\"\u00c9crit par\" \/>\n\t<meta name=\"twitter:data1\" content=\"cfeditorfr\" \/>\n\t<meta name=\"twitter:label2\" content=\"Dur\u00e9e de lecture estim\u00e9e\" \/>\n\t<meta name=\"twitter:data2\" content=\"1 minute\" \/>\n<script type=\"application\/ld+json\" class=\"yoast-schema-graph\">{\"@context\":\"https:\/\/schema.org\",\"@graph\":[{\"@type\":\"Article\",\"@id\":\"https:\/\/www.africa-press.net\/senegal\/politique\/budget-2026-du-ministere-de-leconomie-adopte#article\",\"isPartOf\":{\"@id\":\"https:\/\/www.africa-press.net\/senegal\/politique\/budget-2026-du-ministere-de-leconomie-adopte\"},\"author\":{\"name\":\"cfeditorfr\",\"@id\":\"https:\/\/www.africa-press.net\/senegal\/#\/schema\/person\/2b1cf3cd81a31e3cd26889ca66d677f1\"},\"headline\":\"Budget 2026 du Minist\u00e8re de L&rsquo;\u00c9conomie Adopt\u00e9\",\"datePublished\":\"2025-12-13T14:10:00+00:00\",\"dateModified\":\"2025-12-14T02:35:54+00:00\",\"mainEntityOfPage\":{\"@id\":\"https:\/\/www.africa-press.net\/senegal\/politique\/budget-2026-du-ministere-de-leconomie-adopte\"},\"wordCount\":181,\"commentCount\":0,\"image\":{\"@id\":\"https:\/\/www.africa-press.net\/senegal\/politique\/budget-2026-du-ministere-de-leconomie-adopte#primaryimage\"},\"thumbnailUrl\":\"https:\/\/static.africa-press.net\/senegal\/sites\/13\/2025\/12\/sm_1765708511.507338.jpg\",\"keywords\":[\"Senegal\"],\"articleSection\":[\"Politique\",\"Top Nouvelles\",\"Toutes les actualit\u00e9s\"],\"inLanguage\":\"fr-FR\",\"potentialAction\":[{\"@type\":\"CommentAction\",\"name\":\"Comment\",\"target\":[\"https:\/\/www.africa-press.net\/senegal\/politique\/budget-2026-du-ministere-de-leconomie-adopte#respond\"]}]},{\"@type\":\"WebPage\",\"@id\":\"https:\/\/www.africa-press.net\/senegal\/politique\/budget-2026-du-ministere-de-leconomie-adopte\",\"url\":\"https:\/\/www.africa-press.net\/senegal\/politique\/budget-2026-du-ministere-de-leconomie-adopte\",\"name\":\"Budget 2026 du Minist\u00e8re de L'\u00c9conomie Adopt\u00e9 - Senegal\",\"isPartOf\":{\"@id\":\"https:\/\/www.africa-press.net\/senegal\/#website\"},\"primaryImageOfPage\":{\"@id\":\"https:\/\/www.africa-press.net\/senegal\/politique\/budget-2026-du-ministere-de-leconomie-adopte#primaryimage\"},\"image\":{\"@id\":\"https:\/\/www.africa-press.net\/senegal\/politique\/budget-2026-du-ministere-de-leconomie-adopte#primaryimage\"},\"thumbnailUrl\":\"https:\/\/static.africa-press.net\/senegal\/sites\/13\/2025\/12\/sm_1765708511.507338.jpg\",\"datePublished\":\"2025-12-13T14:10:00+00:00\",\"dateModified\":\"2025-12-14T02:35:54+00:00\",\"author\":{\"@id\":\"https:\/\/www.africa-press.net\/senegal\/#\/schema\/person\/2b1cf3cd81a31e3cd26889ca66d677f1\"},\"description\":\"Le budget 2026 du Ministe\u0300re de l\u2019E\u0301conomie, du Plan et de la Coope\u0301ration a e\u0301te\u0301 adopte\u0301 ce samedi 13 de\u0301cembre 2025 e ...\",\"breadcrumb\":{\"@id\":\"https:\/\/www.africa-press.net\/senegal\/politique\/budget-2026-du-ministere-de-leconomie-adopte#breadcrumb\"},\"inLanguage\":\"fr-FR\",\"potentialAction\":[{\"@type\":\"ReadAction\",\"target\":[\"https:\/\/www.africa-press.net\/senegal\/politique\/budget-2026-du-ministere-de-leconomie-adopte\"]}]},{\"@type\":\"ImageObject\",\"inLanguage\":\"fr-FR\",\"@id\":\"https:\/\/www.africa-press.net\/senegal\/politique\/budget-2026-du-ministere-de-leconomie-adopte#primaryimage\",\"url\":\"https:\/\/static.africa-press.net\/senegal\/sites\/13\/2025\/12\/sm_1765708511.507338.jpg\",\"contentUrl\":\"https:\/\/static.africa-press.net\/senegal\/sites\/13\/2025\/12\/sm_1765708511.507338.jpg\",\"width\":1280,\"height\":720,\"caption\":\"Budget 2026 du Minist\u00e8re de L'\u00c9conomie Adopt\u00e9\"},{\"@type\":\"BreadcrumbList\",\"@id\":\"https:\/\/www.africa-press.net\/senegal\/politique\/budget-2026-du-ministere-de-leconomie-adopte#breadcrumb\",\"itemListElement\":[{\"@type\":\"ListItem\",\"position\":1,\"name\":\"Accueil\",\"item\":\"https:\/\/www.africa-press.net\/senegal\/\"},{\"@type\":\"ListItem\",\"position\":2,\"name\":\"Budget 2026 du Minist\u00e8re de L&#8217;\u00c9conomie Adopt\u00e9\"}]},{\"@type\":\"WebSite\",\"@id\":\"https:\/\/www.africa-press.net\/senegal\/#website\",\"url\":\"https:\/\/www.africa-press.net\/senegal\/\",\"name\":\"Africa Press | Senegal | Homepage\",\"description\":\"Just another Africa News Agency Sites site\",\"potentialAction\":[{\"@type\":\"SearchAction\",\"target\":{\"@type\":\"EntryPoint\",\"urlTemplate\":\"https:\/\/www.africa-press.net\/senegal\/?s={search_term_string}\"},\"query-input\":{\"@type\":\"PropertyValueSpecification\",\"valueRequired\":true,\"valueName\":\"search_term_string\"}}],\"inLanguage\":\"fr-FR\"},{\"@type\":\"Person\",\"@id\":\"https:\/\/www.africa-press.net\/senegal\/#\/schema\/person\/2b1cf3cd81a31e3cd26889ca66d677f1\",\"name\":\"cfeditorfr\",\"url\":\"https:\/\/www.africa-press.net\/senegal\/author\/cfeditorfr\"}]}<\/script>\n<!-- \/ Yoast SEO Premium plugin. -->","yoast_head_json":{"title":"Budget 2026 du Minist\u00e8re de L'\u00c9conomie Adopt\u00e9 - Senegal","description":"Le budget 2026 du Ministe\u0300re de l\u2019E\u0301conomie, du Plan et de la Coope\u0301ration a e\u0301te\u0301 adopte\u0301 ce samedi 13 de\u0301cembre 2025 e ...","robots":{"index":"index","follow":"follow","max-snippet":"max-snippet:-1","max-image-preview":"max-image-preview:large","max-video-preview":"max-video-preview:-1"},"canonical":"https:\/\/www.africa-press.net\/senegal\/politique\/budget-2026-du-ministere-de-leconomie-adopte","og_locale":"fr_FR","og_type":"article","og_title":"Budget 2026 du Minist\u00e8re de L'\u00c9conomie Adopt\u00e9","og_description":"Le budget 2026 du Ministe\u0300re de l\u2019E\u0301conomie, du Plan et de la Coope\u0301ration a e\u0301te\u0301 adopte\u0301 ce samedi 13 de\u0301cembre 2025 e ...","og_url":"https:\/\/www.africa-press.net\/senegal\/politique\/budget-2026-du-ministere-de-leconomie-adopte","og_site_name":"Senegal","article_published_time":"2025-12-13T14:10:00+00:00","article_modified_time":"2025-12-14T02:35:54+00:00","og_image":[{"width":1280,"height":720,"url":"https:\/\/static.africa-press.net\/senegal\/sites\/13\/2025\/12\/sm_1765708511.507338.jpg","type":"image\/jpeg"}],"author":"cfeditorfr","twitter_card":"summary_large_image","twitter_misc":{"\u00c9crit par":"cfeditorfr","Dur\u00e9e de lecture estim\u00e9e":"1 minute"},"schema":{"@context":"https:\/\/schema.org","@graph":[{"@type":"Article","@id":"https:\/\/www.africa-press.net\/senegal\/politique\/budget-2026-du-ministere-de-leconomie-adopte#article","isPartOf":{"@id":"https:\/\/www.africa-press.net\/senegal\/politique\/budget-2026-du-ministere-de-leconomie-adopte"},"author":{"name":"cfeditorfr","@id":"https:\/\/www.africa-press.net\/senegal\/#\/schema\/person\/2b1cf3cd81a31e3cd26889ca66d677f1"},"headline":"Budget 2026 du Minist\u00e8re de L&rsquo;\u00c9conomie Adopt\u00e9","datePublished":"2025-12-13T14:10:00+00:00","dateModified":"2025-12-14T02:35:54+00:00","mainEntityOfPage":{"@id":"https:\/\/www.africa-press.net\/senegal\/politique\/budget-2026-du-ministere-de-leconomie-adopte"},"wordCount":181,"commentCount":0,"image":{"@id":"https:\/\/www.africa-press.net\/senegal\/politique\/budget-2026-du-ministere-de-leconomie-adopte#primaryimage"},"thumbnailUrl":"https:\/\/static.africa-press.net\/senegal\/sites\/13\/2025\/12\/sm_1765708511.507338.jpg","keywords":["Senegal"],"articleSection":["Politique","Top Nouvelles","Toutes les actualit\u00e9s"],"inLanguage":"fr-FR","potentialAction":[{"@type":"CommentAction","name":"Comment","target":["https:\/\/www.africa-press.net\/senegal\/politique\/budget-2026-du-ministere-de-leconomie-adopte#respond"]}]},{"@type":"WebPage","@id":"https:\/\/www.africa-press.net\/senegal\/politique\/budget-2026-du-ministere-de-leconomie-adopte","url":"https:\/\/www.africa-press.net\/senegal\/politique\/budget-2026-du-ministere-de-leconomie-adopte","name":"Budget 2026 du Minist\u00e8re de L'\u00c9conomie Adopt\u00e9 - Senegal","isPartOf":{"@id":"https:\/\/www.africa-press.net\/senegal\/#website"},"primaryImageOfPage":{"@id":"https:\/\/www.africa-press.net\/senegal\/politique\/budget-2026-du-ministere-de-leconomie-adopte#primaryimage"},"image":{"@id":"https:\/\/www.africa-press.net\/senegal\/politique\/budget-2026-du-ministere-de-leconomie-adopte#primaryimage"},"thumbnailUrl":"https:\/\/static.africa-press.net\/senegal\/sites\/13\/2025\/12\/sm_1765708511.507338.jpg","datePublished":"2025-12-13T14:10:00+00:00","dateModified":"2025-12-14T02:35:54+00:00","author":{"@id":"https:\/\/www.africa-press.net\/senegal\/#\/schema\/person\/2b1cf3cd81a31e3cd26889ca66d677f1"},"description":"Le budget 2026 du Ministe\u0300re de l\u2019E\u0301conomie, du Plan et de la Coope\u0301ration a e\u0301te\u0301 adopte\u0301 ce samedi 13 de\u0301cembre 2025 e ...","breadcrumb":{"@id":"https:\/\/www.africa-press.net\/senegal\/politique\/budget-2026-du-ministere-de-leconomie-adopte#breadcrumb"},"inLanguage":"fr-FR","potentialAction":[{"@type":"ReadAction","target":["https:\/\/www.africa-press.net\/senegal\/politique\/budget-2026-du-ministere-de-leconomie-adopte"]}]},{"@type":"ImageObject","inLanguage":"fr-FR","@id":"https:\/\/www.africa-press.net\/senegal\/politique\/budget-2026-du-ministere-de-leconomie-adopte#primaryimage","url":"https:\/\/static.africa-press.net\/senegal\/sites\/13\/2025\/12\/sm_1765708511.507338.jpg","contentUrl":"https:\/\/static.africa-press.net\/senegal\/sites\/13\/2025\/12\/sm_1765708511.507338.jpg","width":1280,"height":720,"caption":"Budget 2026 du Minist\u00e8re de L'\u00c9conomie Adopt\u00e9"},{"@type":"BreadcrumbList","@id":"https:\/\/www.africa-press.net\/senegal\/politique\/budget-2026-du-ministere-de-leconomie-adopte#breadcrumb","itemListElement":[{"@type":"ListItem","position":1,"name":"Accueil","item":"https:\/\/www.africa-press.net\/senegal\/"},{"@type":"ListItem","position":2,"name":"Budget 2026 du Minist\u00e8re de L&#8217;\u00c9conomie Adopt\u00e9"}]},{"@type":"WebSite","@id":"https:\/\/www.africa-press.net\/senegal\/#website","url":"https:\/\/www.africa-press.net\/senegal\/","name":"Africa Press | Senegal | Homepage","description":"Just another Africa News Agency Sites site","potentialAction":[{"@type":"SearchAction","target":{"@type":"EntryPoint","urlTemplate":"https:\/\/www.africa-press.net\/senegal\/?s={search_term_string}"},"query-input":{"@type":"PropertyValueSpecification","valueRequired":true,"valueName":"search_term_string"}}],"inLanguage":"fr-FR"},{"@type":"Person","@id":"https:\/\/www.africa-press.net\/senegal\/#\/schema\/person\/2b1cf3cd81a31e3cd26889ca66d677f1","name":"cfeditorfr","url":"https:\/\/www.africa-press.net\/senegal\/author\/cfeditorfr"}]}},"_links":{"self":[{"href":"https:\/\/www.africa-press.net\/senegal\/wp-json\/wp\/v2\/posts\/73440","targetHints":{"allow":["GET"]}}],"collection":[{"href":"https:\/\/www.africa-press.net\/senegal\/wp-json\/wp\/v2\/posts"}],"about":[{"href":"https:\/\/www.africa-press.net\/senegal\/wp-json\/wp\/v2\/types\/post"}],"author":[{"embeddable":true,"href":"https:\/\/www.africa-press.net\/senegal\/wp-json\/wp\/v2\/users\/82"}],"replies":[{"embeddable":true,"href":"https:\/\/www.africa-press.net\/senegal\/wp-json\/wp\/v2\/comments?post=73440"}],"version-history":[{"count":0,"href":"https:\/\/www.africa-press.net\/senegal\/wp-json\/wp\/v2\/posts\/73440\/revisions"}],"wp:featuredmedia":[{"embeddable":true,"href":"https:\/\/www.africa-press.net\/senegal\/wp-json\/wp\/v2\/media\/73439"}],"wp:attachment":[{"href":"https:\/\/www.africa-press.net\/senegal\/wp-json\/wp\/v2\/media?parent=73440"}],"wp:term":[{"taxonomy":"category","embeddable":true,"href":"https:\/\/www.africa-press.net\/senegal\/wp-json\/wp\/v2\/categories?post=73440"},{"taxonomy":"post_tag","embeddable":true,"href":"https:\/\/www.africa-press.net\/senegal\/wp-json\/wp\/v2\/tags?post=73440"}],"curies":[{"name":"wp","href":"https:\/\/api.w.org\/{rel}","templated":true}]}}