{"id":73462,"date":"2025-12-14T12:10:00","date_gmt":"2025-12-14T12:10:00","guid":{"rendered":"https:\/\/www.africa-press.net\/senegal\/politique\/preparatifs-can-2025-ouganda-concede-nul-contre-as-far"},"modified":"2025-12-15T00:42:24","modified_gmt":"2025-12-15T00:42:24","slug":"preparatifs-can-2025-ouganda-concede-nul-contre-as-far","status":"publish","type":"post","link":"https:\/\/www.africa-press.net\/senegal\/sports\/preparatifs-can-2025-ouganda-concede-nul-contre-as-far","title":{"rendered":"Pr\u00e9paratifs Can 2025: Ouganda Conc\u00e8de Nul Contre As Far"},"content":{"rendered":"<p><span style=\"color: #ff6600\"><strong>Africa-Press &#8211; Senegal. <\/strong><\/span>Les Cranes de l\u2019Ouganda ont conce\u0301de\u0301 le match nul (2-2) face a\u0300 l\u2019AS FAR de Rabat, club marocain engage\u0301 en Ligue des champions de la CAF, lors d\u2019une rencontre amicale internationale dispute\u0301e le samedi 13 de\u0301cembre 2025 au stade de Maa\u0302mora, a\u0300 Rabat.<\/p>\n<p>Ce re\u0301sultat a offert de pre\u0301cieux enseignements au se\u0301lectionneur Paul Put, alors que se poursuivent les pre\u0301paratifs en vue de la CAN 2025. La plus prestigieuse compe\u0301tition africaine de football de\u0301butera le 21 de\u0301cembre au Maroc. L\u2019Ouganda est en regroupement a\u0300 Casablanca depuis une semaine, afin d\u2019affiner sa pre\u0301paration avant ses matches du groupe C contre la Tunisie, le Nigeria et la Tanzanie.<\/p>\n<p>Pour l\u2019occasion, Paul Put a offert une premie\u0300re titularisation au jeune attaquant James Bogere, re\u0301ve\u0301lation de la Coupe du monde U17 de la FIFA au Qatar. Arborant le nume\u0301ro 15, le teenager a affiche\u0301 assurance et maturite\u0301, combinant efficacement avec Travis Mutyaba et Bobosi Byaruhanga pour mettre en difficulte\u0301 la de\u0301fense de l\u2019AS FAR. Il est passe\u0301 tout pre\u0300s de marquer a\u0300 deux reprises en premie\u0300re pe\u0301riode, butant une fois sur le gardien adverse et manquant le cadre de peu sur une autre tentative.<\/p>\n<p>Denis Omedi a ouvert le score pour l\u2019Ouganda a\u0300 la 18e minute, avant l\u2019e\u0301galisation des Marocains signe\u0301e Reda Slim juste avant la pause. En seconde pe\u0301riode, Ivan Ahimbisibwe a redonne\u0301 l\u2019avantage aux Cranes a\u0300 la 68e minute, mais Haddraf Fatah a permis aux locaux d\u2019arracher le match nul.<\/p>\n<p>Bien que cette rencontre n\u2019ait pas e\u0301te\u0301 reconnue par la FIFA, elle a e\u0301te\u0301 valide\u0301e par la CAF et a permis au staff technique ougandais d\u2019e\u0301valuer davantage l\u2019e\u0301tat de pre\u0301paration de l\u2019e\u0301quipe a\u0300 l\u2019approche de la CAN 2025.<\/p>\n<p><strong>Pour plus d&rsquo;informations et d&rsquo;analyses sur la <span style=\"color: #ff6600\">Senegal<\/span>, suivez <span style=\"color: #ff6600\">Africa-Press<\/span><\/strong><\/p>\n","protected":false},"excerpt":{"rendered":"<p>Africa-Press &#8211; Senegal. Les Cranes de l\u2019Ouganda ont conce\u0301de\u0301 le match nul (2-2) face a\u0300 l\u2019AS FAR de Rabat, club marocain engage\u0301 en Ligue des champions de la CAF, lors d\u2019une rencontre amicale internationale dispute\u0301e le samedi 13 de\u0301cembre 2025 au stade de Maa\u0302mora, a\u0300 Rabat. Ce re\u0301sultat a offert de pre\u0301cieux enseignements au se\u0301lectionneur [&hellip;]<\/p>\n","protected":false},"author":82,"featured_media":73461,"comment_status":"open","ping_status":"closed","sticky":false,"template":"","format":"standard","meta":{"footnotes":""},"categories":[6,10],"tags":[44],"class_list":["post-73462","post","type-post","status-publish","format-standard","has-post-thumbnail","hentry","category-sports","category-toutes-les-actualites","tag-senegal-2"],"yoast_head":"<!-- This site is optimized with the Yoast SEO Premium plugin v26.1 (Yoast SEO v27.0) - https:\/\/yoast.com\/product\/yoast-seo-premium-wordpress\/ -->\n<title>Pr\u00e9paratifs Can 2025: Ouganda Conc\u00e8de Nul Contre As Far - Senegal<\/title>\n<meta name=\"description\" content=\"Les Cranes de l\u2019Ouganda ont conce\u0301de\u0301 le match nul (2-2) face a\u0300 l\u2019AS FAR de Rabat, club marocain engage\u0301 en Ligue des c ...\" \/>\n<meta name=\"robots\" content=\"index, follow, max-snippet:-1, max-image-preview:large, max-video-preview:-1\" \/>\n<link rel=\"canonical\" href=\"https:\/\/www.africa-press.net\/senegal\/sports\/preparatifs-can-2025-ouganda-concede-nul-contre-as-far\" \/>\n<meta property=\"og:locale\" content=\"fr_FR\" \/>\n<meta property=\"og:type\" content=\"article\" \/>\n<meta property=\"og:title\" content=\"Pr\u00e9paratifs Can 2025: Ouganda Conc\u00e8de Nul Contre As Far\" \/>\n<meta property=\"og:description\" content=\"Les Cranes de l\u2019Ouganda ont conce\u0301de\u0301 le match nul (2-2) face a\u0300 l\u2019AS FAR de Rabat, club marocain engage\u0301 en Ligue des c ...\" \/>\n<meta property=\"og:url\" content=\"https:\/\/www.africa-press.net\/senegal\/sports\/preparatifs-can-2025-ouganda-concede-nul-contre-as-far\" \/>\n<meta property=\"og:site_name\" content=\"Senegal\" \/>\n<meta property=\"article:published_time\" content=\"2025-12-14T12:10:00+00:00\" \/>\n<meta property=\"article:modified_time\" content=\"2025-12-15T00:42:24+00:00\" \/>\n<meta property=\"og:image\" content=\"https:\/\/static.africa-press.net\/senegal\/sites\/13\/2025\/12\/sm_1765787672.951097.jpg\" \/>\n\t<meta property=\"og:image:width\" content=\"1280\" \/>\n\t<meta property=\"og:image:height\" content=\"720\" \/>\n\t<meta property=\"og:image:type\" content=\"image\/jpeg\" \/>\n<meta name=\"author\" content=\"cfeditorfr\" \/>\n<meta name=\"twitter:card\" content=\"summary_large_image\" \/>\n<meta name=\"twitter:label1\" content=\"\u00c9crit par\" \/>\n\t<meta name=\"twitter:data1\" content=\"cfeditorfr\" \/>\n\t<meta name=\"twitter:label2\" content=\"Dur\u00e9e de lecture estim\u00e9e\" \/>\n\t<meta name=\"twitter:data2\" content=\"2 minutes\" \/>\n<script type=\"application\/ld+json\" class=\"yoast-schema-graph\">{\"@context\":\"https:\/\/schema.org\",\"@graph\":[{\"@type\":\"Article\",\"@id\":\"https:\/\/www.africa-press.net\/senegal\/sports\/preparatifs-can-2025-ouganda-concede-nul-contre-as-far#article\",\"isPartOf\":{\"@id\":\"https:\/\/www.africa-press.net\/senegal\/sports\/preparatifs-can-2025-ouganda-concede-nul-contre-as-far\"},\"author\":{\"name\":\"cfeditorfr\",\"@id\":\"https:\/\/www.africa-press.net\/senegal\/#\/schema\/person\/2b1cf3cd81a31e3cd26889ca66d677f1\"},\"headline\":\"Pr\u00e9paratifs Can 2025: Ouganda Conc\u00e8de Nul Contre As Far\",\"datePublished\":\"2025-12-14T12:10:00+00:00\",\"dateModified\":\"2025-12-15T00:42:24+00:00\",\"mainEntityOfPage\":{\"@id\":\"https:\/\/www.africa-press.net\/senegal\/sports\/preparatifs-can-2025-ouganda-concede-nul-contre-as-far\"},\"wordCount\":341,\"commentCount\":0,\"image\":{\"@id\":\"https:\/\/www.africa-press.net\/senegal\/sports\/preparatifs-can-2025-ouganda-concede-nul-contre-as-far#primaryimage\"},\"thumbnailUrl\":\"https:\/\/static.africa-press.net\/senegal\/sites\/13\/2025\/12\/sm_1765787672.951097.jpg\",\"keywords\":[\"Senegal\"],\"articleSection\":[\"Sports\",\"Toutes les actualit\u00e9s\"],\"inLanguage\":\"fr-FR\",\"potentialAction\":[{\"@type\":\"CommentAction\",\"name\":\"Comment\",\"target\":[\"https:\/\/www.africa-press.net\/senegal\/sports\/preparatifs-can-2025-ouganda-concede-nul-contre-as-far#respond\"]}]},{\"@type\":\"WebPage\",\"@id\":\"https:\/\/www.africa-press.net\/senegal\/sports\/preparatifs-can-2025-ouganda-concede-nul-contre-as-far\",\"url\":\"https:\/\/www.africa-press.net\/senegal\/sports\/preparatifs-can-2025-ouganda-concede-nul-contre-as-far\",\"name\":\"Pr\u00e9paratifs Can 2025: Ouganda Conc\u00e8de Nul Contre As Far - Senegal\",\"isPartOf\":{\"@id\":\"https:\/\/www.africa-press.net\/senegal\/#website\"},\"primaryImageOfPage\":{\"@id\":\"https:\/\/www.africa-press.net\/senegal\/sports\/preparatifs-can-2025-ouganda-concede-nul-contre-as-far#primaryimage\"},\"image\":{\"@id\":\"https:\/\/www.africa-press.net\/senegal\/sports\/preparatifs-can-2025-ouganda-concede-nul-contre-as-far#primaryimage\"},\"thumbnailUrl\":\"https:\/\/static.africa-press.net\/senegal\/sites\/13\/2025\/12\/sm_1765787672.951097.jpg\",\"datePublished\":\"2025-12-14T12:10:00+00:00\",\"dateModified\":\"2025-12-15T00:42:24+00:00\",\"author\":{\"@id\":\"https:\/\/www.africa-press.net\/senegal\/#\/schema\/person\/2b1cf3cd81a31e3cd26889ca66d677f1\"},\"description\":\"Les Cranes de l\u2019Ouganda ont conce\u0301de\u0301 le match nul (2-2) face a\u0300 l\u2019AS FAR de Rabat, club marocain engage\u0301 en Ligue des c ...\",\"breadcrumb\":{\"@id\":\"https:\/\/www.africa-press.net\/senegal\/sports\/preparatifs-can-2025-ouganda-concede-nul-contre-as-far#breadcrumb\"},\"inLanguage\":\"fr-FR\",\"potentialAction\":[{\"@type\":\"ReadAction\",\"target\":[\"https:\/\/www.africa-press.net\/senegal\/sports\/preparatifs-can-2025-ouganda-concede-nul-contre-as-far\"]}]},{\"@type\":\"ImageObject\",\"inLanguage\":\"fr-FR\",\"@id\":\"https:\/\/www.africa-press.net\/senegal\/sports\/preparatifs-can-2025-ouganda-concede-nul-contre-as-far#primaryimage\",\"url\":\"https:\/\/static.africa-press.net\/senegal\/sites\/13\/2025\/12\/sm_1765787672.951097.jpg\",\"contentUrl\":\"https:\/\/static.africa-press.net\/senegal\/sites\/13\/2025\/12\/sm_1765787672.951097.jpg\",\"width\":1280,\"height\":720,\"caption\":\"Pr\u00e9paratifs Can 2025: Ouganda Conc\u00e8de Nul Contre As Far\"},{\"@type\":\"BreadcrumbList\",\"@id\":\"https:\/\/www.africa-press.net\/senegal\/sports\/preparatifs-can-2025-ouganda-concede-nul-contre-as-far#breadcrumb\",\"itemListElement\":[{\"@type\":\"ListItem\",\"position\":1,\"name\":\"Accueil\",\"item\":\"https:\/\/www.africa-press.net\/senegal\/\"},{\"@type\":\"ListItem\",\"position\":2,\"name\":\"Pr\u00e9paratifs Can 2025: Ouganda Conc\u00e8de Nul Contre As Far\"}]},{\"@type\":\"WebSite\",\"@id\":\"https:\/\/www.africa-press.net\/senegal\/#website\",\"url\":\"https:\/\/www.africa-press.net\/senegal\/\",\"name\":\"Africa Press | Senegal | Homepage\",\"description\":\"Just another Africa News Agency Sites site\",\"potentialAction\":[{\"@type\":\"SearchAction\",\"target\":{\"@type\":\"EntryPoint\",\"urlTemplate\":\"https:\/\/www.africa-press.net\/senegal\/?s={search_term_string}\"},\"query-input\":{\"@type\":\"PropertyValueSpecification\",\"valueRequired\":true,\"valueName\":\"search_term_string\"}}],\"inLanguage\":\"fr-FR\"},{\"@type\":\"Person\",\"@id\":\"https:\/\/www.africa-press.net\/senegal\/#\/schema\/person\/2b1cf3cd81a31e3cd26889ca66d677f1\",\"name\":\"cfeditorfr\",\"url\":\"https:\/\/www.africa-press.net\/senegal\/author\/cfeditorfr\"}]}<\/script>\n<!-- \/ Yoast SEO Premium plugin. -->","yoast_head_json":{"title":"Pr\u00e9paratifs Can 2025: Ouganda Conc\u00e8de Nul Contre As Far - Senegal","description":"Les Cranes de l\u2019Ouganda ont conce\u0301de\u0301 le match nul (2-2) face a\u0300 l\u2019AS FAR de Rabat, club marocain engage\u0301 en Ligue des c ...","robots":{"index":"index","follow":"follow","max-snippet":"max-snippet:-1","max-image-preview":"max-image-preview:large","max-video-preview":"max-video-preview:-1"},"canonical":"https:\/\/www.africa-press.net\/senegal\/sports\/preparatifs-can-2025-ouganda-concede-nul-contre-as-far","og_locale":"fr_FR","og_type":"article","og_title":"Pr\u00e9paratifs Can 2025: Ouganda Conc\u00e8de Nul Contre As Far","og_description":"Les Cranes de l\u2019Ouganda ont conce\u0301de\u0301 le match nul (2-2) face a\u0300 l\u2019AS FAR de Rabat, club marocain engage\u0301 en Ligue des c ...","og_url":"https:\/\/www.africa-press.net\/senegal\/sports\/preparatifs-can-2025-ouganda-concede-nul-contre-as-far","og_site_name":"Senegal","article_published_time":"2025-12-14T12:10:00+00:00","article_modified_time":"2025-12-15T00:42:24+00:00","og_image":[{"width":1280,"height":720,"url":"https:\/\/static.africa-press.net\/senegal\/sites\/13\/2025\/12\/sm_1765787672.951097.jpg","type":"image\/jpeg"}],"author":"cfeditorfr","twitter_card":"summary_large_image","twitter_misc":{"\u00c9crit par":"cfeditorfr","Dur\u00e9e de lecture estim\u00e9e":"2 minutes"},"schema":{"@context":"https:\/\/schema.org","@graph":[{"@type":"Article","@id":"https:\/\/www.africa-press.net\/senegal\/sports\/preparatifs-can-2025-ouganda-concede-nul-contre-as-far#article","isPartOf":{"@id":"https:\/\/www.africa-press.net\/senegal\/sports\/preparatifs-can-2025-ouganda-concede-nul-contre-as-far"},"author":{"name":"cfeditorfr","@id":"https:\/\/www.africa-press.net\/senegal\/#\/schema\/person\/2b1cf3cd81a31e3cd26889ca66d677f1"},"headline":"Pr\u00e9paratifs Can 2025: Ouganda Conc\u00e8de Nul Contre As Far","datePublished":"2025-12-14T12:10:00+00:00","dateModified":"2025-12-15T00:42:24+00:00","mainEntityOfPage":{"@id":"https:\/\/www.africa-press.net\/senegal\/sports\/preparatifs-can-2025-ouganda-concede-nul-contre-as-far"},"wordCount":341,"commentCount":0,"image":{"@id":"https:\/\/www.africa-press.net\/senegal\/sports\/preparatifs-can-2025-ouganda-concede-nul-contre-as-far#primaryimage"},"thumbnailUrl":"https:\/\/static.africa-press.net\/senegal\/sites\/13\/2025\/12\/sm_1765787672.951097.jpg","keywords":["Senegal"],"articleSection":["Sports","Toutes les actualit\u00e9s"],"inLanguage":"fr-FR","potentialAction":[{"@type":"CommentAction","name":"Comment","target":["https:\/\/www.africa-press.net\/senegal\/sports\/preparatifs-can-2025-ouganda-concede-nul-contre-as-far#respond"]}]},{"@type":"WebPage","@id":"https:\/\/www.africa-press.net\/senegal\/sports\/preparatifs-can-2025-ouganda-concede-nul-contre-as-far","url":"https:\/\/www.africa-press.net\/senegal\/sports\/preparatifs-can-2025-ouganda-concede-nul-contre-as-far","name":"Pr\u00e9paratifs Can 2025: Ouganda Conc\u00e8de Nul Contre As Far - Senegal","isPartOf":{"@id":"https:\/\/www.africa-press.net\/senegal\/#website"},"primaryImageOfPage":{"@id":"https:\/\/www.africa-press.net\/senegal\/sports\/preparatifs-can-2025-ouganda-concede-nul-contre-as-far#primaryimage"},"image":{"@id":"https:\/\/www.africa-press.net\/senegal\/sports\/preparatifs-can-2025-ouganda-concede-nul-contre-as-far#primaryimage"},"thumbnailUrl":"https:\/\/static.africa-press.net\/senegal\/sites\/13\/2025\/12\/sm_1765787672.951097.jpg","datePublished":"2025-12-14T12:10:00+00:00","dateModified":"2025-12-15T00:42:24+00:00","author":{"@id":"https:\/\/www.africa-press.net\/senegal\/#\/schema\/person\/2b1cf3cd81a31e3cd26889ca66d677f1"},"description":"Les Cranes de l\u2019Ouganda ont conce\u0301de\u0301 le match nul (2-2) face a\u0300 l\u2019AS FAR de Rabat, club marocain engage\u0301 en Ligue des c ...","breadcrumb":{"@id":"https:\/\/www.africa-press.net\/senegal\/sports\/preparatifs-can-2025-ouganda-concede-nul-contre-as-far#breadcrumb"},"inLanguage":"fr-FR","potentialAction":[{"@type":"ReadAction","target":["https:\/\/www.africa-press.net\/senegal\/sports\/preparatifs-can-2025-ouganda-concede-nul-contre-as-far"]}]},{"@type":"ImageObject","inLanguage":"fr-FR","@id":"https:\/\/www.africa-press.net\/senegal\/sports\/preparatifs-can-2025-ouganda-concede-nul-contre-as-far#primaryimage","url":"https:\/\/static.africa-press.net\/senegal\/sites\/13\/2025\/12\/sm_1765787672.951097.jpg","contentUrl":"https:\/\/static.africa-press.net\/senegal\/sites\/13\/2025\/12\/sm_1765787672.951097.jpg","width":1280,"height":720,"caption":"Pr\u00e9paratifs Can 2025: Ouganda Conc\u00e8de Nul Contre As Far"},{"@type":"BreadcrumbList","@id":"https:\/\/www.africa-press.net\/senegal\/sports\/preparatifs-can-2025-ouganda-concede-nul-contre-as-far#breadcrumb","itemListElement":[{"@type":"ListItem","position":1,"name":"Accueil","item":"https:\/\/www.africa-press.net\/senegal\/"},{"@type":"ListItem","position":2,"name":"Pr\u00e9paratifs Can 2025: Ouganda Conc\u00e8de Nul Contre As Far"}]},{"@type":"WebSite","@id":"https:\/\/www.africa-press.net\/senegal\/#website","url":"https:\/\/www.africa-press.net\/senegal\/","name":"Africa Press | Senegal | Homepage","description":"Just another Africa News Agency Sites site","potentialAction":[{"@type":"SearchAction","target":{"@type":"EntryPoint","urlTemplate":"https:\/\/www.africa-press.net\/senegal\/?s={search_term_string}"},"query-input":{"@type":"PropertyValueSpecification","valueRequired":true,"valueName":"search_term_string"}}],"inLanguage":"fr-FR"},{"@type":"Person","@id":"https:\/\/www.africa-press.net\/senegal\/#\/schema\/person\/2b1cf3cd81a31e3cd26889ca66d677f1","name":"cfeditorfr","url":"https:\/\/www.africa-press.net\/senegal\/author\/cfeditorfr"}]}},"_links":{"self":[{"href":"https:\/\/www.africa-press.net\/senegal\/wp-json\/wp\/v2\/posts\/73462","targetHints":{"allow":["GET"]}}],"collection":[{"href":"https:\/\/www.africa-press.net\/senegal\/wp-json\/wp\/v2\/posts"}],"about":[{"href":"https:\/\/www.africa-press.net\/senegal\/wp-json\/wp\/v2\/types\/post"}],"author":[{"embeddable":true,"href":"https:\/\/www.africa-press.net\/senegal\/wp-json\/wp\/v2\/users\/82"}],"replies":[{"embeddable":true,"href":"https:\/\/www.africa-press.net\/senegal\/wp-json\/wp\/v2\/comments?post=73462"}],"version-history":[{"count":0,"href":"https:\/\/www.africa-press.net\/senegal\/wp-json\/wp\/v2\/posts\/73462\/revisions"}],"wp:featuredmedia":[{"embeddable":true,"href":"https:\/\/www.africa-press.net\/senegal\/wp-json\/wp\/v2\/media\/73461"}],"wp:attachment":[{"href":"https:\/\/www.africa-press.net\/senegal\/wp-json\/wp\/v2\/media?parent=73462"}],"wp:term":[{"taxonomy":"category","embeddable":true,"href":"https:\/\/www.africa-press.net\/senegal\/wp-json\/wp\/v2\/categories?post=73462"},{"taxonomy":"post_tag","embeddable":true,"href":"https:\/\/www.africa-press.net\/senegal\/wp-json\/wp\/v2\/tags?post=73462"}],"curies":[{"name":"wp","href":"https:\/\/api.w.org\/{rel}","templated":true}]}}