{"id":73465,"date":"2025-12-14T14:00:00","date_gmt":"2025-12-14T14:00:00","guid":{"rendered":"https:\/\/www.africa-press.net\/senegal\/politique\/dialogue-politique-le-ps-renforce-les-echanges"},"modified":"2025-12-15T00:49:42","modified_gmt":"2025-12-15T00:49:42","slug":"dialogue-politique-le-ps-renforce-les-echanges","status":"publish","type":"post","link":"https:\/\/www.africa-press.net\/senegal\/parties\/dialogue-politique-le-ps-renforce-les-echanges","title":{"rendered":"Dialogue Politique: le PS Renforce les E\u0301Changes"},"content":{"rendered":"<p><span style=\"color: #ff6600\"><strong>Africa-Press &#8211; Senegal. <\/strong><\/span>Le Parti socialiste (PS) poursuit sa dynamique d\u2019ouverture et de concertation politique. Le mardi 16 de\u0301cembre 2025, deux importantes se\u0301ances de travail sont pre\u0301vues au sie\u0300ge de la maison Le\u0301opold Se\u0301dar Senghor de Colobane sous la conduite de sa secre\u0301taire ge\u0301ne\u0301rale, Aminata Mbengue Ndiaye.<\/p>\n<p>La premie\u0300re rencontre se tiendra a\u0300 10 h. Elle re\u0301unira une de\u0301le\u0301gation du PS conduite par la secre\u0301taire ge\u0301ne\u0301rale, et une de\u0301le\u0301gation de l\u2019Alliance des forces de progre\u0300s (AFP) mene\u0301e par le de\u0301pute\u0301 Mbaye Dione. Ces e\u0301changes visent a\u0300 renforcer le dialogue politique et a\u0300 examiner les perspectives de collaboration entre les deux formations.<\/p>\n<p>Dans l\u2019apre\u0300s-midi, a\u0300 16 h, la me\u0302me de\u0301le\u0301gation du PS recevra celle du mouvement Se\u0301ne\u0301gal Bi N\u0303u Bokk, conduite par son leader, Barthe\u0301lemy Dias. Cette rencontre s\u2019inscrit e\u0301galement dans une dynamique de discussions ouvertes sur les enjeux politiques nationaux et les possibilite\u0301s de convergence d\u2019actions.<\/p>\n<p>A\u0300 cette occasion, la SG du PS invite les membres du Secre\u0301tariat exe\u0301cutif national et tous les militants socialistes disponibles a\u0300 se joindre a\u0300 la de\u0301le\u0301gation du Parti socialiste afin de contribuer a\u0300 la re\u0301ussite de ces e\u0301changes strate\u0301giques.<\/p>\n<p>Par ces rencontres successives, le PS re\u0301affirme son engagement en faveur du dialogue, de la concertation et de l\u2019unite\u0301 d\u2019action pour re\u0301pondre aux de\u0301fis politiques et sociaux du Se\u0301ne\u0301gal.<\/p>\n<p><strong>Pour plus d&rsquo;informations et d&rsquo;analyses sur la <span style=\"color: #ff6600\">Senegal<\/span>, suivez <span style=\"color: #ff6600\">Africa-Press<\/span><\/strong><\/p>\n","protected":false},"excerpt":{"rendered":"<p>Africa-Press &#8211; Senegal. Le Parti socialiste (PS) poursuit sa dynamique d\u2019ouverture et de concertation politique. Le mardi 16 de\u0301cembre 2025, deux importantes se\u0301ances de travail sont pre\u0301vues au sie\u0300ge de la maison Le\u0301opold Se\u0301dar Senghor de Colobane sous la conduite de sa secre\u0301taire ge\u0301ne\u0301rale, Aminata Mbengue Ndiaye. La premie\u0300re rencontre se tiendra a\u0300 10 h. [&hellip;]<\/p>\n","protected":false},"author":82,"featured_media":73464,"comment_status":"open","ping_status":"closed","sticky":false,"template":"","format":"standard","meta":{"footnotes":""},"categories":[4,20,10],"tags":[44],"class_list":["post-73465","post","type-post","status-publish","format-standard","has-post-thumbnail","hentry","category-parties","category-top-nouvelles","category-toutes-les-actualites","tag-senegal-2"],"yoast_head":"<!-- This site is optimized with the Yoast SEO Premium plugin v26.1 (Yoast SEO v27.0) - https:\/\/yoast.com\/product\/yoast-seo-premium-wordpress\/ -->\n<title>Dialogue Politique: le PS Renforce les E\u0301Changes - Senegal<\/title>\n<meta name=\"description\" content=\"Le Parti socialiste (PS) poursuit sa dynamique d\u2019ouverture et de concertation politique. Le mardi 16 de\u0301cembre 2025, deu ...\" \/>\n<meta name=\"robots\" content=\"index, follow, max-snippet:-1, max-image-preview:large, max-video-preview:-1\" \/>\n<link rel=\"canonical\" href=\"https:\/\/www.africa-press.net\/senegal\/parties\/dialogue-politique-le-ps-renforce-les-echanges\" \/>\n<meta property=\"og:locale\" content=\"fr_FR\" \/>\n<meta property=\"og:type\" content=\"article\" \/>\n<meta property=\"og:title\" content=\"Dialogue Politique: le PS Renforce les E\u0301Changes\" \/>\n<meta property=\"og:description\" content=\"Le Parti socialiste (PS) poursuit sa dynamique d\u2019ouverture et de concertation politique. Le mardi 16 de\u0301cembre 2025, deu ...\" \/>\n<meta property=\"og:url\" content=\"https:\/\/www.africa-press.net\/senegal\/parties\/dialogue-politique-le-ps-renforce-les-echanges\" \/>\n<meta property=\"og:site_name\" content=\"Senegal\" \/>\n<meta property=\"article:published_time\" content=\"2025-12-14T14:00:00+00:00\" \/>\n<meta property=\"article:modified_time\" content=\"2025-12-15T00:49:42+00:00\" \/>\n<meta property=\"og:image\" content=\"https:\/\/static.africa-press.net\/senegal\/sites\/13\/2025\/12\/sm_1765787809.468138.jpg\" \/>\n\t<meta property=\"og:image:width\" content=\"1280\" \/>\n\t<meta property=\"og:image:height\" content=\"720\" \/>\n\t<meta property=\"og:image:type\" content=\"image\/jpeg\" \/>\n<meta name=\"author\" content=\"cfeditorfr\" \/>\n<meta name=\"twitter:card\" content=\"summary_large_image\" \/>\n<meta name=\"twitter:label1\" content=\"\u00c9crit par\" \/>\n\t<meta name=\"twitter:data1\" content=\"cfeditorfr\" \/>\n\t<meta name=\"twitter:label2\" content=\"Dur\u00e9e de lecture estim\u00e9e\" \/>\n\t<meta name=\"twitter:data2\" content=\"2 minutes\" \/>\n<script type=\"application\/ld+json\" class=\"yoast-schema-graph\">{\"@context\":\"https:\/\/schema.org\",\"@graph\":[{\"@type\":\"Article\",\"@id\":\"https:\/\/www.africa-press.net\/senegal\/parties\/dialogue-politique-le-ps-renforce-les-echanges#article\",\"isPartOf\":{\"@id\":\"https:\/\/www.africa-press.net\/senegal\/parties\/dialogue-politique-le-ps-renforce-les-echanges\"},\"author\":{\"name\":\"cfeditorfr\",\"@id\":\"https:\/\/www.africa-press.net\/senegal\/#\/schema\/person\/2b1cf3cd81a31e3cd26889ca66d677f1\"},\"headline\":\"Dialogue Politique: le PS Renforce les E\u0301Changes\",\"datePublished\":\"2025-12-14T14:00:00+00:00\",\"dateModified\":\"2025-12-15T00:49:42+00:00\",\"mainEntityOfPage\":{\"@id\":\"https:\/\/www.africa-press.net\/senegal\/parties\/dialogue-politique-le-ps-renforce-les-echanges\"},\"wordCount\":281,\"commentCount\":0,\"image\":{\"@id\":\"https:\/\/www.africa-press.net\/senegal\/parties\/dialogue-politique-le-ps-renforce-les-echanges#primaryimage\"},\"thumbnailUrl\":\"https:\/\/static.africa-press.net\/senegal\/sites\/13\/2025\/12\/sm_1765787809.468138.jpg\",\"keywords\":[\"Senegal\"],\"articleSection\":[\"Parties\",\"Top Nouvelles\",\"Toutes les actualit\u00e9s\"],\"inLanguage\":\"fr-FR\",\"potentialAction\":[{\"@type\":\"CommentAction\",\"name\":\"Comment\",\"target\":[\"https:\/\/www.africa-press.net\/senegal\/parties\/dialogue-politique-le-ps-renforce-les-echanges#respond\"]}]},{\"@type\":\"WebPage\",\"@id\":\"https:\/\/www.africa-press.net\/senegal\/parties\/dialogue-politique-le-ps-renforce-les-echanges\",\"url\":\"https:\/\/www.africa-press.net\/senegal\/parties\/dialogue-politique-le-ps-renforce-les-echanges\",\"name\":\"Dialogue Politique: le PS Renforce les E\u0301Changes - Senegal\",\"isPartOf\":{\"@id\":\"https:\/\/www.africa-press.net\/senegal\/#website\"},\"primaryImageOfPage\":{\"@id\":\"https:\/\/www.africa-press.net\/senegal\/parties\/dialogue-politique-le-ps-renforce-les-echanges#primaryimage\"},\"image\":{\"@id\":\"https:\/\/www.africa-press.net\/senegal\/parties\/dialogue-politique-le-ps-renforce-les-echanges#primaryimage\"},\"thumbnailUrl\":\"https:\/\/static.africa-press.net\/senegal\/sites\/13\/2025\/12\/sm_1765787809.468138.jpg\",\"datePublished\":\"2025-12-14T14:00:00+00:00\",\"dateModified\":\"2025-12-15T00:49:42+00:00\",\"author\":{\"@id\":\"https:\/\/www.africa-press.net\/senegal\/#\/schema\/person\/2b1cf3cd81a31e3cd26889ca66d677f1\"},\"description\":\"Le Parti socialiste (PS) poursuit sa dynamique d\u2019ouverture et de concertation politique. Le mardi 16 de\u0301cembre 2025, deu ...\",\"breadcrumb\":{\"@id\":\"https:\/\/www.africa-press.net\/senegal\/parties\/dialogue-politique-le-ps-renforce-les-echanges#breadcrumb\"},\"inLanguage\":\"fr-FR\",\"potentialAction\":[{\"@type\":\"ReadAction\",\"target\":[\"https:\/\/www.africa-press.net\/senegal\/parties\/dialogue-politique-le-ps-renforce-les-echanges\"]}]},{\"@type\":\"ImageObject\",\"inLanguage\":\"fr-FR\",\"@id\":\"https:\/\/www.africa-press.net\/senegal\/parties\/dialogue-politique-le-ps-renforce-les-echanges#primaryimage\",\"url\":\"https:\/\/static.africa-press.net\/senegal\/sites\/13\/2025\/12\/sm_1765787809.468138.jpg\",\"contentUrl\":\"https:\/\/static.africa-press.net\/senegal\/sites\/13\/2025\/12\/sm_1765787809.468138.jpg\",\"width\":1280,\"height\":720,\"caption\":\"Dialogue Politique: le PS Renforce les E\u0301Changes\"},{\"@type\":\"BreadcrumbList\",\"@id\":\"https:\/\/www.africa-press.net\/senegal\/parties\/dialogue-politique-le-ps-renforce-les-echanges#breadcrumb\",\"itemListElement\":[{\"@type\":\"ListItem\",\"position\":1,\"name\":\"Accueil\",\"item\":\"https:\/\/www.africa-press.net\/senegal\/\"},{\"@type\":\"ListItem\",\"position\":2,\"name\":\"Dialogue Politique: le PS Renforce les E\u0301Changes\"}]},{\"@type\":\"WebSite\",\"@id\":\"https:\/\/www.africa-press.net\/senegal\/#website\",\"url\":\"https:\/\/www.africa-press.net\/senegal\/\",\"name\":\"Africa Press | Senegal | Homepage\",\"description\":\"Just another Africa News Agency Sites site\",\"potentialAction\":[{\"@type\":\"SearchAction\",\"target\":{\"@type\":\"EntryPoint\",\"urlTemplate\":\"https:\/\/www.africa-press.net\/senegal\/?s={search_term_string}\"},\"query-input\":{\"@type\":\"PropertyValueSpecification\",\"valueRequired\":true,\"valueName\":\"search_term_string\"}}],\"inLanguage\":\"fr-FR\"},{\"@type\":\"Person\",\"@id\":\"https:\/\/www.africa-press.net\/senegal\/#\/schema\/person\/2b1cf3cd81a31e3cd26889ca66d677f1\",\"name\":\"cfeditorfr\",\"url\":\"https:\/\/www.africa-press.net\/senegal\/author\/cfeditorfr\"}]}<\/script>\n<!-- \/ Yoast SEO Premium plugin. -->","yoast_head_json":{"title":"Dialogue Politique: le PS Renforce les E\u0301Changes - Senegal","description":"Le Parti socialiste (PS) poursuit sa dynamique d\u2019ouverture et de concertation politique. Le mardi 16 de\u0301cembre 2025, deu ...","robots":{"index":"index","follow":"follow","max-snippet":"max-snippet:-1","max-image-preview":"max-image-preview:large","max-video-preview":"max-video-preview:-1"},"canonical":"https:\/\/www.africa-press.net\/senegal\/parties\/dialogue-politique-le-ps-renforce-les-echanges","og_locale":"fr_FR","og_type":"article","og_title":"Dialogue Politique: le PS Renforce les E\u0301Changes","og_description":"Le Parti socialiste (PS) poursuit sa dynamique d\u2019ouverture et de concertation politique. Le mardi 16 de\u0301cembre 2025, deu ...","og_url":"https:\/\/www.africa-press.net\/senegal\/parties\/dialogue-politique-le-ps-renforce-les-echanges","og_site_name":"Senegal","article_published_time":"2025-12-14T14:00:00+00:00","article_modified_time":"2025-12-15T00:49:42+00:00","og_image":[{"width":1280,"height":720,"url":"https:\/\/static.africa-press.net\/senegal\/sites\/13\/2025\/12\/sm_1765787809.468138.jpg","type":"image\/jpeg"}],"author":"cfeditorfr","twitter_card":"summary_large_image","twitter_misc":{"\u00c9crit par":"cfeditorfr","Dur\u00e9e de lecture estim\u00e9e":"2 minutes"},"schema":{"@context":"https:\/\/schema.org","@graph":[{"@type":"Article","@id":"https:\/\/www.africa-press.net\/senegal\/parties\/dialogue-politique-le-ps-renforce-les-echanges#article","isPartOf":{"@id":"https:\/\/www.africa-press.net\/senegal\/parties\/dialogue-politique-le-ps-renforce-les-echanges"},"author":{"name":"cfeditorfr","@id":"https:\/\/www.africa-press.net\/senegal\/#\/schema\/person\/2b1cf3cd81a31e3cd26889ca66d677f1"},"headline":"Dialogue Politique: le PS Renforce les E\u0301Changes","datePublished":"2025-12-14T14:00:00+00:00","dateModified":"2025-12-15T00:49:42+00:00","mainEntityOfPage":{"@id":"https:\/\/www.africa-press.net\/senegal\/parties\/dialogue-politique-le-ps-renforce-les-echanges"},"wordCount":281,"commentCount":0,"image":{"@id":"https:\/\/www.africa-press.net\/senegal\/parties\/dialogue-politique-le-ps-renforce-les-echanges#primaryimage"},"thumbnailUrl":"https:\/\/static.africa-press.net\/senegal\/sites\/13\/2025\/12\/sm_1765787809.468138.jpg","keywords":["Senegal"],"articleSection":["Parties","Top Nouvelles","Toutes les actualit\u00e9s"],"inLanguage":"fr-FR","potentialAction":[{"@type":"CommentAction","name":"Comment","target":["https:\/\/www.africa-press.net\/senegal\/parties\/dialogue-politique-le-ps-renforce-les-echanges#respond"]}]},{"@type":"WebPage","@id":"https:\/\/www.africa-press.net\/senegal\/parties\/dialogue-politique-le-ps-renforce-les-echanges","url":"https:\/\/www.africa-press.net\/senegal\/parties\/dialogue-politique-le-ps-renforce-les-echanges","name":"Dialogue Politique: le PS Renforce les E\u0301Changes - Senegal","isPartOf":{"@id":"https:\/\/www.africa-press.net\/senegal\/#website"},"primaryImageOfPage":{"@id":"https:\/\/www.africa-press.net\/senegal\/parties\/dialogue-politique-le-ps-renforce-les-echanges#primaryimage"},"image":{"@id":"https:\/\/www.africa-press.net\/senegal\/parties\/dialogue-politique-le-ps-renforce-les-echanges#primaryimage"},"thumbnailUrl":"https:\/\/static.africa-press.net\/senegal\/sites\/13\/2025\/12\/sm_1765787809.468138.jpg","datePublished":"2025-12-14T14:00:00+00:00","dateModified":"2025-12-15T00:49:42+00:00","author":{"@id":"https:\/\/www.africa-press.net\/senegal\/#\/schema\/person\/2b1cf3cd81a31e3cd26889ca66d677f1"},"description":"Le Parti socialiste (PS) poursuit sa dynamique d\u2019ouverture et de concertation politique. Le mardi 16 de\u0301cembre 2025, deu ...","breadcrumb":{"@id":"https:\/\/www.africa-press.net\/senegal\/parties\/dialogue-politique-le-ps-renforce-les-echanges#breadcrumb"},"inLanguage":"fr-FR","potentialAction":[{"@type":"ReadAction","target":["https:\/\/www.africa-press.net\/senegal\/parties\/dialogue-politique-le-ps-renforce-les-echanges"]}]},{"@type":"ImageObject","inLanguage":"fr-FR","@id":"https:\/\/www.africa-press.net\/senegal\/parties\/dialogue-politique-le-ps-renforce-les-echanges#primaryimage","url":"https:\/\/static.africa-press.net\/senegal\/sites\/13\/2025\/12\/sm_1765787809.468138.jpg","contentUrl":"https:\/\/static.africa-press.net\/senegal\/sites\/13\/2025\/12\/sm_1765787809.468138.jpg","width":1280,"height":720,"caption":"Dialogue Politique: le PS Renforce les E\u0301Changes"},{"@type":"BreadcrumbList","@id":"https:\/\/www.africa-press.net\/senegal\/parties\/dialogue-politique-le-ps-renforce-les-echanges#breadcrumb","itemListElement":[{"@type":"ListItem","position":1,"name":"Accueil","item":"https:\/\/www.africa-press.net\/senegal\/"},{"@type":"ListItem","position":2,"name":"Dialogue Politique: le PS Renforce les E\u0301Changes"}]},{"@type":"WebSite","@id":"https:\/\/www.africa-press.net\/senegal\/#website","url":"https:\/\/www.africa-press.net\/senegal\/","name":"Africa Press | Senegal | Homepage","description":"Just another Africa News Agency Sites site","potentialAction":[{"@type":"SearchAction","target":{"@type":"EntryPoint","urlTemplate":"https:\/\/www.africa-press.net\/senegal\/?s={search_term_string}"},"query-input":{"@type":"PropertyValueSpecification","valueRequired":true,"valueName":"search_term_string"}}],"inLanguage":"fr-FR"},{"@type":"Person","@id":"https:\/\/www.africa-press.net\/senegal\/#\/schema\/person\/2b1cf3cd81a31e3cd26889ca66d677f1","name":"cfeditorfr","url":"https:\/\/www.africa-press.net\/senegal\/author\/cfeditorfr"}]}},"_links":{"self":[{"href":"https:\/\/www.africa-press.net\/senegal\/wp-json\/wp\/v2\/posts\/73465","targetHints":{"allow":["GET"]}}],"collection":[{"href":"https:\/\/www.africa-press.net\/senegal\/wp-json\/wp\/v2\/posts"}],"about":[{"href":"https:\/\/www.africa-press.net\/senegal\/wp-json\/wp\/v2\/types\/post"}],"author":[{"embeddable":true,"href":"https:\/\/www.africa-press.net\/senegal\/wp-json\/wp\/v2\/users\/82"}],"replies":[{"embeddable":true,"href":"https:\/\/www.africa-press.net\/senegal\/wp-json\/wp\/v2\/comments?post=73465"}],"version-history":[{"count":0,"href":"https:\/\/www.africa-press.net\/senegal\/wp-json\/wp\/v2\/posts\/73465\/revisions"}],"wp:featuredmedia":[{"embeddable":true,"href":"https:\/\/www.africa-press.net\/senegal\/wp-json\/wp\/v2\/media\/73464"}],"wp:attachment":[{"href":"https:\/\/www.africa-press.net\/senegal\/wp-json\/wp\/v2\/media?parent=73465"}],"wp:term":[{"taxonomy":"category","embeddable":true,"href":"https:\/\/www.africa-press.net\/senegal\/wp-json\/wp\/v2\/categories?post=73465"},{"taxonomy":"post_tag","embeddable":true,"href":"https:\/\/www.africa-press.net\/senegal\/wp-json\/wp\/v2\/tags?post=73465"}],"curies":[{"name":"wp","href":"https:\/\/api.w.org\/{rel}","templated":true}]}}