{"id":73467,"date":"2025-12-14T13:45:00","date_gmt":"2025-12-14T13:45:00","guid":{"rendered":"https:\/\/www.africa-press.net\/senegal\/politique\/nomination-de-dethie-fall-au-ministere-des-infrastructures"},"modified":"2025-12-15T00:50:22","modified_gmt":"2025-12-15T00:50:22","slug":"nomination-de-dethie-fall-au-ministere-des-infrastructures","status":"publish","type":"post","link":"https:\/\/www.africa-press.net\/senegal\/politique\/nomination-de-dethie-fall-au-ministere-des-infrastructures","title":{"rendered":"Nomination de D\u00e9thi\u00e9 Fall au Minist\u00e8re des Infrastructures"},"content":{"rendered":"<p><span style=\"color: #ff6600\"><strong>Africa-Press &#8211; Senegal. <\/strong><\/span>La communaute\u0301 des diplo\u0302me\u0301s de l\u2019E\u0301cole polytechnique de Thie\u0300s (EPT) a exprime\u0301 sa profonde satisfaction, a\u0300 la suite de la nomination de l\u2019un des siens au poste de ministre des Infrastructures, par Son Excellence le pre\u0301sident de la Re\u0301publique du Se\u0301ne\u0301gal.<\/p>\n<p>Dans un message officiel signe\u0301 par le pre\u0301sident de l\u2019Association des diplo\u0302me\u0301s de l\u2019E\u0301cole polytechnique de Thie\u0300s (ADEPT), Abdourahmane Diop, les polytechniciens ont salue\u0301 une marque de confiance pre\u0301sidentielle qui consacre un parcours professionnel remarquable, fonde\u0301 sur l\u2019excellence acade\u0301mique, la rigueur technique et un engagement constant au service de la nation.<\/p>\n<p>\u00ab\u00a0Votre accession a\u0300 cette haute fonction re\u0301sonne particulie\u0300rement au sein de notre communaute\u0301 des diplo\u0302me\u0301s de l&rsquo;E\u0301cole polytechnique de Thie\u0300s, car vous incarnez, par votre parcours et vos re\u0301alisations, les valeurs cardinales de notre institution: l&rsquo;excellence acade\u0301mique, le sens du devoir, l&rsquo;inte\u0301grite\u0301 et la contribution active au de\u0301veloppement e\u0301conomique et social de notre pays\u00a0\u00bb, lit-on dans le communique\u0301.<\/p>\n<p>Tout en mesurant l\u2019ampleur des de\u0301fis lie\u0301s a\u0300 la conduite des politiques publiques en matie\u0300re d\u2019infrastructures, l\u2019association se dit confiante quant a\u0300 la capacite\u0301 du ministre De\u0301thie\u0301 Fall a\u0300 les relever avec efficacite\u0301 et clairvoyance, au regard de son expertise d\u2019inge\u0301nieur et de sa vision strate\u0301gique.<\/p>\n<p>Au-dela\u0300 de l\u2019honneur individuel, cette nomination est e\u0301galement perc\u0327ue comme une source de fierte\u0301 collective et d\u2019inspiration pour les jeunes ge\u0301ne\u0301rations d\u2019inge\u0301nieurs. Elle rappelle que le me\u0301rite, le travail et la rigueur demeurent des leviers essentiels pour acce\u0301der aux plus hautes responsabilite\u0301s de l\u2019E\u0301tat.<\/p>\n<p>L&rsquo;ADEPT a, par ailleurs, re\u0301affirme\u0301 son soutien inde\u0301fectible et sa disponibilite\u0301 a\u0300 accompagner le ministe\u0300re des Infrastructures, en mettant a\u0300 contribution son expertise et son potentiel d\u2019innovation au service des ambitions nationales.<\/p>\n<p><strong>Pour plus d&rsquo;informations et d&rsquo;analyses sur la <span style=\"color: #ff6600\">Senegal<\/span>, suivez <span style=\"color: #ff6600\">Africa-Press<\/span><\/strong><\/p>\n","protected":false},"excerpt":{"rendered":"<p>Africa-Press &#8211; Senegal. La communaute\u0301 des diplo\u0302me\u0301s de l\u2019E\u0301cole polytechnique de Thie\u0300s (EPT) a exprime\u0301 sa profonde satisfaction, a\u0300 la suite de la nomination de l\u2019un des siens au poste de ministre des Infrastructures, par Son Excellence le pre\u0301sident de la Re\u0301publique du Se\u0301ne\u0301gal. Dans un message officiel signe\u0301 par le pre\u0301sident de l\u2019Association des [&hellip;]<\/p>\n","protected":false},"author":82,"featured_media":73466,"comment_status":"open","ping_status":"closed","sticky":false,"template":"","format":"standard","meta":{"footnotes":""},"categories":[2,20,10],"tags":[44],"class_list":["post-73467","post","type-post","status-publish","format-standard","has-post-thumbnail","hentry","category-politique","category-top-nouvelles","category-toutes-les-actualites","tag-senegal-2"],"yoast_head":"<!-- This site is optimized with the Yoast SEO Premium plugin v26.1 (Yoast SEO v27.0) - https:\/\/yoast.com\/product\/yoast-seo-premium-wordpress\/ -->\n<title>Nomination de D\u00e9thi\u00e9 Fall au Minist\u00e8re des Infrastructures - Senegal<\/title>\n<meta name=\"description\" content=\"La communaute\u0301 des diplo\u0302me\u0301s de l\u2019E\u0301cole polytechnique de Thie\u0300s (EPT) a exprime\u0301 sa profonde satisfaction, a\u0300 la suite ...\" \/>\n<meta name=\"robots\" content=\"index, follow, max-snippet:-1, max-image-preview:large, max-video-preview:-1\" \/>\n<link rel=\"canonical\" href=\"https:\/\/www.africa-press.net\/senegal\/politique\/nomination-de-dethie-fall-au-ministere-des-infrastructures\" \/>\n<meta property=\"og:locale\" content=\"fr_FR\" \/>\n<meta property=\"og:type\" content=\"article\" \/>\n<meta property=\"og:title\" content=\"Nomination de D\u00e9thi\u00e9 Fall au Minist\u00e8re des Infrastructures\" \/>\n<meta property=\"og:description\" content=\"La communaute\u0301 des diplo\u0302me\u0301s de l\u2019E\u0301cole polytechnique de Thie\u0300s (EPT) a exprime\u0301 sa profonde satisfaction, a\u0300 la suite ...\" \/>\n<meta property=\"og:url\" content=\"https:\/\/www.africa-press.net\/senegal\/politique\/nomination-de-dethie-fall-au-ministere-des-infrastructures\" \/>\n<meta property=\"og:site_name\" content=\"Senegal\" \/>\n<meta property=\"article:published_time\" content=\"2025-12-14T13:45:00+00:00\" \/>\n<meta property=\"article:modified_time\" content=\"2025-12-15T00:50:22+00:00\" \/>\n<meta property=\"og:image\" content=\"https:\/\/static.africa-press.net\/senegal\/sites\/13\/2025\/12\/sm_1765787822.889982.jpg\" \/>\n\t<meta property=\"og:image:width\" content=\"1280\" \/>\n\t<meta property=\"og:image:height\" content=\"720\" \/>\n\t<meta property=\"og:image:type\" content=\"image\/jpeg\" \/>\n<meta name=\"author\" content=\"cfeditorfr\" \/>\n<meta name=\"twitter:card\" content=\"summary_large_image\" \/>\n<meta name=\"twitter:label1\" content=\"\u00c9crit par\" \/>\n\t<meta name=\"twitter:data1\" content=\"cfeditorfr\" \/>\n\t<meta name=\"twitter:label2\" content=\"Dur\u00e9e de lecture estim\u00e9e\" \/>\n\t<meta name=\"twitter:data2\" content=\"2 minutes\" \/>\n<script type=\"application\/ld+json\" class=\"yoast-schema-graph\">{\"@context\":\"https:\/\/schema.org\",\"@graph\":[{\"@type\":\"Article\",\"@id\":\"https:\/\/www.africa-press.net\/senegal\/politique\/nomination-de-dethie-fall-au-ministere-des-infrastructures#article\",\"isPartOf\":{\"@id\":\"https:\/\/www.africa-press.net\/senegal\/politique\/nomination-de-dethie-fall-au-ministere-des-infrastructures\"},\"author\":{\"name\":\"cfeditorfr\",\"@id\":\"https:\/\/www.africa-press.net\/senegal\/#\/schema\/person\/2b1cf3cd81a31e3cd26889ca66d677f1\"},\"headline\":\"Nomination de D\u00e9thi\u00e9 Fall au Minist\u00e8re des Infrastructures\",\"datePublished\":\"2025-12-14T13:45:00+00:00\",\"dateModified\":\"2025-12-15T00:50:22+00:00\",\"mainEntityOfPage\":{\"@id\":\"https:\/\/www.africa-press.net\/senegal\/politique\/nomination-de-dethie-fall-au-ministere-des-infrastructures\"},\"wordCount\":359,\"commentCount\":0,\"image\":{\"@id\":\"https:\/\/www.africa-press.net\/senegal\/politique\/nomination-de-dethie-fall-au-ministere-des-infrastructures#primaryimage\"},\"thumbnailUrl\":\"https:\/\/static.africa-press.net\/senegal\/sites\/13\/2025\/12\/sm_1765787822.889982.jpg\",\"keywords\":[\"Senegal\"],\"articleSection\":[\"Politique\",\"Top Nouvelles\",\"Toutes les actualit\u00e9s\"],\"inLanguage\":\"fr-FR\",\"potentialAction\":[{\"@type\":\"CommentAction\",\"name\":\"Comment\",\"target\":[\"https:\/\/www.africa-press.net\/senegal\/politique\/nomination-de-dethie-fall-au-ministere-des-infrastructures#respond\"]}]},{\"@type\":\"WebPage\",\"@id\":\"https:\/\/www.africa-press.net\/senegal\/politique\/nomination-de-dethie-fall-au-ministere-des-infrastructures\",\"url\":\"https:\/\/www.africa-press.net\/senegal\/politique\/nomination-de-dethie-fall-au-ministere-des-infrastructures\",\"name\":\"Nomination de D\u00e9thi\u00e9 Fall au Minist\u00e8re des Infrastructures - Senegal\",\"isPartOf\":{\"@id\":\"https:\/\/www.africa-press.net\/senegal\/#website\"},\"primaryImageOfPage\":{\"@id\":\"https:\/\/www.africa-press.net\/senegal\/politique\/nomination-de-dethie-fall-au-ministere-des-infrastructures#primaryimage\"},\"image\":{\"@id\":\"https:\/\/www.africa-press.net\/senegal\/politique\/nomination-de-dethie-fall-au-ministere-des-infrastructures#primaryimage\"},\"thumbnailUrl\":\"https:\/\/static.africa-press.net\/senegal\/sites\/13\/2025\/12\/sm_1765787822.889982.jpg\",\"datePublished\":\"2025-12-14T13:45:00+00:00\",\"dateModified\":\"2025-12-15T00:50:22+00:00\",\"author\":{\"@id\":\"https:\/\/www.africa-press.net\/senegal\/#\/schema\/person\/2b1cf3cd81a31e3cd26889ca66d677f1\"},\"description\":\"La communaute\u0301 des diplo\u0302me\u0301s de l\u2019E\u0301cole polytechnique de Thie\u0300s (EPT) a exprime\u0301 sa profonde satisfaction, a\u0300 la suite ...\",\"breadcrumb\":{\"@id\":\"https:\/\/www.africa-press.net\/senegal\/politique\/nomination-de-dethie-fall-au-ministere-des-infrastructures#breadcrumb\"},\"inLanguage\":\"fr-FR\",\"potentialAction\":[{\"@type\":\"ReadAction\",\"target\":[\"https:\/\/www.africa-press.net\/senegal\/politique\/nomination-de-dethie-fall-au-ministere-des-infrastructures\"]}]},{\"@type\":\"ImageObject\",\"inLanguage\":\"fr-FR\",\"@id\":\"https:\/\/www.africa-press.net\/senegal\/politique\/nomination-de-dethie-fall-au-ministere-des-infrastructures#primaryimage\",\"url\":\"https:\/\/static.africa-press.net\/senegal\/sites\/13\/2025\/12\/sm_1765787822.889982.jpg\",\"contentUrl\":\"https:\/\/static.africa-press.net\/senegal\/sites\/13\/2025\/12\/sm_1765787822.889982.jpg\",\"width\":1280,\"height\":720,\"caption\":\"Nomination de D\u00e9thi\u00e9 Fall au Minist\u00e8re des Infrastructures\"},{\"@type\":\"BreadcrumbList\",\"@id\":\"https:\/\/www.africa-press.net\/senegal\/politique\/nomination-de-dethie-fall-au-ministere-des-infrastructures#breadcrumb\",\"itemListElement\":[{\"@type\":\"ListItem\",\"position\":1,\"name\":\"Accueil\",\"item\":\"https:\/\/www.africa-press.net\/senegal\/\"},{\"@type\":\"ListItem\",\"position\":2,\"name\":\"Nomination de D\u00e9thi\u00e9 Fall au Minist\u00e8re des Infrastructures\"}]},{\"@type\":\"WebSite\",\"@id\":\"https:\/\/www.africa-press.net\/senegal\/#website\",\"url\":\"https:\/\/www.africa-press.net\/senegal\/\",\"name\":\"Africa Press | Senegal | Homepage\",\"description\":\"Just another Africa News Agency Sites site\",\"potentialAction\":[{\"@type\":\"SearchAction\",\"target\":{\"@type\":\"EntryPoint\",\"urlTemplate\":\"https:\/\/www.africa-press.net\/senegal\/?s={search_term_string}\"},\"query-input\":{\"@type\":\"PropertyValueSpecification\",\"valueRequired\":true,\"valueName\":\"search_term_string\"}}],\"inLanguage\":\"fr-FR\"},{\"@type\":\"Person\",\"@id\":\"https:\/\/www.africa-press.net\/senegal\/#\/schema\/person\/2b1cf3cd81a31e3cd26889ca66d677f1\",\"name\":\"cfeditorfr\",\"url\":\"https:\/\/www.africa-press.net\/senegal\/author\/cfeditorfr\"}]}<\/script>\n<!-- \/ Yoast SEO Premium plugin. -->","yoast_head_json":{"title":"Nomination de D\u00e9thi\u00e9 Fall au Minist\u00e8re des Infrastructures - Senegal","description":"La communaute\u0301 des diplo\u0302me\u0301s de l\u2019E\u0301cole polytechnique de Thie\u0300s (EPT) a exprime\u0301 sa profonde satisfaction, a\u0300 la suite ...","robots":{"index":"index","follow":"follow","max-snippet":"max-snippet:-1","max-image-preview":"max-image-preview:large","max-video-preview":"max-video-preview:-1"},"canonical":"https:\/\/www.africa-press.net\/senegal\/politique\/nomination-de-dethie-fall-au-ministere-des-infrastructures","og_locale":"fr_FR","og_type":"article","og_title":"Nomination de D\u00e9thi\u00e9 Fall au Minist\u00e8re des Infrastructures","og_description":"La communaute\u0301 des diplo\u0302me\u0301s de l\u2019E\u0301cole polytechnique de Thie\u0300s (EPT) a exprime\u0301 sa profonde satisfaction, a\u0300 la suite ...","og_url":"https:\/\/www.africa-press.net\/senegal\/politique\/nomination-de-dethie-fall-au-ministere-des-infrastructures","og_site_name":"Senegal","article_published_time":"2025-12-14T13:45:00+00:00","article_modified_time":"2025-12-15T00:50:22+00:00","og_image":[{"width":1280,"height":720,"url":"https:\/\/static.africa-press.net\/senegal\/sites\/13\/2025\/12\/sm_1765787822.889982.jpg","type":"image\/jpeg"}],"author":"cfeditorfr","twitter_card":"summary_large_image","twitter_misc":{"\u00c9crit par":"cfeditorfr","Dur\u00e9e de lecture estim\u00e9e":"2 minutes"},"schema":{"@context":"https:\/\/schema.org","@graph":[{"@type":"Article","@id":"https:\/\/www.africa-press.net\/senegal\/politique\/nomination-de-dethie-fall-au-ministere-des-infrastructures#article","isPartOf":{"@id":"https:\/\/www.africa-press.net\/senegal\/politique\/nomination-de-dethie-fall-au-ministere-des-infrastructures"},"author":{"name":"cfeditorfr","@id":"https:\/\/www.africa-press.net\/senegal\/#\/schema\/person\/2b1cf3cd81a31e3cd26889ca66d677f1"},"headline":"Nomination de D\u00e9thi\u00e9 Fall au Minist\u00e8re des Infrastructures","datePublished":"2025-12-14T13:45:00+00:00","dateModified":"2025-12-15T00:50:22+00:00","mainEntityOfPage":{"@id":"https:\/\/www.africa-press.net\/senegal\/politique\/nomination-de-dethie-fall-au-ministere-des-infrastructures"},"wordCount":359,"commentCount":0,"image":{"@id":"https:\/\/www.africa-press.net\/senegal\/politique\/nomination-de-dethie-fall-au-ministere-des-infrastructures#primaryimage"},"thumbnailUrl":"https:\/\/static.africa-press.net\/senegal\/sites\/13\/2025\/12\/sm_1765787822.889982.jpg","keywords":["Senegal"],"articleSection":["Politique","Top Nouvelles","Toutes les actualit\u00e9s"],"inLanguage":"fr-FR","potentialAction":[{"@type":"CommentAction","name":"Comment","target":["https:\/\/www.africa-press.net\/senegal\/politique\/nomination-de-dethie-fall-au-ministere-des-infrastructures#respond"]}]},{"@type":"WebPage","@id":"https:\/\/www.africa-press.net\/senegal\/politique\/nomination-de-dethie-fall-au-ministere-des-infrastructures","url":"https:\/\/www.africa-press.net\/senegal\/politique\/nomination-de-dethie-fall-au-ministere-des-infrastructures","name":"Nomination de D\u00e9thi\u00e9 Fall au Minist\u00e8re des Infrastructures - Senegal","isPartOf":{"@id":"https:\/\/www.africa-press.net\/senegal\/#website"},"primaryImageOfPage":{"@id":"https:\/\/www.africa-press.net\/senegal\/politique\/nomination-de-dethie-fall-au-ministere-des-infrastructures#primaryimage"},"image":{"@id":"https:\/\/www.africa-press.net\/senegal\/politique\/nomination-de-dethie-fall-au-ministere-des-infrastructures#primaryimage"},"thumbnailUrl":"https:\/\/static.africa-press.net\/senegal\/sites\/13\/2025\/12\/sm_1765787822.889982.jpg","datePublished":"2025-12-14T13:45:00+00:00","dateModified":"2025-12-15T00:50:22+00:00","author":{"@id":"https:\/\/www.africa-press.net\/senegal\/#\/schema\/person\/2b1cf3cd81a31e3cd26889ca66d677f1"},"description":"La communaute\u0301 des diplo\u0302me\u0301s de l\u2019E\u0301cole polytechnique de Thie\u0300s (EPT) a exprime\u0301 sa profonde satisfaction, a\u0300 la suite ...","breadcrumb":{"@id":"https:\/\/www.africa-press.net\/senegal\/politique\/nomination-de-dethie-fall-au-ministere-des-infrastructures#breadcrumb"},"inLanguage":"fr-FR","potentialAction":[{"@type":"ReadAction","target":["https:\/\/www.africa-press.net\/senegal\/politique\/nomination-de-dethie-fall-au-ministere-des-infrastructures"]}]},{"@type":"ImageObject","inLanguage":"fr-FR","@id":"https:\/\/www.africa-press.net\/senegal\/politique\/nomination-de-dethie-fall-au-ministere-des-infrastructures#primaryimage","url":"https:\/\/static.africa-press.net\/senegal\/sites\/13\/2025\/12\/sm_1765787822.889982.jpg","contentUrl":"https:\/\/static.africa-press.net\/senegal\/sites\/13\/2025\/12\/sm_1765787822.889982.jpg","width":1280,"height":720,"caption":"Nomination de D\u00e9thi\u00e9 Fall au Minist\u00e8re des Infrastructures"},{"@type":"BreadcrumbList","@id":"https:\/\/www.africa-press.net\/senegal\/politique\/nomination-de-dethie-fall-au-ministere-des-infrastructures#breadcrumb","itemListElement":[{"@type":"ListItem","position":1,"name":"Accueil","item":"https:\/\/www.africa-press.net\/senegal\/"},{"@type":"ListItem","position":2,"name":"Nomination de D\u00e9thi\u00e9 Fall au Minist\u00e8re des Infrastructures"}]},{"@type":"WebSite","@id":"https:\/\/www.africa-press.net\/senegal\/#website","url":"https:\/\/www.africa-press.net\/senegal\/","name":"Africa Press | Senegal | Homepage","description":"Just another Africa News Agency Sites site","potentialAction":[{"@type":"SearchAction","target":{"@type":"EntryPoint","urlTemplate":"https:\/\/www.africa-press.net\/senegal\/?s={search_term_string}"},"query-input":{"@type":"PropertyValueSpecification","valueRequired":true,"valueName":"search_term_string"}}],"inLanguage":"fr-FR"},{"@type":"Person","@id":"https:\/\/www.africa-press.net\/senegal\/#\/schema\/person\/2b1cf3cd81a31e3cd26889ca66d677f1","name":"cfeditorfr","url":"https:\/\/www.africa-press.net\/senegal\/author\/cfeditorfr"}]}},"_links":{"self":[{"href":"https:\/\/www.africa-press.net\/senegal\/wp-json\/wp\/v2\/posts\/73467","targetHints":{"allow":["GET"]}}],"collection":[{"href":"https:\/\/www.africa-press.net\/senegal\/wp-json\/wp\/v2\/posts"}],"about":[{"href":"https:\/\/www.africa-press.net\/senegal\/wp-json\/wp\/v2\/types\/post"}],"author":[{"embeddable":true,"href":"https:\/\/www.africa-press.net\/senegal\/wp-json\/wp\/v2\/users\/82"}],"replies":[{"embeddable":true,"href":"https:\/\/www.africa-press.net\/senegal\/wp-json\/wp\/v2\/comments?post=73467"}],"version-history":[{"count":0,"href":"https:\/\/www.africa-press.net\/senegal\/wp-json\/wp\/v2\/posts\/73467\/revisions"}],"wp:featuredmedia":[{"embeddable":true,"href":"https:\/\/www.africa-press.net\/senegal\/wp-json\/wp\/v2\/media\/73466"}],"wp:attachment":[{"href":"https:\/\/www.africa-press.net\/senegal\/wp-json\/wp\/v2\/media?parent=73467"}],"wp:term":[{"taxonomy":"category","embeddable":true,"href":"https:\/\/www.africa-press.net\/senegal\/wp-json\/wp\/v2\/categories?post=73467"},{"taxonomy":"post_tag","embeddable":true,"href":"https:\/\/www.africa-press.net\/senegal\/wp-json\/wp\/v2\/tags?post=73467"}],"curies":[{"name":"wp","href":"https:\/\/api.w.org\/{rel}","templated":true}]}}