{"id":73490,"date":"2025-12-15T12:10:00","date_gmt":"2025-12-15T12:10:00","guid":{"rendered":"https:\/\/www.africa-press.net\/senegal\/politique\/can-2025-le-benin-affiche-son-premier-objectif"},"modified":"2025-12-15T22:57:01","modified_gmt":"2025-12-15T22:57:01","slug":"can-2025-le-benin-affiche-son-premier-objectif","status":"publish","type":"post","link":"https:\/\/www.africa-press.net\/senegal\/sports\/can-2025-le-benin-affiche-son-premier-objectif","title":{"rendered":"CAN 2025: le Be\u0301nin Affiche Son Premier Objectif"},"content":{"rendered":"<p><span style=\"color: #ff6600\"><strong>Africa-Press &#8211; Senegal. <\/strong><\/span>L\u2019entrai\u0302neur adjoint du Be\u0301nin s\u2019exprime sur le premier objectif de leur e\u0301quipe, avant d\u2019affronter le Se\u0301ne\u0301gal, la RD Congo et le Botswana dans le Groupe D de la CAN 2024 au Maroc.<\/p>\n<p>Tunde Adelakun est l\u2019entrai\u0302neur adjoint de l\u2019e\u0301quipe nationale du Be\u0301nin sous Gernot Rohr. Il espe\u0300re s\u2019inspirer de leur meilleure performance a\u0300 la CAN 2019, lorsque les Be\u0301ninois avaient atteint les quarts de finale pour la premie\u0300re fois de leur histoire.<\/p>\n<p><b>Sept finales de CAN a\u0300 disputer<\/b><\/p>\n<p>\u00ab Je veux que mon e\u0301quipe joue du bon football et que les clubs sachent que cela valait la peine de libe\u0301rer [les joueurs] a\u0300 un moment tre\u0300s difficile de la saison \u00bb, a de\u0301clare\u0301 Adelakun a\u0300 BBC Sport Africa.<\/p>\n<p>\u00ab J\u2019adorerais gagner le tournoi. Le parcours sera difficile, mais j\u2019ai actuellement sept finales de CAN a\u0300 disputer. \u00bb<\/p>\n<p><b>Le Be\u0301nin a fro\u0302le\u0301 la qualification au Mondial 2026<\/b><\/p>\n<p>\u00ab Ne pas se qualifier pour la Coupe du monde a e\u0301te\u0301 une pilule ame\u0300re que nous avons eu beaucoup de mal a\u0300 avaler \u00bb, a de\u0301clare\u0301 Adelakun.<\/p>\n<p>\u00ab Nous avons tourne\u0301 la page, nous n\u2019avons aucun regret et nous sommes fiers de ce que nous avons accompli. Il est temps de briller sur la sce\u0300ne africaine et de prouver au monde entier de quoi nous sommes capables. Nous savons a\u0300 quoi nous sommes confronte\u0301s \u00bb, a-t-il de\u0301clare\u0301.<\/p>\n<p><b>Le moment de gloire, le re\u0302ve be\u0301ninois<\/b><\/p>\n<p>\u00ab Nous avons affronte\u0301 le Se\u0301ne\u0301gal il y a environ un an et demi en match amical et nous avons livre\u0301 une belle performance. Ces garc\u0327ons sont survolte\u0301s. Ils savent que c\u2019est leur moment de gloire. \u00bb<\/p>\n<p>\u00ab Ce sont des joueurs qui ont l\u2019ADN du Nigeria. Ils jouent dans une e\u0301quipe qui a ce qu\u2019il faut pour aller sur le terrain et faire impression. \u00bb<\/p>\n<p><b>La RDC<\/b><\/p>\n<p>\u00ab Ils (la RD Congo) ont un pedigree exceptionnel. C\u2019est une e\u0301quipe qui posse\u0300de de la qualite\u0301 dans tous les secteurs du terrain. Nous avons fait notre travail. Nous savons de quoi ils sont capables et nous sommes pre\u0302ts a\u0300 les affronter. \u00bb<\/p>\n<p>\u00ab Nous avons se\u0301lectionne\u0301 les me\u0302mes attributs physiques, le me\u0302me ADN physique [et] la me\u0302me mentalite\u0301 \u00bb, a explique\u0301 Adelakun.<\/p>\n<p>\u00ab C\u2019est un bon me\u0301lange entre le noyau dur be\u0301ninois d\u2019origine et les joueurs d\u2019origine nige\u0301riane. C\u2019est ce que l\u2019on observe dans le football be\u0301ninois. \u00bb<\/p>\n<p><strong>Pour plus d&rsquo;informations et d&rsquo;analyses sur la <span style=\"color: #ff6600\">Senegal<\/span>, suivez <span style=\"color: #ff6600\">Africa-Press<\/span><\/strong><\/p>\n","protected":false},"excerpt":{"rendered":"<p>Africa-Press &#8211; Senegal. L\u2019entrai\u0302neur adjoint du Be\u0301nin s\u2019exprime sur le premier objectif de leur e\u0301quipe, avant d\u2019affronter le Se\u0301ne\u0301gal, la RD Congo et le Botswana dans le Groupe D de la CAN 2024 au Maroc. Tunde Adelakun est l\u2019entrai\u0302neur adjoint de l\u2019e\u0301quipe nationale du Be\u0301nin sous Gernot Rohr. Il espe\u0300re s\u2019inspirer de leur meilleure performance [&hellip;]<\/p>\n","protected":false},"author":82,"featured_media":73489,"comment_status":"open","ping_status":"closed","sticky":false,"template":"","format":"standard","meta":{"footnotes":""},"categories":[6,10],"tags":[44],"class_list":["post-73490","post","type-post","status-publish","format-standard","has-post-thumbnail","hentry","category-sports","category-toutes-les-actualites","tag-senegal-2"],"yoast_head":"<!-- This site is optimized with the Yoast SEO Premium plugin v26.1 (Yoast SEO v27.0) - https:\/\/yoast.com\/product\/yoast-seo-premium-wordpress\/ -->\n<title>CAN 2025: le Be\u0301nin Affiche Son Premier Objectif - Senegal<\/title>\n<meta name=\"description\" content=\"L\u2019entrai\u0302neur adjoint du Be\u0301nin s\u2019exprime sur le premier objectif de leur e\u0301quipe, avant d\u2019affronter le Se\u0301ne\u0301gal, la RD ...\" \/>\n<meta name=\"robots\" content=\"index, follow, max-snippet:-1, max-image-preview:large, max-video-preview:-1\" \/>\n<link rel=\"canonical\" href=\"https:\/\/www.africa-press.net\/senegal\/sports\/can-2025-le-benin-affiche-son-premier-objectif\" \/>\n<meta property=\"og:locale\" content=\"fr_FR\" \/>\n<meta property=\"og:type\" content=\"article\" \/>\n<meta property=\"og:title\" content=\"CAN 2025: le Be\u0301nin Affiche Son Premier Objectif\" \/>\n<meta property=\"og:description\" content=\"L\u2019entrai\u0302neur adjoint du Be\u0301nin s\u2019exprime sur le premier objectif de leur e\u0301quipe, avant d\u2019affronter le Se\u0301ne\u0301gal, la RD ...\" \/>\n<meta property=\"og:url\" content=\"https:\/\/www.africa-press.net\/senegal\/sports\/can-2025-le-benin-affiche-son-premier-objectif\" \/>\n<meta property=\"og:site_name\" content=\"Senegal\" \/>\n<meta property=\"article:published_time\" content=\"2025-12-15T12:10:00+00:00\" \/>\n<meta property=\"article:modified_time\" content=\"2025-12-15T22:57:01+00:00\" \/>\n<meta property=\"og:image\" content=\"https:\/\/static.africa-press.net\/senegal\/sites\/13\/2025\/12\/sm_1765867863.268836.jpg\" \/>\n\t<meta property=\"og:image:width\" content=\"1280\" \/>\n\t<meta property=\"og:image:height\" content=\"720\" \/>\n\t<meta property=\"og:image:type\" content=\"image\/jpeg\" \/>\n<meta name=\"author\" content=\"cfeditorfr\" \/>\n<meta name=\"twitter:card\" content=\"summary_large_image\" \/>\n<meta name=\"twitter:label1\" content=\"\u00c9crit par\" \/>\n\t<meta name=\"twitter:data1\" content=\"cfeditorfr\" \/>\n\t<meta name=\"twitter:label2\" content=\"Dur\u00e9e de lecture estim\u00e9e\" \/>\n\t<meta name=\"twitter:data2\" content=\"2 minutes\" \/>\n<script type=\"application\/ld+json\" class=\"yoast-schema-graph\">{\"@context\":\"https:\/\/schema.org\",\"@graph\":[{\"@type\":\"Article\",\"@id\":\"https:\/\/www.africa-press.net\/senegal\/sports\/can-2025-le-benin-affiche-son-premier-objectif#article\",\"isPartOf\":{\"@id\":\"https:\/\/www.africa-press.net\/senegal\/sports\/can-2025-le-benin-affiche-son-premier-objectif\"},\"author\":{\"name\":\"cfeditorfr\",\"@id\":\"https:\/\/www.africa-press.net\/senegal\/#\/schema\/person\/2b1cf3cd81a31e3cd26889ca66d677f1\"},\"headline\":\"CAN 2025: le Be\u0301nin Affiche Son Premier Objectif\",\"datePublished\":\"2025-12-15T12:10:00+00:00\",\"dateModified\":\"2025-12-15T22:57:01+00:00\",\"mainEntityOfPage\":{\"@id\":\"https:\/\/www.africa-press.net\/senegal\/sports\/can-2025-le-benin-affiche-son-premier-objectif\"},\"wordCount\":449,\"commentCount\":0,\"image\":{\"@id\":\"https:\/\/www.africa-press.net\/senegal\/sports\/can-2025-le-benin-affiche-son-premier-objectif#primaryimage\"},\"thumbnailUrl\":\"https:\/\/static.africa-press.net\/senegal\/sites\/13\/2025\/12\/sm_1765867863.268836.jpg\",\"keywords\":[\"Senegal\"],\"articleSection\":[\"Sports\",\"Toutes les actualit\u00e9s\"],\"inLanguage\":\"fr-FR\",\"potentialAction\":[{\"@type\":\"CommentAction\",\"name\":\"Comment\",\"target\":[\"https:\/\/www.africa-press.net\/senegal\/sports\/can-2025-le-benin-affiche-son-premier-objectif#respond\"]}]},{\"@type\":\"WebPage\",\"@id\":\"https:\/\/www.africa-press.net\/senegal\/sports\/can-2025-le-benin-affiche-son-premier-objectif\",\"url\":\"https:\/\/www.africa-press.net\/senegal\/sports\/can-2025-le-benin-affiche-son-premier-objectif\",\"name\":\"CAN 2025: le Be\u0301nin Affiche Son Premier Objectif - Senegal\",\"isPartOf\":{\"@id\":\"https:\/\/www.africa-press.net\/senegal\/#website\"},\"primaryImageOfPage\":{\"@id\":\"https:\/\/www.africa-press.net\/senegal\/sports\/can-2025-le-benin-affiche-son-premier-objectif#primaryimage\"},\"image\":{\"@id\":\"https:\/\/www.africa-press.net\/senegal\/sports\/can-2025-le-benin-affiche-son-premier-objectif#primaryimage\"},\"thumbnailUrl\":\"https:\/\/static.africa-press.net\/senegal\/sites\/13\/2025\/12\/sm_1765867863.268836.jpg\",\"datePublished\":\"2025-12-15T12:10:00+00:00\",\"dateModified\":\"2025-12-15T22:57:01+00:00\",\"author\":{\"@id\":\"https:\/\/www.africa-press.net\/senegal\/#\/schema\/person\/2b1cf3cd81a31e3cd26889ca66d677f1\"},\"description\":\"L\u2019entrai\u0302neur adjoint du Be\u0301nin s\u2019exprime sur le premier objectif de leur e\u0301quipe, avant d\u2019affronter le Se\u0301ne\u0301gal, la RD ...\",\"breadcrumb\":{\"@id\":\"https:\/\/www.africa-press.net\/senegal\/sports\/can-2025-le-benin-affiche-son-premier-objectif#breadcrumb\"},\"inLanguage\":\"fr-FR\",\"potentialAction\":[{\"@type\":\"ReadAction\",\"target\":[\"https:\/\/www.africa-press.net\/senegal\/sports\/can-2025-le-benin-affiche-son-premier-objectif\"]}]},{\"@type\":\"ImageObject\",\"inLanguage\":\"fr-FR\",\"@id\":\"https:\/\/www.africa-press.net\/senegal\/sports\/can-2025-le-benin-affiche-son-premier-objectif#primaryimage\",\"url\":\"https:\/\/static.africa-press.net\/senegal\/sites\/13\/2025\/12\/sm_1765867863.268836.jpg\",\"contentUrl\":\"https:\/\/static.africa-press.net\/senegal\/sites\/13\/2025\/12\/sm_1765867863.268836.jpg\",\"width\":1280,\"height\":720,\"caption\":\"CAN 2025: le Be\u0301nin Affiche Son Premier Objectif\"},{\"@type\":\"BreadcrumbList\",\"@id\":\"https:\/\/www.africa-press.net\/senegal\/sports\/can-2025-le-benin-affiche-son-premier-objectif#breadcrumb\",\"itemListElement\":[{\"@type\":\"ListItem\",\"position\":1,\"name\":\"Accueil\",\"item\":\"https:\/\/www.africa-press.net\/senegal\/\"},{\"@type\":\"ListItem\",\"position\":2,\"name\":\"CAN 2025: le Be\u0301nin Affiche Son Premier Objectif\"}]},{\"@type\":\"WebSite\",\"@id\":\"https:\/\/www.africa-press.net\/senegal\/#website\",\"url\":\"https:\/\/www.africa-press.net\/senegal\/\",\"name\":\"Africa Press | Senegal | Homepage\",\"description\":\"Just another Africa News Agency Sites site\",\"potentialAction\":[{\"@type\":\"SearchAction\",\"target\":{\"@type\":\"EntryPoint\",\"urlTemplate\":\"https:\/\/www.africa-press.net\/senegal\/?s={search_term_string}\"},\"query-input\":{\"@type\":\"PropertyValueSpecification\",\"valueRequired\":true,\"valueName\":\"search_term_string\"}}],\"inLanguage\":\"fr-FR\"},{\"@type\":\"Person\",\"@id\":\"https:\/\/www.africa-press.net\/senegal\/#\/schema\/person\/2b1cf3cd81a31e3cd26889ca66d677f1\",\"name\":\"cfeditorfr\",\"url\":\"https:\/\/www.africa-press.net\/senegal\/author\/cfeditorfr\"}]}<\/script>\n<!-- \/ Yoast SEO Premium plugin. -->","yoast_head_json":{"title":"CAN 2025: le Be\u0301nin Affiche Son Premier Objectif - Senegal","description":"L\u2019entrai\u0302neur adjoint du Be\u0301nin s\u2019exprime sur le premier objectif de leur e\u0301quipe, avant d\u2019affronter le Se\u0301ne\u0301gal, la RD ...","robots":{"index":"index","follow":"follow","max-snippet":"max-snippet:-1","max-image-preview":"max-image-preview:large","max-video-preview":"max-video-preview:-1"},"canonical":"https:\/\/www.africa-press.net\/senegal\/sports\/can-2025-le-benin-affiche-son-premier-objectif","og_locale":"fr_FR","og_type":"article","og_title":"CAN 2025: le Be\u0301nin Affiche Son Premier Objectif","og_description":"L\u2019entrai\u0302neur adjoint du Be\u0301nin s\u2019exprime sur le premier objectif de leur e\u0301quipe, avant d\u2019affronter le Se\u0301ne\u0301gal, la RD ...","og_url":"https:\/\/www.africa-press.net\/senegal\/sports\/can-2025-le-benin-affiche-son-premier-objectif","og_site_name":"Senegal","article_published_time":"2025-12-15T12:10:00+00:00","article_modified_time":"2025-12-15T22:57:01+00:00","og_image":[{"width":1280,"height":720,"url":"https:\/\/static.africa-press.net\/senegal\/sites\/13\/2025\/12\/sm_1765867863.268836.jpg","type":"image\/jpeg"}],"author":"cfeditorfr","twitter_card":"summary_large_image","twitter_misc":{"\u00c9crit par":"cfeditorfr","Dur\u00e9e de lecture estim\u00e9e":"2 minutes"},"schema":{"@context":"https:\/\/schema.org","@graph":[{"@type":"Article","@id":"https:\/\/www.africa-press.net\/senegal\/sports\/can-2025-le-benin-affiche-son-premier-objectif#article","isPartOf":{"@id":"https:\/\/www.africa-press.net\/senegal\/sports\/can-2025-le-benin-affiche-son-premier-objectif"},"author":{"name":"cfeditorfr","@id":"https:\/\/www.africa-press.net\/senegal\/#\/schema\/person\/2b1cf3cd81a31e3cd26889ca66d677f1"},"headline":"CAN 2025: le Be\u0301nin Affiche Son Premier Objectif","datePublished":"2025-12-15T12:10:00+00:00","dateModified":"2025-12-15T22:57:01+00:00","mainEntityOfPage":{"@id":"https:\/\/www.africa-press.net\/senegal\/sports\/can-2025-le-benin-affiche-son-premier-objectif"},"wordCount":449,"commentCount":0,"image":{"@id":"https:\/\/www.africa-press.net\/senegal\/sports\/can-2025-le-benin-affiche-son-premier-objectif#primaryimage"},"thumbnailUrl":"https:\/\/static.africa-press.net\/senegal\/sites\/13\/2025\/12\/sm_1765867863.268836.jpg","keywords":["Senegal"],"articleSection":["Sports","Toutes les actualit\u00e9s"],"inLanguage":"fr-FR","potentialAction":[{"@type":"CommentAction","name":"Comment","target":["https:\/\/www.africa-press.net\/senegal\/sports\/can-2025-le-benin-affiche-son-premier-objectif#respond"]}]},{"@type":"WebPage","@id":"https:\/\/www.africa-press.net\/senegal\/sports\/can-2025-le-benin-affiche-son-premier-objectif","url":"https:\/\/www.africa-press.net\/senegal\/sports\/can-2025-le-benin-affiche-son-premier-objectif","name":"CAN 2025: le Be\u0301nin Affiche Son Premier Objectif - Senegal","isPartOf":{"@id":"https:\/\/www.africa-press.net\/senegal\/#website"},"primaryImageOfPage":{"@id":"https:\/\/www.africa-press.net\/senegal\/sports\/can-2025-le-benin-affiche-son-premier-objectif#primaryimage"},"image":{"@id":"https:\/\/www.africa-press.net\/senegal\/sports\/can-2025-le-benin-affiche-son-premier-objectif#primaryimage"},"thumbnailUrl":"https:\/\/static.africa-press.net\/senegal\/sites\/13\/2025\/12\/sm_1765867863.268836.jpg","datePublished":"2025-12-15T12:10:00+00:00","dateModified":"2025-12-15T22:57:01+00:00","author":{"@id":"https:\/\/www.africa-press.net\/senegal\/#\/schema\/person\/2b1cf3cd81a31e3cd26889ca66d677f1"},"description":"L\u2019entrai\u0302neur adjoint du Be\u0301nin s\u2019exprime sur le premier objectif de leur e\u0301quipe, avant d\u2019affronter le Se\u0301ne\u0301gal, la RD ...","breadcrumb":{"@id":"https:\/\/www.africa-press.net\/senegal\/sports\/can-2025-le-benin-affiche-son-premier-objectif#breadcrumb"},"inLanguage":"fr-FR","potentialAction":[{"@type":"ReadAction","target":["https:\/\/www.africa-press.net\/senegal\/sports\/can-2025-le-benin-affiche-son-premier-objectif"]}]},{"@type":"ImageObject","inLanguage":"fr-FR","@id":"https:\/\/www.africa-press.net\/senegal\/sports\/can-2025-le-benin-affiche-son-premier-objectif#primaryimage","url":"https:\/\/static.africa-press.net\/senegal\/sites\/13\/2025\/12\/sm_1765867863.268836.jpg","contentUrl":"https:\/\/static.africa-press.net\/senegal\/sites\/13\/2025\/12\/sm_1765867863.268836.jpg","width":1280,"height":720,"caption":"CAN 2025: le Be\u0301nin Affiche Son Premier Objectif"},{"@type":"BreadcrumbList","@id":"https:\/\/www.africa-press.net\/senegal\/sports\/can-2025-le-benin-affiche-son-premier-objectif#breadcrumb","itemListElement":[{"@type":"ListItem","position":1,"name":"Accueil","item":"https:\/\/www.africa-press.net\/senegal\/"},{"@type":"ListItem","position":2,"name":"CAN 2025: le Be\u0301nin Affiche Son Premier Objectif"}]},{"@type":"WebSite","@id":"https:\/\/www.africa-press.net\/senegal\/#website","url":"https:\/\/www.africa-press.net\/senegal\/","name":"Africa Press | Senegal | Homepage","description":"Just another Africa News Agency Sites site","potentialAction":[{"@type":"SearchAction","target":{"@type":"EntryPoint","urlTemplate":"https:\/\/www.africa-press.net\/senegal\/?s={search_term_string}"},"query-input":{"@type":"PropertyValueSpecification","valueRequired":true,"valueName":"search_term_string"}}],"inLanguage":"fr-FR"},{"@type":"Person","@id":"https:\/\/www.africa-press.net\/senegal\/#\/schema\/person\/2b1cf3cd81a31e3cd26889ca66d677f1","name":"cfeditorfr","url":"https:\/\/www.africa-press.net\/senegal\/author\/cfeditorfr"}]}},"_links":{"self":[{"href":"https:\/\/www.africa-press.net\/senegal\/wp-json\/wp\/v2\/posts\/73490","targetHints":{"allow":["GET"]}}],"collection":[{"href":"https:\/\/www.africa-press.net\/senegal\/wp-json\/wp\/v2\/posts"}],"about":[{"href":"https:\/\/www.africa-press.net\/senegal\/wp-json\/wp\/v2\/types\/post"}],"author":[{"embeddable":true,"href":"https:\/\/www.africa-press.net\/senegal\/wp-json\/wp\/v2\/users\/82"}],"replies":[{"embeddable":true,"href":"https:\/\/www.africa-press.net\/senegal\/wp-json\/wp\/v2\/comments?post=73490"}],"version-history":[{"count":0,"href":"https:\/\/www.africa-press.net\/senegal\/wp-json\/wp\/v2\/posts\/73490\/revisions"}],"wp:featuredmedia":[{"embeddable":true,"href":"https:\/\/www.africa-press.net\/senegal\/wp-json\/wp\/v2\/media\/73489"}],"wp:attachment":[{"href":"https:\/\/www.africa-press.net\/senegal\/wp-json\/wp\/v2\/media?parent=73490"}],"wp:term":[{"taxonomy":"category","embeddable":true,"href":"https:\/\/www.africa-press.net\/senegal\/wp-json\/wp\/v2\/categories?post=73490"},{"taxonomy":"post_tag","embeddable":true,"href":"https:\/\/www.africa-press.net\/senegal\/wp-json\/wp\/v2\/tags?post=73490"}],"curies":[{"name":"wp","href":"https:\/\/api.w.org\/{rel}","templated":true}]}}