{"id":73496,"date":"2025-12-15T14:00:00","date_gmt":"2025-12-15T14:00:00","guid":{"rendered":"https:\/\/www.africa-press.net\/senegal\/politique\/soutien-a-pape-malick-ndour-contre-pastef"},"modified":"2025-12-15T23:05:09","modified_gmt":"2025-12-15T23:05:09","slug":"soutien-a-pape-malick-ndour-contre-pastef","status":"publish","type":"post","link":"https:\/\/www.africa-press.net\/senegal\/parties\/soutien-a-pape-malick-ndour-contre-pastef","title":{"rendered":"Soutien \u00e0 Pape Malick Ndour Contre PASTEF"},"content":{"rendered":"<p><span style=\"color: #ff6600\"><strong>Africa-Press &#8211; Senegal. <\/strong><\/span>Les militants de l\u2019Alliance pour la Re\u0301publique (APR) du de\u0301partement de Guinguine\u0301o, re\u0301unis pour l&rsquo;installation du Secre\u0301tariat Exe\u0301cutif De\u0301partemental (SED), ont publie\u0301 une motion de soutien ferme a\u0300 l&rsquo;e\u0301gard du Ministre Pape Malick Ndour, e\u0301galement Pre\u0301sident du Conseil de\u0301partemental de Guinguine\u0301o.<\/p>\n<p><b>Condamnation et soutien au Ministre Ndour<\/b><\/p>\n<p>Les militants ont exprime\u0301 leur e\u0301motion face a\u0300 l\u2019absence remarque\u0301e de Pape Malick Ndour, qu&rsquo;ils conside\u0300rent comme un \u00ab digne fils du de\u0301partement \u00bb et le \u00ab porte e\u0301tendard \u00bb de l&rsquo;APR.<\/p>\n<p>Ils ont \u00ab condamne\u0301 et fle\u0301tri avec vigueur \u00bb les \u00ab me\u0301thodes de\u0301loyales \u00bb qu&rsquo;ils attribuent au parti au pouvoir.<\/p>\n<p>Selon les militants, ces me\u0301thodes visent uniquement a\u0300 \u00ab le maintenir sans voix \u00bb et a\u0300 l&#8217;empe\u0302cher de \u00ab re\u0301ve\u0301ler au grand jour [les] faiblesses et [les] limites \u00bb du parti au pouvoir.<\/p>\n<p>L&rsquo;APR de Guinguine\u0301o a re\u0301affirme\u0301 son \u00ab solide soutien \u00bb et son \u00ab attachement inde\u0301fectible \u00bb a\u0300 Pape Malick Ndour.<\/p>\n<p>Le collectif a exprime\u0301 sa confiance dans la justice se\u0301ne\u0301galaise et son espoir d&rsquo;une issue rapide et favorable du dossier, ce qui permettrait au Pre\u0301sident du Conseil de\u0301partemental de \u00ab remplir pleinement ses obligations \u00bb envers les populations.<\/p>\n<p>Les militants se sont de\u0301clare\u0301s pre\u0302ts a\u0300 s&rsquo;e\u0301riger \u00ab en rempart comme un seul homme \u00bb et ont pre\u0301venu qu&rsquo;ils se re\u0301servent le droit d&rsquo;user de \u00ab tous les moyens le\u0301gaux \u00bb en leur possession pour que Pape Malick Ndour \u00ab retrouve la ple\u0301nitude de ses droits politiques et citoyens \u00bb.<\/p>\n<p>La motion a de\u0301bute\u0301 en fe\u0301licitant le Pre\u0301sident Macky Sall pour son initiative de re\u0301organisation et de redynamisation de l&rsquo;APR.<\/p>\n<p><strong>Pour plus d&rsquo;informations et d&rsquo;analyses sur la <span style=\"color: #ff6600\">Senegal<\/span>, suivez <span style=\"color: #ff6600\">Africa-Press<\/span><\/strong><\/p>\n","protected":false},"excerpt":{"rendered":"<p>Africa-Press &#8211; Senegal. Les militants de l\u2019Alliance pour la Re\u0301publique (APR) du de\u0301partement de Guinguine\u0301o, re\u0301unis pour l&rsquo;installation du Secre\u0301tariat Exe\u0301cutif De\u0301partemental (SED), ont publie\u0301 une motion de soutien ferme a\u0300 l&rsquo;e\u0301gard du Ministre Pape Malick Ndour, e\u0301galement Pre\u0301sident du Conseil de\u0301partemental de Guinguine\u0301o. Condamnation et soutien au Ministre Ndour Les militants ont exprime\u0301 leur [&hellip;]<\/p>\n","protected":false},"author":82,"featured_media":73495,"comment_status":"open","ping_status":"closed","sticky":false,"template":"","format":"standard","meta":{"footnotes":""},"categories":[4,20,10],"tags":[44],"class_list":["post-73496","post","type-post","status-publish","format-standard","has-post-thumbnail","hentry","category-parties","category-top-nouvelles","category-toutes-les-actualites","tag-senegal-2"],"yoast_head":"<!-- This site is optimized with the Yoast SEO Premium plugin v26.1 (Yoast SEO v27.0) - https:\/\/yoast.com\/product\/yoast-seo-premium-wordpress\/ -->\n<title>Soutien \u00e0 Pape Malick Ndour Contre PASTEF - Senegal<\/title>\n<meta name=\"description\" content=\"Les militants de l\u2019Alliance pour la Re\u0301publique (APR) du de\u0301partement de Guinguine\u0301o, re\u0301unis pour l&#039;installation du Sec ...\" \/>\n<meta name=\"robots\" content=\"index, follow, max-snippet:-1, max-image-preview:large, max-video-preview:-1\" \/>\n<link rel=\"canonical\" href=\"https:\/\/www.africa-press.net\/senegal\/parties\/soutien-a-pape-malick-ndour-contre-pastef\" \/>\n<meta property=\"og:locale\" content=\"fr_FR\" \/>\n<meta property=\"og:type\" content=\"article\" \/>\n<meta property=\"og:title\" content=\"Soutien \u00e0 Pape Malick Ndour Contre PASTEF\" \/>\n<meta property=\"og:description\" content=\"Les militants de l\u2019Alliance pour la Re\u0301publique (APR) du de\u0301partement de Guinguine\u0301o, re\u0301unis pour l&#039;installation du Sec ...\" \/>\n<meta property=\"og:url\" content=\"https:\/\/www.africa-press.net\/senegal\/parties\/soutien-a-pape-malick-ndour-contre-pastef\" \/>\n<meta property=\"og:site_name\" content=\"Senegal\" \/>\n<meta property=\"article:published_time\" content=\"2025-12-15T14:00:00+00:00\" \/>\n<meta property=\"article:modified_time\" content=\"2025-12-15T23:05:09+00:00\" \/>\n<meta property=\"og:image\" content=\"https:\/\/static.africa-press.net\/senegal\/sites\/13\/2025\/12\/sm_1765868269.391831.jpg\" \/>\n\t<meta property=\"og:image:width\" content=\"1280\" \/>\n\t<meta property=\"og:image:height\" content=\"720\" \/>\n\t<meta property=\"og:image:type\" content=\"image\/jpeg\" \/>\n<meta name=\"author\" content=\"cfeditorfr\" \/>\n<meta name=\"twitter:card\" content=\"summary_large_image\" \/>\n<meta name=\"twitter:label1\" content=\"\u00c9crit par\" \/>\n\t<meta name=\"twitter:data1\" content=\"cfeditorfr\" \/>\n\t<meta name=\"twitter:label2\" content=\"Dur\u00e9e de lecture estim\u00e9e\" \/>\n\t<meta name=\"twitter:data2\" content=\"2 minutes\" \/>\n<script type=\"application\/ld+json\" class=\"yoast-schema-graph\">{\"@context\":\"https:\/\/schema.org\",\"@graph\":[{\"@type\":\"Article\",\"@id\":\"https:\/\/www.africa-press.net\/senegal\/parties\/soutien-a-pape-malick-ndour-contre-pastef#article\",\"isPartOf\":{\"@id\":\"https:\/\/www.africa-press.net\/senegal\/parties\/soutien-a-pape-malick-ndour-contre-pastef\"},\"author\":{\"name\":\"cfeditorfr\",\"@id\":\"https:\/\/www.africa-press.net\/senegal\/#\/schema\/person\/2b1cf3cd81a31e3cd26889ca66d677f1\"},\"headline\":\"Soutien \u00e0 Pape Malick Ndour Contre PASTEF\",\"datePublished\":\"2025-12-15T14:00:00+00:00\",\"dateModified\":\"2025-12-15T23:05:09+00:00\",\"mainEntityOfPage\":{\"@id\":\"https:\/\/www.africa-press.net\/senegal\/parties\/soutien-a-pape-malick-ndour-contre-pastef\"},\"wordCount\":315,\"commentCount\":0,\"image\":{\"@id\":\"https:\/\/www.africa-press.net\/senegal\/parties\/soutien-a-pape-malick-ndour-contre-pastef#primaryimage\"},\"thumbnailUrl\":\"https:\/\/static.africa-press.net\/senegal\/sites\/13\/2025\/12\/sm_1765868269.391831.jpg\",\"keywords\":[\"Senegal\"],\"articleSection\":[\"Parties\",\"Top Nouvelles\",\"Toutes les actualit\u00e9s\"],\"inLanguage\":\"fr-FR\",\"potentialAction\":[{\"@type\":\"CommentAction\",\"name\":\"Comment\",\"target\":[\"https:\/\/www.africa-press.net\/senegal\/parties\/soutien-a-pape-malick-ndour-contre-pastef#respond\"]}]},{\"@type\":\"WebPage\",\"@id\":\"https:\/\/www.africa-press.net\/senegal\/parties\/soutien-a-pape-malick-ndour-contre-pastef\",\"url\":\"https:\/\/www.africa-press.net\/senegal\/parties\/soutien-a-pape-malick-ndour-contre-pastef\",\"name\":\"Soutien \u00e0 Pape Malick Ndour Contre PASTEF - Senegal\",\"isPartOf\":{\"@id\":\"https:\/\/www.africa-press.net\/senegal\/#website\"},\"primaryImageOfPage\":{\"@id\":\"https:\/\/www.africa-press.net\/senegal\/parties\/soutien-a-pape-malick-ndour-contre-pastef#primaryimage\"},\"image\":{\"@id\":\"https:\/\/www.africa-press.net\/senegal\/parties\/soutien-a-pape-malick-ndour-contre-pastef#primaryimage\"},\"thumbnailUrl\":\"https:\/\/static.africa-press.net\/senegal\/sites\/13\/2025\/12\/sm_1765868269.391831.jpg\",\"datePublished\":\"2025-12-15T14:00:00+00:00\",\"dateModified\":\"2025-12-15T23:05:09+00:00\",\"author\":{\"@id\":\"https:\/\/www.africa-press.net\/senegal\/#\/schema\/person\/2b1cf3cd81a31e3cd26889ca66d677f1\"},\"description\":\"Les militants de l\u2019Alliance pour la Re\u0301publique (APR) du de\u0301partement de Guinguine\u0301o, re\u0301unis pour l'installation du Sec ...\",\"breadcrumb\":{\"@id\":\"https:\/\/www.africa-press.net\/senegal\/parties\/soutien-a-pape-malick-ndour-contre-pastef#breadcrumb\"},\"inLanguage\":\"fr-FR\",\"potentialAction\":[{\"@type\":\"ReadAction\",\"target\":[\"https:\/\/www.africa-press.net\/senegal\/parties\/soutien-a-pape-malick-ndour-contre-pastef\"]}]},{\"@type\":\"ImageObject\",\"inLanguage\":\"fr-FR\",\"@id\":\"https:\/\/www.africa-press.net\/senegal\/parties\/soutien-a-pape-malick-ndour-contre-pastef#primaryimage\",\"url\":\"https:\/\/static.africa-press.net\/senegal\/sites\/13\/2025\/12\/sm_1765868269.391831.jpg\",\"contentUrl\":\"https:\/\/static.africa-press.net\/senegal\/sites\/13\/2025\/12\/sm_1765868269.391831.jpg\",\"width\":1280,\"height\":720,\"caption\":\"Soutien \u00e0 Pape Malick Ndour Contre PASTEF\"},{\"@type\":\"BreadcrumbList\",\"@id\":\"https:\/\/www.africa-press.net\/senegal\/parties\/soutien-a-pape-malick-ndour-contre-pastef#breadcrumb\",\"itemListElement\":[{\"@type\":\"ListItem\",\"position\":1,\"name\":\"Accueil\",\"item\":\"https:\/\/www.africa-press.net\/senegal\/\"},{\"@type\":\"ListItem\",\"position\":2,\"name\":\"Soutien \u00e0 Pape Malick Ndour Contre PASTEF\"}]},{\"@type\":\"WebSite\",\"@id\":\"https:\/\/www.africa-press.net\/senegal\/#website\",\"url\":\"https:\/\/www.africa-press.net\/senegal\/\",\"name\":\"Africa Press | Senegal | Homepage\",\"description\":\"Just another Africa News Agency Sites site\",\"potentialAction\":[{\"@type\":\"SearchAction\",\"target\":{\"@type\":\"EntryPoint\",\"urlTemplate\":\"https:\/\/www.africa-press.net\/senegal\/?s={search_term_string}\"},\"query-input\":{\"@type\":\"PropertyValueSpecification\",\"valueRequired\":true,\"valueName\":\"search_term_string\"}}],\"inLanguage\":\"fr-FR\"},{\"@type\":\"Person\",\"@id\":\"https:\/\/www.africa-press.net\/senegal\/#\/schema\/person\/2b1cf3cd81a31e3cd26889ca66d677f1\",\"name\":\"cfeditorfr\",\"url\":\"https:\/\/www.africa-press.net\/senegal\/author\/cfeditorfr\"}]}<\/script>\n<!-- \/ Yoast SEO Premium plugin. -->","yoast_head_json":{"title":"Soutien \u00e0 Pape Malick Ndour Contre PASTEF - Senegal","description":"Les militants de l\u2019Alliance pour la Re\u0301publique (APR) du de\u0301partement de Guinguine\u0301o, re\u0301unis pour l'installation du Sec ...","robots":{"index":"index","follow":"follow","max-snippet":"max-snippet:-1","max-image-preview":"max-image-preview:large","max-video-preview":"max-video-preview:-1"},"canonical":"https:\/\/www.africa-press.net\/senegal\/parties\/soutien-a-pape-malick-ndour-contre-pastef","og_locale":"fr_FR","og_type":"article","og_title":"Soutien \u00e0 Pape Malick Ndour Contre PASTEF","og_description":"Les militants de l\u2019Alliance pour la Re\u0301publique (APR) du de\u0301partement de Guinguine\u0301o, re\u0301unis pour l'installation du Sec ...","og_url":"https:\/\/www.africa-press.net\/senegal\/parties\/soutien-a-pape-malick-ndour-contre-pastef","og_site_name":"Senegal","article_published_time":"2025-12-15T14:00:00+00:00","article_modified_time":"2025-12-15T23:05:09+00:00","og_image":[{"width":1280,"height":720,"url":"https:\/\/static.africa-press.net\/senegal\/sites\/13\/2025\/12\/sm_1765868269.391831.jpg","type":"image\/jpeg"}],"author":"cfeditorfr","twitter_card":"summary_large_image","twitter_misc":{"\u00c9crit par":"cfeditorfr","Dur\u00e9e de lecture estim\u00e9e":"2 minutes"},"schema":{"@context":"https:\/\/schema.org","@graph":[{"@type":"Article","@id":"https:\/\/www.africa-press.net\/senegal\/parties\/soutien-a-pape-malick-ndour-contre-pastef#article","isPartOf":{"@id":"https:\/\/www.africa-press.net\/senegal\/parties\/soutien-a-pape-malick-ndour-contre-pastef"},"author":{"name":"cfeditorfr","@id":"https:\/\/www.africa-press.net\/senegal\/#\/schema\/person\/2b1cf3cd81a31e3cd26889ca66d677f1"},"headline":"Soutien \u00e0 Pape Malick Ndour Contre PASTEF","datePublished":"2025-12-15T14:00:00+00:00","dateModified":"2025-12-15T23:05:09+00:00","mainEntityOfPage":{"@id":"https:\/\/www.africa-press.net\/senegal\/parties\/soutien-a-pape-malick-ndour-contre-pastef"},"wordCount":315,"commentCount":0,"image":{"@id":"https:\/\/www.africa-press.net\/senegal\/parties\/soutien-a-pape-malick-ndour-contre-pastef#primaryimage"},"thumbnailUrl":"https:\/\/static.africa-press.net\/senegal\/sites\/13\/2025\/12\/sm_1765868269.391831.jpg","keywords":["Senegal"],"articleSection":["Parties","Top Nouvelles","Toutes les actualit\u00e9s"],"inLanguage":"fr-FR","potentialAction":[{"@type":"CommentAction","name":"Comment","target":["https:\/\/www.africa-press.net\/senegal\/parties\/soutien-a-pape-malick-ndour-contre-pastef#respond"]}]},{"@type":"WebPage","@id":"https:\/\/www.africa-press.net\/senegal\/parties\/soutien-a-pape-malick-ndour-contre-pastef","url":"https:\/\/www.africa-press.net\/senegal\/parties\/soutien-a-pape-malick-ndour-contre-pastef","name":"Soutien \u00e0 Pape Malick Ndour Contre PASTEF - Senegal","isPartOf":{"@id":"https:\/\/www.africa-press.net\/senegal\/#website"},"primaryImageOfPage":{"@id":"https:\/\/www.africa-press.net\/senegal\/parties\/soutien-a-pape-malick-ndour-contre-pastef#primaryimage"},"image":{"@id":"https:\/\/www.africa-press.net\/senegal\/parties\/soutien-a-pape-malick-ndour-contre-pastef#primaryimage"},"thumbnailUrl":"https:\/\/static.africa-press.net\/senegal\/sites\/13\/2025\/12\/sm_1765868269.391831.jpg","datePublished":"2025-12-15T14:00:00+00:00","dateModified":"2025-12-15T23:05:09+00:00","author":{"@id":"https:\/\/www.africa-press.net\/senegal\/#\/schema\/person\/2b1cf3cd81a31e3cd26889ca66d677f1"},"description":"Les militants de l\u2019Alliance pour la Re\u0301publique (APR) du de\u0301partement de Guinguine\u0301o, re\u0301unis pour l'installation du Sec ...","breadcrumb":{"@id":"https:\/\/www.africa-press.net\/senegal\/parties\/soutien-a-pape-malick-ndour-contre-pastef#breadcrumb"},"inLanguage":"fr-FR","potentialAction":[{"@type":"ReadAction","target":["https:\/\/www.africa-press.net\/senegal\/parties\/soutien-a-pape-malick-ndour-contre-pastef"]}]},{"@type":"ImageObject","inLanguage":"fr-FR","@id":"https:\/\/www.africa-press.net\/senegal\/parties\/soutien-a-pape-malick-ndour-contre-pastef#primaryimage","url":"https:\/\/static.africa-press.net\/senegal\/sites\/13\/2025\/12\/sm_1765868269.391831.jpg","contentUrl":"https:\/\/static.africa-press.net\/senegal\/sites\/13\/2025\/12\/sm_1765868269.391831.jpg","width":1280,"height":720,"caption":"Soutien \u00e0 Pape Malick Ndour Contre PASTEF"},{"@type":"BreadcrumbList","@id":"https:\/\/www.africa-press.net\/senegal\/parties\/soutien-a-pape-malick-ndour-contre-pastef#breadcrumb","itemListElement":[{"@type":"ListItem","position":1,"name":"Accueil","item":"https:\/\/www.africa-press.net\/senegal\/"},{"@type":"ListItem","position":2,"name":"Soutien \u00e0 Pape Malick Ndour Contre PASTEF"}]},{"@type":"WebSite","@id":"https:\/\/www.africa-press.net\/senegal\/#website","url":"https:\/\/www.africa-press.net\/senegal\/","name":"Africa Press | Senegal | Homepage","description":"Just another Africa News Agency Sites site","potentialAction":[{"@type":"SearchAction","target":{"@type":"EntryPoint","urlTemplate":"https:\/\/www.africa-press.net\/senegal\/?s={search_term_string}"},"query-input":{"@type":"PropertyValueSpecification","valueRequired":true,"valueName":"search_term_string"}}],"inLanguage":"fr-FR"},{"@type":"Person","@id":"https:\/\/www.africa-press.net\/senegal\/#\/schema\/person\/2b1cf3cd81a31e3cd26889ca66d677f1","name":"cfeditorfr","url":"https:\/\/www.africa-press.net\/senegal\/author\/cfeditorfr"}]}},"_links":{"self":[{"href":"https:\/\/www.africa-press.net\/senegal\/wp-json\/wp\/v2\/posts\/73496","targetHints":{"allow":["GET"]}}],"collection":[{"href":"https:\/\/www.africa-press.net\/senegal\/wp-json\/wp\/v2\/posts"}],"about":[{"href":"https:\/\/www.africa-press.net\/senegal\/wp-json\/wp\/v2\/types\/post"}],"author":[{"embeddable":true,"href":"https:\/\/www.africa-press.net\/senegal\/wp-json\/wp\/v2\/users\/82"}],"replies":[{"embeddable":true,"href":"https:\/\/www.africa-press.net\/senegal\/wp-json\/wp\/v2\/comments?post=73496"}],"version-history":[{"count":0,"href":"https:\/\/www.africa-press.net\/senegal\/wp-json\/wp\/v2\/posts\/73496\/revisions"}],"wp:featuredmedia":[{"embeddable":true,"href":"https:\/\/www.africa-press.net\/senegal\/wp-json\/wp\/v2\/media\/73495"}],"wp:attachment":[{"href":"https:\/\/www.africa-press.net\/senegal\/wp-json\/wp\/v2\/media?parent=73496"}],"wp:term":[{"taxonomy":"category","embeddable":true,"href":"https:\/\/www.africa-press.net\/senegal\/wp-json\/wp\/v2\/categories?post=73496"},{"taxonomy":"post_tag","embeddable":true,"href":"https:\/\/www.africa-press.net\/senegal\/wp-json\/wp\/v2\/tags?post=73496"}],"curies":[{"name":"wp","href":"https:\/\/api.w.org\/{rel}","templated":true}]}}