{"id":73499,"date":"2025-12-15T12:10:00","date_gmt":"2025-12-15T12:10:00","guid":{"rendered":"https:\/\/www.africa-press.net\/senegal\/politique\/can-2025-les-elephants-prets-pour-leur-preparation"},"modified":"2025-12-15T23:05:43","modified_gmt":"2025-12-15T23:05:43","slug":"can-2025-les-elephants-prets-pour-leur-preparation","status":"publish","type":"post","link":"https:\/\/www.africa-press.net\/senegal\/sports\/can-2025-les-elephants-prets-pour-leur-preparation","title":{"rendered":"Can 2025 les \u00c9l\u00e9phants Pr\u00eats pour leur Pr\u00e9paration"},"content":{"rendered":"<p><span style=\"color: #ff6600\"><strong>Africa-Press &#8211; Senegal. <\/strong><\/span>Le rassemblement de la se\u0301lection ivoirienne a officiellement de\u0301bute\u0301 ce samedi 13 de\u0301cembre, mais c\u2019est bien ce lundi que le groupe d\u2019Emerse Fae\u0301 affichera son visage de\u0301finitif. Les derniers internationaux attendus rejoindront Marbella, dans le sud de l\u2019Espagne, pour permettre au staff technique de travailler enfin avec un effectif au complet.<\/p>\n<p>De\u0301ja\u0300 pre\u0301sents depuis le week-end, Wilfried Zaha, Franck Kessie\u0301 et plusieurs cadres ont e\u0301te\u0301 progressivement rejoints par leurs coe\u0301quipiers. Les joueurs engage\u0301s en championnat ce dimanche sont attendus dans les prochaines heures, comple\u0301tant ainsi le groupe ivoirien de\u0300s lundi, un point cle\u0301 dans la monte\u0301e en puissance de la pre\u0301paration.<\/p>\n<p>Un mois apre\u0300s la dernie\u0300re tre\u0302ve internationale dispute\u0301e dans le Golfe, les E\u0301le\u0301phants reprennent le travail avec l\u2019objectif de prolonger la dynamique victorieuse de la CAN remporte\u0301e a\u0300 domicile. A\u0300 Marbella, Emerse Fae\u0301 pourra enfin peaufiner ses automatismes et affiner ses choix tactiques avec l\u2019ensemble de ses forces vives.<\/p>\n<p>Ce stage sera ponctue\u0301 par une rencontre amicale face a\u0300 la Zambie, programme\u0301e dans la matine\u0301e du 17 de\u0301cembre, avant le de\u0301part de la de\u0301le\u0301gation ivoirienne pour Marrakech, pre\u0301vu au plus tard les 21 ou 22 de\u0301cembre.<\/p>\n<p>Initialement fixe\u0301 au 8 de\u0301cembre, le de\u0301but du rassemblement avait e\u0301te\u0301 repousse\u0301 a\u0300 la suite d\u2019une de\u0301cision de la FIFA, demandant aux clubs europe\u0301ens de ne libe\u0301rer les joueurs concerne\u0301s par la CAN qu\u2019a\u0300 partir du 15 de\u0301cembre. Un contretemps de\u0301sormais efface\u0301, alors que la Co\u0302te d\u2019Ivoire s\u2019appre\u0302te a\u0300 entrer pleinement dans le vif de sa pre\u0301paration, avec un groupe enfin re\u0301uni.<\/p>\n<p><strong>Pour plus d&rsquo;informations et d&rsquo;analyses sur la <span style=\"color: #ff6600\">Senegal<\/span>, suivez <span style=\"color: #ff6600\">Africa-Press<\/span><\/strong><\/p>\n","protected":false},"excerpt":{"rendered":"<p>Africa-Press &#8211; Senegal. Le rassemblement de la se\u0301lection ivoirienne a officiellement de\u0301bute\u0301 ce samedi 13 de\u0301cembre, mais c\u2019est bien ce lundi que le groupe d\u2019Emerse Fae\u0301 affichera son visage de\u0301finitif. Les derniers internationaux attendus rejoindront Marbella, dans le sud de l\u2019Espagne, pour permettre au staff technique de travailler enfin avec un effectif au complet. De\u0301ja\u0300 [&hellip;]<\/p>\n","protected":false},"author":82,"featured_media":73498,"comment_status":"open","ping_status":"closed","sticky":false,"template":"","format":"standard","meta":{"footnotes":""},"categories":[6,10],"tags":[44],"class_list":["post-73499","post","type-post","status-publish","format-standard","has-post-thumbnail","hentry","category-sports","category-toutes-les-actualites","tag-senegal-2"],"yoast_head":"<!-- This site is optimized with the Yoast SEO Premium plugin v26.1 (Yoast SEO v27.0) - https:\/\/yoast.com\/product\/yoast-seo-premium-wordpress\/ -->\n<title>Can 2025 les \u00c9l\u00e9phants Pr\u00eats pour leur Pr\u00e9paration - Senegal<\/title>\n<meta name=\"description\" content=\"Le rassemblement de la se\u0301lection ivoirienne a officiellement de\u0301bute\u0301 ce samedi 13 de\u0301cembre, mais c\u2019est bien ce lundi ...\" \/>\n<meta name=\"robots\" content=\"index, follow, max-snippet:-1, max-image-preview:large, max-video-preview:-1\" \/>\n<link rel=\"canonical\" href=\"https:\/\/www.africa-press.net\/senegal\/sports\/can-2025-les-elephants-prets-pour-leur-preparation\" \/>\n<meta property=\"og:locale\" content=\"fr_FR\" \/>\n<meta property=\"og:type\" content=\"article\" \/>\n<meta property=\"og:title\" content=\"Can 2025 les \u00c9l\u00e9phants Pr\u00eats pour leur Pr\u00e9paration\" \/>\n<meta property=\"og:description\" content=\"Le rassemblement de la se\u0301lection ivoirienne a officiellement de\u0301bute\u0301 ce samedi 13 de\u0301cembre, mais c\u2019est bien ce lundi ...\" \/>\n<meta property=\"og:url\" content=\"https:\/\/www.africa-press.net\/senegal\/sports\/can-2025-les-elephants-prets-pour-leur-preparation\" \/>\n<meta property=\"og:site_name\" content=\"Senegal\" \/>\n<meta property=\"article:published_time\" content=\"2025-12-15T12:10:00+00:00\" \/>\n<meta property=\"article:modified_time\" content=\"2025-12-15T23:05:43+00:00\" \/>\n<meta property=\"og:image\" content=\"https:\/\/static.africa-press.net\/senegal\/sites\/13\/2025\/12\/sm_1765868642.996344.jpg\" \/>\n\t<meta property=\"og:image:width\" content=\"1280\" \/>\n\t<meta property=\"og:image:height\" content=\"720\" \/>\n\t<meta property=\"og:image:type\" content=\"image\/jpeg\" \/>\n<meta name=\"author\" content=\"cfeditorfr\" \/>\n<meta name=\"twitter:card\" content=\"summary_large_image\" \/>\n<meta name=\"twitter:label1\" content=\"\u00c9crit par\" \/>\n\t<meta name=\"twitter:data1\" content=\"cfeditorfr\" \/>\n\t<meta name=\"twitter:label2\" content=\"Dur\u00e9e de lecture estim\u00e9e\" \/>\n\t<meta name=\"twitter:data2\" content=\"2 minutes\" \/>\n<script type=\"application\/ld+json\" class=\"yoast-schema-graph\">{\"@context\":\"https:\/\/schema.org\",\"@graph\":[{\"@type\":\"Article\",\"@id\":\"https:\/\/www.africa-press.net\/senegal\/sports\/can-2025-les-elephants-prets-pour-leur-preparation#article\",\"isPartOf\":{\"@id\":\"https:\/\/www.africa-press.net\/senegal\/sports\/can-2025-les-elephants-prets-pour-leur-preparation\"},\"author\":{\"name\":\"cfeditorfr\",\"@id\":\"https:\/\/www.africa-press.net\/senegal\/#\/schema\/person\/2b1cf3cd81a31e3cd26889ca66d677f1\"},\"headline\":\"Can 2025 les \u00c9l\u00e9phants Pr\u00eats pour leur Pr\u00e9paration\",\"datePublished\":\"2025-12-15T12:10:00+00:00\",\"dateModified\":\"2025-12-15T23:05:43+00:00\",\"mainEntityOfPage\":{\"@id\":\"https:\/\/www.africa-press.net\/senegal\/sports\/can-2025-les-elephants-prets-pour-leur-preparation\"},\"wordCount\":318,\"commentCount\":0,\"image\":{\"@id\":\"https:\/\/www.africa-press.net\/senegal\/sports\/can-2025-les-elephants-prets-pour-leur-preparation#primaryimage\"},\"thumbnailUrl\":\"https:\/\/static.africa-press.net\/senegal\/sites\/13\/2025\/12\/sm_1765868642.996344.jpg\",\"keywords\":[\"Senegal\"],\"articleSection\":[\"Sports\",\"Toutes les actualit\u00e9s\"],\"inLanguage\":\"fr-FR\",\"potentialAction\":[{\"@type\":\"CommentAction\",\"name\":\"Comment\",\"target\":[\"https:\/\/www.africa-press.net\/senegal\/sports\/can-2025-les-elephants-prets-pour-leur-preparation#respond\"]}]},{\"@type\":\"WebPage\",\"@id\":\"https:\/\/www.africa-press.net\/senegal\/sports\/can-2025-les-elephants-prets-pour-leur-preparation\",\"url\":\"https:\/\/www.africa-press.net\/senegal\/sports\/can-2025-les-elephants-prets-pour-leur-preparation\",\"name\":\"Can 2025 les \u00c9l\u00e9phants Pr\u00eats pour leur Pr\u00e9paration - Senegal\",\"isPartOf\":{\"@id\":\"https:\/\/www.africa-press.net\/senegal\/#website\"},\"primaryImageOfPage\":{\"@id\":\"https:\/\/www.africa-press.net\/senegal\/sports\/can-2025-les-elephants-prets-pour-leur-preparation#primaryimage\"},\"image\":{\"@id\":\"https:\/\/www.africa-press.net\/senegal\/sports\/can-2025-les-elephants-prets-pour-leur-preparation#primaryimage\"},\"thumbnailUrl\":\"https:\/\/static.africa-press.net\/senegal\/sites\/13\/2025\/12\/sm_1765868642.996344.jpg\",\"datePublished\":\"2025-12-15T12:10:00+00:00\",\"dateModified\":\"2025-12-15T23:05:43+00:00\",\"author\":{\"@id\":\"https:\/\/www.africa-press.net\/senegal\/#\/schema\/person\/2b1cf3cd81a31e3cd26889ca66d677f1\"},\"description\":\"Le rassemblement de la se\u0301lection ivoirienne a officiellement de\u0301bute\u0301 ce samedi 13 de\u0301cembre, mais c\u2019est bien ce lundi ...\",\"breadcrumb\":{\"@id\":\"https:\/\/www.africa-press.net\/senegal\/sports\/can-2025-les-elephants-prets-pour-leur-preparation#breadcrumb\"},\"inLanguage\":\"fr-FR\",\"potentialAction\":[{\"@type\":\"ReadAction\",\"target\":[\"https:\/\/www.africa-press.net\/senegal\/sports\/can-2025-les-elephants-prets-pour-leur-preparation\"]}]},{\"@type\":\"ImageObject\",\"inLanguage\":\"fr-FR\",\"@id\":\"https:\/\/www.africa-press.net\/senegal\/sports\/can-2025-les-elephants-prets-pour-leur-preparation#primaryimage\",\"url\":\"https:\/\/static.africa-press.net\/senegal\/sites\/13\/2025\/12\/sm_1765868642.996344.jpg\",\"contentUrl\":\"https:\/\/static.africa-press.net\/senegal\/sites\/13\/2025\/12\/sm_1765868642.996344.jpg\",\"width\":1280,\"height\":720,\"caption\":\"Can 2025 les \u00c9l\u00e9phants Pr\u00eats pour leur Pr\u00e9paration\"},{\"@type\":\"BreadcrumbList\",\"@id\":\"https:\/\/www.africa-press.net\/senegal\/sports\/can-2025-les-elephants-prets-pour-leur-preparation#breadcrumb\",\"itemListElement\":[{\"@type\":\"ListItem\",\"position\":1,\"name\":\"Accueil\",\"item\":\"https:\/\/www.africa-press.net\/senegal\/\"},{\"@type\":\"ListItem\",\"position\":2,\"name\":\"Can 2025 les \u00c9l\u00e9phants Pr\u00eats pour leur Pr\u00e9paration\"}]},{\"@type\":\"WebSite\",\"@id\":\"https:\/\/www.africa-press.net\/senegal\/#website\",\"url\":\"https:\/\/www.africa-press.net\/senegal\/\",\"name\":\"Africa Press | Senegal | Homepage\",\"description\":\"Just another Africa News Agency Sites site\",\"potentialAction\":[{\"@type\":\"SearchAction\",\"target\":{\"@type\":\"EntryPoint\",\"urlTemplate\":\"https:\/\/www.africa-press.net\/senegal\/?s={search_term_string}\"},\"query-input\":{\"@type\":\"PropertyValueSpecification\",\"valueRequired\":true,\"valueName\":\"search_term_string\"}}],\"inLanguage\":\"fr-FR\"},{\"@type\":\"Person\",\"@id\":\"https:\/\/www.africa-press.net\/senegal\/#\/schema\/person\/2b1cf3cd81a31e3cd26889ca66d677f1\",\"name\":\"cfeditorfr\",\"url\":\"https:\/\/www.africa-press.net\/senegal\/author\/cfeditorfr\"}]}<\/script>\n<!-- \/ Yoast SEO Premium plugin. -->","yoast_head_json":{"title":"Can 2025 les \u00c9l\u00e9phants Pr\u00eats pour leur Pr\u00e9paration - Senegal","description":"Le rassemblement de la se\u0301lection ivoirienne a officiellement de\u0301bute\u0301 ce samedi 13 de\u0301cembre, mais c\u2019est bien ce lundi ...","robots":{"index":"index","follow":"follow","max-snippet":"max-snippet:-1","max-image-preview":"max-image-preview:large","max-video-preview":"max-video-preview:-1"},"canonical":"https:\/\/www.africa-press.net\/senegal\/sports\/can-2025-les-elephants-prets-pour-leur-preparation","og_locale":"fr_FR","og_type":"article","og_title":"Can 2025 les \u00c9l\u00e9phants Pr\u00eats pour leur Pr\u00e9paration","og_description":"Le rassemblement de la se\u0301lection ivoirienne a officiellement de\u0301bute\u0301 ce samedi 13 de\u0301cembre, mais c\u2019est bien ce lundi ...","og_url":"https:\/\/www.africa-press.net\/senegal\/sports\/can-2025-les-elephants-prets-pour-leur-preparation","og_site_name":"Senegal","article_published_time":"2025-12-15T12:10:00+00:00","article_modified_time":"2025-12-15T23:05:43+00:00","og_image":[{"width":1280,"height":720,"url":"https:\/\/static.africa-press.net\/senegal\/sites\/13\/2025\/12\/sm_1765868642.996344.jpg","type":"image\/jpeg"}],"author":"cfeditorfr","twitter_card":"summary_large_image","twitter_misc":{"\u00c9crit par":"cfeditorfr","Dur\u00e9e de lecture estim\u00e9e":"2 minutes"},"schema":{"@context":"https:\/\/schema.org","@graph":[{"@type":"Article","@id":"https:\/\/www.africa-press.net\/senegal\/sports\/can-2025-les-elephants-prets-pour-leur-preparation#article","isPartOf":{"@id":"https:\/\/www.africa-press.net\/senegal\/sports\/can-2025-les-elephants-prets-pour-leur-preparation"},"author":{"name":"cfeditorfr","@id":"https:\/\/www.africa-press.net\/senegal\/#\/schema\/person\/2b1cf3cd81a31e3cd26889ca66d677f1"},"headline":"Can 2025 les \u00c9l\u00e9phants Pr\u00eats pour leur Pr\u00e9paration","datePublished":"2025-12-15T12:10:00+00:00","dateModified":"2025-12-15T23:05:43+00:00","mainEntityOfPage":{"@id":"https:\/\/www.africa-press.net\/senegal\/sports\/can-2025-les-elephants-prets-pour-leur-preparation"},"wordCount":318,"commentCount":0,"image":{"@id":"https:\/\/www.africa-press.net\/senegal\/sports\/can-2025-les-elephants-prets-pour-leur-preparation#primaryimage"},"thumbnailUrl":"https:\/\/static.africa-press.net\/senegal\/sites\/13\/2025\/12\/sm_1765868642.996344.jpg","keywords":["Senegal"],"articleSection":["Sports","Toutes les actualit\u00e9s"],"inLanguage":"fr-FR","potentialAction":[{"@type":"CommentAction","name":"Comment","target":["https:\/\/www.africa-press.net\/senegal\/sports\/can-2025-les-elephants-prets-pour-leur-preparation#respond"]}]},{"@type":"WebPage","@id":"https:\/\/www.africa-press.net\/senegal\/sports\/can-2025-les-elephants-prets-pour-leur-preparation","url":"https:\/\/www.africa-press.net\/senegal\/sports\/can-2025-les-elephants-prets-pour-leur-preparation","name":"Can 2025 les \u00c9l\u00e9phants Pr\u00eats pour leur Pr\u00e9paration - Senegal","isPartOf":{"@id":"https:\/\/www.africa-press.net\/senegal\/#website"},"primaryImageOfPage":{"@id":"https:\/\/www.africa-press.net\/senegal\/sports\/can-2025-les-elephants-prets-pour-leur-preparation#primaryimage"},"image":{"@id":"https:\/\/www.africa-press.net\/senegal\/sports\/can-2025-les-elephants-prets-pour-leur-preparation#primaryimage"},"thumbnailUrl":"https:\/\/static.africa-press.net\/senegal\/sites\/13\/2025\/12\/sm_1765868642.996344.jpg","datePublished":"2025-12-15T12:10:00+00:00","dateModified":"2025-12-15T23:05:43+00:00","author":{"@id":"https:\/\/www.africa-press.net\/senegal\/#\/schema\/person\/2b1cf3cd81a31e3cd26889ca66d677f1"},"description":"Le rassemblement de la se\u0301lection ivoirienne a officiellement de\u0301bute\u0301 ce samedi 13 de\u0301cembre, mais c\u2019est bien ce lundi ...","breadcrumb":{"@id":"https:\/\/www.africa-press.net\/senegal\/sports\/can-2025-les-elephants-prets-pour-leur-preparation#breadcrumb"},"inLanguage":"fr-FR","potentialAction":[{"@type":"ReadAction","target":["https:\/\/www.africa-press.net\/senegal\/sports\/can-2025-les-elephants-prets-pour-leur-preparation"]}]},{"@type":"ImageObject","inLanguage":"fr-FR","@id":"https:\/\/www.africa-press.net\/senegal\/sports\/can-2025-les-elephants-prets-pour-leur-preparation#primaryimage","url":"https:\/\/static.africa-press.net\/senegal\/sites\/13\/2025\/12\/sm_1765868642.996344.jpg","contentUrl":"https:\/\/static.africa-press.net\/senegal\/sites\/13\/2025\/12\/sm_1765868642.996344.jpg","width":1280,"height":720,"caption":"Can 2025 les \u00c9l\u00e9phants Pr\u00eats pour leur Pr\u00e9paration"},{"@type":"BreadcrumbList","@id":"https:\/\/www.africa-press.net\/senegal\/sports\/can-2025-les-elephants-prets-pour-leur-preparation#breadcrumb","itemListElement":[{"@type":"ListItem","position":1,"name":"Accueil","item":"https:\/\/www.africa-press.net\/senegal\/"},{"@type":"ListItem","position":2,"name":"Can 2025 les \u00c9l\u00e9phants Pr\u00eats pour leur Pr\u00e9paration"}]},{"@type":"WebSite","@id":"https:\/\/www.africa-press.net\/senegal\/#website","url":"https:\/\/www.africa-press.net\/senegal\/","name":"Africa Press | Senegal | Homepage","description":"Just another Africa News Agency Sites site","potentialAction":[{"@type":"SearchAction","target":{"@type":"EntryPoint","urlTemplate":"https:\/\/www.africa-press.net\/senegal\/?s={search_term_string}"},"query-input":{"@type":"PropertyValueSpecification","valueRequired":true,"valueName":"search_term_string"}}],"inLanguage":"fr-FR"},{"@type":"Person","@id":"https:\/\/www.africa-press.net\/senegal\/#\/schema\/person\/2b1cf3cd81a31e3cd26889ca66d677f1","name":"cfeditorfr","url":"https:\/\/www.africa-press.net\/senegal\/author\/cfeditorfr"}]}},"_links":{"self":[{"href":"https:\/\/www.africa-press.net\/senegal\/wp-json\/wp\/v2\/posts\/73499","targetHints":{"allow":["GET"]}}],"collection":[{"href":"https:\/\/www.africa-press.net\/senegal\/wp-json\/wp\/v2\/posts"}],"about":[{"href":"https:\/\/www.africa-press.net\/senegal\/wp-json\/wp\/v2\/types\/post"}],"author":[{"embeddable":true,"href":"https:\/\/www.africa-press.net\/senegal\/wp-json\/wp\/v2\/users\/82"}],"replies":[{"embeddable":true,"href":"https:\/\/www.africa-press.net\/senegal\/wp-json\/wp\/v2\/comments?post=73499"}],"version-history":[{"count":0,"href":"https:\/\/www.africa-press.net\/senegal\/wp-json\/wp\/v2\/posts\/73499\/revisions"}],"wp:featuredmedia":[{"embeddable":true,"href":"https:\/\/www.africa-press.net\/senegal\/wp-json\/wp\/v2\/media\/73498"}],"wp:attachment":[{"href":"https:\/\/www.africa-press.net\/senegal\/wp-json\/wp\/v2\/media?parent=73499"}],"wp:term":[{"taxonomy":"category","embeddable":true,"href":"https:\/\/www.africa-press.net\/senegal\/wp-json\/wp\/v2\/categories?post=73499"},{"taxonomy":"post_tag","embeddable":true,"href":"https:\/\/www.africa-press.net\/senegal\/wp-json\/wp\/v2\/tags?post=73499"}],"curies":[{"name":"wp","href":"https:\/\/api.w.org\/{rel}","templated":true}]}}