{"id":73503,"date":"2025-12-15T12:10:00","date_gmt":"2025-12-15T12:10:00","guid":{"rendered":"https:\/\/www.africa-press.net\/senegal\/politique\/coupe-dafrique-2025-aigles-entre-espoirs-et-doutes"},"modified":"2025-12-16T01:04:45","modified_gmt":"2025-12-16T01:04:45","slug":"coupe-dafrique-2025-aigles-entre-espoirs-et-doutes","status":"publish","type":"post","link":"https:\/\/www.africa-press.net\/senegal\/sports\/coupe-dafrique-2025-aigles-entre-espoirs-et-doutes","title":{"rendered":"Coupe D&rsquo;Afrique 2025: Aigles entre Espoirs et Doutes"},"content":{"rendered":"<p><span style=\"color: #ff6600\"><strong>Africa-Press &#8211; Senegal. <\/strong><\/span>A\u0300 l\u2019approche de la 35e e\u0301dition de la Coupe d\u2019Afrique des Nations (CAN), le Maroc s\u2019appre\u0302te a\u0300 accueillir 24 se\u0301lections du 21 de\u0301cembre 2025 au 18 janvier 2026.<\/p>\n<p>Parmi elles, le Mali nourrit de grandes ambitions. Habitue\u0301s de la compe\u0301tition, les Aigles espe\u0300rent enfin de\u0301crocher un premier sacre continental, mais le public sportif malien est partage\u0301 entre espoirs et doutes.<\/p>\n<p>Le Mali s\u2019appre\u0302te a\u0300 disputer sa 10e CAN conse\u0301cutive, preuve d\u2019une constance remarquable sur la sce\u0300ne africaine. Finalistes malheureux en 1972 et 2012, les Aigles n\u2019ont jamais souleve\u0301 le trophe\u0301e. Avec l\u2019arrive\u0301e du technicien belge Tom Saintfiet a\u0300 la te\u0302te de la se\u0301lection, l\u2019objectif est clair: franchir un cap.<\/p>\n<p><b>Une de\u0301cennie de re\u0301gularite\u0301, un re\u0302ve toujours en suspens<\/b><\/p>\n<p>\u00abNous ne venons pas pour participer, mais pour gagner\u00bb, a de\u0301clare\u0301 Saintfiet lors de l\u2019annonce de la liste des 27 joueurs, vendredi dernier.<\/p>\n<p>Le tirage au sort a place\u0301 le Mali dans un groupe A tre\u0300s releve\u0301, aux co\u0302te\u0301s du pays ho\u0302te le Maroc, de la Zambie (championne d\u2019Afrique 2012) et des Comores, en pleine progression. Le calendrier est dense: 22 de\u0301cembre &#8211; Mali vs Zambie (Stade Mohammed V, Casablanca) ; 26 de\u0301cembre &#8211; Maroc vs Mali (Stade Prince Moulay Abdellah, Rabat) ; 29 de\u0301cembre &#8211; Comores vs Mali (Stade Mohammed V, Casablanca)<\/p>\n<p>Trois matchs en huit jours dans un groupe A redoutable. La gestion physique et mentale du groupe sera de\u0301terminante a\u0300 ces diffe\u0301rentes phases auxquelles le Mali est appele\u0301 a\u0300 figurer bien en vue et non faire pie\u0300tre figure de figurant.<\/p>\n<p><b>Une se\u0301lection dense et ambitieuse<\/b><\/p>\n<p>Pour ce faire, le Mali peut compter sur un groupe des Aigles a\u0300 l&rsquo;effectif e\u0301quilibre\u0301, me\u0302lant expe\u0301rience et jeunesse. Le retour de Yves Bissouma (Tottenham) et la re\u0301inte\u0301gration du capitaine Hamari Traore\u0301 (Paris FC) renforcent l\u2019assise du groupe. A\u0300 cette ossature, il faut ajouter des cadres comme Amadou Hai\u0308dara (RB Leipzig), El Bilal Toure\u0301 (Besiktas) ou Nene Dorgeles (Fenerbahc\u0327e) qui incarnent aujourd&rsquo;hui les espoirs d\u2019une bonne rele\u0300ve avec un parcours historique.<\/p>\n<p>Le milieu de terrain, riche en profils techniques et athle\u0301tiques, constitue l\u2019atout majeur des Aigles. Si Saintfiet parvient a\u0300 en tirer le meilleur, le Mali pourrait rivaliser avec les plus grandes nations du continent.<\/p>\n<p><b>Un enjeu de rachat&#8230;<\/b><\/p>\n<p>E\u0301limine\u0301s dans la course au Mondial 2026, les Aigles abordent cette CAN avec un esprit de revanche. Quart-de-finalistes en 2023, ils visent de\u0301sormais au minimum une place en demi-finale, tout en re\u0302vant d\u2019un premier sacre.<\/p>\n<p>Verdict: outsider a\u0300 surveiller, selon les projections de l&rsquo;institut de sondage Opta, qui note le Mali avec 5,95% de chances de remporter la CAN 2025. Ce qui le classe au 9e rang des favoris, derrie\u0300re les poids lourds que sont le Maroc, le Se\u0301ne\u0301gal, l\u2019E\u0301gypte ou le Nigeria.<\/p>\n<p>Dans cette compe\u0301tition du rendez-vous continental, les Aigles avancent masque\u0301s, mais de\u0301termine\u0301s.<\/p>\n<p>Cette 36e\u0300me CAN Total E\u0301nergie de la CAF, sera une compe\u0301tition de haute intensite\u0301 ou\u0300 la passion sera souvent me\u0302le\u0301e aux exploits individuels et des re\u0301ussites collectives. A\u0300 n&rsquo;en pas douter pour pouvoir renforcer les pronostics favorables au Mali. Les Aigles sont au bord de cre\u0301er la surprise au Maroc. Bon vent et toutes nos prie\u0300res avec vous.<\/p>\n<p><b>Les 28 Aigles se\u0301lectionne\u0301s<\/b><\/p>\n<p>Le Se\u0301lectionneur Tom Saintfiet a de\u0301voile\u0301 la liste officielle des 28 joueurs maliens retenus pour la CAN 2025. L\u2019annonce a e\u0301te\u0301 faite ce jeudi 11 de\u0301cembre 2025 a\u0300 20h, lors du journal te\u0301le\u0301vise\u0301 de l\u2019ORTM.<\/p>\n<p><b>Gardiens:<\/b> Djigui Diarra (Young Africans), Ismael Diawara (Sirius), Mamadou Samassa (Laval)<\/p>\n<p><b>De\u0301fenseurs: <\/b>Sikou Niakate\u0301 (Braga), Abdoulaye Diaby (Grasshopper), Woyo Coulibaly (Sassuolo), Fode\u0301 Doucoure\u0301 (Le Havre), Hamari Traore (Paris Fc), Nathan Gassama (Baltika Kalinigrad), Mamadou Fofana (New England Revolution), Ousmane Camara (Angers), Amadou Dante (Arouca Fc)<\/p>\n<p><b>Milieux:<\/b> Amadou Haidara (Rb Leipzig), Lassana Coulibaly (Lecce), Mohamed Camara (Al Sadd), Mamadou Sangare (Lens), Aliou Dieng (Al Ahly), Yves Bissouma (Tottenham), Mahamadou Doumbia (Al-Ittihad) Ibrahima Sissoko (Bochum)<\/p>\n<p><b>Attaquants: <\/b>Nene Dorgeles (Fenerbahc\u0327e) Gaoussou Diarra (Feyenoord) Mamadou Camara (Laval), Kamory Doumbia (Stade Brestois), El Bilal Toure (Besiktas Jk), Mamadou Doumbia (Watford), Lassine Sinayoko (Aj Auxerre), Gaoussou Diakite\u0301 (Lausanne Sport) CAN Maroc<\/p>\n<p><b>Les Groupes de la compe\u0301tition<\/b><\/p>\n<p>Les groupes de la CAN 2025 au Maroc sont divise\u0301s en six poules: le Groupe A avec le Maroc, le Mali, la Zambie et les Comores ; le Groupe B avec l&rsquo;E\u0301gypte, l&rsquo;Afrique du Sud, l&rsquo;Angola et le Zimbabwe ; le Groupe C avec le Nige\u0301ria, la Tunisie, l&rsquo;Ouganda et la Tanzanie ; le Groupe D avec le Se\u0301ne\u0301gal, la RD Congo, le Be\u0301nin et le Botswana ; le Groupe E avec l&rsquo;Alge\u0301rie, le Burkina Faso, la Guine\u0301e e\u0301quatoriale et le Soudan ; et le Groupe F avec la Co\u0302te d&rsquo;Ivoire, le Cameroun, le Gabon et le Mozambique.<\/p>\n<p><b>Groupe A:<\/b> Maroc, Mali, Zambie, Comores<\/p>\n<p><b>Groupe B: <\/b>E\u0301gypte, Afrique du Sud, Angola, Zimbabwe<\/p>\n<p><b>Groupe C: <\/b>Nige\u0301ria, Tunisie, Ouganda, Tanzanie<\/p>\n<p><b>Groupe D: <\/b>Se\u0301ne\u0301gal, Re\u0301publique De\u0301mocratique du Congo, Be\u0301nin, Botswana<\/p>\n<p><b>Groupe E: <\/b>Alge\u0301rie, Burkina Faso, Guine\u0301e e\u0301quatoriale, Soudan<\/p>\n<p><b>Groupe F: <\/b>Co\u0302te d&rsquo;Ivoire, Cameroun, Gabon, Mozambique<\/p>\n<p><strong>Pour plus d&rsquo;informations et d&rsquo;analyses sur la <span style=\"color: #ff6600\">Senegal<\/span>, suivez <span style=\"color: #ff6600\">Africa-Press<\/span><\/strong><\/p>\n","protected":false},"excerpt":{"rendered":"<p>Africa-Press &#8211; Senegal. A\u0300 l\u2019approche de la 35e e\u0301dition de la Coupe d\u2019Afrique des Nations (CAN), le Maroc s\u2019appre\u0302te a\u0300 accueillir 24 se\u0301lections du 21 de\u0301cembre 2025 au 18 janvier 2026. Parmi elles, le Mali nourrit de grandes ambitions. Habitue\u0301s de la compe\u0301tition, les Aigles espe\u0300rent enfin de\u0301crocher un premier sacre continental, mais le public [&hellip;]<\/p>\n","protected":false},"author":82,"featured_media":73502,"comment_status":"open","ping_status":"closed","sticky":false,"template":"","format":"standard","meta":{"footnotes":""},"categories":[6,10],"tags":[44],"class_list":["post-73503","post","type-post","status-publish","format-standard","has-post-thumbnail","hentry","category-sports","category-toutes-les-actualites","tag-senegal-2"],"yoast_head":"<!-- This site is optimized with the Yoast SEO Premium plugin v26.1 (Yoast SEO v27.0) - https:\/\/yoast.com\/product\/yoast-seo-premium-wordpress\/ -->\n<title>Coupe D&#039;Afrique 2025: Aigles entre Espoirs et Doutes - Senegal<\/title>\n<meta name=\"description\" content=\"A\u0300 l\u2019approche de la 35e e\u0301dition de la Coupe d\u2019Afrique des Nations (CAN), le Maroc s\u2019appre\u0302te a\u0300 accueillir 24 se\u0301lectio ...\" \/>\n<meta name=\"robots\" content=\"index, follow, max-snippet:-1, max-image-preview:large, max-video-preview:-1\" \/>\n<link rel=\"canonical\" href=\"https:\/\/www.africa-press.net\/senegal\/sports\/coupe-dafrique-2025-aigles-entre-espoirs-et-doutes\" \/>\n<meta property=\"og:locale\" content=\"fr_FR\" \/>\n<meta property=\"og:type\" content=\"article\" \/>\n<meta property=\"og:title\" content=\"Coupe D&#039;Afrique 2025: Aigles entre Espoirs et Doutes\" \/>\n<meta property=\"og:description\" content=\"A\u0300 l\u2019approche de la 35e e\u0301dition de la Coupe d\u2019Afrique des Nations (CAN), le Maroc s\u2019appre\u0302te a\u0300 accueillir 24 se\u0301lectio ...\" \/>\n<meta property=\"og:url\" content=\"https:\/\/www.africa-press.net\/senegal\/sports\/coupe-dafrique-2025-aigles-entre-espoirs-et-doutes\" \/>\n<meta property=\"og:site_name\" content=\"Senegal\" \/>\n<meta property=\"article:published_time\" content=\"2025-12-15T12:10:00+00:00\" \/>\n<meta property=\"article:modified_time\" content=\"2025-12-16T01:04:45+00:00\" \/>\n<meta property=\"og:image\" content=\"https:\/\/static.africa-press.net\/senegal\/sites\/13\/2025\/12\/sm_1765875834.931711.jpg\" \/>\n\t<meta property=\"og:image:width\" content=\"686\" \/>\n\t<meta property=\"og:image:height\" content=\"386\" \/>\n\t<meta property=\"og:image:type\" content=\"image\/jpeg\" \/>\n<meta name=\"author\" content=\"cfeditorfr\" \/>\n<meta name=\"twitter:card\" content=\"summary_large_image\" \/>\n<meta name=\"twitter:label1\" content=\"\u00c9crit par\" \/>\n\t<meta name=\"twitter:data1\" content=\"cfeditorfr\" \/>\n\t<meta name=\"twitter:label2\" content=\"Dur\u00e9e de lecture estim\u00e9e\" \/>\n\t<meta name=\"twitter:data2\" content=\"5 minutes\" \/>\n<script type=\"application\/ld+json\" class=\"yoast-schema-graph\">{\"@context\":\"https:\/\/schema.org\",\"@graph\":[{\"@type\":\"Article\",\"@id\":\"https:\/\/www.africa-press.net\/senegal\/sports\/coupe-dafrique-2025-aigles-entre-espoirs-et-doutes#article\",\"isPartOf\":{\"@id\":\"https:\/\/www.africa-press.net\/senegal\/sports\/coupe-dafrique-2025-aigles-entre-espoirs-et-doutes\"},\"author\":{\"name\":\"cfeditorfr\",\"@id\":\"https:\/\/www.africa-press.net\/senegal\/#\/schema\/person\/2b1cf3cd81a31e3cd26889ca66d677f1\"},\"headline\":\"Coupe D&rsquo;Afrique 2025: Aigles entre Espoirs et Doutes\",\"datePublished\":\"2025-12-15T12:10:00+00:00\",\"dateModified\":\"2025-12-16T01:04:45+00:00\",\"mainEntityOfPage\":{\"@id\":\"https:\/\/www.africa-press.net\/senegal\/sports\/coupe-dafrique-2025-aigles-entre-espoirs-et-doutes\"},\"wordCount\":922,\"commentCount\":0,\"image\":{\"@id\":\"https:\/\/www.africa-press.net\/senegal\/sports\/coupe-dafrique-2025-aigles-entre-espoirs-et-doutes#primaryimage\"},\"thumbnailUrl\":\"https:\/\/static.africa-press.net\/senegal\/sites\/13\/2025\/12\/sm_1765875834.931711.jpg\",\"keywords\":[\"Senegal\"],\"articleSection\":[\"Sports\",\"Toutes les actualit\u00e9s\"],\"inLanguage\":\"fr-FR\",\"potentialAction\":[{\"@type\":\"CommentAction\",\"name\":\"Comment\",\"target\":[\"https:\/\/www.africa-press.net\/senegal\/sports\/coupe-dafrique-2025-aigles-entre-espoirs-et-doutes#respond\"]}]},{\"@type\":\"WebPage\",\"@id\":\"https:\/\/www.africa-press.net\/senegal\/sports\/coupe-dafrique-2025-aigles-entre-espoirs-et-doutes\",\"url\":\"https:\/\/www.africa-press.net\/senegal\/sports\/coupe-dafrique-2025-aigles-entre-espoirs-et-doutes\",\"name\":\"Coupe D'Afrique 2025: Aigles entre Espoirs et Doutes - Senegal\",\"isPartOf\":{\"@id\":\"https:\/\/www.africa-press.net\/senegal\/#website\"},\"primaryImageOfPage\":{\"@id\":\"https:\/\/www.africa-press.net\/senegal\/sports\/coupe-dafrique-2025-aigles-entre-espoirs-et-doutes#primaryimage\"},\"image\":{\"@id\":\"https:\/\/www.africa-press.net\/senegal\/sports\/coupe-dafrique-2025-aigles-entre-espoirs-et-doutes#primaryimage\"},\"thumbnailUrl\":\"https:\/\/static.africa-press.net\/senegal\/sites\/13\/2025\/12\/sm_1765875834.931711.jpg\",\"datePublished\":\"2025-12-15T12:10:00+00:00\",\"dateModified\":\"2025-12-16T01:04:45+00:00\",\"author\":{\"@id\":\"https:\/\/www.africa-press.net\/senegal\/#\/schema\/person\/2b1cf3cd81a31e3cd26889ca66d677f1\"},\"description\":\"A\u0300 l\u2019approche de la 35e e\u0301dition de la Coupe d\u2019Afrique des Nations (CAN), le Maroc s\u2019appre\u0302te a\u0300 accueillir 24 se\u0301lectio ...\",\"breadcrumb\":{\"@id\":\"https:\/\/www.africa-press.net\/senegal\/sports\/coupe-dafrique-2025-aigles-entre-espoirs-et-doutes#breadcrumb\"},\"inLanguage\":\"fr-FR\",\"potentialAction\":[{\"@type\":\"ReadAction\",\"target\":[\"https:\/\/www.africa-press.net\/senegal\/sports\/coupe-dafrique-2025-aigles-entre-espoirs-et-doutes\"]}]},{\"@type\":\"ImageObject\",\"inLanguage\":\"fr-FR\",\"@id\":\"https:\/\/www.africa-press.net\/senegal\/sports\/coupe-dafrique-2025-aigles-entre-espoirs-et-doutes#primaryimage\",\"url\":\"https:\/\/static.africa-press.net\/senegal\/sites\/13\/2025\/12\/sm_1765875834.931711.jpg\",\"contentUrl\":\"https:\/\/static.africa-press.net\/senegal\/sites\/13\/2025\/12\/sm_1765875834.931711.jpg\",\"width\":686,\"height\":386,\"caption\":\"Coupe D'Afrique 2025: Aigles entre Espoirs et Doutes\"},{\"@type\":\"BreadcrumbList\",\"@id\":\"https:\/\/www.africa-press.net\/senegal\/sports\/coupe-dafrique-2025-aigles-entre-espoirs-et-doutes#breadcrumb\",\"itemListElement\":[{\"@type\":\"ListItem\",\"position\":1,\"name\":\"Accueil\",\"item\":\"https:\/\/www.africa-press.net\/senegal\/\"},{\"@type\":\"ListItem\",\"position\":2,\"name\":\"Coupe D&#8217;Afrique 2025: Aigles entre Espoirs et Doutes\"}]},{\"@type\":\"WebSite\",\"@id\":\"https:\/\/www.africa-press.net\/senegal\/#website\",\"url\":\"https:\/\/www.africa-press.net\/senegal\/\",\"name\":\"Africa Press | Senegal | Homepage\",\"description\":\"Just another Africa News Agency Sites site\",\"potentialAction\":[{\"@type\":\"SearchAction\",\"target\":{\"@type\":\"EntryPoint\",\"urlTemplate\":\"https:\/\/www.africa-press.net\/senegal\/?s={search_term_string}\"},\"query-input\":{\"@type\":\"PropertyValueSpecification\",\"valueRequired\":true,\"valueName\":\"search_term_string\"}}],\"inLanguage\":\"fr-FR\"},{\"@type\":\"Person\",\"@id\":\"https:\/\/www.africa-press.net\/senegal\/#\/schema\/person\/2b1cf3cd81a31e3cd26889ca66d677f1\",\"name\":\"cfeditorfr\",\"url\":\"https:\/\/www.africa-press.net\/senegal\/author\/cfeditorfr\"}]}<\/script>\n<!-- \/ Yoast SEO Premium plugin. -->","yoast_head_json":{"title":"Coupe D'Afrique 2025: Aigles entre Espoirs et Doutes - Senegal","description":"A\u0300 l\u2019approche de la 35e e\u0301dition de la Coupe d\u2019Afrique des Nations (CAN), le Maroc s\u2019appre\u0302te a\u0300 accueillir 24 se\u0301lectio ...","robots":{"index":"index","follow":"follow","max-snippet":"max-snippet:-1","max-image-preview":"max-image-preview:large","max-video-preview":"max-video-preview:-1"},"canonical":"https:\/\/www.africa-press.net\/senegal\/sports\/coupe-dafrique-2025-aigles-entre-espoirs-et-doutes","og_locale":"fr_FR","og_type":"article","og_title":"Coupe D'Afrique 2025: Aigles entre Espoirs et Doutes","og_description":"A\u0300 l\u2019approche de la 35e e\u0301dition de la Coupe d\u2019Afrique des Nations (CAN), le Maroc s\u2019appre\u0302te a\u0300 accueillir 24 se\u0301lectio ...","og_url":"https:\/\/www.africa-press.net\/senegal\/sports\/coupe-dafrique-2025-aigles-entre-espoirs-et-doutes","og_site_name":"Senegal","article_published_time":"2025-12-15T12:10:00+00:00","article_modified_time":"2025-12-16T01:04:45+00:00","og_image":[{"width":686,"height":386,"url":"https:\/\/static.africa-press.net\/senegal\/sites\/13\/2025\/12\/sm_1765875834.931711.jpg","type":"image\/jpeg"}],"author":"cfeditorfr","twitter_card":"summary_large_image","twitter_misc":{"\u00c9crit par":"cfeditorfr","Dur\u00e9e de lecture estim\u00e9e":"5 minutes"},"schema":{"@context":"https:\/\/schema.org","@graph":[{"@type":"Article","@id":"https:\/\/www.africa-press.net\/senegal\/sports\/coupe-dafrique-2025-aigles-entre-espoirs-et-doutes#article","isPartOf":{"@id":"https:\/\/www.africa-press.net\/senegal\/sports\/coupe-dafrique-2025-aigles-entre-espoirs-et-doutes"},"author":{"name":"cfeditorfr","@id":"https:\/\/www.africa-press.net\/senegal\/#\/schema\/person\/2b1cf3cd81a31e3cd26889ca66d677f1"},"headline":"Coupe D&rsquo;Afrique 2025: Aigles entre Espoirs et Doutes","datePublished":"2025-12-15T12:10:00+00:00","dateModified":"2025-12-16T01:04:45+00:00","mainEntityOfPage":{"@id":"https:\/\/www.africa-press.net\/senegal\/sports\/coupe-dafrique-2025-aigles-entre-espoirs-et-doutes"},"wordCount":922,"commentCount":0,"image":{"@id":"https:\/\/www.africa-press.net\/senegal\/sports\/coupe-dafrique-2025-aigles-entre-espoirs-et-doutes#primaryimage"},"thumbnailUrl":"https:\/\/static.africa-press.net\/senegal\/sites\/13\/2025\/12\/sm_1765875834.931711.jpg","keywords":["Senegal"],"articleSection":["Sports","Toutes les actualit\u00e9s"],"inLanguage":"fr-FR","potentialAction":[{"@type":"CommentAction","name":"Comment","target":["https:\/\/www.africa-press.net\/senegal\/sports\/coupe-dafrique-2025-aigles-entre-espoirs-et-doutes#respond"]}]},{"@type":"WebPage","@id":"https:\/\/www.africa-press.net\/senegal\/sports\/coupe-dafrique-2025-aigles-entre-espoirs-et-doutes","url":"https:\/\/www.africa-press.net\/senegal\/sports\/coupe-dafrique-2025-aigles-entre-espoirs-et-doutes","name":"Coupe D'Afrique 2025: Aigles entre Espoirs et Doutes - Senegal","isPartOf":{"@id":"https:\/\/www.africa-press.net\/senegal\/#website"},"primaryImageOfPage":{"@id":"https:\/\/www.africa-press.net\/senegal\/sports\/coupe-dafrique-2025-aigles-entre-espoirs-et-doutes#primaryimage"},"image":{"@id":"https:\/\/www.africa-press.net\/senegal\/sports\/coupe-dafrique-2025-aigles-entre-espoirs-et-doutes#primaryimage"},"thumbnailUrl":"https:\/\/static.africa-press.net\/senegal\/sites\/13\/2025\/12\/sm_1765875834.931711.jpg","datePublished":"2025-12-15T12:10:00+00:00","dateModified":"2025-12-16T01:04:45+00:00","author":{"@id":"https:\/\/www.africa-press.net\/senegal\/#\/schema\/person\/2b1cf3cd81a31e3cd26889ca66d677f1"},"description":"A\u0300 l\u2019approche de la 35e e\u0301dition de la Coupe d\u2019Afrique des Nations (CAN), le Maroc s\u2019appre\u0302te a\u0300 accueillir 24 se\u0301lectio ...","breadcrumb":{"@id":"https:\/\/www.africa-press.net\/senegal\/sports\/coupe-dafrique-2025-aigles-entre-espoirs-et-doutes#breadcrumb"},"inLanguage":"fr-FR","potentialAction":[{"@type":"ReadAction","target":["https:\/\/www.africa-press.net\/senegal\/sports\/coupe-dafrique-2025-aigles-entre-espoirs-et-doutes"]}]},{"@type":"ImageObject","inLanguage":"fr-FR","@id":"https:\/\/www.africa-press.net\/senegal\/sports\/coupe-dafrique-2025-aigles-entre-espoirs-et-doutes#primaryimage","url":"https:\/\/static.africa-press.net\/senegal\/sites\/13\/2025\/12\/sm_1765875834.931711.jpg","contentUrl":"https:\/\/static.africa-press.net\/senegal\/sites\/13\/2025\/12\/sm_1765875834.931711.jpg","width":686,"height":386,"caption":"Coupe D'Afrique 2025: Aigles entre Espoirs et Doutes"},{"@type":"BreadcrumbList","@id":"https:\/\/www.africa-press.net\/senegal\/sports\/coupe-dafrique-2025-aigles-entre-espoirs-et-doutes#breadcrumb","itemListElement":[{"@type":"ListItem","position":1,"name":"Accueil","item":"https:\/\/www.africa-press.net\/senegal\/"},{"@type":"ListItem","position":2,"name":"Coupe D&#8217;Afrique 2025: Aigles entre Espoirs et Doutes"}]},{"@type":"WebSite","@id":"https:\/\/www.africa-press.net\/senegal\/#website","url":"https:\/\/www.africa-press.net\/senegal\/","name":"Africa Press | Senegal | Homepage","description":"Just another Africa News Agency Sites site","potentialAction":[{"@type":"SearchAction","target":{"@type":"EntryPoint","urlTemplate":"https:\/\/www.africa-press.net\/senegal\/?s={search_term_string}"},"query-input":{"@type":"PropertyValueSpecification","valueRequired":true,"valueName":"search_term_string"}}],"inLanguage":"fr-FR"},{"@type":"Person","@id":"https:\/\/www.africa-press.net\/senegal\/#\/schema\/person\/2b1cf3cd81a31e3cd26889ca66d677f1","name":"cfeditorfr","url":"https:\/\/www.africa-press.net\/senegal\/author\/cfeditorfr"}]}},"_links":{"self":[{"href":"https:\/\/www.africa-press.net\/senegal\/wp-json\/wp\/v2\/posts\/73503","targetHints":{"allow":["GET"]}}],"collection":[{"href":"https:\/\/www.africa-press.net\/senegal\/wp-json\/wp\/v2\/posts"}],"about":[{"href":"https:\/\/www.africa-press.net\/senegal\/wp-json\/wp\/v2\/types\/post"}],"author":[{"embeddable":true,"href":"https:\/\/www.africa-press.net\/senegal\/wp-json\/wp\/v2\/users\/82"}],"replies":[{"embeddable":true,"href":"https:\/\/www.africa-press.net\/senegal\/wp-json\/wp\/v2\/comments?post=73503"}],"version-history":[{"count":0,"href":"https:\/\/www.africa-press.net\/senegal\/wp-json\/wp\/v2\/posts\/73503\/revisions"}],"wp:featuredmedia":[{"embeddable":true,"href":"https:\/\/www.africa-press.net\/senegal\/wp-json\/wp\/v2\/media\/73502"}],"wp:attachment":[{"href":"https:\/\/www.africa-press.net\/senegal\/wp-json\/wp\/v2\/media?parent=73503"}],"wp:term":[{"taxonomy":"category","embeddable":true,"href":"https:\/\/www.africa-press.net\/senegal\/wp-json\/wp\/v2\/categories?post=73503"},{"taxonomy":"post_tag","embeddable":true,"href":"https:\/\/www.africa-press.net\/senegal\/wp-json\/wp\/v2\/tags?post=73503"}],"curies":[{"name":"wp","href":"https:\/\/api.w.org\/{rel}","templated":true}]}}