{"id":73522,"date":"2025-12-16T12:10:00","date_gmt":"2025-12-16T12:10:00","guid":{"rendered":"https:\/\/www.africa-press.net\/senegal\/politique\/can-2025-tous-les-joueurs-de-la-mls-convoques"},"modified":"2025-12-18T03:02:07","modified_gmt":"2025-12-18T03:02:07","slug":"can-2025-tous-les-joueurs-de-la-mls-convoques","status":"publish","type":"post","link":"https:\/\/www.africa-press.net\/senegal\/sports\/can-2025-tous-les-joueurs-de-la-mls-convoques","title":{"rendered":"CAN 2025: Tous les Joueurs de la MLS Convoque\u0301s"},"content":{"rendered":"<p><span style=\"color: #ff6600\"><strong>Africa-Press &#8211; Senegal. <\/strong><\/span>La Coupe d\u2019Afrique des Nations 2025 re\u0301unira huit joueurs de MLS repre\u0301sentant sept clubs du championnat.<\/p>\n<p>La phase de groupes de la CAN de\u0301bute le 21 de\u0301cembre et culmine avec la finale du 18 janvier au stade Prince Moulay Abdellah de Rabat, au Maroc.<\/p>\n<p>La Co\u0302te d\u2019Ivoire de Wilfried Zaha entre en lice en tant que championne en titre.<\/p>\n<p><b>Par pays<\/b><br \/>\n<b>Burkina Faso<\/b><\/p>\n<p>Ousseni Bouda (San Jose Earthquakes)<\/p>\n<p>Georgi Minoungou (Seattle Sounders FC)<\/p>\n<p><b>Cameroun<\/b><\/p>\n<p>Nouhou Tolo (Seattle Sounders FC)<\/p>\n<p><b>Gabon<\/b><\/p>\n<p>Denis Bouanga (LAFC)<\/p>\n<p><b>Co\u0302te d\u2019Ivoire<\/b><\/p>\n<p>Wilfried Zaha (Charlotte FC)<\/p>\n<p><b>Mali<\/b><\/p>\n<p>Mamadou Fofana (New England Revolution)<\/p>\n<p><b>Afrique du Sud<\/b><\/p>\n<p>Mbekezeli Mbokazi (Chicago Fire FC)<\/p>\n<p><b>Zimbabwe<\/b><\/p>\n<p>Hadebe adolescent (FC Cincinnati)<\/p>\n<p><b>Par club<\/b><br \/>\n<b>FC Cincinnati<\/b><\/p>\n<p>Hadebe adolescente (Zimbabwe)<\/p>\n<p><b>Charlotte FC<\/b><\/p>\n<p>Wilfried Zaha (Co\u0302te d\u2019Ivoire)<\/p>\n<p><b>Chicago Fire FC<\/b><\/p>\n<p>Mbekezeli Mbokazi (Afrique du Sud)<\/p>\n<p><b>LAFC<\/b><\/p>\n<p>Denis Bouanga (Gabon)<\/p>\n<p><b>Re\u0301volution de la Nouvelle-Angleterre<\/b><\/p>\n<p>Mamadou Fofana (Mali)<\/p>\n<p><b>San Jose\u0301 Earthquakes<\/b><\/p>\n<p>Ousseni Bouda (Burkina Faso)<\/p>\n<p><b>Seattle Sounders FC<\/b><\/p>\n<p>Georgi Minoungou (Burkina Faso)<\/p>\n<p>Nouhou Tolo (Cameroun)<\/p>\n<p><strong>Pour plus d&rsquo;informations et d&rsquo;analyses sur la <span style=\"color: #ff6600\">Senegal<\/span>, suivez <span style=\"color: #ff6600\">Africa-Press<\/span><\/strong><\/p>\n","protected":false},"excerpt":{"rendered":"<p>Africa-Press &#8211; Senegal. La Coupe d\u2019Afrique des Nations 2025 re\u0301unira huit joueurs de MLS repre\u0301sentant sept clubs du championnat. La phase de groupes de la CAN de\u0301bute le 21 de\u0301cembre et culmine avec la finale du 18 janvier au stade Prince Moulay Abdellah de Rabat, au Maroc. La Co\u0302te d\u2019Ivoire de Wilfried Zaha entre en [&hellip;]<\/p>\n","protected":false},"author":82,"featured_media":73521,"comment_status":"open","ping_status":"closed","sticky":false,"template":"","format":"standard","meta":{"footnotes":""},"categories":[6,10],"tags":[44],"class_list":["post-73522","post","type-post","status-publish","format-standard","has-post-thumbnail","hentry","category-sports","category-toutes-les-actualites","tag-senegal-2"],"yoast_head":"<!-- This site is optimized with the Yoast SEO Premium plugin v26.1 (Yoast SEO v27.0) - https:\/\/yoast.com\/product\/yoast-seo-premium-wordpress\/ -->\n<title>CAN 2025: Tous les Joueurs de la MLS Convoque\u0301s - Senegal<\/title>\n<meta name=\"description\" content=\"La Coupe d\u2019Afrique des Nations 2025 re\u0301unira huit joueurs de MLS repre\u0301sentant sept clubs du championnat. La phase de g ...\" \/>\n<meta name=\"robots\" content=\"index, follow, max-snippet:-1, max-image-preview:large, max-video-preview:-1\" \/>\n<link rel=\"canonical\" href=\"https:\/\/www.africa-press.net\/senegal\/sports\/can-2025-tous-les-joueurs-de-la-mls-convoques\" \/>\n<meta property=\"og:locale\" content=\"fr_FR\" \/>\n<meta property=\"og:type\" content=\"article\" \/>\n<meta property=\"og:title\" content=\"CAN 2025: Tous les Joueurs de la MLS Convoque\u0301s\" \/>\n<meta property=\"og:description\" content=\"La Coupe d\u2019Afrique des Nations 2025 re\u0301unira huit joueurs de MLS repre\u0301sentant sept clubs du championnat. La phase de g ...\" \/>\n<meta property=\"og:url\" content=\"https:\/\/www.africa-press.net\/senegal\/sports\/can-2025-tous-les-joueurs-de-la-mls-convoques\" \/>\n<meta property=\"og:site_name\" content=\"Senegal\" \/>\n<meta property=\"article:published_time\" content=\"2025-12-16T12:10:00+00:00\" \/>\n<meta property=\"article:modified_time\" content=\"2025-12-18T03:02:07+00:00\" \/>\n<meta property=\"og:image\" content=\"https:\/\/static.africa-press.net\/senegal\/sites\/13\/2025\/12\/sm_1766054912.179776.jpg\" \/>\n\t<meta property=\"og:image:width\" content=\"1920\" \/>\n\t<meta property=\"og:image:height\" content=\"1080\" \/>\n\t<meta property=\"og:image:type\" content=\"image\/jpeg\" \/>\n<meta name=\"author\" content=\"cfeditorfr\" \/>\n<meta name=\"twitter:card\" content=\"summary_large_image\" \/>\n<meta name=\"twitter:label1\" content=\"\u00c9crit par\" \/>\n\t<meta name=\"twitter:data1\" content=\"cfeditorfr\" \/>\n\t<meta name=\"twitter:label2\" content=\"Dur\u00e9e de lecture estim\u00e9e\" \/>\n\t<meta name=\"twitter:data2\" content=\"1 minute\" \/>\n<script type=\"application\/ld+json\" class=\"yoast-schema-graph\">{\"@context\":\"https:\/\/schema.org\",\"@graph\":[{\"@type\":\"Article\",\"@id\":\"https:\/\/www.africa-press.net\/senegal\/sports\/can-2025-tous-les-joueurs-de-la-mls-convoques#article\",\"isPartOf\":{\"@id\":\"https:\/\/www.africa-press.net\/senegal\/sports\/can-2025-tous-les-joueurs-de-la-mls-convoques\"},\"author\":{\"name\":\"cfeditorfr\",\"@id\":\"https:\/\/www.africa-press.net\/senegal\/#\/schema\/person\/2b1cf3cd81a31e3cd26889ca66d677f1\"},\"headline\":\"CAN 2025: Tous les Joueurs de la MLS Convoque\u0301s\",\"datePublished\":\"2025-12-16T12:10:00+00:00\",\"dateModified\":\"2025-12-18T03:02:07+00:00\",\"mainEntityOfPage\":{\"@id\":\"https:\/\/www.africa-press.net\/senegal\/sports\/can-2025-tous-les-joueurs-de-la-mls-convoques\"},\"wordCount\":190,\"commentCount\":0,\"image\":{\"@id\":\"https:\/\/www.africa-press.net\/senegal\/sports\/can-2025-tous-les-joueurs-de-la-mls-convoques#primaryimage\"},\"thumbnailUrl\":\"https:\/\/static.africa-press.net\/senegal\/sites\/13\/2025\/12\/sm_1766054912.179776.jpg\",\"keywords\":[\"Senegal\"],\"articleSection\":[\"Sports\",\"Toutes les actualit\u00e9s\"],\"inLanguage\":\"fr-FR\",\"potentialAction\":[{\"@type\":\"CommentAction\",\"name\":\"Comment\",\"target\":[\"https:\/\/www.africa-press.net\/senegal\/sports\/can-2025-tous-les-joueurs-de-la-mls-convoques#respond\"]}]},{\"@type\":\"WebPage\",\"@id\":\"https:\/\/www.africa-press.net\/senegal\/sports\/can-2025-tous-les-joueurs-de-la-mls-convoques\",\"url\":\"https:\/\/www.africa-press.net\/senegal\/sports\/can-2025-tous-les-joueurs-de-la-mls-convoques\",\"name\":\"CAN 2025: Tous les Joueurs de la MLS Convoque\u0301s - Senegal\",\"isPartOf\":{\"@id\":\"https:\/\/www.africa-press.net\/senegal\/#website\"},\"primaryImageOfPage\":{\"@id\":\"https:\/\/www.africa-press.net\/senegal\/sports\/can-2025-tous-les-joueurs-de-la-mls-convoques#primaryimage\"},\"image\":{\"@id\":\"https:\/\/www.africa-press.net\/senegal\/sports\/can-2025-tous-les-joueurs-de-la-mls-convoques#primaryimage\"},\"thumbnailUrl\":\"https:\/\/static.africa-press.net\/senegal\/sites\/13\/2025\/12\/sm_1766054912.179776.jpg\",\"datePublished\":\"2025-12-16T12:10:00+00:00\",\"dateModified\":\"2025-12-18T03:02:07+00:00\",\"author\":{\"@id\":\"https:\/\/www.africa-press.net\/senegal\/#\/schema\/person\/2b1cf3cd81a31e3cd26889ca66d677f1\"},\"description\":\"La Coupe d\u2019Afrique des Nations 2025 re\u0301unira huit joueurs de MLS repre\u0301sentant sept clubs du championnat. La phase de g ...\",\"breadcrumb\":{\"@id\":\"https:\/\/www.africa-press.net\/senegal\/sports\/can-2025-tous-les-joueurs-de-la-mls-convoques#breadcrumb\"},\"inLanguage\":\"fr-FR\",\"potentialAction\":[{\"@type\":\"ReadAction\",\"target\":[\"https:\/\/www.africa-press.net\/senegal\/sports\/can-2025-tous-les-joueurs-de-la-mls-convoques\"]}]},{\"@type\":\"ImageObject\",\"inLanguage\":\"fr-FR\",\"@id\":\"https:\/\/www.africa-press.net\/senegal\/sports\/can-2025-tous-les-joueurs-de-la-mls-convoques#primaryimage\",\"url\":\"https:\/\/static.africa-press.net\/senegal\/sites\/13\/2025\/12\/sm_1766054912.179776.jpg\",\"contentUrl\":\"https:\/\/static.africa-press.net\/senegal\/sites\/13\/2025\/12\/sm_1766054912.179776.jpg\",\"width\":1920,\"height\":1080,\"caption\":\"CAN 2025: Tous les Joueurs de la MLS Convoque\u0301s\"},{\"@type\":\"BreadcrumbList\",\"@id\":\"https:\/\/www.africa-press.net\/senegal\/sports\/can-2025-tous-les-joueurs-de-la-mls-convoques#breadcrumb\",\"itemListElement\":[{\"@type\":\"ListItem\",\"position\":1,\"name\":\"Accueil\",\"item\":\"https:\/\/www.africa-press.net\/senegal\/\"},{\"@type\":\"ListItem\",\"position\":2,\"name\":\"CAN 2025: Tous les Joueurs de la MLS Convoque\u0301s\"}]},{\"@type\":\"WebSite\",\"@id\":\"https:\/\/www.africa-press.net\/senegal\/#website\",\"url\":\"https:\/\/www.africa-press.net\/senegal\/\",\"name\":\"Africa Press | Senegal | Homepage\",\"description\":\"Just another Africa News Agency Sites site\",\"potentialAction\":[{\"@type\":\"SearchAction\",\"target\":{\"@type\":\"EntryPoint\",\"urlTemplate\":\"https:\/\/www.africa-press.net\/senegal\/?s={search_term_string}\"},\"query-input\":{\"@type\":\"PropertyValueSpecification\",\"valueRequired\":true,\"valueName\":\"search_term_string\"}}],\"inLanguage\":\"fr-FR\"},{\"@type\":\"Person\",\"@id\":\"https:\/\/www.africa-press.net\/senegal\/#\/schema\/person\/2b1cf3cd81a31e3cd26889ca66d677f1\",\"name\":\"cfeditorfr\",\"url\":\"https:\/\/www.africa-press.net\/senegal\/author\/cfeditorfr\"}]}<\/script>\n<!-- \/ Yoast SEO Premium plugin. -->","yoast_head_json":{"title":"CAN 2025: Tous les Joueurs de la MLS Convoque\u0301s - Senegal","description":"La Coupe d\u2019Afrique des Nations 2025 re\u0301unira huit joueurs de MLS repre\u0301sentant sept clubs du championnat. La phase de g ...","robots":{"index":"index","follow":"follow","max-snippet":"max-snippet:-1","max-image-preview":"max-image-preview:large","max-video-preview":"max-video-preview:-1"},"canonical":"https:\/\/www.africa-press.net\/senegal\/sports\/can-2025-tous-les-joueurs-de-la-mls-convoques","og_locale":"fr_FR","og_type":"article","og_title":"CAN 2025: Tous les Joueurs de la MLS Convoque\u0301s","og_description":"La Coupe d\u2019Afrique des Nations 2025 re\u0301unira huit joueurs de MLS repre\u0301sentant sept clubs du championnat. La phase de g ...","og_url":"https:\/\/www.africa-press.net\/senegal\/sports\/can-2025-tous-les-joueurs-de-la-mls-convoques","og_site_name":"Senegal","article_published_time":"2025-12-16T12:10:00+00:00","article_modified_time":"2025-12-18T03:02:07+00:00","og_image":[{"width":1920,"height":1080,"url":"https:\/\/static.africa-press.net\/senegal\/sites\/13\/2025\/12\/sm_1766054912.179776.jpg","type":"image\/jpeg"}],"author":"cfeditorfr","twitter_card":"summary_large_image","twitter_misc":{"\u00c9crit par":"cfeditorfr","Dur\u00e9e de lecture estim\u00e9e":"1 minute"},"schema":{"@context":"https:\/\/schema.org","@graph":[{"@type":"Article","@id":"https:\/\/www.africa-press.net\/senegal\/sports\/can-2025-tous-les-joueurs-de-la-mls-convoques#article","isPartOf":{"@id":"https:\/\/www.africa-press.net\/senegal\/sports\/can-2025-tous-les-joueurs-de-la-mls-convoques"},"author":{"name":"cfeditorfr","@id":"https:\/\/www.africa-press.net\/senegal\/#\/schema\/person\/2b1cf3cd81a31e3cd26889ca66d677f1"},"headline":"CAN 2025: Tous les Joueurs de la MLS Convoque\u0301s","datePublished":"2025-12-16T12:10:00+00:00","dateModified":"2025-12-18T03:02:07+00:00","mainEntityOfPage":{"@id":"https:\/\/www.africa-press.net\/senegal\/sports\/can-2025-tous-les-joueurs-de-la-mls-convoques"},"wordCount":190,"commentCount":0,"image":{"@id":"https:\/\/www.africa-press.net\/senegal\/sports\/can-2025-tous-les-joueurs-de-la-mls-convoques#primaryimage"},"thumbnailUrl":"https:\/\/static.africa-press.net\/senegal\/sites\/13\/2025\/12\/sm_1766054912.179776.jpg","keywords":["Senegal"],"articleSection":["Sports","Toutes les actualit\u00e9s"],"inLanguage":"fr-FR","potentialAction":[{"@type":"CommentAction","name":"Comment","target":["https:\/\/www.africa-press.net\/senegal\/sports\/can-2025-tous-les-joueurs-de-la-mls-convoques#respond"]}]},{"@type":"WebPage","@id":"https:\/\/www.africa-press.net\/senegal\/sports\/can-2025-tous-les-joueurs-de-la-mls-convoques","url":"https:\/\/www.africa-press.net\/senegal\/sports\/can-2025-tous-les-joueurs-de-la-mls-convoques","name":"CAN 2025: Tous les Joueurs de la MLS Convoque\u0301s - Senegal","isPartOf":{"@id":"https:\/\/www.africa-press.net\/senegal\/#website"},"primaryImageOfPage":{"@id":"https:\/\/www.africa-press.net\/senegal\/sports\/can-2025-tous-les-joueurs-de-la-mls-convoques#primaryimage"},"image":{"@id":"https:\/\/www.africa-press.net\/senegal\/sports\/can-2025-tous-les-joueurs-de-la-mls-convoques#primaryimage"},"thumbnailUrl":"https:\/\/static.africa-press.net\/senegal\/sites\/13\/2025\/12\/sm_1766054912.179776.jpg","datePublished":"2025-12-16T12:10:00+00:00","dateModified":"2025-12-18T03:02:07+00:00","author":{"@id":"https:\/\/www.africa-press.net\/senegal\/#\/schema\/person\/2b1cf3cd81a31e3cd26889ca66d677f1"},"description":"La Coupe d\u2019Afrique des Nations 2025 re\u0301unira huit joueurs de MLS repre\u0301sentant sept clubs du championnat. La phase de g ...","breadcrumb":{"@id":"https:\/\/www.africa-press.net\/senegal\/sports\/can-2025-tous-les-joueurs-de-la-mls-convoques#breadcrumb"},"inLanguage":"fr-FR","potentialAction":[{"@type":"ReadAction","target":["https:\/\/www.africa-press.net\/senegal\/sports\/can-2025-tous-les-joueurs-de-la-mls-convoques"]}]},{"@type":"ImageObject","inLanguage":"fr-FR","@id":"https:\/\/www.africa-press.net\/senegal\/sports\/can-2025-tous-les-joueurs-de-la-mls-convoques#primaryimage","url":"https:\/\/static.africa-press.net\/senegal\/sites\/13\/2025\/12\/sm_1766054912.179776.jpg","contentUrl":"https:\/\/static.africa-press.net\/senegal\/sites\/13\/2025\/12\/sm_1766054912.179776.jpg","width":1920,"height":1080,"caption":"CAN 2025: Tous les Joueurs de la MLS Convoque\u0301s"},{"@type":"BreadcrumbList","@id":"https:\/\/www.africa-press.net\/senegal\/sports\/can-2025-tous-les-joueurs-de-la-mls-convoques#breadcrumb","itemListElement":[{"@type":"ListItem","position":1,"name":"Accueil","item":"https:\/\/www.africa-press.net\/senegal\/"},{"@type":"ListItem","position":2,"name":"CAN 2025: Tous les Joueurs de la MLS Convoque\u0301s"}]},{"@type":"WebSite","@id":"https:\/\/www.africa-press.net\/senegal\/#website","url":"https:\/\/www.africa-press.net\/senegal\/","name":"Africa Press | Senegal | Homepage","description":"Just another Africa News Agency Sites site","potentialAction":[{"@type":"SearchAction","target":{"@type":"EntryPoint","urlTemplate":"https:\/\/www.africa-press.net\/senegal\/?s={search_term_string}"},"query-input":{"@type":"PropertyValueSpecification","valueRequired":true,"valueName":"search_term_string"}}],"inLanguage":"fr-FR"},{"@type":"Person","@id":"https:\/\/www.africa-press.net\/senegal\/#\/schema\/person\/2b1cf3cd81a31e3cd26889ca66d677f1","name":"cfeditorfr","url":"https:\/\/www.africa-press.net\/senegal\/author\/cfeditorfr"}]}},"_links":{"self":[{"href":"https:\/\/www.africa-press.net\/senegal\/wp-json\/wp\/v2\/posts\/73522","targetHints":{"allow":["GET"]}}],"collection":[{"href":"https:\/\/www.africa-press.net\/senegal\/wp-json\/wp\/v2\/posts"}],"about":[{"href":"https:\/\/www.africa-press.net\/senegal\/wp-json\/wp\/v2\/types\/post"}],"author":[{"embeddable":true,"href":"https:\/\/www.africa-press.net\/senegal\/wp-json\/wp\/v2\/users\/82"}],"replies":[{"embeddable":true,"href":"https:\/\/www.africa-press.net\/senegal\/wp-json\/wp\/v2\/comments?post=73522"}],"version-history":[{"count":0,"href":"https:\/\/www.africa-press.net\/senegal\/wp-json\/wp\/v2\/posts\/73522\/revisions"}],"wp:featuredmedia":[{"embeddable":true,"href":"https:\/\/www.africa-press.net\/senegal\/wp-json\/wp\/v2\/media\/73521"}],"wp:attachment":[{"href":"https:\/\/www.africa-press.net\/senegal\/wp-json\/wp\/v2\/media?parent=73522"}],"wp:term":[{"taxonomy":"category","embeddable":true,"href":"https:\/\/www.africa-press.net\/senegal\/wp-json\/wp\/v2\/categories?post=73522"},{"taxonomy":"post_tag","embeddable":true,"href":"https:\/\/www.africa-press.net\/senegal\/wp-json\/wp\/v2\/tags?post=73522"}],"curies":[{"name":"wp","href":"https:\/\/api.w.org\/{rel}","templated":true}]}}