{"id":73525,"date":"2025-12-16T12:10:00","date_gmt":"2025-12-16T12:10:00","guid":{"rendered":"https:\/\/www.africa-press.net\/senegal\/politique\/can-2025-castelletto-refuse-convocation-lions-indomptables"},"modified":"2025-12-18T03:09:11","modified_gmt":"2025-12-18T03:09:11","slug":"can-2025-castelletto-refuse-convocation-lions-indomptables","status":"publish","type":"post","link":"https:\/\/www.africa-press.net\/senegal\/sports\/can-2025-castelletto-refuse-convocation-lions-indomptables","title":{"rendered":"CAN 2025: Castelletto Refuse Convocation Lions Indomptables"},"content":{"rendered":"<p><span style=\"color: #ff6600\"><strong>Africa-Press &#8211; Senegal. <\/strong><\/span>Ce n\u2019est pas une blessure, mais un choix. Contrairement a\u0300 la version officielle avance\u0301e ces derniers jours, Jean-Charles Castelletto aurait tout simplement de\u0301cide\u0301 de ne pas disputer la Coupe d\u2019Afrique des Nations 2025 avec le Cameroun.<\/p>\n<p>Initialement retenu par le nouveau se\u0301lectionneur David Pagou pour le tournoi pre\u0301vu au Maroc du 21 de\u0301cembre au 18 janvier, le de\u0301fenseur central de 30 ans avait e\u0301te\u0301 de\u0301clare\u0301 forfait par le staff technique. La Fe\u0301de\u0301ration camerounaise de football, par la voix de son Team Press Officer Thierry Ndoh, avait alors e\u0301voque\u0301 un proble\u0300me physique, sans fournir de pre\u0301cisions, avant de convoquer Che Malone Fondoh pour le remplacer.<\/p>\n<p>Mais cette explication a rapidement perdu en cre\u0301dibilite\u0301. Castelletto a en effet e\u0301te\u0301 aperc\u0327u a\u0300 l\u2019entrai\u0302nement avec Al Duhail, puis aligne\u0301 lors d\u2019un match de coupe remporte\u0301 face a\u0300 Al-Shahania (2-0). De quoi relancer les interrogations et alimenter les spe\u0301culations autour de son absence en se\u0301lection.<\/p>\n<p>Selon une source proche du joueur, cite\u0301e par La Tanie\u0300re 237, la re\u0301alite\u0301 serait toute autre: Jean-Charles Castelletto aurait de\u0301cline\u0301 l\u2019invitation de la se\u0301lection camerounaise. Une de\u0301cision qui aurait e\u0301te\u0301 porte\u0301e a\u0300 la connaissance de Samuel Eto\u2019o, pre\u0301sident de la Fecafoot, et qui expliquerait son remplacement imme\u0301diat dans la liste.<\/p>\n<p>Ce refus s\u2019inscrirait dans un contexte de\u0301ja\u0300 tendu, marque\u0301 par l\u2019e\u0301viction re\u0301cente de plusieurs cadres associe\u0301s a\u0300 l\u2019ancien se\u0301lectionneur Marc Brys. Pour l\u2019heure, la Fe\u0301de\u0301ration n\u2019a pas officiellement confirme\u0301 cette version, mais la situation place la Fecafoot sous pression a\u0300 l\u2019approche d\u2019une CAN de\u0301cisive.<\/p>\n<p><strong>Pour plus d&rsquo;informations et d&rsquo;analyses sur la <span style=\"color: #ff6600\">Senegal<\/span>, suivez <span style=\"color: #ff6600\">Africa-Press<\/span><\/strong><\/p>\n","protected":false},"excerpt":{"rendered":"<p>Africa-Press &#8211; Senegal. Ce n\u2019est pas une blessure, mais un choix. Contrairement a\u0300 la version officielle avance\u0301e ces derniers jours, Jean-Charles Castelletto aurait tout simplement de\u0301cide\u0301 de ne pas disputer la Coupe d\u2019Afrique des Nations 2025 avec le Cameroun. Initialement retenu par le nouveau se\u0301lectionneur David Pagou pour le tournoi pre\u0301vu au Maroc du 21 [&hellip;]<\/p>\n","protected":false},"author":82,"featured_media":73524,"comment_status":"open","ping_status":"closed","sticky":false,"template":"","format":"standard","meta":{"footnotes":""},"categories":[6,10],"tags":[44],"class_list":["post-73525","post","type-post","status-publish","format-standard","has-post-thumbnail","hentry","category-sports","category-toutes-les-actualites","tag-senegal-2"],"yoast_head":"<!-- This site is optimized with the Yoast SEO Premium plugin v26.1 (Yoast SEO v27.0) - https:\/\/yoast.com\/product\/yoast-seo-premium-wordpress\/ -->\n<title>CAN 2025: Castelletto Refuse Convocation Lions Indomptables - Senegal<\/title>\n<meta name=\"description\" content=\"Ce n\u2019est pas une blessure, mais un choix. Contrairement a\u0300 la version officielle avance\u0301e ces derniers jours, Jean-Charl ...\" \/>\n<meta name=\"robots\" content=\"index, follow, max-snippet:-1, max-image-preview:large, max-video-preview:-1\" \/>\n<link rel=\"canonical\" href=\"https:\/\/www.africa-press.net\/senegal\/sports\/can-2025-castelletto-refuse-convocation-lions-indomptables\" \/>\n<meta property=\"og:locale\" content=\"fr_FR\" \/>\n<meta property=\"og:type\" content=\"article\" \/>\n<meta property=\"og:title\" content=\"CAN 2025: Castelletto Refuse Convocation Lions Indomptables\" \/>\n<meta property=\"og:description\" content=\"Ce n\u2019est pas une blessure, mais un choix. Contrairement a\u0300 la version officielle avance\u0301e ces derniers jours, Jean-Charl ...\" \/>\n<meta property=\"og:url\" content=\"https:\/\/www.africa-press.net\/senegal\/sports\/can-2025-castelletto-refuse-convocation-lions-indomptables\" \/>\n<meta property=\"og:site_name\" content=\"Senegal\" \/>\n<meta property=\"article:published_time\" content=\"2025-12-16T12:10:00+00:00\" \/>\n<meta property=\"article:modified_time\" content=\"2025-12-18T03:09:11+00:00\" \/>\n<meta property=\"og:image\" content=\"https:\/\/static.africa-press.net\/senegal\/sites\/13\/2025\/12\/sm_1766055109.690366.jpg\" \/>\n\t<meta property=\"og:image:width\" content=\"1200\" \/>\n\t<meta property=\"og:image:height\" content=\"640\" \/>\n\t<meta property=\"og:image:type\" content=\"image\/jpeg\" \/>\n<meta name=\"author\" content=\"cfeditorfr\" \/>\n<meta name=\"twitter:card\" content=\"summary_large_image\" \/>\n<meta name=\"twitter:label1\" content=\"\u00c9crit par\" \/>\n\t<meta name=\"twitter:data1\" content=\"cfeditorfr\" \/>\n\t<meta name=\"twitter:label2\" content=\"Dur\u00e9e de lecture estim\u00e9e\" \/>\n\t<meta name=\"twitter:data2\" content=\"2 minutes\" \/>\n<script type=\"application\/ld+json\" class=\"yoast-schema-graph\">{\"@context\":\"https:\/\/schema.org\",\"@graph\":[{\"@type\":\"Article\",\"@id\":\"https:\/\/www.africa-press.net\/senegal\/sports\/can-2025-castelletto-refuse-convocation-lions-indomptables#article\",\"isPartOf\":{\"@id\":\"https:\/\/www.africa-press.net\/senegal\/sports\/can-2025-castelletto-refuse-convocation-lions-indomptables\"},\"author\":{\"name\":\"cfeditorfr\",\"@id\":\"https:\/\/www.africa-press.net\/senegal\/#\/schema\/person\/2b1cf3cd81a31e3cd26889ca66d677f1\"},\"headline\":\"CAN 2025: Castelletto Refuse Convocation Lions Indomptables\",\"datePublished\":\"2025-12-16T12:10:00+00:00\",\"dateModified\":\"2025-12-18T03:09:11+00:00\",\"mainEntityOfPage\":{\"@id\":\"https:\/\/www.africa-press.net\/senegal\/sports\/can-2025-castelletto-refuse-convocation-lions-indomptables\"},\"wordCount\":310,\"commentCount\":0,\"image\":{\"@id\":\"https:\/\/www.africa-press.net\/senegal\/sports\/can-2025-castelletto-refuse-convocation-lions-indomptables#primaryimage\"},\"thumbnailUrl\":\"https:\/\/static.africa-press.net\/senegal\/sites\/13\/2025\/12\/sm_1766055109.690366.jpg\",\"keywords\":[\"Senegal\"],\"articleSection\":[\"Sports\",\"Toutes les actualit\u00e9s\"],\"inLanguage\":\"fr-FR\",\"potentialAction\":[{\"@type\":\"CommentAction\",\"name\":\"Comment\",\"target\":[\"https:\/\/www.africa-press.net\/senegal\/sports\/can-2025-castelletto-refuse-convocation-lions-indomptables#respond\"]}]},{\"@type\":\"WebPage\",\"@id\":\"https:\/\/www.africa-press.net\/senegal\/sports\/can-2025-castelletto-refuse-convocation-lions-indomptables\",\"url\":\"https:\/\/www.africa-press.net\/senegal\/sports\/can-2025-castelletto-refuse-convocation-lions-indomptables\",\"name\":\"CAN 2025: Castelletto Refuse Convocation Lions Indomptables - Senegal\",\"isPartOf\":{\"@id\":\"https:\/\/www.africa-press.net\/senegal\/#website\"},\"primaryImageOfPage\":{\"@id\":\"https:\/\/www.africa-press.net\/senegal\/sports\/can-2025-castelletto-refuse-convocation-lions-indomptables#primaryimage\"},\"image\":{\"@id\":\"https:\/\/www.africa-press.net\/senegal\/sports\/can-2025-castelletto-refuse-convocation-lions-indomptables#primaryimage\"},\"thumbnailUrl\":\"https:\/\/static.africa-press.net\/senegal\/sites\/13\/2025\/12\/sm_1766055109.690366.jpg\",\"datePublished\":\"2025-12-16T12:10:00+00:00\",\"dateModified\":\"2025-12-18T03:09:11+00:00\",\"author\":{\"@id\":\"https:\/\/www.africa-press.net\/senegal\/#\/schema\/person\/2b1cf3cd81a31e3cd26889ca66d677f1\"},\"description\":\"Ce n\u2019est pas une blessure, mais un choix. Contrairement a\u0300 la version officielle avance\u0301e ces derniers jours, Jean-Charl ...\",\"breadcrumb\":{\"@id\":\"https:\/\/www.africa-press.net\/senegal\/sports\/can-2025-castelletto-refuse-convocation-lions-indomptables#breadcrumb\"},\"inLanguage\":\"fr-FR\",\"potentialAction\":[{\"@type\":\"ReadAction\",\"target\":[\"https:\/\/www.africa-press.net\/senegal\/sports\/can-2025-castelletto-refuse-convocation-lions-indomptables\"]}]},{\"@type\":\"ImageObject\",\"inLanguage\":\"fr-FR\",\"@id\":\"https:\/\/www.africa-press.net\/senegal\/sports\/can-2025-castelletto-refuse-convocation-lions-indomptables#primaryimage\",\"url\":\"https:\/\/static.africa-press.net\/senegal\/sites\/13\/2025\/12\/sm_1766055109.690366.jpg\",\"contentUrl\":\"https:\/\/static.africa-press.net\/senegal\/sites\/13\/2025\/12\/sm_1766055109.690366.jpg\",\"width\":1200,\"height\":640,\"caption\":\"CAN 2025: Castelletto Refuse Convocation Lions Indomptables\"},{\"@type\":\"BreadcrumbList\",\"@id\":\"https:\/\/www.africa-press.net\/senegal\/sports\/can-2025-castelletto-refuse-convocation-lions-indomptables#breadcrumb\",\"itemListElement\":[{\"@type\":\"ListItem\",\"position\":1,\"name\":\"Accueil\",\"item\":\"https:\/\/www.africa-press.net\/senegal\/\"},{\"@type\":\"ListItem\",\"position\":2,\"name\":\"CAN 2025: Castelletto Refuse Convocation Lions Indomptables\"}]},{\"@type\":\"WebSite\",\"@id\":\"https:\/\/www.africa-press.net\/senegal\/#website\",\"url\":\"https:\/\/www.africa-press.net\/senegal\/\",\"name\":\"Africa Press | Senegal | Homepage\",\"description\":\"Just another Africa News Agency Sites site\",\"potentialAction\":[{\"@type\":\"SearchAction\",\"target\":{\"@type\":\"EntryPoint\",\"urlTemplate\":\"https:\/\/www.africa-press.net\/senegal\/?s={search_term_string}\"},\"query-input\":{\"@type\":\"PropertyValueSpecification\",\"valueRequired\":true,\"valueName\":\"search_term_string\"}}],\"inLanguage\":\"fr-FR\"},{\"@type\":\"Person\",\"@id\":\"https:\/\/www.africa-press.net\/senegal\/#\/schema\/person\/2b1cf3cd81a31e3cd26889ca66d677f1\",\"name\":\"cfeditorfr\",\"url\":\"https:\/\/www.africa-press.net\/senegal\/author\/cfeditorfr\"}]}<\/script>\n<!-- \/ Yoast SEO Premium plugin. -->","yoast_head_json":{"title":"CAN 2025: Castelletto Refuse Convocation Lions Indomptables - Senegal","description":"Ce n\u2019est pas une blessure, mais un choix. Contrairement a\u0300 la version officielle avance\u0301e ces derniers jours, Jean-Charl ...","robots":{"index":"index","follow":"follow","max-snippet":"max-snippet:-1","max-image-preview":"max-image-preview:large","max-video-preview":"max-video-preview:-1"},"canonical":"https:\/\/www.africa-press.net\/senegal\/sports\/can-2025-castelletto-refuse-convocation-lions-indomptables","og_locale":"fr_FR","og_type":"article","og_title":"CAN 2025: Castelletto Refuse Convocation Lions Indomptables","og_description":"Ce n\u2019est pas une blessure, mais un choix. Contrairement a\u0300 la version officielle avance\u0301e ces derniers jours, Jean-Charl ...","og_url":"https:\/\/www.africa-press.net\/senegal\/sports\/can-2025-castelletto-refuse-convocation-lions-indomptables","og_site_name":"Senegal","article_published_time":"2025-12-16T12:10:00+00:00","article_modified_time":"2025-12-18T03:09:11+00:00","og_image":[{"width":1200,"height":640,"url":"https:\/\/static.africa-press.net\/senegal\/sites\/13\/2025\/12\/sm_1766055109.690366.jpg","type":"image\/jpeg"}],"author":"cfeditorfr","twitter_card":"summary_large_image","twitter_misc":{"\u00c9crit par":"cfeditorfr","Dur\u00e9e de lecture estim\u00e9e":"2 minutes"},"schema":{"@context":"https:\/\/schema.org","@graph":[{"@type":"Article","@id":"https:\/\/www.africa-press.net\/senegal\/sports\/can-2025-castelletto-refuse-convocation-lions-indomptables#article","isPartOf":{"@id":"https:\/\/www.africa-press.net\/senegal\/sports\/can-2025-castelletto-refuse-convocation-lions-indomptables"},"author":{"name":"cfeditorfr","@id":"https:\/\/www.africa-press.net\/senegal\/#\/schema\/person\/2b1cf3cd81a31e3cd26889ca66d677f1"},"headline":"CAN 2025: Castelletto Refuse Convocation Lions Indomptables","datePublished":"2025-12-16T12:10:00+00:00","dateModified":"2025-12-18T03:09:11+00:00","mainEntityOfPage":{"@id":"https:\/\/www.africa-press.net\/senegal\/sports\/can-2025-castelletto-refuse-convocation-lions-indomptables"},"wordCount":310,"commentCount":0,"image":{"@id":"https:\/\/www.africa-press.net\/senegal\/sports\/can-2025-castelletto-refuse-convocation-lions-indomptables#primaryimage"},"thumbnailUrl":"https:\/\/static.africa-press.net\/senegal\/sites\/13\/2025\/12\/sm_1766055109.690366.jpg","keywords":["Senegal"],"articleSection":["Sports","Toutes les actualit\u00e9s"],"inLanguage":"fr-FR","potentialAction":[{"@type":"CommentAction","name":"Comment","target":["https:\/\/www.africa-press.net\/senegal\/sports\/can-2025-castelletto-refuse-convocation-lions-indomptables#respond"]}]},{"@type":"WebPage","@id":"https:\/\/www.africa-press.net\/senegal\/sports\/can-2025-castelletto-refuse-convocation-lions-indomptables","url":"https:\/\/www.africa-press.net\/senegal\/sports\/can-2025-castelletto-refuse-convocation-lions-indomptables","name":"CAN 2025: Castelletto Refuse Convocation Lions Indomptables - Senegal","isPartOf":{"@id":"https:\/\/www.africa-press.net\/senegal\/#website"},"primaryImageOfPage":{"@id":"https:\/\/www.africa-press.net\/senegal\/sports\/can-2025-castelletto-refuse-convocation-lions-indomptables#primaryimage"},"image":{"@id":"https:\/\/www.africa-press.net\/senegal\/sports\/can-2025-castelletto-refuse-convocation-lions-indomptables#primaryimage"},"thumbnailUrl":"https:\/\/static.africa-press.net\/senegal\/sites\/13\/2025\/12\/sm_1766055109.690366.jpg","datePublished":"2025-12-16T12:10:00+00:00","dateModified":"2025-12-18T03:09:11+00:00","author":{"@id":"https:\/\/www.africa-press.net\/senegal\/#\/schema\/person\/2b1cf3cd81a31e3cd26889ca66d677f1"},"description":"Ce n\u2019est pas une blessure, mais un choix. Contrairement a\u0300 la version officielle avance\u0301e ces derniers jours, Jean-Charl ...","breadcrumb":{"@id":"https:\/\/www.africa-press.net\/senegal\/sports\/can-2025-castelletto-refuse-convocation-lions-indomptables#breadcrumb"},"inLanguage":"fr-FR","potentialAction":[{"@type":"ReadAction","target":["https:\/\/www.africa-press.net\/senegal\/sports\/can-2025-castelletto-refuse-convocation-lions-indomptables"]}]},{"@type":"ImageObject","inLanguage":"fr-FR","@id":"https:\/\/www.africa-press.net\/senegal\/sports\/can-2025-castelletto-refuse-convocation-lions-indomptables#primaryimage","url":"https:\/\/static.africa-press.net\/senegal\/sites\/13\/2025\/12\/sm_1766055109.690366.jpg","contentUrl":"https:\/\/static.africa-press.net\/senegal\/sites\/13\/2025\/12\/sm_1766055109.690366.jpg","width":1200,"height":640,"caption":"CAN 2025: Castelletto Refuse Convocation Lions Indomptables"},{"@type":"BreadcrumbList","@id":"https:\/\/www.africa-press.net\/senegal\/sports\/can-2025-castelletto-refuse-convocation-lions-indomptables#breadcrumb","itemListElement":[{"@type":"ListItem","position":1,"name":"Accueil","item":"https:\/\/www.africa-press.net\/senegal\/"},{"@type":"ListItem","position":2,"name":"CAN 2025: Castelletto Refuse Convocation Lions Indomptables"}]},{"@type":"WebSite","@id":"https:\/\/www.africa-press.net\/senegal\/#website","url":"https:\/\/www.africa-press.net\/senegal\/","name":"Africa Press | Senegal | Homepage","description":"Just another Africa News Agency Sites site","potentialAction":[{"@type":"SearchAction","target":{"@type":"EntryPoint","urlTemplate":"https:\/\/www.africa-press.net\/senegal\/?s={search_term_string}"},"query-input":{"@type":"PropertyValueSpecification","valueRequired":true,"valueName":"search_term_string"}}],"inLanguage":"fr-FR"},{"@type":"Person","@id":"https:\/\/www.africa-press.net\/senegal\/#\/schema\/person\/2b1cf3cd81a31e3cd26889ca66d677f1","name":"cfeditorfr","url":"https:\/\/www.africa-press.net\/senegal\/author\/cfeditorfr"}]}},"_links":{"self":[{"href":"https:\/\/www.africa-press.net\/senegal\/wp-json\/wp\/v2\/posts\/73525","targetHints":{"allow":["GET"]}}],"collection":[{"href":"https:\/\/www.africa-press.net\/senegal\/wp-json\/wp\/v2\/posts"}],"about":[{"href":"https:\/\/www.africa-press.net\/senegal\/wp-json\/wp\/v2\/types\/post"}],"author":[{"embeddable":true,"href":"https:\/\/www.africa-press.net\/senegal\/wp-json\/wp\/v2\/users\/82"}],"replies":[{"embeddable":true,"href":"https:\/\/www.africa-press.net\/senegal\/wp-json\/wp\/v2\/comments?post=73525"}],"version-history":[{"count":0,"href":"https:\/\/www.africa-press.net\/senegal\/wp-json\/wp\/v2\/posts\/73525\/revisions"}],"wp:featuredmedia":[{"embeddable":true,"href":"https:\/\/www.africa-press.net\/senegal\/wp-json\/wp\/v2\/media\/73524"}],"wp:attachment":[{"href":"https:\/\/www.africa-press.net\/senegal\/wp-json\/wp\/v2\/media?parent=73525"}],"wp:term":[{"taxonomy":"category","embeddable":true,"href":"https:\/\/www.africa-press.net\/senegal\/wp-json\/wp\/v2\/categories?post=73525"},{"taxonomy":"post_tag","embeddable":true,"href":"https:\/\/www.africa-press.net\/senegal\/wp-json\/wp\/v2\/tags?post=73525"}],"curies":[{"name":"wp","href":"https:\/\/api.w.org\/{rel}","templated":true}]}}