{"id":73529,"date":"2025-12-17T14:00:00","date_gmt":"2025-12-17T14:00:00","guid":{"rendered":"https:\/\/www.africa-press.net\/senegal\/politique\/diaspora-senegalaise-annonce-refonte-de-la-gouvernance"},"modified":"2025-12-18T03:18:27","modified_gmt":"2025-12-18T03:18:27","slug":"diaspora-senegalaise-annonce-refonte-de-la-gouvernance","status":"publish","type":"post","link":"https:\/\/www.africa-press.net\/senegal\/politique\/diaspora-senegalaise-annonce-refonte-de-la-gouvernance","title":{"rendered":"Diaspora S\u00e9n\u00e9galaise Annonce Refonte de la Gouvernance"},"content":{"rendered":"<p><span style=\"color: #ff6600\"><strong>Africa-Press &#8211; Senegal. <\/strong><\/span>Le pre\u0301sident de la Re\u0301publique, Bassirou Diomaye Faye, a pose\u0301 un regard lucide et sans de\u0301tour sur les difficulte\u0301s persistantes auxquelles sont confronte\u0301s les Se\u0301ne\u0301galais de l\u2019exte\u0301rieur. Lors d\u2019une rencontre de\u0301die\u0301e a\u0300 la diaspora, le chef de l\u2019E\u0301tat a dresse\u0301 un diagnostic clair et esquisse\u0301 les contours d\u2019une re\u0301forme ambitieuse inscrite dans la vision strate\u0301gique Se\u0301ne\u0301gal 2050 pour une gouvernance plus inclusive et plus efficace.<\/p>\n<p>Parmi les de\u0301fis majeurs identifie\u0301s figurent l\u2019acce\u0300s au logement, le manque d\u2019informations fiables sur les opportunite\u0301s d\u2019investissement, les lenteurs administratives et l\u2019insuffisante proximite\u0301 des services consulaires. Autant de contraintes qui, selon le pre\u0301sident, appellent des re\u0301ponses structurelles et durables.<\/p>\n<p>Sur la question du logement, Bassirou Diomaye Faye a reconnu un enjeu prioritaire ne\u0301cessitant des \u00ab re\u0301ponses adapte\u0301es et durables \u00bb, a\u0300 travers la mise en place de politiques publiques cre\u0301dibles et de me\u0301canismes financiers innovants. Concernant l\u2019administration consulaire, il a annonce\u0301 d\u2019importantes re\u0301formes a\u0300 venir articule\u0301es autour de trois axes: la simplification des de\u0301marches, l\u2019ame\u0301lioration de l\u2019accueil des usagers et une plus grande fiabilite\u0301 des documents de\u0301livre\u0301s.<\/p>\n<p>Le chef de l\u2019E\u0301tat a e\u0301galement insiste\u0301 sur la ne\u0301cessite\u0301 de renforcer la protection et l\u2019assistance des Se\u0301ne\u0301galais vivant a\u0300 l\u2019e\u0301tranger, notamment face aux drames lie\u0301s aux meurtres, aux re\u0301seaux de traite d\u2019e\u0302tres humains ou aux situations de de\u0301tresse consulaire.<\/p>\n<p>\u00ab\u00a0Notre dispositif de protection consulaire et d\u2019accompagnement devra e\u0302tre renforce\u0301 pour assurer un suivi rapproche\u0301 de chaque cas\u00a0\u00bb, a-t-il de\u0301clare\u0301, e\u0301voquant la souffrance des familles souvent laisse\u0301es sans re\u0301ponse pendant de longues pe\u0301riodes.<\/p>\n<p>Le nume\u0301rique et le New Deal technologique ont aussi occupe\u0301 une place centrale dans le discours pre\u0301sidentiel. Pour Bassirou Diomaye Faye, le digital constitue un levier strate\u0301gique pour rapprocher davantage le Se\u0301ne\u0301gal de sa diaspora et valoriser son potentiel.<\/p>\n<p>\u00ab\u00a0Le nume\u0301rique abolit les distances. La diaspora, de\u0301ja\u0300 proche par le c\u0153ur, le devient encore davantage par son engagement concret et permanent au service du pays\u00a0\u00bb, a-t-il souligne\u0301, appelant a\u0300 une mobilisation accrue des compe\u0301tences dans les domaines de l\u2019e\u0301conomie, des sciences, de la technologie et de l\u2019administration.<\/p>\n<p>Enfin, le pre\u0301sident de la Re\u0301publique a rappele\u0301 le lancement d\u2019un programme spe\u0301cial d\u2019accompagnement et de promotion des Se\u0301ne\u0301galais de l\u2019exte\u0301rieur destine\u0301 a\u0300 instaurer une gouvernance inte\u0301gre\u0301e, inclusive et durable en cohe\u0301rence avec les ambitions de Se\u0301ne\u0301gal 2050.<\/p>\n<p>\u00ab\u00a0La diaspora ne doit plus e\u0302tre perc\u0327ue uniquement comme une source de ressources financie\u0300res, mais comme un ve\u0301ritable partenaire strate\u0301gique dans la construction de notre avenir commun\u00a0\u00bb, a conclu Bassirou Diomaye Faye, plaidant pour une meilleure e\u0301coute, une repre\u0301sentation renforce\u0301e et un accompagnement adapte\u0301 aux re\u0301alite\u0301s des Se\u0301ne\u0301galais de l\u2019exte\u0301rieur.<\/p>\n<p><strong>Pour plus d&rsquo;informations et d&rsquo;analyses sur la <span style=\"color: #ff6600\">Senegal<\/span>, suivez <span style=\"color: #ff6600\">Africa-Press<\/span><\/strong><\/p>\n","protected":false},"excerpt":{"rendered":"<p>Africa-Press &#8211; Senegal. Le pre\u0301sident de la Re\u0301publique, Bassirou Diomaye Faye, a pose\u0301 un regard lucide et sans de\u0301tour sur les difficulte\u0301s persistantes auxquelles sont confronte\u0301s les Se\u0301ne\u0301galais de l\u2019exte\u0301rieur. Lors d\u2019une rencontre de\u0301die\u0301e a\u0300 la diaspora, le chef de l\u2019E\u0301tat a dresse\u0301 un diagnostic clair et esquisse\u0301 les contours d\u2019une re\u0301forme ambitieuse inscrite dans [&hellip;]<\/p>\n","protected":false},"author":82,"featured_media":73528,"comment_status":"open","ping_status":"closed","sticky":false,"template":"","format":"standard","meta":{"footnotes":""},"categories":[2,20,10],"tags":[44],"class_list":["post-73529","post","type-post","status-publish","format-standard","has-post-thumbnail","hentry","category-politique","category-top-nouvelles","category-toutes-les-actualites","tag-senegal-2"],"yoast_head":"<!-- This site is optimized with the Yoast SEO Premium plugin v26.1 (Yoast SEO v27.0) - https:\/\/yoast.com\/product\/yoast-seo-premium-wordpress\/ -->\n<title>Diaspora S\u00e9n\u00e9galaise Annonce Refonte de la Gouvernance - Senegal<\/title>\n<meta name=\"description\" content=\"Le pre\u0301sident de la Re\u0301publique, Bassirou Diomaye Faye, a pose\u0301 un regard lucide et sans de\u0301tour sur les difficulte\u0301s pe ...\" \/>\n<meta name=\"robots\" content=\"index, follow, max-snippet:-1, max-image-preview:large, max-video-preview:-1\" \/>\n<link rel=\"canonical\" href=\"https:\/\/www.africa-press.net\/senegal\/politique\/diaspora-senegalaise-annonce-refonte-de-la-gouvernance\" \/>\n<meta property=\"og:locale\" content=\"fr_FR\" \/>\n<meta property=\"og:type\" content=\"article\" \/>\n<meta property=\"og:title\" content=\"Diaspora S\u00e9n\u00e9galaise Annonce Refonte de la Gouvernance\" \/>\n<meta property=\"og:description\" content=\"Le pre\u0301sident de la Re\u0301publique, Bassirou Diomaye Faye, a pose\u0301 un regard lucide et sans de\u0301tour sur les difficulte\u0301s pe ...\" \/>\n<meta property=\"og:url\" content=\"https:\/\/www.africa-press.net\/senegal\/politique\/diaspora-senegalaise-annonce-refonte-de-la-gouvernance\" \/>\n<meta property=\"og:site_name\" content=\"Senegal\" \/>\n<meta property=\"article:published_time\" content=\"2025-12-17T14:00:00+00:00\" \/>\n<meta property=\"article:modified_time\" content=\"2025-12-18T03:18:27+00:00\" \/>\n<meta property=\"og:image\" content=\"https:\/\/static.africa-press.net\/senegal\/sites\/13\/2025\/12\/sm_1766055830.109015.jpg\" \/>\n\t<meta property=\"og:image:width\" content=\"1280\" \/>\n\t<meta property=\"og:image:height\" content=\"720\" \/>\n\t<meta property=\"og:image:type\" content=\"image\/jpeg\" \/>\n<meta name=\"author\" content=\"cfeditorfr\" \/>\n<meta name=\"twitter:card\" content=\"summary_large_image\" \/>\n<meta name=\"twitter:label1\" content=\"\u00c9crit par\" \/>\n\t<meta name=\"twitter:data1\" content=\"cfeditorfr\" \/>\n\t<meta name=\"twitter:label2\" content=\"Dur\u00e9e de lecture estim\u00e9e\" \/>\n\t<meta name=\"twitter:data2\" content=\"3 minutes\" \/>\n<script type=\"application\/ld+json\" class=\"yoast-schema-graph\">{\"@context\":\"https:\/\/schema.org\",\"@graph\":[{\"@type\":\"Article\",\"@id\":\"https:\/\/www.africa-press.net\/senegal\/politique\/diaspora-senegalaise-annonce-refonte-de-la-gouvernance#article\",\"isPartOf\":{\"@id\":\"https:\/\/www.africa-press.net\/senegal\/politique\/diaspora-senegalaise-annonce-refonte-de-la-gouvernance\"},\"author\":{\"name\":\"cfeditorfr\",\"@id\":\"https:\/\/www.africa-press.net\/senegal\/#\/schema\/person\/2b1cf3cd81a31e3cd26889ca66d677f1\"},\"headline\":\"Diaspora S\u00e9n\u00e9galaise Annonce Refonte de la Gouvernance\",\"datePublished\":\"2025-12-17T14:00:00+00:00\",\"dateModified\":\"2025-12-18T03:18:27+00:00\",\"mainEntityOfPage\":{\"@id\":\"https:\/\/www.africa-press.net\/senegal\/politique\/diaspora-senegalaise-annonce-refonte-de-la-gouvernance\"},\"wordCount\":545,\"commentCount\":0,\"image\":{\"@id\":\"https:\/\/www.africa-press.net\/senegal\/politique\/diaspora-senegalaise-annonce-refonte-de-la-gouvernance#primaryimage\"},\"thumbnailUrl\":\"https:\/\/static.africa-press.net\/senegal\/sites\/13\/2025\/12\/sm_1766055830.109015.jpg\",\"keywords\":[\"Senegal\"],\"articleSection\":[\"Politique\",\"Top Nouvelles\",\"Toutes les actualit\u00e9s\"],\"inLanguage\":\"fr-FR\",\"potentialAction\":[{\"@type\":\"CommentAction\",\"name\":\"Comment\",\"target\":[\"https:\/\/www.africa-press.net\/senegal\/politique\/diaspora-senegalaise-annonce-refonte-de-la-gouvernance#respond\"]}]},{\"@type\":\"WebPage\",\"@id\":\"https:\/\/www.africa-press.net\/senegal\/politique\/diaspora-senegalaise-annonce-refonte-de-la-gouvernance\",\"url\":\"https:\/\/www.africa-press.net\/senegal\/politique\/diaspora-senegalaise-annonce-refonte-de-la-gouvernance\",\"name\":\"Diaspora S\u00e9n\u00e9galaise Annonce Refonte de la Gouvernance - Senegal\",\"isPartOf\":{\"@id\":\"https:\/\/www.africa-press.net\/senegal\/#website\"},\"primaryImageOfPage\":{\"@id\":\"https:\/\/www.africa-press.net\/senegal\/politique\/diaspora-senegalaise-annonce-refonte-de-la-gouvernance#primaryimage\"},\"image\":{\"@id\":\"https:\/\/www.africa-press.net\/senegal\/politique\/diaspora-senegalaise-annonce-refonte-de-la-gouvernance#primaryimage\"},\"thumbnailUrl\":\"https:\/\/static.africa-press.net\/senegal\/sites\/13\/2025\/12\/sm_1766055830.109015.jpg\",\"datePublished\":\"2025-12-17T14:00:00+00:00\",\"dateModified\":\"2025-12-18T03:18:27+00:00\",\"author\":{\"@id\":\"https:\/\/www.africa-press.net\/senegal\/#\/schema\/person\/2b1cf3cd81a31e3cd26889ca66d677f1\"},\"description\":\"Le pre\u0301sident de la Re\u0301publique, Bassirou Diomaye Faye, a pose\u0301 un regard lucide et sans de\u0301tour sur les difficulte\u0301s pe ...\",\"breadcrumb\":{\"@id\":\"https:\/\/www.africa-press.net\/senegal\/politique\/diaspora-senegalaise-annonce-refonte-de-la-gouvernance#breadcrumb\"},\"inLanguage\":\"fr-FR\",\"potentialAction\":[{\"@type\":\"ReadAction\",\"target\":[\"https:\/\/www.africa-press.net\/senegal\/politique\/diaspora-senegalaise-annonce-refonte-de-la-gouvernance\"]}]},{\"@type\":\"ImageObject\",\"inLanguage\":\"fr-FR\",\"@id\":\"https:\/\/www.africa-press.net\/senegal\/politique\/diaspora-senegalaise-annonce-refonte-de-la-gouvernance#primaryimage\",\"url\":\"https:\/\/static.africa-press.net\/senegal\/sites\/13\/2025\/12\/sm_1766055830.109015.jpg\",\"contentUrl\":\"https:\/\/static.africa-press.net\/senegal\/sites\/13\/2025\/12\/sm_1766055830.109015.jpg\",\"width\":1280,\"height\":720,\"caption\":\"Diaspora S\u00e9n\u00e9galaise Annonce Refonte de la Gouvernance\"},{\"@type\":\"BreadcrumbList\",\"@id\":\"https:\/\/www.africa-press.net\/senegal\/politique\/diaspora-senegalaise-annonce-refonte-de-la-gouvernance#breadcrumb\",\"itemListElement\":[{\"@type\":\"ListItem\",\"position\":1,\"name\":\"Accueil\",\"item\":\"https:\/\/www.africa-press.net\/senegal\/\"},{\"@type\":\"ListItem\",\"position\":2,\"name\":\"Diaspora S\u00e9n\u00e9galaise Annonce Refonte de la Gouvernance\"}]},{\"@type\":\"WebSite\",\"@id\":\"https:\/\/www.africa-press.net\/senegal\/#website\",\"url\":\"https:\/\/www.africa-press.net\/senegal\/\",\"name\":\"Africa Press | Senegal | Homepage\",\"description\":\"Just another Africa News Agency Sites site\",\"potentialAction\":[{\"@type\":\"SearchAction\",\"target\":{\"@type\":\"EntryPoint\",\"urlTemplate\":\"https:\/\/www.africa-press.net\/senegal\/?s={search_term_string}\"},\"query-input\":{\"@type\":\"PropertyValueSpecification\",\"valueRequired\":true,\"valueName\":\"search_term_string\"}}],\"inLanguage\":\"fr-FR\"},{\"@type\":\"Person\",\"@id\":\"https:\/\/www.africa-press.net\/senegal\/#\/schema\/person\/2b1cf3cd81a31e3cd26889ca66d677f1\",\"name\":\"cfeditorfr\",\"url\":\"https:\/\/www.africa-press.net\/senegal\/author\/cfeditorfr\"}]}<\/script>\n<!-- \/ Yoast SEO Premium plugin. -->","yoast_head_json":{"title":"Diaspora S\u00e9n\u00e9galaise Annonce Refonte de la Gouvernance - Senegal","description":"Le pre\u0301sident de la Re\u0301publique, Bassirou Diomaye Faye, a pose\u0301 un regard lucide et sans de\u0301tour sur les difficulte\u0301s pe ...","robots":{"index":"index","follow":"follow","max-snippet":"max-snippet:-1","max-image-preview":"max-image-preview:large","max-video-preview":"max-video-preview:-1"},"canonical":"https:\/\/www.africa-press.net\/senegal\/politique\/diaspora-senegalaise-annonce-refonte-de-la-gouvernance","og_locale":"fr_FR","og_type":"article","og_title":"Diaspora S\u00e9n\u00e9galaise Annonce Refonte de la Gouvernance","og_description":"Le pre\u0301sident de la Re\u0301publique, Bassirou Diomaye Faye, a pose\u0301 un regard lucide et sans de\u0301tour sur les difficulte\u0301s pe ...","og_url":"https:\/\/www.africa-press.net\/senegal\/politique\/diaspora-senegalaise-annonce-refonte-de-la-gouvernance","og_site_name":"Senegal","article_published_time":"2025-12-17T14:00:00+00:00","article_modified_time":"2025-12-18T03:18:27+00:00","og_image":[{"width":1280,"height":720,"url":"https:\/\/static.africa-press.net\/senegal\/sites\/13\/2025\/12\/sm_1766055830.109015.jpg","type":"image\/jpeg"}],"author":"cfeditorfr","twitter_card":"summary_large_image","twitter_misc":{"\u00c9crit par":"cfeditorfr","Dur\u00e9e de lecture estim\u00e9e":"3 minutes"},"schema":{"@context":"https:\/\/schema.org","@graph":[{"@type":"Article","@id":"https:\/\/www.africa-press.net\/senegal\/politique\/diaspora-senegalaise-annonce-refonte-de-la-gouvernance#article","isPartOf":{"@id":"https:\/\/www.africa-press.net\/senegal\/politique\/diaspora-senegalaise-annonce-refonte-de-la-gouvernance"},"author":{"name":"cfeditorfr","@id":"https:\/\/www.africa-press.net\/senegal\/#\/schema\/person\/2b1cf3cd81a31e3cd26889ca66d677f1"},"headline":"Diaspora S\u00e9n\u00e9galaise Annonce Refonte de la Gouvernance","datePublished":"2025-12-17T14:00:00+00:00","dateModified":"2025-12-18T03:18:27+00:00","mainEntityOfPage":{"@id":"https:\/\/www.africa-press.net\/senegal\/politique\/diaspora-senegalaise-annonce-refonte-de-la-gouvernance"},"wordCount":545,"commentCount":0,"image":{"@id":"https:\/\/www.africa-press.net\/senegal\/politique\/diaspora-senegalaise-annonce-refonte-de-la-gouvernance#primaryimage"},"thumbnailUrl":"https:\/\/static.africa-press.net\/senegal\/sites\/13\/2025\/12\/sm_1766055830.109015.jpg","keywords":["Senegal"],"articleSection":["Politique","Top Nouvelles","Toutes les actualit\u00e9s"],"inLanguage":"fr-FR","potentialAction":[{"@type":"CommentAction","name":"Comment","target":["https:\/\/www.africa-press.net\/senegal\/politique\/diaspora-senegalaise-annonce-refonte-de-la-gouvernance#respond"]}]},{"@type":"WebPage","@id":"https:\/\/www.africa-press.net\/senegal\/politique\/diaspora-senegalaise-annonce-refonte-de-la-gouvernance","url":"https:\/\/www.africa-press.net\/senegal\/politique\/diaspora-senegalaise-annonce-refonte-de-la-gouvernance","name":"Diaspora S\u00e9n\u00e9galaise Annonce Refonte de la Gouvernance - Senegal","isPartOf":{"@id":"https:\/\/www.africa-press.net\/senegal\/#website"},"primaryImageOfPage":{"@id":"https:\/\/www.africa-press.net\/senegal\/politique\/diaspora-senegalaise-annonce-refonte-de-la-gouvernance#primaryimage"},"image":{"@id":"https:\/\/www.africa-press.net\/senegal\/politique\/diaspora-senegalaise-annonce-refonte-de-la-gouvernance#primaryimage"},"thumbnailUrl":"https:\/\/static.africa-press.net\/senegal\/sites\/13\/2025\/12\/sm_1766055830.109015.jpg","datePublished":"2025-12-17T14:00:00+00:00","dateModified":"2025-12-18T03:18:27+00:00","author":{"@id":"https:\/\/www.africa-press.net\/senegal\/#\/schema\/person\/2b1cf3cd81a31e3cd26889ca66d677f1"},"description":"Le pre\u0301sident de la Re\u0301publique, Bassirou Diomaye Faye, a pose\u0301 un regard lucide et sans de\u0301tour sur les difficulte\u0301s pe ...","breadcrumb":{"@id":"https:\/\/www.africa-press.net\/senegal\/politique\/diaspora-senegalaise-annonce-refonte-de-la-gouvernance#breadcrumb"},"inLanguage":"fr-FR","potentialAction":[{"@type":"ReadAction","target":["https:\/\/www.africa-press.net\/senegal\/politique\/diaspora-senegalaise-annonce-refonte-de-la-gouvernance"]}]},{"@type":"ImageObject","inLanguage":"fr-FR","@id":"https:\/\/www.africa-press.net\/senegal\/politique\/diaspora-senegalaise-annonce-refonte-de-la-gouvernance#primaryimage","url":"https:\/\/static.africa-press.net\/senegal\/sites\/13\/2025\/12\/sm_1766055830.109015.jpg","contentUrl":"https:\/\/static.africa-press.net\/senegal\/sites\/13\/2025\/12\/sm_1766055830.109015.jpg","width":1280,"height":720,"caption":"Diaspora S\u00e9n\u00e9galaise Annonce Refonte de la Gouvernance"},{"@type":"BreadcrumbList","@id":"https:\/\/www.africa-press.net\/senegal\/politique\/diaspora-senegalaise-annonce-refonte-de-la-gouvernance#breadcrumb","itemListElement":[{"@type":"ListItem","position":1,"name":"Accueil","item":"https:\/\/www.africa-press.net\/senegal\/"},{"@type":"ListItem","position":2,"name":"Diaspora S\u00e9n\u00e9galaise Annonce Refonte de la Gouvernance"}]},{"@type":"WebSite","@id":"https:\/\/www.africa-press.net\/senegal\/#website","url":"https:\/\/www.africa-press.net\/senegal\/","name":"Africa Press | Senegal | Homepage","description":"Just another Africa News Agency Sites site","potentialAction":[{"@type":"SearchAction","target":{"@type":"EntryPoint","urlTemplate":"https:\/\/www.africa-press.net\/senegal\/?s={search_term_string}"},"query-input":{"@type":"PropertyValueSpecification","valueRequired":true,"valueName":"search_term_string"}}],"inLanguage":"fr-FR"},{"@type":"Person","@id":"https:\/\/www.africa-press.net\/senegal\/#\/schema\/person\/2b1cf3cd81a31e3cd26889ca66d677f1","name":"cfeditorfr","url":"https:\/\/www.africa-press.net\/senegal\/author\/cfeditorfr"}]}},"_links":{"self":[{"href":"https:\/\/www.africa-press.net\/senegal\/wp-json\/wp\/v2\/posts\/73529","targetHints":{"allow":["GET"]}}],"collection":[{"href":"https:\/\/www.africa-press.net\/senegal\/wp-json\/wp\/v2\/posts"}],"about":[{"href":"https:\/\/www.africa-press.net\/senegal\/wp-json\/wp\/v2\/types\/post"}],"author":[{"embeddable":true,"href":"https:\/\/www.africa-press.net\/senegal\/wp-json\/wp\/v2\/users\/82"}],"replies":[{"embeddable":true,"href":"https:\/\/www.africa-press.net\/senegal\/wp-json\/wp\/v2\/comments?post=73529"}],"version-history":[{"count":0,"href":"https:\/\/www.africa-press.net\/senegal\/wp-json\/wp\/v2\/posts\/73529\/revisions"}],"wp:featuredmedia":[{"embeddable":true,"href":"https:\/\/www.africa-press.net\/senegal\/wp-json\/wp\/v2\/media\/73528"}],"wp:attachment":[{"href":"https:\/\/www.africa-press.net\/senegal\/wp-json\/wp\/v2\/media?parent=73529"}],"wp:term":[{"taxonomy":"category","embeddable":true,"href":"https:\/\/www.africa-press.net\/senegal\/wp-json\/wp\/v2\/categories?post=73529"},{"taxonomy":"post_tag","embeddable":true,"href":"https:\/\/www.africa-press.net\/senegal\/wp-json\/wp\/v2\/tags?post=73529"}],"curies":[{"name":"wp","href":"https:\/\/api.w.org\/{rel}","templated":true}]}}