{"id":73534,"date":"2025-12-17T13:50:00","date_gmt":"2025-12-17T13:50:00","guid":{"rendered":"https:\/\/www.africa-press.net\/senegal\/politique\/altercation-mortelle-entre-pastefien-et-nationaliste"},"modified":"2025-12-18T03:22:24","modified_gmt":"2025-12-18T03:22:24","slug":"altercation-mortelle-entre-pastefien-et-nationaliste","status":"publish","type":"post","link":"https:\/\/www.africa-press.net\/senegal\/parties\/altercation-mortelle-entre-pastefien-et-nationaliste","title":{"rendered":"Altercation Mortelle entre Pastefien et Nationaliste"},"content":{"rendered":"<p><span style=\"color: #ff6600\"><strong>Africa-Press &#8211; Senegal. <\/strong><\/span>En France, l\u2019altercation entre un partisan de Pastef, Baba Abdoulaye Diop, et un individu pre\u0301sente\u0301 comme membre du Parti \u00abJel linu Moom\/Les nationalistes\u00bb, s\u2019est solde\u0301e par la mort du premier nomme\u0301. Le Pre\u0301sident de la formation politique, Tahirou Sarr, vient de re\u0301agir: \u00abRien ! Ni opinion, ni origine re\u0301elle ou suppose\u0301e, ne peut justifier qu&rsquo;un Se\u0301ne\u0301galais o\u0302te la vie a\u0300 un autre\u00bb, indique-t-il dans un communique\u0301 de presse portant sa signature.<\/p>\n<p>Pre\u0301sentant ses condole\u0301ances a\u0300 la famille de la victime, M. Sarr et ses hommes indiquent, cependant, que celui qui aurait o\u0302te\u0301 la vie a\u0300 Baba Abdoulaye Diop n\u2019est pas des leurs: \u00abNous tenons a\u0300 pre\u0301ciser, de manie\u0300re claire et responsable, que l&rsquo;individu mis en cause dans cette affaire n&rsquo;est ni membre de notre parti, ni de\u0301tenteur d&rsquo;une carte de militant, ni connu de nos instances dirigeantes.\u00bb<\/p>\n<p>Tahirou Sarr de\u0301clare qu\u2019aucun des membres de son parti ne saurait participer a\u0300 une discussion, un live, ou \u00abune campagne de soutien a\u0300 un meurtrier, ni appeler a\u0300 la violence, ni ce\u0301le\u0301brer l&rsquo;effusion de sang\u00bb. \u00abCela est contraire a\u0300 nos valeurs, a\u0300 notre e\u0301thique et a\u0300 notre engagement citoyen\u00bb, dit-il.<\/p>\n<p>Ainsi, pour le chef de file des \u00abnationalistes\u00bb, toute tentative d&rsquo;amalgame entre cette trage\u0301die, leur ide\u0301ologie, rele\u0300ve d&rsquo;une confusion pre\u0301judiciable au de\u0301bat public. \u00abNous faisons confiance a\u0300 la justice franc\u0327aise pour e\u0301tablir les faits et les responsabilite\u0301s\u00bb, indique-t-il.<\/p>\n<p><strong>Pour plus d&rsquo;informations et d&rsquo;analyses sur la <span style=\"color: #ff6600\">Senegal<\/span>, suivez <span style=\"color: #ff6600\">Africa-Press<\/span><\/strong><\/p>\n","protected":false},"excerpt":{"rendered":"<p>Africa-Press &#8211; Senegal. En France, l\u2019altercation entre un partisan de Pastef, Baba Abdoulaye Diop, et un individu pre\u0301sente\u0301 comme membre du Parti \u00abJel linu Moom\/Les nationalistes\u00bb, s\u2019est solde\u0301e par la mort du premier nomme\u0301. Le Pre\u0301sident de la formation politique, Tahirou Sarr, vient de re\u0301agir: \u00abRien ! Ni opinion, ni origine re\u0301elle ou suppose\u0301e, ne [&hellip;]<\/p>\n","protected":false},"author":82,"featured_media":73533,"comment_status":"open","ping_status":"closed","sticky":false,"template":"","format":"standard","meta":{"footnotes":""},"categories":[4,20,10],"tags":[44],"class_list":["post-73534","post","type-post","status-publish","format-standard","has-post-thumbnail","hentry","category-parties","category-top-nouvelles","category-toutes-les-actualites","tag-senegal-2"],"yoast_head":"<!-- This site is optimized with the Yoast SEO Premium plugin v26.1 (Yoast SEO v27.0) - https:\/\/yoast.com\/product\/yoast-seo-premium-wordpress\/ -->\n<title>Altercation Mortelle entre Pastefien et Nationaliste - Senegal<\/title>\n<meta name=\"description\" content=\"En France, l\u2019altercation entre un partisan de Pastef, Baba Abdoulaye Diop, et un individu pre\u0301sente\u0301 comme membre du Par ...\" \/>\n<meta name=\"robots\" content=\"index, follow, max-snippet:-1, max-image-preview:large, max-video-preview:-1\" \/>\n<link rel=\"canonical\" href=\"https:\/\/www.africa-press.net\/senegal\/parties\/altercation-mortelle-entre-pastefien-et-nationaliste\" \/>\n<meta property=\"og:locale\" content=\"fr_FR\" \/>\n<meta property=\"og:type\" content=\"article\" \/>\n<meta property=\"og:title\" content=\"Altercation Mortelle entre Pastefien et Nationaliste\" \/>\n<meta property=\"og:description\" content=\"En France, l\u2019altercation entre un partisan de Pastef, Baba Abdoulaye Diop, et un individu pre\u0301sente\u0301 comme membre du Par ...\" \/>\n<meta property=\"og:url\" content=\"https:\/\/www.africa-press.net\/senegal\/parties\/altercation-mortelle-entre-pastefien-et-nationaliste\" \/>\n<meta property=\"og:site_name\" content=\"Senegal\" \/>\n<meta property=\"article:published_time\" content=\"2025-12-17T13:50:00+00:00\" \/>\n<meta property=\"article:modified_time\" content=\"2025-12-18T03:22:24+00:00\" \/>\n<meta property=\"og:image\" content=\"https:\/\/static.africa-press.net\/senegal\/sites\/13\/2025\/12\/sm_1766056498.793039.jpg\" \/>\n\t<meta property=\"og:image:width\" content=\"1280\" \/>\n\t<meta property=\"og:image:height\" content=\"720\" \/>\n\t<meta property=\"og:image:type\" content=\"image\/jpeg\" \/>\n<meta name=\"author\" content=\"cfeditorfr\" \/>\n<meta name=\"twitter:card\" content=\"summary_large_image\" \/>\n<meta name=\"twitter:label1\" content=\"\u00c9crit par\" \/>\n\t<meta name=\"twitter:data1\" content=\"cfeditorfr\" \/>\n\t<meta name=\"twitter:label2\" content=\"Dur\u00e9e de lecture estim\u00e9e\" \/>\n\t<meta name=\"twitter:data2\" content=\"1 minute\" \/>\n<script type=\"application\/ld+json\" class=\"yoast-schema-graph\">{\"@context\":\"https:\/\/schema.org\",\"@graph\":[{\"@type\":\"Article\",\"@id\":\"https:\/\/www.africa-press.net\/senegal\/parties\/altercation-mortelle-entre-pastefien-et-nationaliste#article\",\"isPartOf\":{\"@id\":\"https:\/\/www.africa-press.net\/senegal\/parties\/altercation-mortelle-entre-pastefien-et-nationaliste\"},\"author\":{\"name\":\"cfeditorfr\",\"@id\":\"https:\/\/www.africa-press.net\/senegal\/#\/schema\/person\/2b1cf3cd81a31e3cd26889ca66d677f1\"},\"headline\":\"Altercation Mortelle entre Pastefien et Nationaliste\",\"datePublished\":\"2025-12-17T13:50:00+00:00\",\"dateModified\":\"2025-12-18T03:22:24+00:00\",\"mainEntityOfPage\":{\"@id\":\"https:\/\/www.africa-press.net\/senegal\/parties\/altercation-mortelle-entre-pastefien-et-nationaliste\"},\"wordCount\":284,\"commentCount\":0,\"image\":{\"@id\":\"https:\/\/www.africa-press.net\/senegal\/parties\/altercation-mortelle-entre-pastefien-et-nationaliste#primaryimage\"},\"thumbnailUrl\":\"https:\/\/static.africa-press.net\/senegal\/sites\/13\/2025\/12\/sm_1766056498.793039.jpg\",\"keywords\":[\"Senegal\"],\"articleSection\":[\"Parties\",\"Top Nouvelles\",\"Toutes les actualit\u00e9s\"],\"inLanguage\":\"fr-FR\",\"potentialAction\":[{\"@type\":\"CommentAction\",\"name\":\"Comment\",\"target\":[\"https:\/\/www.africa-press.net\/senegal\/parties\/altercation-mortelle-entre-pastefien-et-nationaliste#respond\"]}]},{\"@type\":\"WebPage\",\"@id\":\"https:\/\/www.africa-press.net\/senegal\/parties\/altercation-mortelle-entre-pastefien-et-nationaliste\",\"url\":\"https:\/\/www.africa-press.net\/senegal\/parties\/altercation-mortelle-entre-pastefien-et-nationaliste\",\"name\":\"Altercation Mortelle entre Pastefien et Nationaliste - Senegal\",\"isPartOf\":{\"@id\":\"https:\/\/www.africa-press.net\/senegal\/#website\"},\"primaryImageOfPage\":{\"@id\":\"https:\/\/www.africa-press.net\/senegal\/parties\/altercation-mortelle-entre-pastefien-et-nationaliste#primaryimage\"},\"image\":{\"@id\":\"https:\/\/www.africa-press.net\/senegal\/parties\/altercation-mortelle-entre-pastefien-et-nationaliste#primaryimage\"},\"thumbnailUrl\":\"https:\/\/static.africa-press.net\/senegal\/sites\/13\/2025\/12\/sm_1766056498.793039.jpg\",\"datePublished\":\"2025-12-17T13:50:00+00:00\",\"dateModified\":\"2025-12-18T03:22:24+00:00\",\"author\":{\"@id\":\"https:\/\/www.africa-press.net\/senegal\/#\/schema\/person\/2b1cf3cd81a31e3cd26889ca66d677f1\"},\"description\":\"En France, l\u2019altercation entre un partisan de Pastef, Baba Abdoulaye Diop, et un individu pre\u0301sente\u0301 comme membre du Par ...\",\"breadcrumb\":{\"@id\":\"https:\/\/www.africa-press.net\/senegal\/parties\/altercation-mortelle-entre-pastefien-et-nationaliste#breadcrumb\"},\"inLanguage\":\"fr-FR\",\"potentialAction\":[{\"@type\":\"ReadAction\",\"target\":[\"https:\/\/www.africa-press.net\/senegal\/parties\/altercation-mortelle-entre-pastefien-et-nationaliste\"]}]},{\"@type\":\"ImageObject\",\"inLanguage\":\"fr-FR\",\"@id\":\"https:\/\/www.africa-press.net\/senegal\/parties\/altercation-mortelle-entre-pastefien-et-nationaliste#primaryimage\",\"url\":\"https:\/\/static.africa-press.net\/senegal\/sites\/13\/2025\/12\/sm_1766056498.793039.jpg\",\"contentUrl\":\"https:\/\/static.africa-press.net\/senegal\/sites\/13\/2025\/12\/sm_1766056498.793039.jpg\",\"width\":1280,\"height\":720,\"caption\":\"Altercation Mortelle entre Pastefien et Nationaliste\"},{\"@type\":\"BreadcrumbList\",\"@id\":\"https:\/\/www.africa-press.net\/senegal\/parties\/altercation-mortelle-entre-pastefien-et-nationaliste#breadcrumb\",\"itemListElement\":[{\"@type\":\"ListItem\",\"position\":1,\"name\":\"Accueil\",\"item\":\"https:\/\/www.africa-press.net\/senegal\/\"},{\"@type\":\"ListItem\",\"position\":2,\"name\":\"Altercation Mortelle entre Pastefien et Nationaliste\"}]},{\"@type\":\"WebSite\",\"@id\":\"https:\/\/www.africa-press.net\/senegal\/#website\",\"url\":\"https:\/\/www.africa-press.net\/senegal\/\",\"name\":\"Africa Press | Senegal | Homepage\",\"description\":\"Just another Africa News Agency Sites site\",\"potentialAction\":[{\"@type\":\"SearchAction\",\"target\":{\"@type\":\"EntryPoint\",\"urlTemplate\":\"https:\/\/www.africa-press.net\/senegal\/?s={search_term_string}\"},\"query-input\":{\"@type\":\"PropertyValueSpecification\",\"valueRequired\":true,\"valueName\":\"search_term_string\"}}],\"inLanguage\":\"fr-FR\"},{\"@type\":\"Person\",\"@id\":\"https:\/\/www.africa-press.net\/senegal\/#\/schema\/person\/2b1cf3cd81a31e3cd26889ca66d677f1\",\"name\":\"cfeditorfr\",\"url\":\"https:\/\/www.africa-press.net\/senegal\/author\/cfeditorfr\"}]}<\/script>\n<!-- \/ Yoast SEO Premium plugin. -->","yoast_head_json":{"title":"Altercation Mortelle entre Pastefien et Nationaliste - Senegal","description":"En France, l\u2019altercation entre un partisan de Pastef, Baba Abdoulaye Diop, et un individu pre\u0301sente\u0301 comme membre du Par ...","robots":{"index":"index","follow":"follow","max-snippet":"max-snippet:-1","max-image-preview":"max-image-preview:large","max-video-preview":"max-video-preview:-1"},"canonical":"https:\/\/www.africa-press.net\/senegal\/parties\/altercation-mortelle-entre-pastefien-et-nationaliste","og_locale":"fr_FR","og_type":"article","og_title":"Altercation Mortelle entre Pastefien et Nationaliste","og_description":"En France, l\u2019altercation entre un partisan de Pastef, Baba Abdoulaye Diop, et un individu pre\u0301sente\u0301 comme membre du Par ...","og_url":"https:\/\/www.africa-press.net\/senegal\/parties\/altercation-mortelle-entre-pastefien-et-nationaliste","og_site_name":"Senegal","article_published_time":"2025-12-17T13:50:00+00:00","article_modified_time":"2025-12-18T03:22:24+00:00","og_image":[{"width":1280,"height":720,"url":"https:\/\/static.africa-press.net\/senegal\/sites\/13\/2025\/12\/sm_1766056498.793039.jpg","type":"image\/jpeg"}],"author":"cfeditorfr","twitter_card":"summary_large_image","twitter_misc":{"\u00c9crit par":"cfeditorfr","Dur\u00e9e de lecture estim\u00e9e":"1 minute"},"schema":{"@context":"https:\/\/schema.org","@graph":[{"@type":"Article","@id":"https:\/\/www.africa-press.net\/senegal\/parties\/altercation-mortelle-entre-pastefien-et-nationaliste#article","isPartOf":{"@id":"https:\/\/www.africa-press.net\/senegal\/parties\/altercation-mortelle-entre-pastefien-et-nationaliste"},"author":{"name":"cfeditorfr","@id":"https:\/\/www.africa-press.net\/senegal\/#\/schema\/person\/2b1cf3cd81a31e3cd26889ca66d677f1"},"headline":"Altercation Mortelle entre Pastefien et Nationaliste","datePublished":"2025-12-17T13:50:00+00:00","dateModified":"2025-12-18T03:22:24+00:00","mainEntityOfPage":{"@id":"https:\/\/www.africa-press.net\/senegal\/parties\/altercation-mortelle-entre-pastefien-et-nationaliste"},"wordCount":284,"commentCount":0,"image":{"@id":"https:\/\/www.africa-press.net\/senegal\/parties\/altercation-mortelle-entre-pastefien-et-nationaliste#primaryimage"},"thumbnailUrl":"https:\/\/static.africa-press.net\/senegal\/sites\/13\/2025\/12\/sm_1766056498.793039.jpg","keywords":["Senegal"],"articleSection":["Parties","Top Nouvelles","Toutes les actualit\u00e9s"],"inLanguage":"fr-FR","potentialAction":[{"@type":"CommentAction","name":"Comment","target":["https:\/\/www.africa-press.net\/senegal\/parties\/altercation-mortelle-entre-pastefien-et-nationaliste#respond"]}]},{"@type":"WebPage","@id":"https:\/\/www.africa-press.net\/senegal\/parties\/altercation-mortelle-entre-pastefien-et-nationaliste","url":"https:\/\/www.africa-press.net\/senegal\/parties\/altercation-mortelle-entre-pastefien-et-nationaliste","name":"Altercation Mortelle entre Pastefien et Nationaliste - Senegal","isPartOf":{"@id":"https:\/\/www.africa-press.net\/senegal\/#website"},"primaryImageOfPage":{"@id":"https:\/\/www.africa-press.net\/senegal\/parties\/altercation-mortelle-entre-pastefien-et-nationaliste#primaryimage"},"image":{"@id":"https:\/\/www.africa-press.net\/senegal\/parties\/altercation-mortelle-entre-pastefien-et-nationaliste#primaryimage"},"thumbnailUrl":"https:\/\/static.africa-press.net\/senegal\/sites\/13\/2025\/12\/sm_1766056498.793039.jpg","datePublished":"2025-12-17T13:50:00+00:00","dateModified":"2025-12-18T03:22:24+00:00","author":{"@id":"https:\/\/www.africa-press.net\/senegal\/#\/schema\/person\/2b1cf3cd81a31e3cd26889ca66d677f1"},"description":"En France, l\u2019altercation entre un partisan de Pastef, Baba Abdoulaye Diop, et un individu pre\u0301sente\u0301 comme membre du Par ...","breadcrumb":{"@id":"https:\/\/www.africa-press.net\/senegal\/parties\/altercation-mortelle-entre-pastefien-et-nationaliste#breadcrumb"},"inLanguage":"fr-FR","potentialAction":[{"@type":"ReadAction","target":["https:\/\/www.africa-press.net\/senegal\/parties\/altercation-mortelle-entre-pastefien-et-nationaliste"]}]},{"@type":"ImageObject","inLanguage":"fr-FR","@id":"https:\/\/www.africa-press.net\/senegal\/parties\/altercation-mortelle-entre-pastefien-et-nationaliste#primaryimage","url":"https:\/\/static.africa-press.net\/senegal\/sites\/13\/2025\/12\/sm_1766056498.793039.jpg","contentUrl":"https:\/\/static.africa-press.net\/senegal\/sites\/13\/2025\/12\/sm_1766056498.793039.jpg","width":1280,"height":720,"caption":"Altercation Mortelle entre Pastefien et Nationaliste"},{"@type":"BreadcrumbList","@id":"https:\/\/www.africa-press.net\/senegal\/parties\/altercation-mortelle-entre-pastefien-et-nationaliste#breadcrumb","itemListElement":[{"@type":"ListItem","position":1,"name":"Accueil","item":"https:\/\/www.africa-press.net\/senegal\/"},{"@type":"ListItem","position":2,"name":"Altercation Mortelle entre Pastefien et Nationaliste"}]},{"@type":"WebSite","@id":"https:\/\/www.africa-press.net\/senegal\/#website","url":"https:\/\/www.africa-press.net\/senegal\/","name":"Africa Press | Senegal | Homepage","description":"Just another Africa News Agency Sites site","potentialAction":[{"@type":"SearchAction","target":{"@type":"EntryPoint","urlTemplate":"https:\/\/www.africa-press.net\/senegal\/?s={search_term_string}"},"query-input":{"@type":"PropertyValueSpecification","valueRequired":true,"valueName":"search_term_string"}}],"inLanguage":"fr-FR"},{"@type":"Person","@id":"https:\/\/www.africa-press.net\/senegal\/#\/schema\/person\/2b1cf3cd81a31e3cd26889ca66d677f1","name":"cfeditorfr","url":"https:\/\/www.africa-press.net\/senegal\/author\/cfeditorfr"}]}},"_links":{"self":[{"href":"https:\/\/www.africa-press.net\/senegal\/wp-json\/wp\/v2\/posts\/73534","targetHints":{"allow":["GET"]}}],"collection":[{"href":"https:\/\/www.africa-press.net\/senegal\/wp-json\/wp\/v2\/posts"}],"about":[{"href":"https:\/\/www.africa-press.net\/senegal\/wp-json\/wp\/v2\/types\/post"}],"author":[{"embeddable":true,"href":"https:\/\/www.africa-press.net\/senegal\/wp-json\/wp\/v2\/users\/82"}],"replies":[{"embeddable":true,"href":"https:\/\/www.africa-press.net\/senegal\/wp-json\/wp\/v2\/comments?post=73534"}],"version-history":[{"count":0,"href":"https:\/\/www.africa-press.net\/senegal\/wp-json\/wp\/v2\/posts\/73534\/revisions"}],"wp:featuredmedia":[{"embeddable":true,"href":"https:\/\/www.africa-press.net\/senegal\/wp-json\/wp\/v2\/media\/73533"}],"wp:attachment":[{"href":"https:\/\/www.africa-press.net\/senegal\/wp-json\/wp\/v2\/media?parent=73534"}],"wp:term":[{"taxonomy":"category","embeddable":true,"href":"https:\/\/www.africa-press.net\/senegal\/wp-json\/wp\/v2\/categories?post=73534"},{"taxonomy":"post_tag","embeddable":true,"href":"https:\/\/www.africa-press.net\/senegal\/wp-json\/wp\/v2\/tags?post=73534"}],"curies":[{"name":"wp","href":"https:\/\/api.w.org\/{rel}","templated":true}]}}