{"id":73541,"date":"2025-12-17T12:00:00","date_gmt":"2025-12-17T12:00:00","guid":{"rendered":"https:\/\/www.africa-press.net\/senegal\/politique\/cabines-uv-et-cancer-usagers-subissent-dommages-enormes"},"modified":"2025-12-18T03:37:40","modified_gmt":"2025-12-18T03:37:40","slug":"cabines-uv-et-cancer-usagers-subissent-dommages-enormes","status":"publish","type":"post","link":"https:\/\/www.africa-press.net\/senegal\/toutes-les-actualites\/cabines-uv-et-cancer-usagers-subissent-dommages-enormes","title":{"rendered":"Cabines UV et Cancer: Usagers Subissent Dommages E\u0301Normes"},"content":{"rendered":"<p><span style=\"color: #ff6600\"><strong>Africa-Press &#8211; Senegal. <\/strong><\/span>Les usagers des cabines a\u0300 UV) ont concentre\u0301, en quelques de\u0301cennies seulement, les dommages cause\u0301s par les UV sur deux vies entie\u0300res \u00bb, conclut une nouvelle e\u0301tude publie\u0301e dans la revue Science Advances qui de\u0301cortique les modifications cellulaires cause\u0301es par l\u2019exposition a\u0300 cette me\u0301thode de bronzage artificielle.<\/p>\n<p><b>Les cabines a\u0300 UV cre\u0301ent deux fois plus de mutations que chez une personne du double de son a\u0302ge<\/b><\/p>\n<p>\u00ab Nous nous attendions a\u0300 ce que l\u2019utilisation des cabines a\u0300 UV augmente les dommages mutationnels, mais nous avons e\u0301te\u0301 surpris par l\u2019ampleur de cet effet \u00bb, rapporte a\u0300 Sciences et Avenir le chercheur en ge\u0301ne\u0301tique des cancers Alan Shain, qui a co-dirige\u0301 ces travaux. A l\u2019a\u0302ge de 30-49 ans, les utilisateurs de cabines a\u0300 UV pre\u0301sentaient deux fois plus de mutations dans leurs cellules cutane\u0301es que les personnes a\u0302ge\u0301es de 70-89 ans issues de la population ge\u0301ne\u0301rale.<\/p>\n<p>Ces re\u0301sultats se basent sur pre\u0300s de 3.000 dossiers de patients amateurs de cabines a\u0300 UV, et ceux d\u2019autant de personnes aux caracte\u0301ristiques similaires, a\u0300 cela pre\u0300s qu\u2019ils n\u2019ont jamais e\u0301te\u0301 expose\u0301s a\u0300 d\u2019autres UV que ceux du soleil. \u00ab Les utilisateurs de cabines a\u0300 UV pre\u0301sentent plus de mutations dans leurs cellules cutane\u0301es que leurs pairs suivis dans une clinique spe\u0301cialise\u0301e dans les cancers de la peau a\u0300 haut risque \u00bb, appuie le chercheur.<\/p>\n<p><b>Des zones surexpose\u0301es dans les cabines a\u0300 UV<\/b><\/p>\n<p>C\u2019est d\u2019abord la surface d\u2019exposition qui joue. \u00ab Les cabines a\u0300 UV exposent l\u2019ensemble du corps a\u0300 des rayonnements mutage\u0300nes, cre\u0301ant ainsi un champ beaucoup plus large de cellules a\u0300 risque. En revanche, la lumie\u0300re naturelle du soleil mutage\u0300ne touche principalement les e\u0301paules, le visage et les extre\u0301mite\u0301s, a\u0300 quelques exceptions pre\u0300s (comme lors d\u2019activite\u0301s a\u0300 la plage ou a\u0300 la piscine) \u00bb, de\u0301taille Alain Shain.<\/p>\n<p>Or, bien que cela puisse sembler contre-intuitif, le me\u0301lanome (cancer de la peau) est plus fre\u0301quent sur les zones expose\u0301es de manie\u0300re intermittente aux UV, comme le dos ou les fesses, que sur celles qui le sont le plus. \u00ab En d\u2019autres termes, les parties du corps qui sont ge\u0301ne\u0301ralement couvertes semblent e\u0302tre plus vulne\u0301rables lorsqu\u2019elles sont expose\u0301es a\u0300 des rayons UV intenses, ce qui les expose a\u0300 un risque plus e\u0301leve\u0301 de de\u0301velopper un me\u0301lanome \u00bb, re\u0301sume Alan Shain.<\/p>\n<p><b>Un risque de me\u0301lanome multiplie\u0301 par trois<\/b><\/p>\n<p>Une re\u0301alite\u0301 qui nourrit l\u2019ide\u0301e rec\u0327ue selon laquelle une session de cabine a\u0300 UV permet de \u00ab pre\u0301parer \u00bb la peau au soleil. Mais la plus grande vulne\u0301rabilite\u0301 de la peau peu expose\u0301e aux me\u0301lanomes ne signifie pas que la peau expose\u0301e est immunise\u0301e, mais que le risque de cancer est moins e\u0301leve\u0301. \u00ab Me\u0302me dix se\u0301ances de bronzage au total au cours de la vie augmentent conside\u0301rablement le risque de me\u0301lanome \u00bb, affirme le dermatologue Pedram Gerami, premier auteur de l\u2019e\u0301tude. Les re\u0301sultats de ces travaux confirment ce risque de\u0300s les premie\u0300res se\u0301ances et mettent au jour une relation dose-de\u0301pendante. Pour les patients ayant effectue\u0301 entre 10 et 50 se\u0301ances de bronzage artificiel, le risque de me\u0301lanome doublait. A\u0300 100 se\u0301ances, il e\u0301tait multiplie\u0301 par 6 et a\u0300 200 se\u0301ances, par plus de 8. En moyenne, l\u2019usage des cabines UV triplait le risque de me\u0301lanome.<\/p>\n<p><b>Des cellules qui pre\u0301sentent plus de mutations<\/b><\/p>\n<p>L\u2019examen des biopsies (e\u0301chantillons) des me\u0301lanomes de 182 patients volontaires de Pedram Gerami confirme que me\u0302me avec dix se\u0301ances, l\u2019ADN semble subir des dommages importants. \u00ab Les utilisateurs de cabines a\u0300 UV pre\u0301sentent plus de mutations dans leurs cellules cutane\u0301es que les personnes de la population ge\u0301ne\u0301rale qui ont deux fois leur a\u0302ge \u00bb, commente Alan Shain. Les me\u0301lanocytes, les cellules productrices de pigment, e\u0301taient 23% a\u0300 pre\u0301senter une mutation pathoge\u0300ne chez les utilisateurs de cabine a\u0300 UV, contre 7% dans la population contro\u0302le. Pour les chercheurs, l\u2019exposition aux cabines a\u0300 UV rapproche potentiellement autant d\u2019un futur me\u0301lanome que les ante\u0301ce\u0301dents familiaux de cancer de la peau.<\/p>\n<p><b>L\u2019augmentation du nombre de me\u0301lanomes est lie\u0301e a\u0300 l\u2019usage des cabines a\u0300 UV<\/b><\/p>\n<p>En France, le nombre de me\u0301lanomes diagnostique\u0301s a triple\u0301 entre 1990 et 2023, atteignant les 17.000 cas annuels. Si l\u2019ame\u0301lioration des techniques de diagnostic a contribue\u0301 a\u0300 cette augmentation, l\u2019usage des cabines a\u0300 UV est pointe\u0301 par les chercheurs. \u00ab Si l\u2019on examine les pays ou\u0300 l\u2019utilisation des cabines a\u0300 UV a connu une forte augmentation avant de de\u0301cliner, on observe une tendance similaire avec les taux de me\u0301lanome chez les jeunes femmes, principales utilisatrices, qui augmentent a\u0300 mesure que leur popularite\u0301 croi\u0302t, puis diminuent a\u0300 nouveau lorsque leur utilisation baisse \u00bb, analyse Alan Shain.<\/p>\n<p>En France, l\u2019usage des cabines a\u0300 UV est interdite aux mineurs et depuis 2015, l\u2019affichage des risques de cancer est obligatoire dans les instituts. \u00ab Leur utilisation a\u0300 des fins esthe\u0301tiques constituait le facteur de risque le plus important pour le me\u0301lanome, me\u0302me en tenant compte d\u2019autres facteurs de risque tels que les ante\u0301ce\u0301dents de coups de soleil et les ante\u0301ce\u0301dents familiaux de me\u0301lanome \u00bb, ajoute Pedram Gerami.<\/p>\n<p>\u00ab En ge\u0301ne\u0301ral, les patients se sentent tre\u0300s le\u0301se\u0301s par l\u2019industrie des cabines a\u0300 UV \u00bb, rapporte Pedram Gerami. Que les ex-utilisateurs de cabines a\u0300 UV se rassurent cependant: si leur usage augmente les risques de me\u0301lanome, \u00ab le principal facteur de\u0301terminant du pronostic est le stade auquel il est diagnostique\u0301 \u00bb, pre\u0301cise Alain Shain. \u00ab Si la personne a utilise\u0301 des lits de bronzage, des de\u0301pistages re\u0301guliers de la peau restent tre\u0300s efficaces pour de\u0301tecter les me\u0301lanomes a\u0300 un stade pre\u0301coce, lorsqu\u2019ils sont beaucoup plus faciles a\u0300 traiter et moins susceptibles de mettre la vie en danger. \u00bb<\/p>\n<p>En France, 15% des gens ont de\u0301ja\u0300 pratique\u0301 des se\u0301ances d\u2019UV au cours de leur vie en 2021, soit un taux stable depuis 2010, re\u0301ve\u0301lait l\u2019Institut National du Cancer (Inca) en 2023. Mais l\u2019usage semble de\u0301cliner, puisque seuls 1% de\u0301clarent l\u2019avoir fait au cours des 12 derniers mois, contre 3,5% en 2010.<\/p>\n<p><strong>Pour plus d&rsquo;informations et d&rsquo;analyses sur la <span style=\"color: #ff6600\">Senegal<\/span>, suivez <span style=\"color: #ff6600\">Africa-Press<\/span><\/strong><\/p>\n","protected":false},"excerpt":{"rendered":"<p>Africa-Press &#8211; Senegal. Les usagers des cabines a\u0300 UV) ont concentre\u0301, en quelques de\u0301cennies seulement, les dommages cause\u0301s par les UV sur deux vies entie\u0300res \u00bb, conclut une nouvelle e\u0301tude publie\u0301e dans la revue Science Advances qui de\u0301cortique les modifications cellulaires cause\u0301es par l\u2019exposition a\u0300 cette me\u0301thode de bronzage artificielle. Les cabines a\u0300 UV cre\u0301ent [&hellip;]<\/p>\n","protected":false},"author":82,"featured_media":73540,"comment_status":"open","ping_status":"closed","sticky":false,"template":"","format":"standard","meta":{"footnotes":""},"categories":[22,10],"tags":[44],"class_list":["post-73541","post","type-post","status-publish","format-standard","has-post-thumbnail","hentry","category-divers","category-toutes-les-actualites","tag-senegal-2"],"yoast_head":"<!-- This site is optimized with the Yoast SEO Premium plugin v26.1 (Yoast SEO v27.0) - https:\/\/yoast.com\/product\/yoast-seo-premium-wordpress\/ -->\n<title>Cabines UV et Cancer: Usagers Subissent Dommages E\u0301Normes - Senegal<\/title>\n<meta name=\"description\" content=\"Les usagers des cabines a\u0300 UV) ont concentre\u0301, en quelques de\u0301cennies seulement, les dommages cause\u0301s par les UV sur deu ...\" \/>\n<meta name=\"robots\" content=\"index, follow, max-snippet:-1, max-image-preview:large, max-video-preview:-1\" \/>\n<link rel=\"canonical\" href=\"https:\/\/www.africa-press.net\/senegal\/toutes-les-actualites\/cabines-uv-et-cancer-usagers-subissent-dommages-enormes\" \/>\n<meta property=\"og:locale\" content=\"fr_FR\" \/>\n<meta property=\"og:type\" content=\"article\" \/>\n<meta property=\"og:title\" content=\"Cabines UV et Cancer: Usagers Subissent Dommages E\u0301Normes\" \/>\n<meta property=\"og:description\" content=\"Les usagers des cabines a\u0300 UV) ont concentre\u0301, en quelques de\u0301cennies seulement, les dommages cause\u0301s par les UV sur deu ...\" \/>\n<meta property=\"og:url\" content=\"https:\/\/www.africa-press.net\/senegal\/toutes-les-actualites\/cabines-uv-et-cancer-usagers-subissent-dommages-enormes\" \/>\n<meta property=\"og:site_name\" content=\"Senegal\" \/>\n<meta property=\"article:published_time\" content=\"2025-12-17T12:00:00+00:00\" \/>\n<meta property=\"article:modified_time\" content=\"2025-12-18T03:37:40+00:00\" \/>\n<meta property=\"og:image\" content=\"https:\/\/static.africa-press.net\/senegal\/sites\/13\/2025\/12\/sm_1766057705.912987.jpg\" \/>\n\t<meta property=\"og:image:width\" content=\"1200\" \/>\n\t<meta property=\"og:image:height\" content=\"525\" \/>\n\t<meta property=\"og:image:type\" content=\"image\/jpeg\" \/>\n<meta name=\"author\" content=\"cfeditorfr\" \/>\n<meta name=\"twitter:card\" content=\"summary_large_image\" \/>\n<meta name=\"twitter:label1\" content=\"\u00c9crit par\" \/>\n\t<meta name=\"twitter:data1\" content=\"cfeditorfr\" \/>\n\t<meta name=\"twitter:label2\" content=\"Dur\u00e9e de lecture estim\u00e9e\" \/>\n\t<meta name=\"twitter:data2\" content=\"6 minutes\" \/>\n<script type=\"application\/ld+json\" class=\"yoast-schema-graph\">{\"@context\":\"https:\/\/schema.org\",\"@graph\":[{\"@type\":\"Article\",\"@id\":\"https:\/\/www.africa-press.net\/senegal\/toutes-les-actualites\/cabines-uv-et-cancer-usagers-subissent-dommages-enormes#article\",\"isPartOf\":{\"@id\":\"https:\/\/www.africa-press.net\/senegal\/toutes-les-actualites\/cabines-uv-et-cancer-usagers-subissent-dommages-enormes\"},\"author\":{\"name\":\"cfeditorfr\",\"@id\":\"https:\/\/www.africa-press.net\/senegal\/#\/schema\/person\/2b1cf3cd81a31e3cd26889ca66d677f1\"},\"headline\":\"Cabines UV et Cancer: Usagers Subissent Dommages E\u0301Normes\",\"datePublished\":\"2025-12-17T12:00:00+00:00\",\"dateModified\":\"2025-12-18T03:37:40+00:00\",\"mainEntityOfPage\":{\"@id\":\"https:\/\/www.africa-press.net\/senegal\/toutes-les-actualites\/cabines-uv-et-cancer-usagers-subissent-dommages-enormes\"},\"wordCount\":1116,\"commentCount\":0,\"image\":{\"@id\":\"https:\/\/www.africa-press.net\/senegal\/toutes-les-actualites\/cabines-uv-et-cancer-usagers-subissent-dommages-enormes#primaryimage\"},\"thumbnailUrl\":\"https:\/\/static.africa-press.net\/senegal\/sites\/13\/2025\/12\/sm_1766057705.912987.jpg\",\"keywords\":[\"Senegal\"],\"articleSection\":[\"Divers\",\"Toutes les actualit\u00e9s\"],\"inLanguage\":\"fr-FR\",\"potentialAction\":[{\"@type\":\"CommentAction\",\"name\":\"Comment\",\"target\":[\"https:\/\/www.africa-press.net\/senegal\/toutes-les-actualites\/cabines-uv-et-cancer-usagers-subissent-dommages-enormes#respond\"]}]},{\"@type\":\"WebPage\",\"@id\":\"https:\/\/www.africa-press.net\/senegal\/toutes-les-actualites\/cabines-uv-et-cancer-usagers-subissent-dommages-enormes\",\"url\":\"https:\/\/www.africa-press.net\/senegal\/toutes-les-actualites\/cabines-uv-et-cancer-usagers-subissent-dommages-enormes\",\"name\":\"Cabines UV et Cancer: Usagers Subissent Dommages E\u0301Normes - Senegal\",\"isPartOf\":{\"@id\":\"https:\/\/www.africa-press.net\/senegal\/#website\"},\"primaryImageOfPage\":{\"@id\":\"https:\/\/www.africa-press.net\/senegal\/toutes-les-actualites\/cabines-uv-et-cancer-usagers-subissent-dommages-enormes#primaryimage\"},\"image\":{\"@id\":\"https:\/\/www.africa-press.net\/senegal\/toutes-les-actualites\/cabines-uv-et-cancer-usagers-subissent-dommages-enormes#primaryimage\"},\"thumbnailUrl\":\"https:\/\/static.africa-press.net\/senegal\/sites\/13\/2025\/12\/sm_1766057705.912987.jpg\",\"datePublished\":\"2025-12-17T12:00:00+00:00\",\"dateModified\":\"2025-12-18T03:37:40+00:00\",\"author\":{\"@id\":\"https:\/\/www.africa-press.net\/senegal\/#\/schema\/person\/2b1cf3cd81a31e3cd26889ca66d677f1\"},\"description\":\"Les usagers des cabines a\u0300 UV) ont concentre\u0301, en quelques de\u0301cennies seulement, les dommages cause\u0301s par les UV sur deu ...\",\"breadcrumb\":{\"@id\":\"https:\/\/www.africa-press.net\/senegal\/toutes-les-actualites\/cabines-uv-et-cancer-usagers-subissent-dommages-enormes#breadcrumb\"},\"inLanguage\":\"fr-FR\",\"potentialAction\":[{\"@type\":\"ReadAction\",\"target\":[\"https:\/\/www.africa-press.net\/senegal\/toutes-les-actualites\/cabines-uv-et-cancer-usagers-subissent-dommages-enormes\"]}]},{\"@type\":\"ImageObject\",\"inLanguage\":\"fr-FR\",\"@id\":\"https:\/\/www.africa-press.net\/senegal\/toutes-les-actualites\/cabines-uv-et-cancer-usagers-subissent-dommages-enormes#primaryimage\",\"url\":\"https:\/\/static.africa-press.net\/senegal\/sites\/13\/2025\/12\/sm_1766057705.912987.jpg\",\"contentUrl\":\"https:\/\/static.africa-press.net\/senegal\/sites\/13\/2025\/12\/sm_1766057705.912987.jpg\",\"width\":1200,\"height\":525,\"caption\":\"Cabines UV et Cancer: Usagers Subissent Dommages E\u0301Normes\"},{\"@type\":\"BreadcrumbList\",\"@id\":\"https:\/\/www.africa-press.net\/senegal\/toutes-les-actualites\/cabines-uv-et-cancer-usagers-subissent-dommages-enormes#breadcrumb\",\"itemListElement\":[{\"@type\":\"ListItem\",\"position\":1,\"name\":\"Accueil\",\"item\":\"https:\/\/www.africa-press.net\/senegal\/\"},{\"@type\":\"ListItem\",\"position\":2,\"name\":\"Cabines UV et Cancer: Usagers Subissent Dommages E\u0301Normes\"}]},{\"@type\":\"WebSite\",\"@id\":\"https:\/\/www.africa-press.net\/senegal\/#website\",\"url\":\"https:\/\/www.africa-press.net\/senegal\/\",\"name\":\"Africa Press | Senegal | Homepage\",\"description\":\"Just another Africa News Agency Sites site\",\"potentialAction\":[{\"@type\":\"SearchAction\",\"target\":{\"@type\":\"EntryPoint\",\"urlTemplate\":\"https:\/\/www.africa-press.net\/senegal\/?s={search_term_string}\"},\"query-input\":{\"@type\":\"PropertyValueSpecification\",\"valueRequired\":true,\"valueName\":\"search_term_string\"}}],\"inLanguage\":\"fr-FR\"},{\"@type\":\"Person\",\"@id\":\"https:\/\/www.africa-press.net\/senegal\/#\/schema\/person\/2b1cf3cd81a31e3cd26889ca66d677f1\",\"name\":\"cfeditorfr\",\"url\":\"https:\/\/www.africa-press.net\/senegal\/author\/cfeditorfr\"}]}<\/script>\n<!-- \/ Yoast SEO Premium plugin. -->","yoast_head_json":{"title":"Cabines UV et Cancer: Usagers Subissent Dommages E\u0301Normes - Senegal","description":"Les usagers des cabines a\u0300 UV) ont concentre\u0301, en quelques de\u0301cennies seulement, les dommages cause\u0301s par les UV sur deu ...","robots":{"index":"index","follow":"follow","max-snippet":"max-snippet:-1","max-image-preview":"max-image-preview:large","max-video-preview":"max-video-preview:-1"},"canonical":"https:\/\/www.africa-press.net\/senegal\/toutes-les-actualites\/cabines-uv-et-cancer-usagers-subissent-dommages-enormes","og_locale":"fr_FR","og_type":"article","og_title":"Cabines UV et Cancer: Usagers Subissent Dommages E\u0301Normes","og_description":"Les usagers des cabines a\u0300 UV) ont concentre\u0301, en quelques de\u0301cennies seulement, les dommages cause\u0301s par les UV sur deu ...","og_url":"https:\/\/www.africa-press.net\/senegal\/toutes-les-actualites\/cabines-uv-et-cancer-usagers-subissent-dommages-enormes","og_site_name":"Senegal","article_published_time":"2025-12-17T12:00:00+00:00","article_modified_time":"2025-12-18T03:37:40+00:00","og_image":[{"width":1200,"height":525,"url":"https:\/\/static.africa-press.net\/senegal\/sites\/13\/2025\/12\/sm_1766057705.912987.jpg","type":"image\/jpeg"}],"author":"cfeditorfr","twitter_card":"summary_large_image","twitter_misc":{"\u00c9crit par":"cfeditorfr","Dur\u00e9e de lecture estim\u00e9e":"6 minutes"},"schema":{"@context":"https:\/\/schema.org","@graph":[{"@type":"Article","@id":"https:\/\/www.africa-press.net\/senegal\/toutes-les-actualites\/cabines-uv-et-cancer-usagers-subissent-dommages-enormes#article","isPartOf":{"@id":"https:\/\/www.africa-press.net\/senegal\/toutes-les-actualites\/cabines-uv-et-cancer-usagers-subissent-dommages-enormes"},"author":{"name":"cfeditorfr","@id":"https:\/\/www.africa-press.net\/senegal\/#\/schema\/person\/2b1cf3cd81a31e3cd26889ca66d677f1"},"headline":"Cabines UV et Cancer: Usagers Subissent Dommages E\u0301Normes","datePublished":"2025-12-17T12:00:00+00:00","dateModified":"2025-12-18T03:37:40+00:00","mainEntityOfPage":{"@id":"https:\/\/www.africa-press.net\/senegal\/toutes-les-actualites\/cabines-uv-et-cancer-usagers-subissent-dommages-enormes"},"wordCount":1116,"commentCount":0,"image":{"@id":"https:\/\/www.africa-press.net\/senegal\/toutes-les-actualites\/cabines-uv-et-cancer-usagers-subissent-dommages-enormes#primaryimage"},"thumbnailUrl":"https:\/\/static.africa-press.net\/senegal\/sites\/13\/2025\/12\/sm_1766057705.912987.jpg","keywords":["Senegal"],"articleSection":["Divers","Toutes les actualit\u00e9s"],"inLanguage":"fr-FR","potentialAction":[{"@type":"CommentAction","name":"Comment","target":["https:\/\/www.africa-press.net\/senegal\/toutes-les-actualites\/cabines-uv-et-cancer-usagers-subissent-dommages-enormes#respond"]}]},{"@type":"WebPage","@id":"https:\/\/www.africa-press.net\/senegal\/toutes-les-actualites\/cabines-uv-et-cancer-usagers-subissent-dommages-enormes","url":"https:\/\/www.africa-press.net\/senegal\/toutes-les-actualites\/cabines-uv-et-cancer-usagers-subissent-dommages-enormes","name":"Cabines UV et Cancer: Usagers Subissent Dommages E\u0301Normes - Senegal","isPartOf":{"@id":"https:\/\/www.africa-press.net\/senegal\/#website"},"primaryImageOfPage":{"@id":"https:\/\/www.africa-press.net\/senegal\/toutes-les-actualites\/cabines-uv-et-cancer-usagers-subissent-dommages-enormes#primaryimage"},"image":{"@id":"https:\/\/www.africa-press.net\/senegal\/toutes-les-actualites\/cabines-uv-et-cancer-usagers-subissent-dommages-enormes#primaryimage"},"thumbnailUrl":"https:\/\/static.africa-press.net\/senegal\/sites\/13\/2025\/12\/sm_1766057705.912987.jpg","datePublished":"2025-12-17T12:00:00+00:00","dateModified":"2025-12-18T03:37:40+00:00","author":{"@id":"https:\/\/www.africa-press.net\/senegal\/#\/schema\/person\/2b1cf3cd81a31e3cd26889ca66d677f1"},"description":"Les usagers des cabines a\u0300 UV) ont concentre\u0301, en quelques de\u0301cennies seulement, les dommages cause\u0301s par les UV sur deu ...","breadcrumb":{"@id":"https:\/\/www.africa-press.net\/senegal\/toutes-les-actualites\/cabines-uv-et-cancer-usagers-subissent-dommages-enormes#breadcrumb"},"inLanguage":"fr-FR","potentialAction":[{"@type":"ReadAction","target":["https:\/\/www.africa-press.net\/senegal\/toutes-les-actualites\/cabines-uv-et-cancer-usagers-subissent-dommages-enormes"]}]},{"@type":"ImageObject","inLanguage":"fr-FR","@id":"https:\/\/www.africa-press.net\/senegal\/toutes-les-actualites\/cabines-uv-et-cancer-usagers-subissent-dommages-enormes#primaryimage","url":"https:\/\/static.africa-press.net\/senegal\/sites\/13\/2025\/12\/sm_1766057705.912987.jpg","contentUrl":"https:\/\/static.africa-press.net\/senegal\/sites\/13\/2025\/12\/sm_1766057705.912987.jpg","width":1200,"height":525,"caption":"Cabines UV et Cancer: Usagers Subissent Dommages E\u0301Normes"},{"@type":"BreadcrumbList","@id":"https:\/\/www.africa-press.net\/senegal\/toutes-les-actualites\/cabines-uv-et-cancer-usagers-subissent-dommages-enormes#breadcrumb","itemListElement":[{"@type":"ListItem","position":1,"name":"Accueil","item":"https:\/\/www.africa-press.net\/senegal\/"},{"@type":"ListItem","position":2,"name":"Cabines UV et Cancer: Usagers Subissent Dommages E\u0301Normes"}]},{"@type":"WebSite","@id":"https:\/\/www.africa-press.net\/senegal\/#website","url":"https:\/\/www.africa-press.net\/senegal\/","name":"Africa Press | Senegal | Homepage","description":"Just another Africa News Agency Sites site","potentialAction":[{"@type":"SearchAction","target":{"@type":"EntryPoint","urlTemplate":"https:\/\/www.africa-press.net\/senegal\/?s={search_term_string}"},"query-input":{"@type":"PropertyValueSpecification","valueRequired":true,"valueName":"search_term_string"}}],"inLanguage":"fr-FR"},{"@type":"Person","@id":"https:\/\/www.africa-press.net\/senegal\/#\/schema\/person\/2b1cf3cd81a31e3cd26889ca66d677f1","name":"cfeditorfr","url":"https:\/\/www.africa-press.net\/senegal\/author\/cfeditorfr"}]}},"_links":{"self":[{"href":"https:\/\/www.africa-press.net\/senegal\/wp-json\/wp\/v2\/posts\/73541","targetHints":{"allow":["GET"]}}],"collection":[{"href":"https:\/\/www.africa-press.net\/senegal\/wp-json\/wp\/v2\/posts"}],"about":[{"href":"https:\/\/www.africa-press.net\/senegal\/wp-json\/wp\/v2\/types\/post"}],"author":[{"embeddable":true,"href":"https:\/\/www.africa-press.net\/senegal\/wp-json\/wp\/v2\/users\/82"}],"replies":[{"embeddable":true,"href":"https:\/\/www.africa-press.net\/senegal\/wp-json\/wp\/v2\/comments?post=73541"}],"version-history":[{"count":0,"href":"https:\/\/www.africa-press.net\/senegal\/wp-json\/wp\/v2\/posts\/73541\/revisions"}],"wp:featuredmedia":[{"embeddable":true,"href":"https:\/\/www.africa-press.net\/senegal\/wp-json\/wp\/v2\/media\/73540"}],"wp:attachment":[{"href":"https:\/\/www.africa-press.net\/senegal\/wp-json\/wp\/v2\/media?parent=73541"}],"wp:term":[{"taxonomy":"category","embeddable":true,"href":"https:\/\/www.africa-press.net\/senegal\/wp-json\/wp\/v2\/categories?post=73541"},{"taxonomy":"post_tag","embeddable":true,"href":"https:\/\/www.africa-press.net\/senegal\/wp-json\/wp\/v2\/tags?post=73541"}],"curies":[{"name":"wp","href":"https:\/\/api.w.org\/{rel}","templated":true}]}}