{"id":73554,"date":"2025-12-17T12:10:00","date_gmt":"2025-12-17T12:10:00","guid":{"rendered":"https:\/\/www.africa-press.net\/senegal\/politique\/can-2025-motsepe-promet-meilleure-edition-au-maroc"},"modified":"2025-12-17T12:10:00","modified_gmt":"2025-12-17T12:10:00","slug":"can-2025-motsepe-promet-meilleure-edition-au-maroc","status":"publish","type":"post","link":"https:\/\/www.africa-press.net\/senegal\/sports\/can-2025-motsepe-promet-meilleure-edition-au-maroc","title":{"rendered":"CAN 2025: Motsepe Promet Meilleure \u00c9dition au Maroc"},"content":{"rendered":"<p><span style=\"color: #ff6600\"><strong>Africa-Press &#8211; Senegal. <\/strong><\/span>Patrice Motsepe, pre\u0301sident de la Confe\u0301de\u0301ration africaine de football (CAF), s\u2019est montre\u0301 tre\u0300s confiant quant au fait que la Coupe d\u2019Afrique des nations 2025, organise\u0301e au Maroc, e\u0301tablira de nouveaux standards pour la compe\u0301tition phare du continent.<\/p>\n<p>S\u2019exprimant en marge de la ce\u0301re\u0301monie des FIFA The Best Awards a\u0300 Doha, au Qatar, Motsepe a salue\u0301 le statut particulier du Maroc ainsi que son engagement en faveur du de\u0301veloppement du football.<\/p>\n<p>\u00ab La Coupe d\u2019Afrique des nations au Maroc sera la meilleure de l\u2019histoire. Le Maroc est un pays spe\u0301cial. La qualite\u0301 du football ne cesse de s\u2019ame\u0301liorer, soutenue par d\u2019importants investissements du gouvernement et du peuple marocain \u00bb, a de\u0301clare\u0301 le pre\u0301sident de la CAF.<\/p>\n<p>Patrice Motsepe a e\u0301galement mis en avant la monte\u0301e en puissance des infrastructures sportives et des capacite\u0301s organisationnelles du Maroc, renforce\u0301es par des investissements publics et prive\u0301s continus. Ses propos alimentent davantage les attentes autour d\u2019un tournoi qui promet des installations de classe mondiale, une compe\u0301tition de haut niveau et une expe\u0301rience me\u0301morable pour les supporters africains et internationaux.<\/p>\n<p>De\u0301ja\u0300 reconnu pour l\u2019organisation re\u0301ussie de grands e\u0301ve\u0301nements continentaux et internationaux, le Maroc apparai\u0302t comme un pays ide\u0301alement place\u0301 pour placer la barre plus haut pour la CAN, alors que le football africain poursuit son ascension sur la sce\u0300ne mondiale.<\/p>\n<p><strong>Pour plus d&rsquo;informations et d&rsquo;analyses sur la <span style=\"color: #ff6600\">Senegal<\/span>, suivez <span style=\"color: #ff6600\">Africa-Press<span style=\"color: #ff6600\"><\/span><\/strong><\/p>\n","protected":false},"excerpt":{"rendered":"<p>Africa-Press &#8211; Senegal. Patrice Motsepe, pre\u0301sident de la Confe\u0301de\u0301ration africaine de football (CAF), s\u2019est montre\u0301 tre\u0300s confiant quant au fait que la Coupe d\u2019Afrique des nations 2025, organise\u0301e au Maroc, e\u0301tablira de nouveaux standards pour la compe\u0301tition phare du continent. S\u2019exprimant en marge de la ce\u0301re\u0301monie des FIFA The Best Awards a\u0300 Doha, au Qatar, [&hellip;]<\/p>\n","protected":false},"author":82,"featured_media":73553,"comment_status":"open","ping_status":"closed","sticky":false,"template":"","format":"standard","meta":{"footnotes":""},"categories":[6,10],"tags":[44],"class_list":["post-73554","post","type-post","status-publish","format-standard","has-post-thumbnail","hentry","category-sports","category-toutes-les-actualites","tag-senegal-2"],"yoast_head":"<!-- This site is optimized with the Yoast SEO Premium plugin v26.1 (Yoast SEO v27.0) - https:\/\/yoast.com\/product\/yoast-seo-premium-wordpress\/ -->\n<title>CAN 2025: Motsepe Promet Meilleure \u00c9dition au Maroc - Senegal<\/title>\n<meta name=\"robots\" content=\"index, follow, max-snippet:-1, max-image-preview:large, max-video-preview:-1\" \/>\n<link rel=\"canonical\" href=\"https:\/\/www.africa-press.net\/senegal\/politique\/can-2025-motsepe-promet-meilleure-edition-au-maroc\" \/>\n<meta property=\"og:locale\" content=\"fr_FR\" \/>\n<meta property=\"og:type\" content=\"article\" \/>\n<meta property=\"og:title\" content=\"CAN 2025: Motsepe Promet Meilleure \u00c9dition au Maroc\" \/>\n<meta property=\"og:description\" content=\"Africa-Press &#8211; Senegal. Patrice Motsepe, pre\u0301sident de la Confe\u0301de\u0301ration africaine de football (CAF), s\u2019est montre\u0301 tre\u0300s confiant quant au fait que la Coupe d\u2019Afrique des nations 2025, organise\u0301e au Maroc, e\u0301tablira de nouveaux standards pour la compe\u0301tition phare du continent. S\u2019exprimant en marge de la ce\u0301re\u0301monie des FIFA The Best Awards a\u0300 Doha, au Qatar, [&hellip;]\" \/>\n<meta property=\"og:url\" content=\"https:\/\/www.africa-press.net\/senegal\/politique\/can-2025-motsepe-promet-meilleure-edition-au-maroc\" \/>\n<meta property=\"og:site_name\" content=\"Senegal\" \/>\n<meta property=\"article:published_time\" content=\"2025-12-17T12:10:00+00:00\" \/>\n<meta name=\"author\" content=\"cfeditorfr\" \/>\n<meta name=\"twitter:card\" content=\"summary_large_image\" \/>\n<meta name=\"twitter:label1\" content=\"\u00c9crit par\" \/>\n\t<meta name=\"twitter:data1\" content=\"cfeditorfr\" \/>\n\t<meta name=\"twitter:label2\" content=\"Dur\u00e9e de lecture estim\u00e9e\" \/>\n\t<meta name=\"twitter:data2\" content=\"1 minute\" \/>\n<script type=\"application\/ld+json\" class=\"yoast-schema-graph\">{\"@context\":\"https:\/\/schema.org\",\"@graph\":[{\"@type\":\"Article\",\"@id\":\"https:\/\/www.africa-press.net\/senegal\/politique\/can-2025-motsepe-promet-meilleure-edition-au-maroc#article\",\"isPartOf\":{\"@id\":\"https:\/\/www.africa-press.net\/senegal\/politique\/can-2025-motsepe-promet-meilleure-edition-au-maroc\"},\"author\":{\"name\":\"cfeditorfr\",\"@id\":\"https:\/\/www.africa-press.net\/senegal\/#\/schema\/person\/2b1cf3cd81a31e3cd26889ca66d677f1\"},\"headline\":\"CAN 2025: Motsepe Promet Meilleure \u00c9dition au Maroc\",\"datePublished\":\"2025-12-17T12:10:00+00:00\",\"mainEntityOfPage\":{\"@id\":\"https:\/\/www.africa-press.net\/senegal\/politique\/can-2025-motsepe-promet-meilleure-edition-au-maroc\"},\"wordCount\":271,\"commentCount\":0,\"image\":{\"@id\":\"https:\/\/www.africa-press.net\/senegal\/politique\/can-2025-motsepe-promet-meilleure-edition-au-maroc#primaryimage\"},\"thumbnailUrl\":\"https:\/\/static.africa-press.net\/senegal\/sites\/13\/2025\/12\/sm_1766058489.963493.jpg\",\"keywords\":[\"Senegal\"],\"articleSection\":[\"Sports\",\"Toutes les actualit\u00e9s\"],\"inLanguage\":\"fr-FR\",\"potentialAction\":[{\"@type\":\"CommentAction\",\"name\":\"Comment\",\"target\":[\"https:\/\/www.africa-press.net\/senegal\/politique\/can-2025-motsepe-promet-meilleure-edition-au-maroc#respond\"]}]},{\"@type\":\"WebPage\",\"@id\":\"https:\/\/www.africa-press.net\/senegal\/politique\/can-2025-motsepe-promet-meilleure-edition-au-maroc\",\"url\":\"https:\/\/www.africa-press.net\/senegal\/politique\/can-2025-motsepe-promet-meilleure-edition-au-maroc\",\"name\":\"CAN 2025: Motsepe Promet Meilleure \u00c9dition au Maroc - Senegal\",\"isPartOf\":{\"@id\":\"https:\/\/www.africa-press.net\/senegal\/#website\"},\"primaryImageOfPage\":{\"@id\":\"https:\/\/www.africa-press.net\/senegal\/politique\/can-2025-motsepe-promet-meilleure-edition-au-maroc#primaryimage\"},\"image\":{\"@id\":\"https:\/\/www.africa-press.net\/senegal\/politique\/can-2025-motsepe-promet-meilleure-edition-au-maroc#primaryimage\"},\"thumbnailUrl\":\"https:\/\/static.africa-press.net\/senegal\/sites\/13\/2025\/12\/sm_1766058489.963493.jpg\",\"datePublished\":\"2025-12-17T12:10:00+00:00\",\"author\":{\"@id\":\"https:\/\/www.africa-press.net\/senegal\/#\/schema\/person\/2b1cf3cd81a31e3cd26889ca66d677f1\"},\"breadcrumb\":{\"@id\":\"https:\/\/www.africa-press.net\/senegal\/politique\/can-2025-motsepe-promet-meilleure-edition-au-maroc#breadcrumb\"},\"inLanguage\":\"fr-FR\",\"potentialAction\":[{\"@type\":\"ReadAction\",\"target\":[\"https:\/\/www.africa-press.net\/senegal\/politique\/can-2025-motsepe-promet-meilleure-edition-au-maroc\"]}]},{\"@type\":\"ImageObject\",\"inLanguage\":\"fr-FR\",\"@id\":\"https:\/\/www.africa-press.net\/senegal\/politique\/can-2025-motsepe-promet-meilleure-edition-au-maroc#primaryimage\",\"url\":\"https:\/\/static.africa-press.net\/senegal\/sites\/13\/2025\/12\/sm_1766058489.963493.jpg\",\"contentUrl\":\"https:\/\/static.africa-press.net\/senegal\/sites\/13\/2025\/12\/sm_1766058489.963493.jpg\",\"width\":720,\"height\":405,\"caption\":\"CAN 2025: Motsepe Promet Meilleure \u00c9dition au Maroc\"},{\"@type\":\"BreadcrumbList\",\"@id\":\"https:\/\/www.africa-press.net\/senegal\/politique\/can-2025-motsepe-promet-meilleure-edition-au-maroc#breadcrumb\",\"itemListElement\":[{\"@type\":\"ListItem\",\"position\":1,\"name\":\"Accueil\",\"item\":\"https:\/\/www.africa-press.net\/senegal\/\"},{\"@type\":\"ListItem\",\"position\":2,\"name\":\"CAN 2025: Motsepe Promet Meilleure \u00c9dition au Maroc\"}]},{\"@type\":\"WebSite\",\"@id\":\"https:\/\/www.africa-press.net\/senegal\/#website\",\"url\":\"https:\/\/www.africa-press.net\/senegal\/\",\"name\":\"Africa Press | Senegal | Homepage\",\"description\":\"Just another Africa News Agency Sites site\",\"potentialAction\":[{\"@type\":\"SearchAction\",\"target\":{\"@type\":\"EntryPoint\",\"urlTemplate\":\"https:\/\/www.africa-press.net\/senegal\/?s={search_term_string}\"},\"query-input\":{\"@type\":\"PropertyValueSpecification\",\"valueRequired\":true,\"valueName\":\"search_term_string\"}}],\"inLanguage\":\"fr-FR\"},{\"@type\":\"Person\",\"@id\":\"https:\/\/www.africa-press.net\/senegal\/#\/schema\/person\/2b1cf3cd81a31e3cd26889ca66d677f1\",\"name\":\"cfeditorfr\",\"url\":\"https:\/\/www.africa-press.net\/senegal\/author\/cfeditorfr\"}]}<\/script>\n<!-- \/ Yoast SEO Premium plugin. -->","yoast_head_json":{"title":"CAN 2025: Motsepe Promet Meilleure \u00c9dition au Maroc - Senegal","robots":{"index":"index","follow":"follow","max-snippet":"max-snippet:-1","max-image-preview":"max-image-preview:large","max-video-preview":"max-video-preview:-1"},"canonical":"https:\/\/www.africa-press.net\/senegal\/politique\/can-2025-motsepe-promet-meilleure-edition-au-maroc","og_locale":"fr_FR","og_type":"article","og_title":"CAN 2025: Motsepe Promet Meilleure \u00c9dition au Maroc","og_description":"Africa-Press &#8211; Senegal. Patrice Motsepe, pre\u0301sident de la Confe\u0301de\u0301ration africaine de football (CAF), s\u2019est montre\u0301 tre\u0300s confiant quant au fait que la Coupe d\u2019Afrique des nations 2025, organise\u0301e au Maroc, e\u0301tablira de nouveaux standards pour la compe\u0301tition phare du continent. S\u2019exprimant en marge de la ce\u0301re\u0301monie des FIFA The Best Awards a\u0300 Doha, au Qatar, [&hellip;]","og_url":"https:\/\/www.africa-press.net\/senegal\/politique\/can-2025-motsepe-promet-meilleure-edition-au-maroc","og_site_name":"Senegal","article_published_time":"2025-12-17T12:10:00+00:00","author":"cfeditorfr","twitter_card":"summary_large_image","twitter_misc":{"\u00c9crit par":"cfeditorfr","Dur\u00e9e de lecture estim\u00e9e":"1 minute"},"schema":{"@context":"https:\/\/schema.org","@graph":[{"@type":"Article","@id":"https:\/\/www.africa-press.net\/senegal\/politique\/can-2025-motsepe-promet-meilleure-edition-au-maroc#article","isPartOf":{"@id":"https:\/\/www.africa-press.net\/senegal\/politique\/can-2025-motsepe-promet-meilleure-edition-au-maroc"},"author":{"name":"cfeditorfr","@id":"https:\/\/www.africa-press.net\/senegal\/#\/schema\/person\/2b1cf3cd81a31e3cd26889ca66d677f1"},"headline":"CAN 2025: Motsepe Promet Meilleure \u00c9dition au Maroc","datePublished":"2025-12-17T12:10:00+00:00","mainEntityOfPage":{"@id":"https:\/\/www.africa-press.net\/senegal\/politique\/can-2025-motsepe-promet-meilleure-edition-au-maroc"},"wordCount":271,"commentCount":0,"image":{"@id":"https:\/\/www.africa-press.net\/senegal\/politique\/can-2025-motsepe-promet-meilleure-edition-au-maroc#primaryimage"},"thumbnailUrl":"https:\/\/static.africa-press.net\/senegal\/sites\/13\/2025\/12\/sm_1766058489.963493.jpg","keywords":["Senegal"],"articleSection":["Sports","Toutes les actualit\u00e9s"],"inLanguage":"fr-FR","potentialAction":[{"@type":"CommentAction","name":"Comment","target":["https:\/\/www.africa-press.net\/senegal\/politique\/can-2025-motsepe-promet-meilleure-edition-au-maroc#respond"]}]},{"@type":"WebPage","@id":"https:\/\/www.africa-press.net\/senegal\/politique\/can-2025-motsepe-promet-meilleure-edition-au-maroc","url":"https:\/\/www.africa-press.net\/senegal\/politique\/can-2025-motsepe-promet-meilleure-edition-au-maroc","name":"CAN 2025: Motsepe Promet Meilleure \u00c9dition au Maroc - Senegal","isPartOf":{"@id":"https:\/\/www.africa-press.net\/senegal\/#website"},"primaryImageOfPage":{"@id":"https:\/\/www.africa-press.net\/senegal\/politique\/can-2025-motsepe-promet-meilleure-edition-au-maroc#primaryimage"},"image":{"@id":"https:\/\/www.africa-press.net\/senegal\/politique\/can-2025-motsepe-promet-meilleure-edition-au-maroc#primaryimage"},"thumbnailUrl":"https:\/\/static.africa-press.net\/senegal\/sites\/13\/2025\/12\/sm_1766058489.963493.jpg","datePublished":"2025-12-17T12:10:00+00:00","author":{"@id":"https:\/\/www.africa-press.net\/senegal\/#\/schema\/person\/2b1cf3cd81a31e3cd26889ca66d677f1"},"breadcrumb":{"@id":"https:\/\/www.africa-press.net\/senegal\/politique\/can-2025-motsepe-promet-meilleure-edition-au-maroc#breadcrumb"},"inLanguage":"fr-FR","potentialAction":[{"@type":"ReadAction","target":["https:\/\/www.africa-press.net\/senegal\/politique\/can-2025-motsepe-promet-meilleure-edition-au-maroc"]}]},{"@type":"ImageObject","inLanguage":"fr-FR","@id":"https:\/\/www.africa-press.net\/senegal\/politique\/can-2025-motsepe-promet-meilleure-edition-au-maroc#primaryimage","url":"https:\/\/static.africa-press.net\/senegal\/sites\/13\/2025\/12\/sm_1766058489.963493.jpg","contentUrl":"https:\/\/static.africa-press.net\/senegal\/sites\/13\/2025\/12\/sm_1766058489.963493.jpg","width":720,"height":405,"caption":"CAN 2025: Motsepe Promet Meilleure \u00c9dition au Maroc"},{"@type":"BreadcrumbList","@id":"https:\/\/www.africa-press.net\/senegal\/politique\/can-2025-motsepe-promet-meilleure-edition-au-maroc#breadcrumb","itemListElement":[{"@type":"ListItem","position":1,"name":"Accueil","item":"https:\/\/www.africa-press.net\/senegal\/"},{"@type":"ListItem","position":2,"name":"CAN 2025: Motsepe Promet Meilleure \u00c9dition au Maroc"}]},{"@type":"WebSite","@id":"https:\/\/www.africa-press.net\/senegal\/#website","url":"https:\/\/www.africa-press.net\/senegal\/","name":"Africa Press | Senegal | Homepage","description":"Just another Africa News Agency Sites site","potentialAction":[{"@type":"SearchAction","target":{"@type":"EntryPoint","urlTemplate":"https:\/\/www.africa-press.net\/senegal\/?s={search_term_string}"},"query-input":{"@type":"PropertyValueSpecification","valueRequired":true,"valueName":"search_term_string"}}],"inLanguage":"fr-FR"},{"@type":"Person","@id":"https:\/\/www.africa-press.net\/senegal\/#\/schema\/person\/2b1cf3cd81a31e3cd26889ca66d677f1","name":"cfeditorfr","url":"https:\/\/www.africa-press.net\/senegal\/author\/cfeditorfr"}]}},"_links":{"self":[{"href":"https:\/\/www.africa-press.net\/senegal\/wp-json\/wp\/v2\/posts\/73554","targetHints":{"allow":["GET"]}}],"collection":[{"href":"https:\/\/www.africa-press.net\/senegal\/wp-json\/wp\/v2\/posts"}],"about":[{"href":"https:\/\/www.africa-press.net\/senegal\/wp-json\/wp\/v2\/types\/post"}],"author":[{"embeddable":true,"href":"https:\/\/www.africa-press.net\/senegal\/wp-json\/wp\/v2\/users\/82"}],"replies":[{"embeddable":true,"href":"https:\/\/www.africa-press.net\/senegal\/wp-json\/wp\/v2\/comments?post=73554"}],"version-history":[{"count":0,"href":"https:\/\/www.africa-press.net\/senegal\/wp-json\/wp\/v2\/posts\/73554\/revisions"}],"wp:featuredmedia":[{"embeddable":true,"href":"https:\/\/www.africa-press.net\/senegal\/wp-json\/wp\/v2\/media\/73553"}],"wp:attachment":[{"href":"https:\/\/www.africa-press.net\/senegal\/wp-json\/wp\/v2\/media?parent=73554"}],"wp:term":[{"taxonomy":"category","embeddable":true,"href":"https:\/\/www.africa-press.net\/senegal\/wp-json\/wp\/v2\/categories?post=73554"},{"taxonomy":"post_tag","embeddable":true,"href":"https:\/\/www.africa-press.net\/senegal\/wp-json\/wp\/v2\/tags?post=73554"}],"curies":[{"name":"wp","href":"https:\/\/api.w.org\/{rel}","templated":true}]}}