{"id":73559,"date":"2025-12-17T12:10:00","date_gmt":"2025-12-17T12:10:00","guid":{"rendered":"https:\/\/www.africa-press.net\/senegal\/politique\/can-2025-manchester-united-conteste-mazraoui"},"modified":"2025-12-17T12:10:00","modified_gmt":"2025-12-17T12:10:00","slug":"can-2025-manchester-united-conteste-mazraoui","status":"publish","type":"post","link":"https:\/\/www.africa-press.net\/senegal\/sports\/can-2025-manchester-united-conteste-mazraoui","title":{"rendered":"CAN 2025: Manchester United Conteste Mazraoui"},"content":{"rendered":"<p><span style=\"color: #ff6600\"><strong>Africa-Press &#8211; Senegal. <\/strong><\/span>Manchester United a de\u0301cide\u0301 de saisir la FIFA au sujet de la mise a\u0300 disposition de Noussair Mazraoui pour la Coupe d\u2019Afrique des nations 2025, relanc\u0327ant la pole\u0301mique sur la gestion des libe\u0301rations de joueurs a\u0300 l\u2019approche du tournoi continental.<\/p>\n<p>Selon plusieurs sources, le club anglais conteste le traitement re\u0301serve\u0301 a\u0300 l\u2019international marocain, estimant avoir e\u0301te\u0301 le\u0301se\u0301 par une application juge\u0301e incohe\u0301rente des re\u0300gles. Mazraoui n\u2019aurait pas e\u0301te\u0301 autorise\u0301 a\u0300 disputer certaines rencontres avec les Red Devils, alors que d\u2019autres situations similaires auraient be\u0301ne\u0301ficie\u0301 d\u2019une plus grande souplesse.<\/p>\n<p>Cette de\u0301marche intervient dans un contexte de\u0301ja\u0300 tendu entre clubs et fe\u0301de\u0301rations. La FIFA avait fixe\u0301 au 14 de\u0301cembre la date officielle de libe\u0301ration des joueurs, une de\u0301cision critique\u0301e par plusieurs se\u0301lectionneurs, qui espe\u0301raient pouvoir compter plus to\u0302t sur leurs effectifs en vue de la CAN, programme\u0301e du 21 de\u0301cembre au 18 janvier.<\/p>\n<p>A\u0300 Manchester United, l\u2019incompre\u0301hension est d\u2019autant plus forte que le match face a\u0300 Bournemouth (4-4) avait e\u0301te\u0301 reporte\u0301 avant l\u2019annonce de la FIFA. Le club estime donc avoir subi un pre\u0301judice dans la gestion du dossier Mazraoui et re\u0301clame de\u0301sormais des e\u0301claircissements afin de faire la lumie\u0300re sur ce qu\u2019il conside\u0300re comme une injustice.<\/p>\n<p><strong>Pour plus d&rsquo;informations et d&rsquo;analyses sur la <span style=\"color: #ff6600\">Senegal<\/span>, suivez <span style=\"color: #ff6600\">Africa-Press<span style=\"color: #ff6600\"><\/span><\/strong><\/p>\n","protected":false},"excerpt":{"rendered":"<p>Africa-Press &#8211; Senegal. Manchester United a de\u0301cide\u0301 de saisir la FIFA au sujet de la mise a\u0300 disposition de Noussair Mazraoui pour la Coupe d\u2019Afrique des nations 2025, relanc\u0327ant la pole\u0301mique sur la gestion des libe\u0301rations de joueurs a\u0300 l\u2019approche du tournoi continental. Selon plusieurs sources, le club anglais conteste le traitement re\u0301serve\u0301 a\u0300 l\u2019international [&hellip;]<\/p>\n","protected":false},"author":82,"featured_media":73558,"comment_status":"open","ping_status":"closed","sticky":false,"template":"","format":"standard","meta":{"footnotes":""},"categories":[6,10],"tags":[44],"class_list":["post-73559","post","type-post","status-publish","format-standard","has-post-thumbnail","hentry","category-sports","category-toutes-les-actualites","tag-senegal-2"],"yoast_head":"<!-- This site is optimized with the Yoast SEO Premium plugin v26.1 (Yoast SEO v27.0) - https:\/\/yoast.com\/product\/yoast-seo-premium-wordpress\/ -->\n<title>CAN 2025: Manchester United Conteste Mazraoui - Senegal<\/title>\n<meta name=\"robots\" content=\"index, follow, max-snippet:-1, max-image-preview:large, max-video-preview:-1\" \/>\n<link rel=\"canonical\" href=\"https:\/\/www.africa-press.net\/senegal\/politique\/can-2025-manchester-united-conteste-mazraoui\" \/>\n<meta property=\"og:locale\" content=\"fr_FR\" \/>\n<meta property=\"og:type\" content=\"article\" \/>\n<meta property=\"og:title\" content=\"CAN 2025: Manchester United Conteste Mazraoui\" \/>\n<meta property=\"og:description\" content=\"Africa-Press &#8211; Senegal. Manchester United a de\u0301cide\u0301 de saisir la FIFA au sujet de la mise a\u0300 disposition de Noussair Mazraoui pour la Coupe d\u2019Afrique des nations 2025, relanc\u0327ant la pole\u0301mique sur la gestion des libe\u0301rations de joueurs a\u0300 l\u2019approche du tournoi continental. Selon plusieurs sources, le club anglais conteste le traitement re\u0301serve\u0301 a\u0300 l\u2019international [&hellip;]\" \/>\n<meta property=\"og:url\" content=\"https:\/\/www.africa-press.net\/senegal\/politique\/can-2025-manchester-united-conteste-mazraoui\" \/>\n<meta property=\"og:site_name\" content=\"Senegal\" \/>\n<meta property=\"article:published_time\" content=\"2025-12-17T12:10:00+00:00\" \/>\n<meta name=\"author\" content=\"cfeditorfr\" \/>\n<meta name=\"twitter:card\" content=\"summary_large_image\" \/>\n<meta name=\"twitter:label1\" content=\"\u00c9crit par\" \/>\n\t<meta name=\"twitter:data1\" content=\"cfeditorfr\" \/>\n\t<meta name=\"twitter:label2\" content=\"Dur\u00e9e de lecture estim\u00e9e\" \/>\n\t<meta name=\"twitter:data2\" content=\"1 minute\" \/>\n<script type=\"application\/ld+json\" class=\"yoast-schema-graph\">{\"@context\":\"https:\/\/schema.org\",\"@graph\":[{\"@type\":\"Article\",\"@id\":\"https:\/\/www.africa-press.net\/senegal\/politique\/can-2025-manchester-united-conteste-mazraoui#article\",\"isPartOf\":{\"@id\":\"https:\/\/www.africa-press.net\/senegal\/politique\/can-2025-manchester-united-conteste-mazraoui\"},\"author\":{\"name\":\"cfeditorfr\",\"@id\":\"https:\/\/www.africa-press.net\/senegal\/#\/schema\/person\/2b1cf3cd81a31e3cd26889ca66d677f1\"},\"headline\":\"CAN 2025: Manchester United Conteste Mazraoui\",\"datePublished\":\"2025-12-17T12:10:00+00:00\",\"mainEntityOfPage\":{\"@id\":\"https:\/\/www.africa-press.net\/senegal\/politique\/can-2025-manchester-united-conteste-mazraoui\"},\"wordCount\":255,\"commentCount\":0,\"image\":{\"@id\":\"https:\/\/www.africa-press.net\/senegal\/politique\/can-2025-manchester-united-conteste-mazraoui#primaryimage\"},\"thumbnailUrl\":\"https:\/\/static.africa-press.net\/senegal\/sites\/13\/2025\/12\/sm_1766058841.363455.jpg\",\"keywords\":[\"Senegal\"],\"articleSection\":[\"Sports\",\"Toutes les actualit\u00e9s\"],\"inLanguage\":\"fr-FR\",\"potentialAction\":[{\"@type\":\"CommentAction\",\"name\":\"Comment\",\"target\":[\"https:\/\/www.africa-press.net\/senegal\/politique\/can-2025-manchester-united-conteste-mazraoui#respond\"]}]},{\"@type\":\"WebPage\",\"@id\":\"https:\/\/www.africa-press.net\/senegal\/politique\/can-2025-manchester-united-conteste-mazraoui\",\"url\":\"https:\/\/www.africa-press.net\/senegal\/politique\/can-2025-manchester-united-conteste-mazraoui\",\"name\":\"CAN 2025: Manchester United Conteste Mazraoui - Senegal\",\"isPartOf\":{\"@id\":\"https:\/\/www.africa-press.net\/senegal\/#website\"},\"primaryImageOfPage\":{\"@id\":\"https:\/\/www.africa-press.net\/senegal\/politique\/can-2025-manchester-united-conteste-mazraoui#primaryimage\"},\"image\":{\"@id\":\"https:\/\/www.africa-press.net\/senegal\/politique\/can-2025-manchester-united-conteste-mazraoui#primaryimage\"},\"thumbnailUrl\":\"https:\/\/static.africa-press.net\/senegal\/sites\/13\/2025\/12\/sm_1766058841.363455.jpg\",\"datePublished\":\"2025-12-17T12:10:00+00:00\",\"author\":{\"@id\":\"https:\/\/www.africa-press.net\/senegal\/#\/schema\/person\/2b1cf3cd81a31e3cd26889ca66d677f1\"},\"breadcrumb\":{\"@id\":\"https:\/\/www.africa-press.net\/senegal\/politique\/can-2025-manchester-united-conteste-mazraoui#breadcrumb\"},\"inLanguage\":\"fr-FR\",\"potentialAction\":[{\"@type\":\"ReadAction\",\"target\":[\"https:\/\/www.africa-press.net\/senegal\/politique\/can-2025-manchester-united-conteste-mazraoui\"]}]},{\"@type\":\"ImageObject\",\"inLanguage\":\"fr-FR\",\"@id\":\"https:\/\/www.africa-press.net\/senegal\/politique\/can-2025-manchester-united-conteste-mazraoui#primaryimage\",\"url\":\"https:\/\/static.africa-press.net\/senegal\/sites\/13\/2025\/12\/sm_1766058841.363455.jpg\",\"contentUrl\":\"https:\/\/static.africa-press.net\/senegal\/sites\/13\/2025\/12\/sm_1766058841.363455.jpg\",\"width\":1920,\"height\":1080,\"caption\":\"CAN 2025: Manchester United Conteste Mazraoui\"},{\"@type\":\"BreadcrumbList\",\"@id\":\"https:\/\/www.africa-press.net\/senegal\/politique\/can-2025-manchester-united-conteste-mazraoui#breadcrumb\",\"itemListElement\":[{\"@type\":\"ListItem\",\"position\":1,\"name\":\"Accueil\",\"item\":\"https:\/\/www.africa-press.net\/senegal\/\"},{\"@type\":\"ListItem\",\"position\":2,\"name\":\"CAN 2025: Manchester United Conteste Mazraoui\"}]},{\"@type\":\"WebSite\",\"@id\":\"https:\/\/www.africa-press.net\/senegal\/#website\",\"url\":\"https:\/\/www.africa-press.net\/senegal\/\",\"name\":\"Africa Press | Senegal | Homepage\",\"description\":\"Just another Africa News Agency Sites site\",\"potentialAction\":[{\"@type\":\"SearchAction\",\"target\":{\"@type\":\"EntryPoint\",\"urlTemplate\":\"https:\/\/www.africa-press.net\/senegal\/?s={search_term_string}\"},\"query-input\":{\"@type\":\"PropertyValueSpecification\",\"valueRequired\":true,\"valueName\":\"search_term_string\"}}],\"inLanguage\":\"fr-FR\"},{\"@type\":\"Person\",\"@id\":\"https:\/\/www.africa-press.net\/senegal\/#\/schema\/person\/2b1cf3cd81a31e3cd26889ca66d677f1\",\"name\":\"cfeditorfr\",\"url\":\"https:\/\/www.africa-press.net\/senegal\/author\/cfeditorfr\"}]}<\/script>\n<!-- \/ Yoast SEO Premium plugin. -->","yoast_head_json":{"title":"CAN 2025: Manchester United Conteste Mazraoui - Senegal","robots":{"index":"index","follow":"follow","max-snippet":"max-snippet:-1","max-image-preview":"max-image-preview:large","max-video-preview":"max-video-preview:-1"},"canonical":"https:\/\/www.africa-press.net\/senegal\/politique\/can-2025-manchester-united-conteste-mazraoui","og_locale":"fr_FR","og_type":"article","og_title":"CAN 2025: Manchester United Conteste Mazraoui","og_description":"Africa-Press &#8211; Senegal. Manchester United a de\u0301cide\u0301 de saisir la FIFA au sujet de la mise a\u0300 disposition de Noussair Mazraoui pour la Coupe d\u2019Afrique des nations 2025, relanc\u0327ant la pole\u0301mique sur la gestion des libe\u0301rations de joueurs a\u0300 l\u2019approche du tournoi continental. Selon plusieurs sources, le club anglais conteste le traitement re\u0301serve\u0301 a\u0300 l\u2019international [&hellip;]","og_url":"https:\/\/www.africa-press.net\/senegal\/politique\/can-2025-manchester-united-conteste-mazraoui","og_site_name":"Senegal","article_published_time":"2025-12-17T12:10:00+00:00","author":"cfeditorfr","twitter_card":"summary_large_image","twitter_misc":{"\u00c9crit par":"cfeditorfr","Dur\u00e9e de lecture estim\u00e9e":"1 minute"},"schema":{"@context":"https:\/\/schema.org","@graph":[{"@type":"Article","@id":"https:\/\/www.africa-press.net\/senegal\/politique\/can-2025-manchester-united-conteste-mazraoui#article","isPartOf":{"@id":"https:\/\/www.africa-press.net\/senegal\/politique\/can-2025-manchester-united-conteste-mazraoui"},"author":{"name":"cfeditorfr","@id":"https:\/\/www.africa-press.net\/senegal\/#\/schema\/person\/2b1cf3cd81a31e3cd26889ca66d677f1"},"headline":"CAN 2025: Manchester United Conteste Mazraoui","datePublished":"2025-12-17T12:10:00+00:00","mainEntityOfPage":{"@id":"https:\/\/www.africa-press.net\/senegal\/politique\/can-2025-manchester-united-conteste-mazraoui"},"wordCount":255,"commentCount":0,"image":{"@id":"https:\/\/www.africa-press.net\/senegal\/politique\/can-2025-manchester-united-conteste-mazraoui#primaryimage"},"thumbnailUrl":"https:\/\/static.africa-press.net\/senegal\/sites\/13\/2025\/12\/sm_1766058841.363455.jpg","keywords":["Senegal"],"articleSection":["Sports","Toutes les actualit\u00e9s"],"inLanguage":"fr-FR","potentialAction":[{"@type":"CommentAction","name":"Comment","target":["https:\/\/www.africa-press.net\/senegal\/politique\/can-2025-manchester-united-conteste-mazraoui#respond"]}]},{"@type":"WebPage","@id":"https:\/\/www.africa-press.net\/senegal\/politique\/can-2025-manchester-united-conteste-mazraoui","url":"https:\/\/www.africa-press.net\/senegal\/politique\/can-2025-manchester-united-conteste-mazraoui","name":"CAN 2025: Manchester United Conteste Mazraoui - Senegal","isPartOf":{"@id":"https:\/\/www.africa-press.net\/senegal\/#website"},"primaryImageOfPage":{"@id":"https:\/\/www.africa-press.net\/senegal\/politique\/can-2025-manchester-united-conteste-mazraoui#primaryimage"},"image":{"@id":"https:\/\/www.africa-press.net\/senegal\/politique\/can-2025-manchester-united-conteste-mazraoui#primaryimage"},"thumbnailUrl":"https:\/\/static.africa-press.net\/senegal\/sites\/13\/2025\/12\/sm_1766058841.363455.jpg","datePublished":"2025-12-17T12:10:00+00:00","author":{"@id":"https:\/\/www.africa-press.net\/senegal\/#\/schema\/person\/2b1cf3cd81a31e3cd26889ca66d677f1"},"breadcrumb":{"@id":"https:\/\/www.africa-press.net\/senegal\/politique\/can-2025-manchester-united-conteste-mazraoui#breadcrumb"},"inLanguage":"fr-FR","potentialAction":[{"@type":"ReadAction","target":["https:\/\/www.africa-press.net\/senegal\/politique\/can-2025-manchester-united-conteste-mazraoui"]}]},{"@type":"ImageObject","inLanguage":"fr-FR","@id":"https:\/\/www.africa-press.net\/senegal\/politique\/can-2025-manchester-united-conteste-mazraoui#primaryimage","url":"https:\/\/static.africa-press.net\/senegal\/sites\/13\/2025\/12\/sm_1766058841.363455.jpg","contentUrl":"https:\/\/static.africa-press.net\/senegal\/sites\/13\/2025\/12\/sm_1766058841.363455.jpg","width":1920,"height":1080,"caption":"CAN 2025: Manchester United Conteste Mazraoui"},{"@type":"BreadcrumbList","@id":"https:\/\/www.africa-press.net\/senegal\/politique\/can-2025-manchester-united-conteste-mazraoui#breadcrumb","itemListElement":[{"@type":"ListItem","position":1,"name":"Accueil","item":"https:\/\/www.africa-press.net\/senegal\/"},{"@type":"ListItem","position":2,"name":"CAN 2025: Manchester United Conteste Mazraoui"}]},{"@type":"WebSite","@id":"https:\/\/www.africa-press.net\/senegal\/#website","url":"https:\/\/www.africa-press.net\/senegal\/","name":"Africa Press | Senegal | Homepage","description":"Just another Africa News Agency Sites site","potentialAction":[{"@type":"SearchAction","target":{"@type":"EntryPoint","urlTemplate":"https:\/\/www.africa-press.net\/senegal\/?s={search_term_string}"},"query-input":{"@type":"PropertyValueSpecification","valueRequired":true,"valueName":"search_term_string"}}],"inLanguage":"fr-FR"},{"@type":"Person","@id":"https:\/\/www.africa-press.net\/senegal\/#\/schema\/person\/2b1cf3cd81a31e3cd26889ca66d677f1","name":"cfeditorfr","url":"https:\/\/www.africa-press.net\/senegal\/author\/cfeditorfr"}]}},"_links":{"self":[{"href":"https:\/\/www.africa-press.net\/senegal\/wp-json\/wp\/v2\/posts\/73559","targetHints":{"allow":["GET"]}}],"collection":[{"href":"https:\/\/www.africa-press.net\/senegal\/wp-json\/wp\/v2\/posts"}],"about":[{"href":"https:\/\/www.africa-press.net\/senegal\/wp-json\/wp\/v2\/types\/post"}],"author":[{"embeddable":true,"href":"https:\/\/www.africa-press.net\/senegal\/wp-json\/wp\/v2\/users\/82"}],"replies":[{"embeddable":true,"href":"https:\/\/www.africa-press.net\/senegal\/wp-json\/wp\/v2\/comments?post=73559"}],"version-history":[{"count":0,"href":"https:\/\/www.africa-press.net\/senegal\/wp-json\/wp\/v2\/posts\/73559\/revisions"}],"wp:featuredmedia":[{"embeddable":true,"href":"https:\/\/www.africa-press.net\/senegal\/wp-json\/wp\/v2\/media\/73558"}],"wp:attachment":[{"href":"https:\/\/www.africa-press.net\/senegal\/wp-json\/wp\/v2\/media?parent=73559"}],"wp:term":[{"taxonomy":"category","embeddable":true,"href":"https:\/\/www.africa-press.net\/senegal\/wp-json\/wp\/v2\/categories?post=73559"},{"taxonomy":"post_tag","embeddable":true,"href":"https:\/\/www.africa-press.net\/senegal\/wp-json\/wp\/v2\/tags?post=73559"}],"curies":[{"name":"wp","href":"https:\/\/api.w.org\/{rel}","templated":true}]}}