{"id":73576,"date":"2025-12-18T13:45:00","date_gmt":"2025-12-18T13:45:00","guid":{"rendered":"https:\/\/www.africa-press.net\/senegal\/politique\/dethie-fall-ajoute-une-nouvelle-corde-a-son-arc"},"modified":"2025-12-19T00:57:50","modified_gmt":"2025-12-19T00:57:50","slug":"dethie-fall-ajoute-une-nouvelle-corde-a-son-arc","status":"publish","type":"post","link":"https:\/\/www.africa-press.net\/senegal\/politique\/dethie-fall-ajoute-une-nouvelle-corde-a-son-arc","title":{"rendered":"Dethie Fall Ajoute une Nouvelle Corde \u00c0 Son Arc"},"content":{"rendered":"<p><span style=\"color: #ff6600\"><strong>Africa-Press &#8211; Senegal. <\/strong><\/span>La passation de service entre le ministre de l\u2019E\u0301ducation nationale, M. Moustapha Mamba Guirassy, et le ministre des Infrastructures, M. De\u0301thie\u0301 Fall, s\u2019est tenue ce jour, marquant un tournant important dans la gouvernance du secteur e\u0301ducatif et des e\u0301quipements publics.A\u0300 l\u2019issue de cette ce\u0301re\u0301monie officielle, il a e\u0301te\u0301 acte\u0301 le transfert de la Direction des constructions scolaires du ministe\u0300re de l\u2019E\u0301ducation nationale vers le ministe\u0300re des Infrastructures.<\/p>\n<p>Cette de\u0301cision vise a\u0300 renforcer l\u2019efficacite\u0301, la coordination et la qualite\u0301 de la re\u0301alisation des infrastructures scolaires a\u0300 l\u2019e\u0301chelle nationale.Le rattachement de la Direction des constructions scolaires au ministe\u0300re des Infrastructures s\u2019inscrit dans une volonte\u0301 des autorite\u0301s de centraliser la gestion des ouvrages publics, en s\u2019appuyant sur l\u2019expertise technique et l\u2019expe\u0301rience de ce de\u0301partement dirige\u0301 par De\u0301thie\u0301 Fall dans la conduite de grands projets structurants.<\/p>\n<p>Cette passation de service entre Moustapha Mamba Guirassy et De\u0301thie\u0301 Fall ouvre ainsi une nouvelle phase dans la gestion des constructions scolaires, au service d\u2019un syste\u0300me e\u0301ducatif plus performant et plus inclusif.<\/p>\n\r\n                <style type=\"text\/css\">\r\n                    \r\n                    #td_uid_1_69ee375d5e54a  .td-doubleSlider-2 .td-item1 {\r\n                        background: url(https:\/\/static.africa-press.net\/senegal\/sites\/13\/2025\/12\/sm_1766134585.449537-80x60.jpg) 0 0 no-repeat;\r\n                    }\r\n                    #td_uid_1_69ee375d5e54a  .td-doubleSlider-2 .td-item2 {\r\n                        background: url(https:\/\/static.africa-press.net\/senegal\/sites\/13\/2025\/12\/sm_1766134590.229979-80x60.jpg) 0 0 no-repeat;\r\n                    }\r\n                <\/style>\r\n\r\n                <div id=\"td_uid_1_69ee375d5e54a\" class=\"td-gallery td-slide-on-2-columns\">\r\n                    <div class=\"post_td_gallery\">\r\n                        <div class=\"td-gallery-slide-top\">\r\n                           <div class=\"td-gallery-title\"><\/div>\r\n\r\n                            <div class=\"td-gallery-controls-wrapper\">\r\n                                <div class=\"td-gallery-slide-count\"><span class=\"td-gallery-slide-item-focus\">1<\/span> de 2<\/div>\r\n                                <div class=\"td-gallery-slide-prev-next-but\">\r\n                                    <i class = \"td-icon-left doubleSliderPrevButton\"><\/i>\r\n                                    <i class = \"td-icon-right doubleSliderNextButton\"><\/i>\r\n                                <\/div>\r\n                            <\/div>\r\n                        <\/div>\r\n\r\n                        <div class = \"td-doubleSlider-1 \">\r\n                            <div class = \"td-slider\">\r\n                                \r\n                    <div class = \"td-slide-item td-item1\">\r\n                        <figure class=\"td-slide-galery-figure td-slide-popup-gallery\">\r\n                            <a class=\"slide-gallery-image-link\" href=\"https:\/\/static.africa-press.net\/senegal\/sites\/13\/2025\/12\/sm_1766134585.449537.jpg\" title=\"sm_1766134585.449537\"  data-caption=\"\"  data-description=\"\">\r\n                                <img decoding=\"async\" src=\"https:\/\/static.africa-press.net\/senegal\/sites\/13\/2025\/12\/sm_1766134585.449537.jpg\" srcset=\"https:\/\/static.africa-press.net\/senegal\/sites\/13\/2025\/12\/sm_1766134585.449537.jpg 1080w, https:\/\/static.africa-press.net\/senegal\/sites\/13\/2025\/12\/sm_1766134585.449537-300x200.jpg 300w, https:\/\/static.africa-press.net\/senegal\/sites\/13\/2025\/12\/sm_1766134585.449537-1024x683.jpg 1024w, https:\/\/static.africa-press.net\/senegal\/sites\/13\/2025\/12\/sm_1766134585.449537-768x512.jpg 768w\" sizes=\"(max-width: 1080px) 100vw, 1080px\" alt=\"\">\r\n                            <\/a>\r\n                            \r\n                        <\/figure>\r\n                    <\/div>\r\n                    <div class = \"td-slide-item td-item2\">\r\n                        <figure class=\"td-slide-galery-figure td-slide-popup-gallery\">\r\n                            <a class=\"slide-gallery-image-link\" href=\"https:\/\/static.africa-press.net\/senegal\/sites\/13\/2025\/12\/sm_1766134590.229979.jpg\" title=\"sm_1766134590.229979\"  data-caption=\"\"  data-description=\"\">\r\n                                <img decoding=\"async\" src=\"https:\/\/static.africa-press.net\/senegal\/sites\/13\/2025\/12\/sm_1766134590.229979.jpg\" srcset=\"https:\/\/static.africa-press.net\/senegal\/sites\/13\/2025\/12\/sm_1766134590.229979.jpg 1260w, https:\/\/static.africa-press.net\/senegal\/sites\/13\/2025\/12\/sm_1766134590.229979-300x190.jpg 300w, https:\/\/static.africa-press.net\/senegal\/sites\/13\/2025\/12\/sm_1766134590.229979-1024x650.jpg 1024w, https:\/\/static.africa-press.net\/senegal\/sites\/13\/2025\/12\/sm_1766134590.229979-768x488.jpg 768w\" sizes=\"(max-width: 1260px) 100vw, 1260px\" alt=\"\">\r\n                            <\/a>\r\n                            \r\n                        <\/figure>\r\n                    <\/div>\r\n                            <\/div>\r\n                        <\/div>\r\n\r\n                        <div class = \"td-doubleSlider-2\">\r\n                            <div class = \"td-slider\">\r\n                                \r\n                    <div class = \"td-button td-item1\">\r\n                        <div class = \"td-border\"><\/div>\r\n                    <\/div>\r\n                    <div class = \"td-button td-item2\">\r\n                        <div class = \"td-border\"><\/div>\r\n                    <\/div>\r\n                            <\/div>\r\n                        <\/div>\r\n\r\n                    <\/div>\r\n\r\n                <\/div>\r\n                \n<p><strong>Pour plus d&rsquo;informations et d&rsquo;analyses sur la <span style=\"color: #ff6600\">Senegal<\/span>, suivez <span style=\"color: #ff6600\">Africa-Press<\/span><\/strong><\/p>\n","protected":false},"excerpt":{"rendered":"<p>Africa-Press &#8211; Senegal. La passation de service entre le ministre de l\u2019E\u0301ducation nationale, M. Moustapha Mamba Guirassy, et le ministre des Infrastructures, M. De\u0301thie\u0301 Fall, s\u2019est tenue ce jour, marquant un tournant important dans la gouvernance du secteur e\u0301ducatif et des e\u0301quipements publics.A\u0300 l\u2019issue de cette ce\u0301re\u0301monie officielle, il a e\u0301te\u0301 acte\u0301 le transfert de [&hellip;]<\/p>\n","protected":false},"author":82,"featured_media":73575,"comment_status":"open","ping_status":"closed","sticky":false,"template":"","format":"standard","meta":{"footnotes":""},"categories":[2,20,10],"tags":[44],"class_list":["post-73576","post","type-post","status-publish","format-standard","has-post-thumbnail","hentry","category-politique","category-top-nouvelles","category-toutes-les-actualites","tag-senegal-2"],"yoast_head":"<!-- This site is optimized with the Yoast SEO Premium plugin v26.1 (Yoast SEO v27.0) - https:\/\/yoast.com\/product\/yoast-seo-premium-wordpress\/ -->\n<title>Dethie Fall Ajoute une Nouvelle Corde \u00c0 Son Arc - Senegal<\/title>\n<meta name=\"description\" content=\"La passation de service entre le ministre de l\u2019E\u0301ducation nationale, M. Moustapha Mamba Guirassy, et le ministre des Inf ...\" \/>\n<meta name=\"robots\" content=\"index, follow, max-snippet:-1, max-image-preview:large, max-video-preview:-1\" \/>\n<link rel=\"canonical\" href=\"https:\/\/www.africa-press.net\/senegal\/politique\/dethie-fall-ajoute-une-nouvelle-corde-a-son-arc\" \/>\n<meta property=\"og:locale\" content=\"fr_FR\" \/>\n<meta property=\"og:type\" content=\"article\" \/>\n<meta property=\"og:title\" content=\"Dethie Fall Ajoute une Nouvelle Corde \u00c0 Son Arc\" \/>\n<meta property=\"og:description\" content=\"La passation de service entre le ministre de l\u2019E\u0301ducation nationale, M. Moustapha Mamba Guirassy, et le ministre des Inf ...\" \/>\n<meta property=\"og:url\" content=\"https:\/\/www.africa-press.net\/senegal\/politique\/dethie-fall-ajoute-une-nouvelle-corde-a-son-arc\" \/>\n<meta property=\"og:site_name\" content=\"Senegal\" \/>\n<meta property=\"article:published_time\" content=\"2025-12-18T13:45:00+00:00\" \/>\n<meta property=\"article:modified_time\" content=\"2025-12-19T00:57:50+00:00\" \/>\n<meta property=\"og:image\" content=\"https:\/\/static.africa-press.net\/senegal\/sites\/13\/2025\/12\/sm_1766134595.164976.jpg\" \/>\n\t<meta property=\"og:image:width\" content=\"1280\" \/>\n\t<meta property=\"og:image:height\" content=\"720\" \/>\n\t<meta property=\"og:image:type\" content=\"image\/jpeg\" \/>\n<meta name=\"author\" content=\"cfeditorfr\" \/>\n<meta name=\"twitter:card\" content=\"summary_large_image\" \/>\n<meta name=\"twitter:label1\" content=\"\u00c9crit par\" \/>\n\t<meta name=\"twitter:data1\" content=\"cfeditorfr\" \/>\n\t<meta name=\"twitter:label2\" content=\"Dur\u00e9e de lecture estim\u00e9e\" \/>\n\t<meta name=\"twitter:data2\" content=\"2 minutes\" \/>\n<script type=\"application\/ld+json\" class=\"yoast-schema-graph\">{\"@context\":\"https:\/\/schema.org\",\"@graph\":[{\"@type\":\"Article\",\"@id\":\"https:\/\/www.africa-press.net\/senegal\/politique\/dethie-fall-ajoute-une-nouvelle-corde-a-son-arc#article\",\"isPartOf\":{\"@id\":\"https:\/\/www.africa-press.net\/senegal\/politique\/dethie-fall-ajoute-une-nouvelle-corde-a-son-arc\"},\"author\":{\"name\":\"cfeditorfr\",\"@id\":\"https:\/\/www.africa-press.net\/senegal\/#\/schema\/person\/2b1cf3cd81a31e3cd26889ca66d677f1\"},\"headline\":\"Dethie Fall Ajoute une Nouvelle Corde \u00c0 Son Arc\",\"datePublished\":\"2025-12-18T13:45:00+00:00\",\"dateModified\":\"2025-12-19T00:57:50+00:00\",\"mainEntityOfPage\":{\"@id\":\"https:\/\/www.africa-press.net\/senegal\/politique\/dethie-fall-ajoute-une-nouvelle-corde-a-son-arc\"},\"wordCount\":231,\"commentCount\":0,\"image\":{\"@id\":\"https:\/\/www.africa-press.net\/senegal\/politique\/dethie-fall-ajoute-une-nouvelle-corde-a-son-arc#primaryimage\"},\"thumbnailUrl\":\"https:\/\/static.africa-press.net\/senegal\/sites\/13\/2025\/12\/sm_1766134595.164976.jpg\",\"keywords\":[\"Senegal\"],\"articleSection\":[\"Politique\",\"Top Nouvelles\",\"Toutes les actualit\u00e9s\"],\"inLanguage\":\"fr-FR\",\"potentialAction\":[{\"@type\":\"CommentAction\",\"name\":\"Comment\",\"target\":[\"https:\/\/www.africa-press.net\/senegal\/politique\/dethie-fall-ajoute-une-nouvelle-corde-a-son-arc#respond\"]}]},{\"@type\":\"WebPage\",\"@id\":\"https:\/\/www.africa-press.net\/senegal\/politique\/dethie-fall-ajoute-une-nouvelle-corde-a-son-arc\",\"url\":\"https:\/\/www.africa-press.net\/senegal\/politique\/dethie-fall-ajoute-une-nouvelle-corde-a-son-arc\",\"name\":\"Dethie Fall Ajoute une Nouvelle Corde \u00c0 Son Arc - Senegal\",\"isPartOf\":{\"@id\":\"https:\/\/www.africa-press.net\/senegal\/#website\"},\"primaryImageOfPage\":{\"@id\":\"https:\/\/www.africa-press.net\/senegal\/politique\/dethie-fall-ajoute-une-nouvelle-corde-a-son-arc#primaryimage\"},\"image\":{\"@id\":\"https:\/\/www.africa-press.net\/senegal\/politique\/dethie-fall-ajoute-une-nouvelle-corde-a-son-arc#primaryimage\"},\"thumbnailUrl\":\"https:\/\/static.africa-press.net\/senegal\/sites\/13\/2025\/12\/sm_1766134595.164976.jpg\",\"datePublished\":\"2025-12-18T13:45:00+00:00\",\"dateModified\":\"2025-12-19T00:57:50+00:00\",\"author\":{\"@id\":\"https:\/\/www.africa-press.net\/senegal\/#\/schema\/person\/2b1cf3cd81a31e3cd26889ca66d677f1\"},\"description\":\"La passation de service entre le ministre de l\u2019E\u0301ducation nationale, M. Moustapha Mamba Guirassy, et le ministre des Inf ...\",\"breadcrumb\":{\"@id\":\"https:\/\/www.africa-press.net\/senegal\/politique\/dethie-fall-ajoute-une-nouvelle-corde-a-son-arc#breadcrumb\"},\"inLanguage\":\"fr-FR\",\"potentialAction\":[{\"@type\":\"ReadAction\",\"target\":[\"https:\/\/www.africa-press.net\/senegal\/politique\/dethie-fall-ajoute-une-nouvelle-corde-a-son-arc\"]}]},{\"@type\":\"ImageObject\",\"inLanguage\":\"fr-FR\",\"@id\":\"https:\/\/www.africa-press.net\/senegal\/politique\/dethie-fall-ajoute-une-nouvelle-corde-a-son-arc#primaryimage\",\"url\":\"https:\/\/static.africa-press.net\/senegal\/sites\/13\/2025\/12\/sm_1766134595.164976.jpg\",\"contentUrl\":\"https:\/\/static.africa-press.net\/senegal\/sites\/13\/2025\/12\/sm_1766134595.164976.jpg\",\"width\":1280,\"height\":720,\"caption\":\"Dethie Fall Ajoute une Nouvelle Corde \u00c0 Son Arc\"},{\"@type\":\"BreadcrumbList\",\"@id\":\"https:\/\/www.africa-press.net\/senegal\/politique\/dethie-fall-ajoute-une-nouvelle-corde-a-son-arc#breadcrumb\",\"itemListElement\":[{\"@type\":\"ListItem\",\"position\":1,\"name\":\"Accueil\",\"item\":\"https:\/\/www.africa-press.net\/senegal\/\"},{\"@type\":\"ListItem\",\"position\":2,\"name\":\"Dethie Fall Ajoute une Nouvelle Corde \u00c0 Son Arc\"}]},{\"@type\":\"WebSite\",\"@id\":\"https:\/\/www.africa-press.net\/senegal\/#website\",\"url\":\"https:\/\/www.africa-press.net\/senegal\/\",\"name\":\"Africa Press | Senegal | Homepage\",\"description\":\"Just another Africa News Agency Sites site\",\"potentialAction\":[{\"@type\":\"SearchAction\",\"target\":{\"@type\":\"EntryPoint\",\"urlTemplate\":\"https:\/\/www.africa-press.net\/senegal\/?s={search_term_string}\"},\"query-input\":{\"@type\":\"PropertyValueSpecification\",\"valueRequired\":true,\"valueName\":\"search_term_string\"}}],\"inLanguage\":\"fr-FR\"},{\"@type\":\"Person\",\"@id\":\"https:\/\/www.africa-press.net\/senegal\/#\/schema\/person\/2b1cf3cd81a31e3cd26889ca66d677f1\",\"name\":\"cfeditorfr\",\"url\":\"https:\/\/www.africa-press.net\/senegal\/author\/cfeditorfr\"}]}<\/script>\n<!-- \/ Yoast SEO Premium plugin. -->","yoast_head_json":{"title":"Dethie Fall Ajoute une Nouvelle Corde \u00c0 Son Arc - Senegal","description":"La passation de service entre le ministre de l\u2019E\u0301ducation nationale, M. Moustapha Mamba Guirassy, et le ministre des Inf ...","robots":{"index":"index","follow":"follow","max-snippet":"max-snippet:-1","max-image-preview":"max-image-preview:large","max-video-preview":"max-video-preview:-1"},"canonical":"https:\/\/www.africa-press.net\/senegal\/politique\/dethie-fall-ajoute-une-nouvelle-corde-a-son-arc","og_locale":"fr_FR","og_type":"article","og_title":"Dethie Fall Ajoute une Nouvelle Corde \u00c0 Son Arc","og_description":"La passation de service entre le ministre de l\u2019E\u0301ducation nationale, M. Moustapha Mamba Guirassy, et le ministre des Inf ...","og_url":"https:\/\/www.africa-press.net\/senegal\/politique\/dethie-fall-ajoute-une-nouvelle-corde-a-son-arc","og_site_name":"Senegal","article_published_time":"2025-12-18T13:45:00+00:00","article_modified_time":"2025-12-19T00:57:50+00:00","og_image":[{"width":1280,"height":720,"url":"https:\/\/static.africa-press.net\/senegal\/sites\/13\/2025\/12\/sm_1766134595.164976.jpg","type":"image\/jpeg"}],"author":"cfeditorfr","twitter_card":"summary_large_image","twitter_misc":{"\u00c9crit par":"cfeditorfr","Dur\u00e9e de lecture estim\u00e9e":"2 minutes"},"schema":{"@context":"https:\/\/schema.org","@graph":[{"@type":"Article","@id":"https:\/\/www.africa-press.net\/senegal\/politique\/dethie-fall-ajoute-une-nouvelle-corde-a-son-arc#article","isPartOf":{"@id":"https:\/\/www.africa-press.net\/senegal\/politique\/dethie-fall-ajoute-une-nouvelle-corde-a-son-arc"},"author":{"name":"cfeditorfr","@id":"https:\/\/www.africa-press.net\/senegal\/#\/schema\/person\/2b1cf3cd81a31e3cd26889ca66d677f1"},"headline":"Dethie Fall Ajoute une Nouvelle Corde \u00c0 Son Arc","datePublished":"2025-12-18T13:45:00+00:00","dateModified":"2025-12-19T00:57:50+00:00","mainEntityOfPage":{"@id":"https:\/\/www.africa-press.net\/senegal\/politique\/dethie-fall-ajoute-une-nouvelle-corde-a-son-arc"},"wordCount":231,"commentCount":0,"image":{"@id":"https:\/\/www.africa-press.net\/senegal\/politique\/dethie-fall-ajoute-une-nouvelle-corde-a-son-arc#primaryimage"},"thumbnailUrl":"https:\/\/static.africa-press.net\/senegal\/sites\/13\/2025\/12\/sm_1766134595.164976.jpg","keywords":["Senegal"],"articleSection":["Politique","Top Nouvelles","Toutes les actualit\u00e9s"],"inLanguage":"fr-FR","potentialAction":[{"@type":"CommentAction","name":"Comment","target":["https:\/\/www.africa-press.net\/senegal\/politique\/dethie-fall-ajoute-une-nouvelle-corde-a-son-arc#respond"]}]},{"@type":"WebPage","@id":"https:\/\/www.africa-press.net\/senegal\/politique\/dethie-fall-ajoute-une-nouvelle-corde-a-son-arc","url":"https:\/\/www.africa-press.net\/senegal\/politique\/dethie-fall-ajoute-une-nouvelle-corde-a-son-arc","name":"Dethie Fall Ajoute une Nouvelle Corde \u00c0 Son Arc - Senegal","isPartOf":{"@id":"https:\/\/www.africa-press.net\/senegal\/#website"},"primaryImageOfPage":{"@id":"https:\/\/www.africa-press.net\/senegal\/politique\/dethie-fall-ajoute-une-nouvelle-corde-a-son-arc#primaryimage"},"image":{"@id":"https:\/\/www.africa-press.net\/senegal\/politique\/dethie-fall-ajoute-une-nouvelle-corde-a-son-arc#primaryimage"},"thumbnailUrl":"https:\/\/static.africa-press.net\/senegal\/sites\/13\/2025\/12\/sm_1766134595.164976.jpg","datePublished":"2025-12-18T13:45:00+00:00","dateModified":"2025-12-19T00:57:50+00:00","author":{"@id":"https:\/\/www.africa-press.net\/senegal\/#\/schema\/person\/2b1cf3cd81a31e3cd26889ca66d677f1"},"description":"La passation de service entre le ministre de l\u2019E\u0301ducation nationale, M. Moustapha Mamba Guirassy, et le ministre des Inf ...","breadcrumb":{"@id":"https:\/\/www.africa-press.net\/senegal\/politique\/dethie-fall-ajoute-une-nouvelle-corde-a-son-arc#breadcrumb"},"inLanguage":"fr-FR","potentialAction":[{"@type":"ReadAction","target":["https:\/\/www.africa-press.net\/senegal\/politique\/dethie-fall-ajoute-une-nouvelle-corde-a-son-arc"]}]},{"@type":"ImageObject","inLanguage":"fr-FR","@id":"https:\/\/www.africa-press.net\/senegal\/politique\/dethie-fall-ajoute-une-nouvelle-corde-a-son-arc#primaryimage","url":"https:\/\/static.africa-press.net\/senegal\/sites\/13\/2025\/12\/sm_1766134595.164976.jpg","contentUrl":"https:\/\/static.africa-press.net\/senegal\/sites\/13\/2025\/12\/sm_1766134595.164976.jpg","width":1280,"height":720,"caption":"Dethie Fall Ajoute une Nouvelle Corde \u00c0 Son Arc"},{"@type":"BreadcrumbList","@id":"https:\/\/www.africa-press.net\/senegal\/politique\/dethie-fall-ajoute-une-nouvelle-corde-a-son-arc#breadcrumb","itemListElement":[{"@type":"ListItem","position":1,"name":"Accueil","item":"https:\/\/www.africa-press.net\/senegal\/"},{"@type":"ListItem","position":2,"name":"Dethie Fall Ajoute une Nouvelle Corde \u00c0 Son Arc"}]},{"@type":"WebSite","@id":"https:\/\/www.africa-press.net\/senegal\/#website","url":"https:\/\/www.africa-press.net\/senegal\/","name":"Africa Press | Senegal | Homepage","description":"Just another Africa News Agency Sites site","potentialAction":[{"@type":"SearchAction","target":{"@type":"EntryPoint","urlTemplate":"https:\/\/www.africa-press.net\/senegal\/?s={search_term_string}"},"query-input":{"@type":"PropertyValueSpecification","valueRequired":true,"valueName":"search_term_string"}}],"inLanguage":"fr-FR"},{"@type":"Person","@id":"https:\/\/www.africa-press.net\/senegal\/#\/schema\/person\/2b1cf3cd81a31e3cd26889ca66d677f1","name":"cfeditorfr","url":"https:\/\/www.africa-press.net\/senegal\/author\/cfeditorfr"}]}},"_links":{"self":[{"href":"https:\/\/www.africa-press.net\/senegal\/wp-json\/wp\/v2\/posts\/73576","targetHints":{"allow":["GET"]}}],"collection":[{"href":"https:\/\/www.africa-press.net\/senegal\/wp-json\/wp\/v2\/posts"}],"about":[{"href":"https:\/\/www.africa-press.net\/senegal\/wp-json\/wp\/v2\/types\/post"}],"author":[{"embeddable":true,"href":"https:\/\/www.africa-press.net\/senegal\/wp-json\/wp\/v2\/users\/82"}],"replies":[{"embeddable":true,"href":"https:\/\/www.africa-press.net\/senegal\/wp-json\/wp\/v2\/comments?post=73576"}],"version-history":[{"count":0,"href":"https:\/\/www.africa-press.net\/senegal\/wp-json\/wp\/v2\/posts\/73576\/revisions"}],"wp:featuredmedia":[{"embeddable":true,"href":"https:\/\/www.africa-press.net\/senegal\/wp-json\/wp\/v2\/media\/73575"}],"wp:attachment":[{"href":"https:\/\/www.africa-press.net\/senegal\/wp-json\/wp\/v2\/media?parent=73576"}],"wp:term":[{"taxonomy":"category","embeddable":true,"href":"https:\/\/www.africa-press.net\/senegal\/wp-json\/wp\/v2\/categories?post=73576"},{"taxonomy":"post_tag","embeddable":true,"href":"https:\/\/www.africa-press.net\/senegal\/wp-json\/wp\/v2\/tags?post=73576"}],"curies":[{"name":"wp","href":"https:\/\/api.w.org\/{rel}","templated":true}]}}