{"id":73580,"date":"2025-12-18T13:20:00","date_gmt":"2025-12-18T13:20:00","guid":{"rendered":"https:\/\/www.africa-press.net\/senegal\/politique\/tensions-sonko-diomaye-faye-et-proposition-de-tahirou-sarr"},"modified":"2025-12-19T00:58:25","modified_gmt":"2025-12-19T00:58:25","slug":"tensions-sonko-diomaye-faye-et-proposition-de-tahirou-sarr","status":"publish","type":"post","link":"https:\/\/www.africa-press.net\/senegal\/politique\/tensions-sonko-diomaye-faye-et-proposition-de-tahirou-sarr","title":{"rendered":"Tensions Sonko-Diomaye Faye et Proposition de Tahirou Sarr"},"content":{"rendered":"<p><span style=\"color: #ff6600\"><strong>Africa-Press &#8211; Senegal. <\/strong><\/span>Se prononc\u0327ant dans L\u2019Observateur, ce jeudi, sur le froid entre le Pre\u0301sident Diomaye Faye et son Premier ministre, Ousmane Sonko, Tahirou Sarr a de\u0301clare\u0301 se de\u0301marquer des opposants qui exploitent cette bre\u0300che au sommet de l\u2019E\u0301tat pour solder des comptes politiques. \u00abJe ne m\u2019y associe pas\u00bb, a-t-il tranche\u0301, cash.<\/p>\n<p>Mais pour le de\u0301pute\u0301, cette situation n\u2019augure rien de bon. \u00abCe type de situation cre\u0301e de l\u2019instabilite\u0301 a\u0300 un moment ou\u0300 le pays a besoin de clarte\u0301, d\u2019autorite\u0301 et de cohe\u0301rence. Ce qui est encore plus pre\u0301occupant, c\u2019est qu\u2019au lieu de se concentrer sur l\u2019essentiel, on nous parle aujourd\u2019hui de coalition politiques pour pre\u0301parer des e\u0301lections locales.<\/p>\n<p>Pour couper court a\u0300 tout cela, Tahirou Sarr sugge\u0300re un report de cette e\u0301che\u0301ance e\u0301lectorale, pre\u0301vue en 2027. Cela permettrait, espe\u0300re-t-il, \u00abde concentrer toutes les e\u0301nergies et toutes les ressources sur la stabilisation et le redressement national\u00bb.<\/p>\n<p>D\u2019autant que, rappelle le parlementaire, \u00aben l\u2019espace de quatre ans, le Se\u0301ne\u0301gal a enchai\u0302ne\u0301 quatre e\u0301lections, qui ont englouti des milliards de francs CFA, alors que les Se\u0301ne\u0301galais sont e\u0301puise\u0301s, que le pouvoir d\u2019achat est en berne et que beaucoup peinent a\u0300 joindre les deux bouts. Ce n\u2019est pas se\u0301rieux\u00bb.<\/p>\n<p><strong>Pour plus d&rsquo;informations et d&rsquo;analyses sur la <span style=\"color: #ff6600\">Senegal<\/span>, suivez <span style=\"color: #ff6600\">Africa-Press<\/span><\/strong><\/p>\n","protected":false},"excerpt":{"rendered":"<p>Africa-Press &#8211; Senegal. Se prononc\u0327ant dans L\u2019Observateur, ce jeudi, sur le froid entre le Pre\u0301sident Diomaye Faye et son Premier ministre, Ousmane Sonko, Tahirou Sarr a de\u0301clare\u0301 se de\u0301marquer des opposants qui exploitent cette bre\u0300che au sommet de l\u2019E\u0301tat pour solder des comptes politiques. \u00abJe ne m\u2019y associe pas\u00bb, a-t-il tranche\u0301, cash. Mais pour le [&hellip;]<\/p>\n","protected":false},"author":82,"featured_media":73579,"comment_status":"open","ping_status":"closed","sticky":false,"template":"","format":"standard","meta":{"footnotes":""},"categories":[2,20,10],"tags":[44],"class_list":["post-73580","post","type-post","status-publish","format-standard","has-post-thumbnail","hentry","category-politique","category-top-nouvelles","category-toutes-les-actualites","tag-senegal-2"],"yoast_head":"<!-- This site is optimized with the Yoast SEO Premium plugin v26.1 (Yoast SEO v27.0) - https:\/\/yoast.com\/product\/yoast-seo-premium-wordpress\/ -->\n<title>Tensions Sonko-Diomaye Faye et Proposition de Tahirou Sarr - Senegal<\/title>\n<meta name=\"description\" content=\"Se prononc\u0327ant dans L\u2019Observateur, ce jeudi, sur le froid entre le Pre\u0301sident Diomaye Faye et son Premier ministre, Ousm ...\" \/>\n<meta name=\"robots\" content=\"index, follow, max-snippet:-1, max-image-preview:large, max-video-preview:-1\" \/>\n<link rel=\"canonical\" href=\"https:\/\/www.africa-press.net\/senegal\/politique\/tensions-sonko-diomaye-faye-et-proposition-de-tahirou-sarr\" \/>\n<meta property=\"og:locale\" content=\"fr_FR\" \/>\n<meta property=\"og:type\" content=\"article\" \/>\n<meta property=\"og:title\" content=\"Tensions Sonko-Diomaye Faye et Proposition de Tahirou Sarr\" \/>\n<meta property=\"og:description\" content=\"Se prononc\u0327ant dans L\u2019Observateur, ce jeudi, sur le froid entre le Pre\u0301sident Diomaye Faye et son Premier ministre, Ousm ...\" \/>\n<meta property=\"og:url\" content=\"https:\/\/www.africa-press.net\/senegal\/politique\/tensions-sonko-diomaye-faye-et-proposition-de-tahirou-sarr\" \/>\n<meta property=\"og:site_name\" content=\"Senegal\" \/>\n<meta property=\"article:published_time\" content=\"2025-12-18T13:20:00+00:00\" \/>\n<meta property=\"article:modified_time\" content=\"2025-12-19T00:58:25+00:00\" \/>\n<meta property=\"og:image\" content=\"https:\/\/static.africa-press.net\/senegal\/sites\/13\/2025\/12\/sm_1766134622.277786.jpg\" \/>\n\t<meta property=\"og:image:width\" content=\"1280\" \/>\n\t<meta property=\"og:image:height\" content=\"720\" \/>\n\t<meta property=\"og:image:type\" content=\"image\/jpeg\" \/>\n<meta name=\"author\" content=\"cfeditorfr\" \/>\n<meta name=\"twitter:card\" content=\"summary_large_image\" \/>\n<meta name=\"twitter:label1\" content=\"\u00c9crit par\" \/>\n\t<meta name=\"twitter:data1\" content=\"cfeditorfr\" \/>\n\t<meta name=\"twitter:label2\" content=\"Dur\u00e9e de lecture estim\u00e9e\" \/>\n\t<meta name=\"twitter:data2\" content=\"2 minutes\" \/>\n<script type=\"application\/ld+json\" class=\"yoast-schema-graph\">{\"@context\":\"https:\/\/schema.org\",\"@graph\":[{\"@type\":\"Article\",\"@id\":\"https:\/\/www.africa-press.net\/senegal\/politique\/tensions-sonko-diomaye-faye-et-proposition-de-tahirou-sarr#article\",\"isPartOf\":{\"@id\":\"https:\/\/www.africa-press.net\/senegal\/politique\/tensions-sonko-diomaye-faye-et-proposition-de-tahirou-sarr\"},\"author\":{\"name\":\"cfeditorfr\",\"@id\":\"https:\/\/www.africa-press.net\/senegal\/#\/schema\/person\/2b1cf3cd81a31e3cd26889ca66d677f1\"},\"headline\":\"Tensions Sonko-Diomaye Faye et Proposition de Tahirou Sarr\",\"datePublished\":\"2025-12-18T13:20:00+00:00\",\"dateModified\":\"2025-12-19T00:58:25+00:00\",\"mainEntityOfPage\":{\"@id\":\"https:\/\/www.africa-press.net\/senegal\/politique\/tensions-sonko-diomaye-faye-et-proposition-de-tahirou-sarr\"},\"wordCount\":257,\"commentCount\":0,\"image\":{\"@id\":\"https:\/\/www.africa-press.net\/senegal\/politique\/tensions-sonko-diomaye-faye-et-proposition-de-tahirou-sarr#primaryimage\"},\"thumbnailUrl\":\"https:\/\/static.africa-press.net\/senegal\/sites\/13\/2025\/12\/sm_1766134622.277786.jpg\",\"keywords\":[\"Senegal\"],\"articleSection\":[\"Politique\",\"Top Nouvelles\",\"Toutes les actualit\u00e9s\"],\"inLanguage\":\"fr-FR\",\"potentialAction\":[{\"@type\":\"CommentAction\",\"name\":\"Comment\",\"target\":[\"https:\/\/www.africa-press.net\/senegal\/politique\/tensions-sonko-diomaye-faye-et-proposition-de-tahirou-sarr#respond\"]}]},{\"@type\":\"WebPage\",\"@id\":\"https:\/\/www.africa-press.net\/senegal\/politique\/tensions-sonko-diomaye-faye-et-proposition-de-tahirou-sarr\",\"url\":\"https:\/\/www.africa-press.net\/senegal\/politique\/tensions-sonko-diomaye-faye-et-proposition-de-tahirou-sarr\",\"name\":\"Tensions Sonko-Diomaye Faye et Proposition de Tahirou Sarr - Senegal\",\"isPartOf\":{\"@id\":\"https:\/\/www.africa-press.net\/senegal\/#website\"},\"primaryImageOfPage\":{\"@id\":\"https:\/\/www.africa-press.net\/senegal\/politique\/tensions-sonko-diomaye-faye-et-proposition-de-tahirou-sarr#primaryimage\"},\"image\":{\"@id\":\"https:\/\/www.africa-press.net\/senegal\/politique\/tensions-sonko-diomaye-faye-et-proposition-de-tahirou-sarr#primaryimage\"},\"thumbnailUrl\":\"https:\/\/static.africa-press.net\/senegal\/sites\/13\/2025\/12\/sm_1766134622.277786.jpg\",\"datePublished\":\"2025-12-18T13:20:00+00:00\",\"dateModified\":\"2025-12-19T00:58:25+00:00\",\"author\":{\"@id\":\"https:\/\/www.africa-press.net\/senegal\/#\/schema\/person\/2b1cf3cd81a31e3cd26889ca66d677f1\"},\"description\":\"Se prononc\u0327ant dans L\u2019Observateur, ce jeudi, sur le froid entre le Pre\u0301sident Diomaye Faye et son Premier ministre, Ousm ...\",\"breadcrumb\":{\"@id\":\"https:\/\/www.africa-press.net\/senegal\/politique\/tensions-sonko-diomaye-faye-et-proposition-de-tahirou-sarr#breadcrumb\"},\"inLanguage\":\"fr-FR\",\"potentialAction\":[{\"@type\":\"ReadAction\",\"target\":[\"https:\/\/www.africa-press.net\/senegal\/politique\/tensions-sonko-diomaye-faye-et-proposition-de-tahirou-sarr\"]}]},{\"@type\":\"ImageObject\",\"inLanguage\":\"fr-FR\",\"@id\":\"https:\/\/www.africa-press.net\/senegal\/politique\/tensions-sonko-diomaye-faye-et-proposition-de-tahirou-sarr#primaryimage\",\"url\":\"https:\/\/static.africa-press.net\/senegal\/sites\/13\/2025\/12\/sm_1766134622.277786.jpg\",\"contentUrl\":\"https:\/\/static.africa-press.net\/senegal\/sites\/13\/2025\/12\/sm_1766134622.277786.jpg\",\"width\":1280,\"height\":720,\"caption\":\"Tensions Sonko-Diomaye Faye et Proposition de Tahirou Sarr\"},{\"@type\":\"BreadcrumbList\",\"@id\":\"https:\/\/www.africa-press.net\/senegal\/politique\/tensions-sonko-diomaye-faye-et-proposition-de-tahirou-sarr#breadcrumb\",\"itemListElement\":[{\"@type\":\"ListItem\",\"position\":1,\"name\":\"Accueil\",\"item\":\"https:\/\/www.africa-press.net\/senegal\/\"},{\"@type\":\"ListItem\",\"position\":2,\"name\":\"Tensions Sonko-Diomaye Faye et Proposition de Tahirou Sarr\"}]},{\"@type\":\"WebSite\",\"@id\":\"https:\/\/www.africa-press.net\/senegal\/#website\",\"url\":\"https:\/\/www.africa-press.net\/senegal\/\",\"name\":\"Africa Press | Senegal | Homepage\",\"description\":\"Just another Africa News Agency Sites site\",\"potentialAction\":[{\"@type\":\"SearchAction\",\"target\":{\"@type\":\"EntryPoint\",\"urlTemplate\":\"https:\/\/www.africa-press.net\/senegal\/?s={search_term_string}\"},\"query-input\":{\"@type\":\"PropertyValueSpecification\",\"valueRequired\":true,\"valueName\":\"search_term_string\"}}],\"inLanguage\":\"fr-FR\"},{\"@type\":\"Person\",\"@id\":\"https:\/\/www.africa-press.net\/senegal\/#\/schema\/person\/2b1cf3cd81a31e3cd26889ca66d677f1\",\"name\":\"cfeditorfr\",\"url\":\"https:\/\/www.africa-press.net\/senegal\/author\/cfeditorfr\"}]}<\/script>\n<!-- \/ Yoast SEO Premium plugin. -->","yoast_head_json":{"title":"Tensions Sonko-Diomaye Faye et Proposition de Tahirou Sarr - Senegal","description":"Se prononc\u0327ant dans L\u2019Observateur, ce jeudi, sur le froid entre le Pre\u0301sident Diomaye Faye et son Premier ministre, Ousm ...","robots":{"index":"index","follow":"follow","max-snippet":"max-snippet:-1","max-image-preview":"max-image-preview:large","max-video-preview":"max-video-preview:-1"},"canonical":"https:\/\/www.africa-press.net\/senegal\/politique\/tensions-sonko-diomaye-faye-et-proposition-de-tahirou-sarr","og_locale":"fr_FR","og_type":"article","og_title":"Tensions Sonko-Diomaye Faye et Proposition de Tahirou Sarr","og_description":"Se prononc\u0327ant dans L\u2019Observateur, ce jeudi, sur le froid entre le Pre\u0301sident Diomaye Faye et son Premier ministre, Ousm ...","og_url":"https:\/\/www.africa-press.net\/senegal\/politique\/tensions-sonko-diomaye-faye-et-proposition-de-tahirou-sarr","og_site_name":"Senegal","article_published_time":"2025-12-18T13:20:00+00:00","article_modified_time":"2025-12-19T00:58:25+00:00","og_image":[{"width":1280,"height":720,"url":"https:\/\/static.africa-press.net\/senegal\/sites\/13\/2025\/12\/sm_1766134622.277786.jpg","type":"image\/jpeg"}],"author":"cfeditorfr","twitter_card":"summary_large_image","twitter_misc":{"\u00c9crit par":"cfeditorfr","Dur\u00e9e de lecture estim\u00e9e":"2 minutes"},"schema":{"@context":"https:\/\/schema.org","@graph":[{"@type":"Article","@id":"https:\/\/www.africa-press.net\/senegal\/politique\/tensions-sonko-diomaye-faye-et-proposition-de-tahirou-sarr#article","isPartOf":{"@id":"https:\/\/www.africa-press.net\/senegal\/politique\/tensions-sonko-diomaye-faye-et-proposition-de-tahirou-sarr"},"author":{"name":"cfeditorfr","@id":"https:\/\/www.africa-press.net\/senegal\/#\/schema\/person\/2b1cf3cd81a31e3cd26889ca66d677f1"},"headline":"Tensions Sonko-Diomaye Faye et Proposition de Tahirou Sarr","datePublished":"2025-12-18T13:20:00+00:00","dateModified":"2025-12-19T00:58:25+00:00","mainEntityOfPage":{"@id":"https:\/\/www.africa-press.net\/senegal\/politique\/tensions-sonko-diomaye-faye-et-proposition-de-tahirou-sarr"},"wordCount":257,"commentCount":0,"image":{"@id":"https:\/\/www.africa-press.net\/senegal\/politique\/tensions-sonko-diomaye-faye-et-proposition-de-tahirou-sarr#primaryimage"},"thumbnailUrl":"https:\/\/static.africa-press.net\/senegal\/sites\/13\/2025\/12\/sm_1766134622.277786.jpg","keywords":["Senegal"],"articleSection":["Politique","Top Nouvelles","Toutes les actualit\u00e9s"],"inLanguage":"fr-FR","potentialAction":[{"@type":"CommentAction","name":"Comment","target":["https:\/\/www.africa-press.net\/senegal\/politique\/tensions-sonko-diomaye-faye-et-proposition-de-tahirou-sarr#respond"]}]},{"@type":"WebPage","@id":"https:\/\/www.africa-press.net\/senegal\/politique\/tensions-sonko-diomaye-faye-et-proposition-de-tahirou-sarr","url":"https:\/\/www.africa-press.net\/senegal\/politique\/tensions-sonko-diomaye-faye-et-proposition-de-tahirou-sarr","name":"Tensions Sonko-Diomaye Faye et Proposition de Tahirou Sarr - Senegal","isPartOf":{"@id":"https:\/\/www.africa-press.net\/senegal\/#website"},"primaryImageOfPage":{"@id":"https:\/\/www.africa-press.net\/senegal\/politique\/tensions-sonko-diomaye-faye-et-proposition-de-tahirou-sarr#primaryimage"},"image":{"@id":"https:\/\/www.africa-press.net\/senegal\/politique\/tensions-sonko-diomaye-faye-et-proposition-de-tahirou-sarr#primaryimage"},"thumbnailUrl":"https:\/\/static.africa-press.net\/senegal\/sites\/13\/2025\/12\/sm_1766134622.277786.jpg","datePublished":"2025-12-18T13:20:00+00:00","dateModified":"2025-12-19T00:58:25+00:00","author":{"@id":"https:\/\/www.africa-press.net\/senegal\/#\/schema\/person\/2b1cf3cd81a31e3cd26889ca66d677f1"},"description":"Se prononc\u0327ant dans L\u2019Observateur, ce jeudi, sur le froid entre le Pre\u0301sident Diomaye Faye et son Premier ministre, Ousm ...","breadcrumb":{"@id":"https:\/\/www.africa-press.net\/senegal\/politique\/tensions-sonko-diomaye-faye-et-proposition-de-tahirou-sarr#breadcrumb"},"inLanguage":"fr-FR","potentialAction":[{"@type":"ReadAction","target":["https:\/\/www.africa-press.net\/senegal\/politique\/tensions-sonko-diomaye-faye-et-proposition-de-tahirou-sarr"]}]},{"@type":"ImageObject","inLanguage":"fr-FR","@id":"https:\/\/www.africa-press.net\/senegal\/politique\/tensions-sonko-diomaye-faye-et-proposition-de-tahirou-sarr#primaryimage","url":"https:\/\/static.africa-press.net\/senegal\/sites\/13\/2025\/12\/sm_1766134622.277786.jpg","contentUrl":"https:\/\/static.africa-press.net\/senegal\/sites\/13\/2025\/12\/sm_1766134622.277786.jpg","width":1280,"height":720,"caption":"Tensions Sonko-Diomaye Faye et Proposition de Tahirou Sarr"},{"@type":"BreadcrumbList","@id":"https:\/\/www.africa-press.net\/senegal\/politique\/tensions-sonko-diomaye-faye-et-proposition-de-tahirou-sarr#breadcrumb","itemListElement":[{"@type":"ListItem","position":1,"name":"Accueil","item":"https:\/\/www.africa-press.net\/senegal\/"},{"@type":"ListItem","position":2,"name":"Tensions Sonko-Diomaye Faye et Proposition de Tahirou Sarr"}]},{"@type":"WebSite","@id":"https:\/\/www.africa-press.net\/senegal\/#website","url":"https:\/\/www.africa-press.net\/senegal\/","name":"Africa Press | Senegal | Homepage","description":"Just another Africa News Agency Sites site","potentialAction":[{"@type":"SearchAction","target":{"@type":"EntryPoint","urlTemplate":"https:\/\/www.africa-press.net\/senegal\/?s={search_term_string}"},"query-input":{"@type":"PropertyValueSpecification","valueRequired":true,"valueName":"search_term_string"}}],"inLanguage":"fr-FR"},{"@type":"Person","@id":"https:\/\/www.africa-press.net\/senegal\/#\/schema\/person\/2b1cf3cd81a31e3cd26889ca66d677f1","name":"cfeditorfr","url":"https:\/\/www.africa-press.net\/senegal\/author\/cfeditorfr"}]}},"_links":{"self":[{"href":"https:\/\/www.africa-press.net\/senegal\/wp-json\/wp\/v2\/posts\/73580","targetHints":{"allow":["GET"]}}],"collection":[{"href":"https:\/\/www.africa-press.net\/senegal\/wp-json\/wp\/v2\/posts"}],"about":[{"href":"https:\/\/www.africa-press.net\/senegal\/wp-json\/wp\/v2\/types\/post"}],"author":[{"embeddable":true,"href":"https:\/\/www.africa-press.net\/senegal\/wp-json\/wp\/v2\/users\/82"}],"replies":[{"embeddable":true,"href":"https:\/\/www.africa-press.net\/senegal\/wp-json\/wp\/v2\/comments?post=73580"}],"version-history":[{"count":0,"href":"https:\/\/www.africa-press.net\/senegal\/wp-json\/wp\/v2\/posts\/73580\/revisions"}],"wp:featuredmedia":[{"embeddable":true,"href":"https:\/\/www.africa-press.net\/senegal\/wp-json\/wp\/v2\/media\/73579"}],"wp:attachment":[{"href":"https:\/\/www.africa-press.net\/senegal\/wp-json\/wp\/v2\/media?parent=73580"}],"wp:term":[{"taxonomy":"category","embeddable":true,"href":"https:\/\/www.africa-press.net\/senegal\/wp-json\/wp\/v2\/categories?post=73580"},{"taxonomy":"post_tag","embeddable":true,"href":"https:\/\/www.africa-press.net\/senegal\/wp-json\/wp\/v2\/tags?post=73580"}],"curies":[{"name":"wp","href":"https:\/\/api.w.org\/{rel}","templated":true}]}}