{"id":73589,"date":"2025-12-18T12:00:00","date_gmt":"2025-12-18T12:00:00","guid":{"rendered":"https:\/\/www.africa-press.net\/senegal\/politique\/la-gymnastique-empeche-t-elle-vraiment-de-grandir"},"modified":"2025-12-19T01:23:12","modified_gmt":"2025-12-19T01:23:12","slug":"la-gymnastique-empeche-t-elle-vraiment-de-grandir","status":"publish","type":"post","link":"https:\/\/www.africa-press.net\/senegal\/toutes-les-actualites\/la-gymnastique-empeche-t-elle-vraiment-de-grandir","title":{"rendered":"La Gymnastique Empe\u0302Che-T-Elle Vraiment de Grandir?"},"content":{"rendered":"<p><span style=\"color: #ff6600\"><strong>Africa-Press &#8211; Senegal. <\/strong><\/span>1,42 me\u0300tre: c\u2019est la taille de l\u2019Ame\u0301ricaine Simone Biles, reine de la gymnastique artistique, alors que les Ame\u0301ricaines mesurent en moyenne 1,62 me\u0300tre. Sa principale concurrente, la Bre\u0301silienne Rebeca Andrade, affiche 1,55 me\u0300tre sur la toise. Quant aux gymnastes hommes me\u0301daille\u0301s aux Jeux de Paris, ces derniers ne de\u0301passent gue\u0300re 1,70 me\u0300tre&#8230; La pratique de ce sport a\u0300 haut niveau pendant l\u2019enfance empe\u0302cherait-elle de grandir? C\u2019est la crainte de nombreux parents et de jeunes pratiquants. \u00ab La taille des gymnastes est une inquie\u0301tude fre\u0301quente de la part des parents, et me\u0302me un motif de consultation \u00bb, confirme Ste\u0301phanie Nguyen Boussuge, pe\u0301diatre et me\u0301decin du sport, re\u0301fe\u0301rente du po\u0302le gymnastique a\u0300 l\u2019Insep (Institut national du sport, de l\u2019expertise et de la performance). Celle-ci finit souvent par rassurer ses patients, tout en re\u0301alisant des tests si ne\u0301cessaire pour e\u0301valuer la croissance de l\u2019enfant. La petite taille des gymnastes s\u2019explique pluto\u0302t par une aptitude naturelle pour ce sport, a\u0300 laquelle peuvent s\u2019ajouter les effets de\u0301le\u0301te\u0300res du haut niveau sur un corps en pleine croissance.<\/p>\n<p><b>Pre\u0301dispositions physionomiques<\/b><\/p>\n<p>Les gymnastes sont plus petits que la moyenne avant me\u0302me de de\u0301buter le haut niveau et ont des parents plus petits, rapporte une revue de litte\u0301rature re\u0301alise\u0301e en 2013 par le comite\u0301 scientifique de la Fe\u0301de\u0301ration Internationale de gymnastique (FIG). Certes, ils effectuent leur puberte\u0301 plus tard que la moyenne, mais cela reste dans la variabilite\u0301 observe\u0301e dans la population ge\u0301ne\u0301rale. Leur taille adulte ne semble pas non plus affecte\u0301e par la gymnastique a\u0300 haut niveau, concluent les scientifiques. Au contraire, ces athle\u0300tes sont se\u0301lectionne\u0301s de\u0300s l\u2019enfance par les entrai\u0302neurs pour leur petit gabarit et leur puberte\u0301 tardive (a\u0300 11 ou 12 ans, certains enfants sont de\u0301ja\u0300 entre\u0301s dans cette pe\u0301riode, et c\u2019est l\u2019a\u0302ge ou\u0300 les jeunes sportifs peuvent e\u0302tre se\u0301lectionne\u0301s pour entrer en po\u0302le, structure d\u2019entrai\u0302nement approuve\u0301e par le ministe\u0300re des Sports). \u00ab Les gymnastes sont petites parce qu\u2019elles ont des pre\u0301dispositions physiologiques a\u0300 la pratique de ce sport. Plus on est petit et le\u0301ger, mieux on tourne dans l\u2019espace \u00bb, re\u0301sume Ve\u0301ronique Bricout, chercheur a\u0300 l\u2019Inserm en physiologie de l\u2019exercice physique. Tout comme les basketteurs ou les nageurs ont plus de facilite\u0301s en e\u0301tant grands.<\/p>\n<p>Mais attention: les scientifiques de la FIG pointent tout de me\u0302me du doigt un manque de donne\u0301es sur le long terme. Surtout, les e\u0301tudes (centre\u0301es sur les variables biologiques) n\u2019ont pas pris en compte d\u2019autres variables affectant la croissance, comme le volume d\u2019entrai\u0302nement ou le re\u0301gime alimentaire des gymnastes.<\/p>\n<p><b>Les sports esthe\u0301tiques particulie\u0300rement a\u0300 risque<\/b><\/p>\n<p>Ce sont pre\u0301cise\u0301ment ces e\u0301le\u0301ments qui peuvent avoir un impact sur la croissance des jeunes gymnastes, plus que la gymnastique en elle-me\u0302me. \u00ab La pratique de la gymnastique de haut niveau peut entrai\u0302ner un retard staturo-ponde\u0301ral [de taille et de poids, NDLR], mais comme tout sport pratique\u0301 en pe\u0301riode de croissance de fac\u0327on intensive, avec un de\u0301ficit d\u2019apports e\u0301nerge\u0301tiques par rapport aux de\u0301penses \u00bb, explique Ste\u0301phanie Nguyen Boussuge.<\/p>\n<p>Selon un rapport de l\u2019Acade\u0301mie de me\u0301decine datant de 2018 et consacre\u0301 aux athle\u0300tes fe\u0301minines, la pratique sportive pre\u0301sente des risques pour la sante\u0301 de\u0300s 20 heures d\u2019entrai\u0302nement par semaine, surtout dans les sports esthe\u0301tiques ou\u0300 l\u2019apparence et le poids occupent une place importante. En gymnastique, les filles concourent d\u2019ailleurs en justaucorps e\u0301chancre\u0301, de\u0301voilant leurs formes. La natation synchronise\u0301e ou encore la danse sont e\u0301galement concerne\u0301es, tout comme les sports d\u2019endurance ou a\u0300 cate\u0301gorie de poids.<\/p>\n<p>Les apports caloriques des sportifs doivent en effet suffire a\u0300 couvrir a\u0300 la fois leurs besoins biologiques \u2013 comme la croissance \u2013 et leurs de\u0301penses e\u0301nerge\u0301tiques. Si, de manie\u0300re volontaire ou non, ils n\u2019adaptent pas leur alimentation a\u0300 leurs besoins, leur corps va \u00ab mettre en pause \u00bb certaines fonctions. Avec a\u0300 la cle\u0301 de nombreuses conse\u0301quences comme un retard de puberte\u0301 ou une alte\u0301ration de la sante\u0301 osseuse \u2013 des sympto\u0302mes re\u0301fe\u0301rence\u0301s par le Comite\u0301 international olympique. C\u2019est pour cela que, \u00ab plus que la taille, nous surveillons la bonne acquisition du capital osseux des gymnastes \u00bb, de\u0301taille Ste\u0301phanie Nguyen Boussuge. \u00ab Il s\u2019agit d\u2019e\u0301viter l\u2019oste\u0301ope\u0301nie, une diminution de la densite\u0301 mine\u0301rale osseuse qui peut provoquer des fractures de fatigue par exemple \u00bb, poursuit la pe\u0301diatre de l\u2019Insep, qui assure que ce type de pathologie reste rare chez les gymnastes. Elle porte e\u0301galement une attention particulie\u0300re aux signes de troubles du comportement alimentaire.<\/p>\n<p><b>Un retard souvent rattrape\u0301<\/b><\/p>\n<p>La gymnastique est d\u2019autant plus concerne\u0301e qu\u2019elle se pratique tre\u0300s jeune, de\u0300s 6 ans en compe\u0301tition. En revanche, malgre\u0301 des donne\u0301es scientifiques manquantes, les garc\u0327ons semblent e\u0302tre moins a\u0300 risque car leur pic d\u2019entrai\u0302nement survient vers la fin de l\u2019adolescence, soit plus tard que chez les filles. Me\u0302me si depuis peu, de plus en plus de femmes continuent le haut niveau apre\u0300s 20 ans.<\/p>\n<p>Cette conjugaison de facteurs, associe\u0301s au stress de la pratique et des compe\u0301titions, ne fait alors qu\u2019accentuer les pre\u0301dispositions ge\u0301ne\u0301tiques des gymnastes. Le retard de croissance et de puberte\u0301 des adolescentes finit la plupart du temps par se corriger, mais plus tard que la population ge\u0301ne\u0301rale, selon les me\u0301decins. \u00ab Il existe de rares cas ou\u0300 des traumatismes importants sur le cartilage de croissance, conse\u0301cutifs a\u0300 des chutes, peuvent alte\u0301rer la croissance d\u2019un os. Mais cela n\u2019est pas spe\u0301cifique a\u0300 la gymnastique \u00bb, nuance toutefois Ste\u0301phanie Nguyen Boussuge.<\/p>\n<p>La vigilance de l\u2019entourage, notamment concernant les troubles des conduites alimentaires difficiles a\u0300 de\u0301tecter, ainsi qu\u2019un suivi me\u0301dical pluriel sont indispensables a\u0300 la bonne sante\u0301 des athle\u0300tes, insiste le me\u0301decin. Les mutations du sport et des mentalite\u0301s pourraient e\u0301galement y contribuer. \u00ab Il y a depuis une dizaine d\u2019anne\u0301es une e\u0301volution de la morphologie des gymnastes. Les acrobaties sont devenues de plus en plus techniques et il faut donc qu\u2019elles aient davantage de puissance musculaire pour mieux se re\u0301ceptionner \u00bb, note Ve\u0301ronique Bricout. Si la petite taille reste une caracte\u0301ristique commune a\u0300 toutes les gymnastes, les gabarits plus muscle\u0301s et donc plus lourds se font une place sur les podiums. On est donc loin des cliche\u0301s ve\u0301hicule\u0301s par les championnes olympiques des anne\u0301es 1980 telle que l\u2019ico\u0302ne Nadia Coma\u0306neci&#8230; Qui a grandi d\u2019une dizaine de centime\u0300tres dans les anne\u0301es ayant suivi son sacre olympique a\u0300 14 ans.<\/p>\n<p><strong>Pour plus d&rsquo;informations et d&rsquo;analyses sur la <span style=\"color: #ff6600\">Senegal<\/span>, suivez <span style=\"color: #ff6600\">Africa-Press<\/span><\/strong><\/p>\n","protected":false},"excerpt":{"rendered":"<p>Africa-Press &#8211; Senegal. 1,42 me\u0300tre: c\u2019est la taille de l\u2019Ame\u0301ricaine Simone Biles, reine de la gymnastique artistique, alors que les Ame\u0301ricaines mesurent en moyenne 1,62 me\u0300tre. Sa principale concurrente, la Bre\u0301silienne Rebeca Andrade, affiche 1,55 me\u0300tre sur la toise. Quant aux gymnastes hommes me\u0301daille\u0301s aux Jeux de Paris, ces derniers ne de\u0301passent gue\u0300re 1,70 me\u0300tre&#8230; [&hellip;]<\/p>\n","protected":false},"author":82,"featured_media":73588,"comment_status":"open","ping_status":"closed","sticky":false,"template":"","format":"standard","meta":{"footnotes":""},"categories":[22,10],"tags":[44],"class_list":["post-73589","post","type-post","status-publish","format-standard","has-post-thumbnail","hentry","category-divers","category-toutes-les-actualites","tag-senegal-2"],"yoast_head":"<!-- This site is optimized with the Yoast SEO Premium plugin v26.1 (Yoast SEO v27.0) - https:\/\/yoast.com\/product\/yoast-seo-premium-wordpress\/ -->\n<title>La Gymnastique Empe\u0302Che-T-Elle Vraiment de Grandir? - Senegal<\/title>\n<meta name=\"description\" content=\"1,42 me\u0300tre: c\u2019est la taille de l\u2019Ame\u0301ricaine Simone Biles, reine de la gymnastique artistique, alors que les Ame\u0301ricain ...\" \/>\n<meta name=\"robots\" content=\"index, follow, max-snippet:-1, max-image-preview:large, max-video-preview:-1\" \/>\n<link rel=\"canonical\" href=\"https:\/\/www.africa-press.net\/senegal\/toutes-les-actualites\/la-gymnastique-empeche-t-elle-vraiment-de-grandir\" \/>\n<meta property=\"og:locale\" content=\"fr_FR\" \/>\n<meta property=\"og:type\" content=\"article\" \/>\n<meta property=\"og:title\" content=\"La Gymnastique Empe\u0302Che-T-Elle Vraiment de Grandir?\" \/>\n<meta property=\"og:description\" content=\"1,42 me\u0300tre: c\u2019est la taille de l\u2019Ame\u0301ricaine Simone Biles, reine de la gymnastique artistique, alors que les Ame\u0301ricain ...\" \/>\n<meta property=\"og:url\" content=\"https:\/\/www.africa-press.net\/senegal\/toutes-les-actualites\/la-gymnastique-empeche-t-elle-vraiment-de-grandir\" \/>\n<meta property=\"og:site_name\" content=\"Senegal\" \/>\n<meta property=\"article:published_time\" content=\"2025-12-18T12:00:00+00:00\" \/>\n<meta property=\"article:modified_time\" content=\"2025-12-19T01:23:12+00:00\" \/>\n<meta property=\"og:image\" content=\"https:\/\/static.africa-press.net\/senegal\/sites\/13\/2025\/12\/sm_1766136071.065082.jpg\" \/>\n\t<meta property=\"og:image:width\" content=\"1200\" \/>\n\t<meta property=\"og:image:height\" content=\"899\" \/>\n\t<meta property=\"og:image:type\" content=\"image\/jpeg\" \/>\n<meta name=\"author\" content=\"cfeditorfr\" \/>\n<meta name=\"twitter:card\" content=\"summary_large_image\" \/>\n<meta name=\"twitter:label1\" content=\"\u00c9crit par\" \/>\n\t<meta name=\"twitter:data1\" content=\"cfeditorfr\" \/>\n\t<meta name=\"twitter:label2\" content=\"Dur\u00e9e de lecture estim\u00e9e\" \/>\n\t<meta name=\"twitter:data2\" content=\"6 minutes\" \/>\n<script type=\"application\/ld+json\" class=\"yoast-schema-graph\">{\"@context\":\"https:\/\/schema.org\",\"@graph\":[{\"@type\":\"Article\",\"@id\":\"https:\/\/www.africa-press.net\/senegal\/toutes-les-actualites\/la-gymnastique-empeche-t-elle-vraiment-de-grandir#article\",\"isPartOf\":{\"@id\":\"https:\/\/www.africa-press.net\/senegal\/toutes-les-actualites\/la-gymnastique-empeche-t-elle-vraiment-de-grandir\"},\"author\":{\"name\":\"cfeditorfr\",\"@id\":\"https:\/\/www.africa-press.net\/senegal\/#\/schema\/person\/2b1cf3cd81a31e3cd26889ca66d677f1\"},\"headline\":\"La Gymnastique Empe\u0302Che-T-Elle Vraiment de Grandir?\",\"datePublished\":\"2025-12-18T12:00:00+00:00\",\"dateModified\":\"2025-12-19T01:23:12+00:00\",\"mainEntityOfPage\":{\"@id\":\"https:\/\/www.africa-press.net\/senegal\/toutes-les-actualites\/la-gymnastique-empeche-t-elle-vraiment-de-grandir\"},\"wordCount\":1210,\"commentCount\":0,\"image\":{\"@id\":\"https:\/\/www.africa-press.net\/senegal\/toutes-les-actualites\/la-gymnastique-empeche-t-elle-vraiment-de-grandir#primaryimage\"},\"thumbnailUrl\":\"https:\/\/static.africa-press.net\/senegal\/sites\/13\/2025\/12\/sm_1766136071.065082.jpg\",\"keywords\":[\"Senegal\"],\"articleSection\":[\"Divers\",\"Toutes les actualit\u00e9s\"],\"inLanguage\":\"fr-FR\",\"potentialAction\":[{\"@type\":\"CommentAction\",\"name\":\"Comment\",\"target\":[\"https:\/\/www.africa-press.net\/senegal\/toutes-les-actualites\/la-gymnastique-empeche-t-elle-vraiment-de-grandir#respond\"]}]},{\"@type\":\"WebPage\",\"@id\":\"https:\/\/www.africa-press.net\/senegal\/toutes-les-actualites\/la-gymnastique-empeche-t-elle-vraiment-de-grandir\",\"url\":\"https:\/\/www.africa-press.net\/senegal\/toutes-les-actualites\/la-gymnastique-empeche-t-elle-vraiment-de-grandir\",\"name\":\"La Gymnastique Empe\u0302Che-T-Elle Vraiment de Grandir? - Senegal\",\"isPartOf\":{\"@id\":\"https:\/\/www.africa-press.net\/senegal\/#website\"},\"primaryImageOfPage\":{\"@id\":\"https:\/\/www.africa-press.net\/senegal\/toutes-les-actualites\/la-gymnastique-empeche-t-elle-vraiment-de-grandir#primaryimage\"},\"image\":{\"@id\":\"https:\/\/www.africa-press.net\/senegal\/toutes-les-actualites\/la-gymnastique-empeche-t-elle-vraiment-de-grandir#primaryimage\"},\"thumbnailUrl\":\"https:\/\/static.africa-press.net\/senegal\/sites\/13\/2025\/12\/sm_1766136071.065082.jpg\",\"datePublished\":\"2025-12-18T12:00:00+00:00\",\"dateModified\":\"2025-12-19T01:23:12+00:00\",\"author\":{\"@id\":\"https:\/\/www.africa-press.net\/senegal\/#\/schema\/person\/2b1cf3cd81a31e3cd26889ca66d677f1\"},\"description\":\"1,42 me\u0300tre: c\u2019est la taille de l\u2019Ame\u0301ricaine Simone Biles, reine de la gymnastique artistique, alors que les Ame\u0301ricain ...\",\"breadcrumb\":{\"@id\":\"https:\/\/www.africa-press.net\/senegal\/toutes-les-actualites\/la-gymnastique-empeche-t-elle-vraiment-de-grandir#breadcrumb\"},\"inLanguage\":\"fr-FR\",\"potentialAction\":[{\"@type\":\"ReadAction\",\"target\":[\"https:\/\/www.africa-press.net\/senegal\/toutes-les-actualites\/la-gymnastique-empeche-t-elle-vraiment-de-grandir\"]}]},{\"@type\":\"ImageObject\",\"inLanguage\":\"fr-FR\",\"@id\":\"https:\/\/www.africa-press.net\/senegal\/toutes-les-actualites\/la-gymnastique-empeche-t-elle-vraiment-de-grandir#primaryimage\",\"url\":\"https:\/\/static.africa-press.net\/senegal\/sites\/13\/2025\/12\/sm_1766136071.065082.jpg\",\"contentUrl\":\"https:\/\/static.africa-press.net\/senegal\/sites\/13\/2025\/12\/sm_1766136071.065082.jpg\",\"width\":1200,\"height\":899,\"caption\":\"La Gymnastique Empe\u0302Che-T-Elle Vraiment de Grandir?\"},{\"@type\":\"BreadcrumbList\",\"@id\":\"https:\/\/www.africa-press.net\/senegal\/toutes-les-actualites\/la-gymnastique-empeche-t-elle-vraiment-de-grandir#breadcrumb\",\"itemListElement\":[{\"@type\":\"ListItem\",\"position\":1,\"name\":\"Accueil\",\"item\":\"https:\/\/www.africa-press.net\/senegal\/\"},{\"@type\":\"ListItem\",\"position\":2,\"name\":\"La Gymnastique Empe\u0302Che-T-Elle Vraiment de Grandir?\"}]},{\"@type\":\"WebSite\",\"@id\":\"https:\/\/www.africa-press.net\/senegal\/#website\",\"url\":\"https:\/\/www.africa-press.net\/senegal\/\",\"name\":\"Africa Press | Senegal | Homepage\",\"description\":\"Just another Africa News Agency Sites site\",\"potentialAction\":[{\"@type\":\"SearchAction\",\"target\":{\"@type\":\"EntryPoint\",\"urlTemplate\":\"https:\/\/www.africa-press.net\/senegal\/?s={search_term_string}\"},\"query-input\":{\"@type\":\"PropertyValueSpecification\",\"valueRequired\":true,\"valueName\":\"search_term_string\"}}],\"inLanguage\":\"fr-FR\"},{\"@type\":\"Person\",\"@id\":\"https:\/\/www.africa-press.net\/senegal\/#\/schema\/person\/2b1cf3cd81a31e3cd26889ca66d677f1\",\"name\":\"cfeditorfr\",\"url\":\"https:\/\/www.africa-press.net\/senegal\/author\/cfeditorfr\"}]}<\/script>\n<!-- \/ Yoast SEO Premium plugin. -->","yoast_head_json":{"title":"La Gymnastique Empe\u0302Che-T-Elle Vraiment de Grandir? - Senegal","description":"1,42 me\u0300tre: c\u2019est la taille de l\u2019Ame\u0301ricaine Simone Biles, reine de la gymnastique artistique, alors que les Ame\u0301ricain ...","robots":{"index":"index","follow":"follow","max-snippet":"max-snippet:-1","max-image-preview":"max-image-preview:large","max-video-preview":"max-video-preview:-1"},"canonical":"https:\/\/www.africa-press.net\/senegal\/toutes-les-actualites\/la-gymnastique-empeche-t-elle-vraiment-de-grandir","og_locale":"fr_FR","og_type":"article","og_title":"La Gymnastique Empe\u0302Che-T-Elle Vraiment de Grandir?","og_description":"1,42 me\u0300tre: c\u2019est la taille de l\u2019Ame\u0301ricaine Simone Biles, reine de la gymnastique artistique, alors que les Ame\u0301ricain ...","og_url":"https:\/\/www.africa-press.net\/senegal\/toutes-les-actualites\/la-gymnastique-empeche-t-elle-vraiment-de-grandir","og_site_name":"Senegal","article_published_time":"2025-12-18T12:00:00+00:00","article_modified_time":"2025-12-19T01:23:12+00:00","og_image":[{"width":1200,"height":899,"url":"https:\/\/static.africa-press.net\/senegal\/sites\/13\/2025\/12\/sm_1766136071.065082.jpg","type":"image\/jpeg"}],"author":"cfeditorfr","twitter_card":"summary_large_image","twitter_misc":{"\u00c9crit par":"cfeditorfr","Dur\u00e9e de lecture estim\u00e9e":"6 minutes"},"schema":{"@context":"https:\/\/schema.org","@graph":[{"@type":"Article","@id":"https:\/\/www.africa-press.net\/senegal\/toutes-les-actualites\/la-gymnastique-empeche-t-elle-vraiment-de-grandir#article","isPartOf":{"@id":"https:\/\/www.africa-press.net\/senegal\/toutes-les-actualites\/la-gymnastique-empeche-t-elle-vraiment-de-grandir"},"author":{"name":"cfeditorfr","@id":"https:\/\/www.africa-press.net\/senegal\/#\/schema\/person\/2b1cf3cd81a31e3cd26889ca66d677f1"},"headline":"La Gymnastique Empe\u0302Che-T-Elle Vraiment de Grandir?","datePublished":"2025-12-18T12:00:00+00:00","dateModified":"2025-12-19T01:23:12+00:00","mainEntityOfPage":{"@id":"https:\/\/www.africa-press.net\/senegal\/toutes-les-actualites\/la-gymnastique-empeche-t-elle-vraiment-de-grandir"},"wordCount":1210,"commentCount":0,"image":{"@id":"https:\/\/www.africa-press.net\/senegal\/toutes-les-actualites\/la-gymnastique-empeche-t-elle-vraiment-de-grandir#primaryimage"},"thumbnailUrl":"https:\/\/static.africa-press.net\/senegal\/sites\/13\/2025\/12\/sm_1766136071.065082.jpg","keywords":["Senegal"],"articleSection":["Divers","Toutes les actualit\u00e9s"],"inLanguage":"fr-FR","potentialAction":[{"@type":"CommentAction","name":"Comment","target":["https:\/\/www.africa-press.net\/senegal\/toutes-les-actualites\/la-gymnastique-empeche-t-elle-vraiment-de-grandir#respond"]}]},{"@type":"WebPage","@id":"https:\/\/www.africa-press.net\/senegal\/toutes-les-actualites\/la-gymnastique-empeche-t-elle-vraiment-de-grandir","url":"https:\/\/www.africa-press.net\/senegal\/toutes-les-actualites\/la-gymnastique-empeche-t-elle-vraiment-de-grandir","name":"La Gymnastique Empe\u0302Che-T-Elle Vraiment de Grandir? - Senegal","isPartOf":{"@id":"https:\/\/www.africa-press.net\/senegal\/#website"},"primaryImageOfPage":{"@id":"https:\/\/www.africa-press.net\/senegal\/toutes-les-actualites\/la-gymnastique-empeche-t-elle-vraiment-de-grandir#primaryimage"},"image":{"@id":"https:\/\/www.africa-press.net\/senegal\/toutes-les-actualites\/la-gymnastique-empeche-t-elle-vraiment-de-grandir#primaryimage"},"thumbnailUrl":"https:\/\/static.africa-press.net\/senegal\/sites\/13\/2025\/12\/sm_1766136071.065082.jpg","datePublished":"2025-12-18T12:00:00+00:00","dateModified":"2025-12-19T01:23:12+00:00","author":{"@id":"https:\/\/www.africa-press.net\/senegal\/#\/schema\/person\/2b1cf3cd81a31e3cd26889ca66d677f1"},"description":"1,42 me\u0300tre: c\u2019est la taille de l\u2019Ame\u0301ricaine Simone Biles, reine de la gymnastique artistique, alors que les Ame\u0301ricain ...","breadcrumb":{"@id":"https:\/\/www.africa-press.net\/senegal\/toutes-les-actualites\/la-gymnastique-empeche-t-elle-vraiment-de-grandir#breadcrumb"},"inLanguage":"fr-FR","potentialAction":[{"@type":"ReadAction","target":["https:\/\/www.africa-press.net\/senegal\/toutes-les-actualites\/la-gymnastique-empeche-t-elle-vraiment-de-grandir"]}]},{"@type":"ImageObject","inLanguage":"fr-FR","@id":"https:\/\/www.africa-press.net\/senegal\/toutes-les-actualites\/la-gymnastique-empeche-t-elle-vraiment-de-grandir#primaryimage","url":"https:\/\/static.africa-press.net\/senegal\/sites\/13\/2025\/12\/sm_1766136071.065082.jpg","contentUrl":"https:\/\/static.africa-press.net\/senegal\/sites\/13\/2025\/12\/sm_1766136071.065082.jpg","width":1200,"height":899,"caption":"La Gymnastique Empe\u0302Che-T-Elle Vraiment de Grandir?"},{"@type":"BreadcrumbList","@id":"https:\/\/www.africa-press.net\/senegal\/toutes-les-actualites\/la-gymnastique-empeche-t-elle-vraiment-de-grandir#breadcrumb","itemListElement":[{"@type":"ListItem","position":1,"name":"Accueil","item":"https:\/\/www.africa-press.net\/senegal\/"},{"@type":"ListItem","position":2,"name":"La Gymnastique Empe\u0302Che-T-Elle Vraiment de Grandir?"}]},{"@type":"WebSite","@id":"https:\/\/www.africa-press.net\/senegal\/#website","url":"https:\/\/www.africa-press.net\/senegal\/","name":"Africa Press | Senegal | Homepage","description":"Just another Africa News Agency Sites site","potentialAction":[{"@type":"SearchAction","target":{"@type":"EntryPoint","urlTemplate":"https:\/\/www.africa-press.net\/senegal\/?s={search_term_string}"},"query-input":{"@type":"PropertyValueSpecification","valueRequired":true,"valueName":"search_term_string"}}],"inLanguage":"fr-FR"},{"@type":"Person","@id":"https:\/\/www.africa-press.net\/senegal\/#\/schema\/person\/2b1cf3cd81a31e3cd26889ca66d677f1","name":"cfeditorfr","url":"https:\/\/www.africa-press.net\/senegal\/author\/cfeditorfr"}]}},"_links":{"self":[{"href":"https:\/\/www.africa-press.net\/senegal\/wp-json\/wp\/v2\/posts\/73589","targetHints":{"allow":["GET"]}}],"collection":[{"href":"https:\/\/www.africa-press.net\/senegal\/wp-json\/wp\/v2\/posts"}],"about":[{"href":"https:\/\/www.africa-press.net\/senegal\/wp-json\/wp\/v2\/types\/post"}],"author":[{"embeddable":true,"href":"https:\/\/www.africa-press.net\/senegal\/wp-json\/wp\/v2\/users\/82"}],"replies":[{"embeddable":true,"href":"https:\/\/www.africa-press.net\/senegal\/wp-json\/wp\/v2\/comments?post=73589"}],"version-history":[{"count":0,"href":"https:\/\/www.africa-press.net\/senegal\/wp-json\/wp\/v2\/posts\/73589\/revisions"}],"wp:featuredmedia":[{"embeddable":true,"href":"https:\/\/www.africa-press.net\/senegal\/wp-json\/wp\/v2\/media\/73588"}],"wp:attachment":[{"href":"https:\/\/www.africa-press.net\/senegal\/wp-json\/wp\/v2\/media?parent=73589"}],"wp:term":[{"taxonomy":"category","embeddable":true,"href":"https:\/\/www.africa-press.net\/senegal\/wp-json\/wp\/v2\/categories?post=73589"},{"taxonomy":"post_tag","embeddable":true,"href":"https:\/\/www.africa-press.net\/senegal\/wp-json\/wp\/v2\/tags?post=73589"}],"curies":[{"name":"wp","href":"https:\/\/api.w.org\/{rel}","templated":true}]}}