{"id":73601,"date":"2025-12-18T12:10:00","date_gmt":"2025-12-18T12:10:00","guid":{"rendered":"https:\/\/www.africa-press.net\/senegal\/politique\/coupe-arabe-2025-reaction-du-roi-mohammed-vi"},"modified":"2025-12-19T03:11:49","modified_gmt":"2025-12-19T03:11:49","slug":"coupe-arabe-2025-reaction-du-roi-mohammed-vi","status":"publish","type":"post","link":"https:\/\/www.africa-press.net\/senegal\/sports\/coupe-arabe-2025-reaction-du-roi-mohammed-vi","title":{"rendered":"Coupe Arabe 2025: Re\u0301action du Roi Mohammed VI"},"content":{"rendered":"<p><span style=\"color: #ff6600\"><strong>Africa-Press &#8211; Senegal. <\/strong><\/span>Le Maroc a remporte\u0301 ce jeudi la Coupe Arabe 2025. Un succe\u0300s qui n\u2019a laisse\u0301 indiffe\u0301rent le Roi Mohammed VI. Celui-ci a adresse\u0301 un message de fe\u0301licitations aux membres de l\u2019e\u0301quipe.<\/p>\n<p>Dans son message, le Souverain a salue\u0301 avec fierte\u0301 cette nouvelle conse\u0301cration, qui vient enrichir le palmare\u0300s du football marocain et renforcer son rayonnement:<\/p>\n<p>\u00ab Nous sommes heureux de vous adresser nos plus chaleureuses fe\u0301licitations et notre profonde reconnaissance suite a\u0300 votre magnifique victoire a\u0300 la Coupe arabe (Qatar 2025), qui vient s\u2019ajouter au deuxie\u0300me titre remporte\u0301 par votre cher pays lors de sa participation a\u0300 ce tournoi, et qui te\u0301moigne d\u2019un e\u0301clat renouvele\u0301 rehaussant la position honorable du football marocain aux niveaux arabe et international. \u00bb<\/p>\n<p>Au-dela\u0300 du trophe\u0301e, le Roi Mohamed VI a tenu a\u0300 mettre en avant l\u2019e\u0301tat d\u2019esprit et la qualite\u0301 des prestations livre\u0301es par les Lions de l\u2019Atlas tout au long de la compe\u0301tition, soulignant leur engagement et leur professionnalisme:<\/p>\n<p>\u00ab Tout comme nous saluons la fierte\u0301 nationale exemplaire et les performances professionnelles exceptionnelles dont ont fait preuve les joueurs he\u0301roi\u0308ques, qui sont a\u0300 la hauteur des aspirations des supporters passionne\u0301s, nous saluons e\u0301galement le travail du staff technique national qui a prouve\u0301 sa valeur en formant des talents et en contribuant a\u0300 la gloire du football marocain, dans toutes les cate\u0301gories et tous les niveaux, confirmant ainsi la forte pre\u0301sence sur la sce\u0300ne internationale des e\u0301nergies et des compe\u0301tences exceptionnelles dont notre pays regorge dans ce domaine, que ce soit en termes de performance sportive, de formation technique ou de gestion administrative. \u00bb<\/p>\n<p>Ce nouveau sacre confirme la solidite\u0301 du projet footballistique marocain et la continuite\u0301 d\u2019une ambition porte\u0301e au plus haut niveau de l\u2019E\u0301tat, avec pour objectif de maintenir le Maroc parmi les nations de re\u0301fe\u0301rence du football africain et arabe.<\/p>\n<p><strong>Pour plus d&rsquo;informations et d&rsquo;analyses sur la <span style=\"color: #ff6600\">Senegal<\/span>, suivez <span style=\"color: #ff6600\">Africa-Press<\/span><\/strong><\/p>\n","protected":false},"excerpt":{"rendered":"<p>Africa-Press &#8211; Senegal. Le Maroc a remporte\u0301 ce jeudi la Coupe Arabe 2025. Un succe\u0300s qui n\u2019a laisse\u0301 indiffe\u0301rent le Roi Mohammed VI. Celui-ci a adresse\u0301 un message de fe\u0301licitations aux membres de l\u2019e\u0301quipe. Dans son message, le Souverain a salue\u0301 avec fierte\u0301 cette nouvelle conse\u0301cration, qui vient enrichir le palmare\u0300s du football marocain et [&hellip;]<\/p>\n","protected":false},"author":82,"featured_media":73600,"comment_status":"open","ping_status":"closed","sticky":false,"template":"","format":"standard","meta":{"footnotes":""},"categories":[6,10],"tags":[44],"class_list":["post-73601","post","type-post","status-publish","format-standard","has-post-thumbnail","hentry","category-sports","category-toutes-les-actualites","tag-senegal-2"],"yoast_head":"<!-- This site is optimized with the Yoast SEO Premium plugin v26.1 (Yoast SEO v27.0) - https:\/\/yoast.com\/product\/yoast-seo-premium-wordpress\/ -->\n<title>Coupe Arabe 2025: Re\u0301action du Roi Mohammed VI - Senegal<\/title>\n<meta name=\"description\" content=\"Le Maroc a remporte\u0301 ce jeudi la Coupe Arabe 2025. Un succe\u0300s qui n\u2019a laisse\u0301 indiffe\u0301rent le Roi Mohammed VI. Celui-ci ...\" \/>\n<meta name=\"robots\" content=\"index, follow, max-snippet:-1, max-image-preview:large, max-video-preview:-1\" \/>\n<link rel=\"canonical\" href=\"https:\/\/www.africa-press.net\/senegal\/sports\/coupe-arabe-2025-reaction-du-roi-mohammed-vi\" \/>\n<meta property=\"og:locale\" content=\"fr_FR\" \/>\n<meta property=\"og:type\" content=\"article\" \/>\n<meta property=\"og:title\" content=\"Coupe Arabe 2025: Re\u0301action du Roi Mohammed VI\" \/>\n<meta property=\"og:description\" content=\"Le Maroc a remporte\u0301 ce jeudi la Coupe Arabe 2025. Un succe\u0300s qui n\u2019a laisse\u0301 indiffe\u0301rent le Roi Mohammed VI. Celui-ci ...\" \/>\n<meta property=\"og:url\" content=\"https:\/\/www.africa-press.net\/senegal\/sports\/coupe-arabe-2025-reaction-du-roi-mohammed-vi\" \/>\n<meta property=\"og:site_name\" content=\"Senegal\" \/>\n<meta property=\"article:published_time\" content=\"2025-12-18T12:10:00+00:00\" \/>\n<meta property=\"article:modified_time\" content=\"2025-12-19T03:11:49+00:00\" \/>\n<meta property=\"og:image\" content=\"https:\/\/static.africa-press.net\/senegal\/sites\/13\/2025\/12\/sm_1766142670.470265.jpg\" \/>\n\t<meta property=\"og:image:width\" content=\"1728\" \/>\n\t<meta property=\"og:image:height\" content=\"1055\" \/>\n\t<meta property=\"og:image:type\" content=\"image\/jpeg\" \/>\n<meta name=\"author\" content=\"cfeditorfr\" \/>\n<meta name=\"twitter:card\" content=\"summary_large_image\" \/>\n<meta name=\"twitter:label1\" content=\"\u00c9crit par\" \/>\n\t<meta name=\"twitter:data1\" content=\"cfeditorfr\" \/>\n\t<meta name=\"twitter:label2\" content=\"Dur\u00e9e de lecture estim\u00e9e\" \/>\n\t<meta name=\"twitter:data2\" content=\"2 minutes\" \/>\n<script type=\"application\/ld+json\" class=\"yoast-schema-graph\">{\"@context\":\"https:\/\/schema.org\",\"@graph\":[{\"@type\":\"Article\",\"@id\":\"https:\/\/www.africa-press.net\/senegal\/sports\/coupe-arabe-2025-reaction-du-roi-mohammed-vi#article\",\"isPartOf\":{\"@id\":\"https:\/\/www.africa-press.net\/senegal\/sports\/coupe-arabe-2025-reaction-du-roi-mohammed-vi\"},\"author\":{\"name\":\"cfeditorfr\",\"@id\":\"https:\/\/www.africa-press.net\/senegal\/#\/schema\/person\/2b1cf3cd81a31e3cd26889ca66d677f1\"},\"headline\":\"Coupe Arabe 2025: Re\u0301action du Roi Mohammed VI\",\"datePublished\":\"2025-12-18T12:10:00+00:00\",\"dateModified\":\"2025-12-19T03:11:49+00:00\",\"mainEntityOfPage\":{\"@id\":\"https:\/\/www.africa-press.net\/senegal\/sports\/coupe-arabe-2025-reaction-du-roi-mohammed-vi\"},\"wordCount\":352,\"commentCount\":0,\"image\":{\"@id\":\"https:\/\/www.africa-press.net\/senegal\/sports\/coupe-arabe-2025-reaction-du-roi-mohammed-vi#primaryimage\"},\"thumbnailUrl\":\"https:\/\/static.africa-press.net\/senegal\/sites\/13\/2025\/12\/sm_1766142670.470265.jpg\",\"keywords\":[\"Senegal\"],\"articleSection\":[\"Sports\",\"Toutes les actualit\u00e9s\"],\"inLanguage\":\"fr-FR\",\"potentialAction\":[{\"@type\":\"CommentAction\",\"name\":\"Comment\",\"target\":[\"https:\/\/www.africa-press.net\/senegal\/sports\/coupe-arabe-2025-reaction-du-roi-mohammed-vi#respond\"]}]},{\"@type\":\"WebPage\",\"@id\":\"https:\/\/www.africa-press.net\/senegal\/sports\/coupe-arabe-2025-reaction-du-roi-mohammed-vi\",\"url\":\"https:\/\/www.africa-press.net\/senegal\/sports\/coupe-arabe-2025-reaction-du-roi-mohammed-vi\",\"name\":\"Coupe Arabe 2025: Re\u0301action du Roi Mohammed VI - Senegal\",\"isPartOf\":{\"@id\":\"https:\/\/www.africa-press.net\/senegal\/#website\"},\"primaryImageOfPage\":{\"@id\":\"https:\/\/www.africa-press.net\/senegal\/sports\/coupe-arabe-2025-reaction-du-roi-mohammed-vi#primaryimage\"},\"image\":{\"@id\":\"https:\/\/www.africa-press.net\/senegal\/sports\/coupe-arabe-2025-reaction-du-roi-mohammed-vi#primaryimage\"},\"thumbnailUrl\":\"https:\/\/static.africa-press.net\/senegal\/sites\/13\/2025\/12\/sm_1766142670.470265.jpg\",\"datePublished\":\"2025-12-18T12:10:00+00:00\",\"dateModified\":\"2025-12-19T03:11:49+00:00\",\"author\":{\"@id\":\"https:\/\/www.africa-press.net\/senegal\/#\/schema\/person\/2b1cf3cd81a31e3cd26889ca66d677f1\"},\"description\":\"Le Maroc a remporte\u0301 ce jeudi la Coupe Arabe 2025. Un succe\u0300s qui n\u2019a laisse\u0301 indiffe\u0301rent le Roi Mohammed VI. Celui-ci ...\",\"breadcrumb\":{\"@id\":\"https:\/\/www.africa-press.net\/senegal\/sports\/coupe-arabe-2025-reaction-du-roi-mohammed-vi#breadcrumb\"},\"inLanguage\":\"fr-FR\",\"potentialAction\":[{\"@type\":\"ReadAction\",\"target\":[\"https:\/\/www.africa-press.net\/senegal\/sports\/coupe-arabe-2025-reaction-du-roi-mohammed-vi\"]}]},{\"@type\":\"ImageObject\",\"inLanguage\":\"fr-FR\",\"@id\":\"https:\/\/www.africa-press.net\/senegal\/sports\/coupe-arabe-2025-reaction-du-roi-mohammed-vi#primaryimage\",\"url\":\"https:\/\/static.africa-press.net\/senegal\/sites\/13\/2025\/12\/sm_1766142670.470265.jpg\",\"contentUrl\":\"https:\/\/static.africa-press.net\/senegal\/sites\/13\/2025\/12\/sm_1766142670.470265.jpg\",\"width\":1728,\"height\":1055,\"caption\":\"Coupe Arabe 2025: Re\u0301action du Roi Mohammed VI\"},{\"@type\":\"BreadcrumbList\",\"@id\":\"https:\/\/www.africa-press.net\/senegal\/sports\/coupe-arabe-2025-reaction-du-roi-mohammed-vi#breadcrumb\",\"itemListElement\":[{\"@type\":\"ListItem\",\"position\":1,\"name\":\"Accueil\",\"item\":\"https:\/\/www.africa-press.net\/senegal\/\"},{\"@type\":\"ListItem\",\"position\":2,\"name\":\"Coupe Arabe 2025: Re\u0301action du Roi Mohammed VI\"}]},{\"@type\":\"WebSite\",\"@id\":\"https:\/\/www.africa-press.net\/senegal\/#website\",\"url\":\"https:\/\/www.africa-press.net\/senegal\/\",\"name\":\"Africa Press | Senegal | Homepage\",\"description\":\"Just another Africa News Agency Sites site\",\"potentialAction\":[{\"@type\":\"SearchAction\",\"target\":{\"@type\":\"EntryPoint\",\"urlTemplate\":\"https:\/\/www.africa-press.net\/senegal\/?s={search_term_string}\"},\"query-input\":{\"@type\":\"PropertyValueSpecification\",\"valueRequired\":true,\"valueName\":\"search_term_string\"}}],\"inLanguage\":\"fr-FR\"},{\"@type\":\"Person\",\"@id\":\"https:\/\/www.africa-press.net\/senegal\/#\/schema\/person\/2b1cf3cd81a31e3cd26889ca66d677f1\",\"name\":\"cfeditorfr\",\"url\":\"https:\/\/www.africa-press.net\/senegal\/author\/cfeditorfr\"}]}<\/script>\n<!-- \/ Yoast SEO Premium plugin. -->","yoast_head_json":{"title":"Coupe Arabe 2025: Re\u0301action du Roi Mohammed VI - Senegal","description":"Le Maroc a remporte\u0301 ce jeudi la Coupe Arabe 2025. Un succe\u0300s qui n\u2019a laisse\u0301 indiffe\u0301rent le Roi Mohammed VI. Celui-ci ...","robots":{"index":"index","follow":"follow","max-snippet":"max-snippet:-1","max-image-preview":"max-image-preview:large","max-video-preview":"max-video-preview:-1"},"canonical":"https:\/\/www.africa-press.net\/senegal\/sports\/coupe-arabe-2025-reaction-du-roi-mohammed-vi","og_locale":"fr_FR","og_type":"article","og_title":"Coupe Arabe 2025: Re\u0301action du Roi Mohammed VI","og_description":"Le Maroc a remporte\u0301 ce jeudi la Coupe Arabe 2025. Un succe\u0300s qui n\u2019a laisse\u0301 indiffe\u0301rent le Roi Mohammed VI. Celui-ci ...","og_url":"https:\/\/www.africa-press.net\/senegal\/sports\/coupe-arabe-2025-reaction-du-roi-mohammed-vi","og_site_name":"Senegal","article_published_time":"2025-12-18T12:10:00+00:00","article_modified_time":"2025-12-19T03:11:49+00:00","og_image":[{"width":1728,"height":1055,"url":"https:\/\/static.africa-press.net\/senegal\/sites\/13\/2025\/12\/sm_1766142670.470265.jpg","type":"image\/jpeg"}],"author":"cfeditorfr","twitter_card":"summary_large_image","twitter_misc":{"\u00c9crit par":"cfeditorfr","Dur\u00e9e de lecture estim\u00e9e":"2 minutes"},"schema":{"@context":"https:\/\/schema.org","@graph":[{"@type":"Article","@id":"https:\/\/www.africa-press.net\/senegal\/sports\/coupe-arabe-2025-reaction-du-roi-mohammed-vi#article","isPartOf":{"@id":"https:\/\/www.africa-press.net\/senegal\/sports\/coupe-arabe-2025-reaction-du-roi-mohammed-vi"},"author":{"name":"cfeditorfr","@id":"https:\/\/www.africa-press.net\/senegal\/#\/schema\/person\/2b1cf3cd81a31e3cd26889ca66d677f1"},"headline":"Coupe Arabe 2025: Re\u0301action du Roi Mohammed VI","datePublished":"2025-12-18T12:10:00+00:00","dateModified":"2025-12-19T03:11:49+00:00","mainEntityOfPage":{"@id":"https:\/\/www.africa-press.net\/senegal\/sports\/coupe-arabe-2025-reaction-du-roi-mohammed-vi"},"wordCount":352,"commentCount":0,"image":{"@id":"https:\/\/www.africa-press.net\/senegal\/sports\/coupe-arabe-2025-reaction-du-roi-mohammed-vi#primaryimage"},"thumbnailUrl":"https:\/\/static.africa-press.net\/senegal\/sites\/13\/2025\/12\/sm_1766142670.470265.jpg","keywords":["Senegal"],"articleSection":["Sports","Toutes les actualit\u00e9s"],"inLanguage":"fr-FR","potentialAction":[{"@type":"CommentAction","name":"Comment","target":["https:\/\/www.africa-press.net\/senegal\/sports\/coupe-arabe-2025-reaction-du-roi-mohammed-vi#respond"]}]},{"@type":"WebPage","@id":"https:\/\/www.africa-press.net\/senegal\/sports\/coupe-arabe-2025-reaction-du-roi-mohammed-vi","url":"https:\/\/www.africa-press.net\/senegal\/sports\/coupe-arabe-2025-reaction-du-roi-mohammed-vi","name":"Coupe Arabe 2025: Re\u0301action du Roi Mohammed VI - Senegal","isPartOf":{"@id":"https:\/\/www.africa-press.net\/senegal\/#website"},"primaryImageOfPage":{"@id":"https:\/\/www.africa-press.net\/senegal\/sports\/coupe-arabe-2025-reaction-du-roi-mohammed-vi#primaryimage"},"image":{"@id":"https:\/\/www.africa-press.net\/senegal\/sports\/coupe-arabe-2025-reaction-du-roi-mohammed-vi#primaryimage"},"thumbnailUrl":"https:\/\/static.africa-press.net\/senegal\/sites\/13\/2025\/12\/sm_1766142670.470265.jpg","datePublished":"2025-12-18T12:10:00+00:00","dateModified":"2025-12-19T03:11:49+00:00","author":{"@id":"https:\/\/www.africa-press.net\/senegal\/#\/schema\/person\/2b1cf3cd81a31e3cd26889ca66d677f1"},"description":"Le Maroc a remporte\u0301 ce jeudi la Coupe Arabe 2025. Un succe\u0300s qui n\u2019a laisse\u0301 indiffe\u0301rent le Roi Mohammed VI. Celui-ci ...","breadcrumb":{"@id":"https:\/\/www.africa-press.net\/senegal\/sports\/coupe-arabe-2025-reaction-du-roi-mohammed-vi#breadcrumb"},"inLanguage":"fr-FR","potentialAction":[{"@type":"ReadAction","target":["https:\/\/www.africa-press.net\/senegal\/sports\/coupe-arabe-2025-reaction-du-roi-mohammed-vi"]}]},{"@type":"ImageObject","inLanguage":"fr-FR","@id":"https:\/\/www.africa-press.net\/senegal\/sports\/coupe-arabe-2025-reaction-du-roi-mohammed-vi#primaryimage","url":"https:\/\/static.africa-press.net\/senegal\/sites\/13\/2025\/12\/sm_1766142670.470265.jpg","contentUrl":"https:\/\/static.africa-press.net\/senegal\/sites\/13\/2025\/12\/sm_1766142670.470265.jpg","width":1728,"height":1055,"caption":"Coupe Arabe 2025: Re\u0301action du Roi Mohammed VI"},{"@type":"BreadcrumbList","@id":"https:\/\/www.africa-press.net\/senegal\/sports\/coupe-arabe-2025-reaction-du-roi-mohammed-vi#breadcrumb","itemListElement":[{"@type":"ListItem","position":1,"name":"Accueil","item":"https:\/\/www.africa-press.net\/senegal\/"},{"@type":"ListItem","position":2,"name":"Coupe Arabe 2025: Re\u0301action du Roi Mohammed VI"}]},{"@type":"WebSite","@id":"https:\/\/www.africa-press.net\/senegal\/#website","url":"https:\/\/www.africa-press.net\/senegal\/","name":"Africa Press | Senegal | Homepage","description":"Just another Africa News Agency Sites site","potentialAction":[{"@type":"SearchAction","target":{"@type":"EntryPoint","urlTemplate":"https:\/\/www.africa-press.net\/senegal\/?s={search_term_string}"},"query-input":{"@type":"PropertyValueSpecification","valueRequired":true,"valueName":"search_term_string"}}],"inLanguage":"fr-FR"},{"@type":"Person","@id":"https:\/\/www.africa-press.net\/senegal\/#\/schema\/person\/2b1cf3cd81a31e3cd26889ca66d677f1","name":"cfeditorfr","url":"https:\/\/www.africa-press.net\/senegal\/author\/cfeditorfr"}]}},"_links":{"self":[{"href":"https:\/\/www.africa-press.net\/senegal\/wp-json\/wp\/v2\/posts\/73601","targetHints":{"allow":["GET"]}}],"collection":[{"href":"https:\/\/www.africa-press.net\/senegal\/wp-json\/wp\/v2\/posts"}],"about":[{"href":"https:\/\/www.africa-press.net\/senegal\/wp-json\/wp\/v2\/types\/post"}],"author":[{"embeddable":true,"href":"https:\/\/www.africa-press.net\/senegal\/wp-json\/wp\/v2\/users\/82"}],"replies":[{"embeddable":true,"href":"https:\/\/www.africa-press.net\/senegal\/wp-json\/wp\/v2\/comments?post=73601"}],"version-history":[{"count":0,"href":"https:\/\/www.africa-press.net\/senegal\/wp-json\/wp\/v2\/posts\/73601\/revisions"}],"wp:featuredmedia":[{"embeddable":true,"href":"https:\/\/www.africa-press.net\/senegal\/wp-json\/wp\/v2\/media\/73600"}],"wp:attachment":[{"href":"https:\/\/www.africa-press.net\/senegal\/wp-json\/wp\/v2\/media?parent=73601"}],"wp:term":[{"taxonomy":"category","embeddable":true,"href":"https:\/\/www.africa-press.net\/senegal\/wp-json\/wp\/v2\/categories?post=73601"},{"taxonomy":"post_tag","embeddable":true,"href":"https:\/\/www.africa-press.net\/senegal\/wp-json\/wp\/v2\/tags?post=73601"}],"curies":[{"name":"wp","href":"https:\/\/api.w.org\/{rel}","templated":true}]}}