{"id":73616,"date":"2025-12-18T12:10:00","date_gmt":"2025-12-18T12:10:00","guid":{"rendered":"https:\/\/www.africa-press.net\/senegal\/politique\/le-marche-africain-du-carbone-potentiel-et-contraintes"},"modified":"2025-12-19T03:47:54","modified_gmt":"2025-12-19T03:47:54","slug":"le-marche-africain-du-carbone-potentiel-et-contraintes","status":"publish","type":"post","link":"https:\/\/www.africa-press.net\/senegal\/dossiers\/le-marche-africain-du-carbone-potentiel-et-contraintes","title":{"rendered":"Le March\u00e9 Africain du Carbone: Potentiel et Contraintes"},"content":{"rendered":"<p><span style=\"color: #ff6600\"><strong>Africa-Press &#8211; Senegal. <\/strong><\/span>Le marche\u0301 africain du carbone attire une attention croissante, car il pourrait mobiliser des financements nouveaux en faveur de la transition e\u0301nerge\u0301tique et de la pre\u0301servation des e\u0301cosyste\u0300mes. Les recettes potentielles sont juge\u0301es significatives par l\u2019Africa Carbon Markets Initiative (ACMI), qui met en avant la capacite\u0301 du continent a\u0300 ge\u0301ne\u0301rer des revenus importants gra\u0302ce aux cre\u0301dits carbone. Malgre\u0301 cet horizon prometteur, les volumes e\u0301change\u0301s demeurent modestes et concentre\u0301s dans quelques pays, notamment le Kenya, le Malawi ou le Ghana, qui figurent parmi les plus actifs dans les me\u0301canismes volontaires.<\/p>\n<p>Les cadres re\u0301glementaires restent tre\u0300s he\u0301te\u0301roge\u0300nes, ce qui complique l\u2019e\u0301mergence d\u2019un marche\u0301 inte\u0301gre\u0301. Certains E\u0301tats ont adopte\u0301 des registres nationaux et des proce\u0301dures d\u2019agre\u0301ment, tandis que d\u2019autres avancent avec des normes encore fragmente\u0301es. Le Kenya a publie\u0301 en 2023 un re\u0300glement structurant la vente de cre\u0301dits afin de renforcer la transparence des contrats et la part de revenus revenant aux communaute\u0301s locales. Le Ghana a annonce\u0301 des dispositifs d\u2019encadrement pour les transactions re\u0301alise\u0301es sous l\u2019article 6 de l\u2019Accord de Paris, notamment dans les secteurs forestiers. D\u2019autres pays, comme le Se\u0301ne\u0301gal ou la Co\u0302te d\u2019Ivoire, travaillent toujours a\u0300 la consolidation de leur cadre juridique pour aligner les projets carbone sur leurs priorite\u0301s nationales.<\/p>\n<p>Les me\u0301thodologies de mesure, de reporting et de ve\u0301rification constituent l\u2019un des axes les plus sensibles. Des controverses ont e\u0301merge\u0301 autour de certains projets REDD+, notamment en Afrique centrale, au sujet de la surestimation suppose\u0301e des re\u0301ductions d\u2019e\u0301missions. Ces de\u0301bats ont entrai\u0302ne\u0301 une vigilance accrue de la part des acheteurs internationaux, qui re\u0301clament des donne\u0301es plus robustes et une ve\u0301rification inde\u0301pendante solide. Le renforcement des inventaires nationaux, l\u2019ame\u0301lioration de la te\u0301le\u0301de\u0301tection et l\u2019appui technique des agences spe\u0301cialise\u0301es deviennent des conditions indispensables pour restaurer la confiance et attirer des investisseurs exigeants.<\/p>\n<p>Le marche\u0301 volontaire avance malgre\u0301 ces de\u0301fis, porte\u0301 par une demande mondiale croissante en cre\u0301dits issus de projets naturels tels que la reforestation, la conservation des mangroves ou la restauration des sols. Plusieurs pays africains cherchent a\u0300 se positionner sur ces segments, car les cou\u0302ts de se\u0301questration y sont ge\u0301ne\u0301ralement plus faibles qu\u2019en Europe ou en Ame\u0301rique du Nord. Les discussions re\u0301gionales au sein de l\u2019Union africaine visent e\u0301galement a\u0300 e\u0301viter la course au moins-disant re\u0301glementaire et a\u0300 promouvoir des standards communs qui prote\u0301geraient les E\u0301tats contre la sous-valorisation de leurs ressources environnementales.<\/p>\n<p>L\u2019avenir du marche\u0301 africain du carbone de\u0301pendra de la capacite\u0301 a\u0300 ba\u0302tir des re\u0300gles cre\u0301dibles, a\u0300 garantir la qualite\u0301 des donne\u0301es et a\u0300 associer davantage les communaute\u0301s aux be\u0301ne\u0301fices financiers. Sans ces conditions, les ambitions affiche\u0301es risquent de se heurter a\u0300 un de\u0301ficit de confiance. Avec elles, ce marche\u0301 pourrait devenir l\u2019un des leviers les plus importants pour financer l\u2019adaptation climatique et soutenir des mode\u0300les de croissance moins carbone\u0301s.<\/p>\n<p><b>seneweb<\/b><\/p>\n<p><strong>Pour plus d&rsquo;informations et d&rsquo;analyses sur la <span style=\"color: #ff6600\">Senegal<\/span>, suivez <span style=\"color: #ff6600\">Africa-Press<\/span><\/strong><\/p>\n","protected":false},"excerpt":{"rendered":"<p>Africa-Press &#8211; Senegal. Le marche\u0301 africain du carbone attire une attention croissante, car il pourrait mobiliser des financements nouveaux en faveur de la transition e\u0301nerge\u0301tique et de la pre\u0301servation des e\u0301cosyste\u0300mes. Les recettes potentielles sont juge\u0301es significatives par l\u2019Africa Carbon Markets Initiative (ACMI), qui met en avant la capacite\u0301 du continent a\u0300 ge\u0301ne\u0301rer des revenus [&hellip;]<\/p>\n","protected":false},"author":82,"featured_media":73615,"comment_status":"open","ping_status":"closed","sticky":false,"template":"","format":"standard","meta":{"footnotes":""},"categories":[7,10],"tags":[44],"class_list":["post-73616","post","type-post","status-publish","format-standard","has-post-thumbnail","hentry","category-dossiers","category-toutes-les-actualites","tag-senegal-2"],"yoast_head":"<!-- This site is optimized with the Yoast SEO Premium plugin v26.1 (Yoast SEO v27.0) - https:\/\/yoast.com\/product\/yoast-seo-premium-wordpress\/ -->\n<title>Le March\u00e9 Africain du Carbone: Potentiel et Contraintes - Senegal<\/title>\n<meta name=\"description\" content=\"Le marche\u0301 africain du carbone attire une attention croissante, car il pourrait mobiliser des financements nouveaux en f ...\" \/>\n<meta name=\"robots\" content=\"index, follow, max-snippet:-1, max-image-preview:large, max-video-preview:-1\" \/>\n<link rel=\"canonical\" href=\"https:\/\/www.africa-press.net\/senegal\/dossiers\/le-marche-africain-du-carbone-potentiel-et-contraintes\" \/>\n<meta property=\"og:locale\" content=\"fr_FR\" \/>\n<meta property=\"og:type\" content=\"article\" \/>\n<meta property=\"og:title\" content=\"Le March\u00e9 Africain du Carbone: Potentiel et Contraintes\" \/>\n<meta property=\"og:description\" content=\"Le marche\u0301 africain du carbone attire une attention croissante, car il pourrait mobiliser des financements nouveaux en f ...\" \/>\n<meta property=\"og:url\" content=\"https:\/\/www.africa-press.net\/senegal\/dossiers\/le-marche-africain-du-carbone-potentiel-et-contraintes\" \/>\n<meta property=\"og:site_name\" content=\"Senegal\" \/>\n<meta property=\"article:published_time\" content=\"2025-12-18T12:10:00+00:00\" \/>\n<meta property=\"article:modified_time\" content=\"2025-12-19T03:47:54+00:00\" \/>\n<meta property=\"og:image\" content=\"https:\/\/static.africa-press.net\/senegal\/sites\/13\/2025\/12\/sm_1766144845.242557.jpg\" \/>\n\t<meta property=\"og:image:width\" content=\"1280\" \/>\n\t<meta property=\"og:image:height\" content=\"720\" \/>\n\t<meta property=\"og:image:type\" content=\"image\/jpeg\" \/>\n<meta name=\"author\" content=\"cfeditorfr\" \/>\n<meta name=\"twitter:card\" content=\"summary_large_image\" \/>\n<meta name=\"twitter:label1\" content=\"\u00c9crit par\" \/>\n\t<meta name=\"twitter:data1\" content=\"cfeditorfr\" \/>\n\t<meta name=\"twitter:label2\" content=\"Dur\u00e9e de lecture estim\u00e9e\" \/>\n\t<meta name=\"twitter:data2\" content=\"3 minutes\" \/>\n<script type=\"application\/ld+json\" class=\"yoast-schema-graph\">{\"@context\":\"https:\/\/schema.org\",\"@graph\":[{\"@type\":\"Article\",\"@id\":\"https:\/\/www.africa-press.net\/senegal\/dossiers\/le-marche-africain-du-carbone-potentiel-et-contraintes#article\",\"isPartOf\":{\"@id\":\"https:\/\/www.africa-press.net\/senegal\/dossiers\/le-marche-africain-du-carbone-potentiel-et-contraintes\"},\"author\":{\"name\":\"cfeditorfr\",\"@id\":\"https:\/\/www.africa-press.net\/senegal\/#\/schema\/person\/2b1cf3cd81a31e3cd26889ca66d677f1\"},\"headline\":\"Le March\u00e9 Africain du Carbone: Potentiel et Contraintes\",\"datePublished\":\"2025-12-18T12:10:00+00:00\",\"dateModified\":\"2025-12-19T03:47:54+00:00\",\"mainEntityOfPage\":{\"@id\":\"https:\/\/www.africa-press.net\/senegal\/dossiers\/le-marche-africain-du-carbone-potentiel-et-contraintes\"},\"wordCount\":571,\"commentCount\":0,\"image\":{\"@id\":\"https:\/\/www.africa-press.net\/senegal\/dossiers\/le-marche-africain-du-carbone-potentiel-et-contraintes#primaryimage\"},\"thumbnailUrl\":\"https:\/\/static.africa-press.net\/senegal\/sites\/13\/2025\/12\/sm_1766144845.242557.jpg\",\"keywords\":[\"Senegal\"],\"articleSection\":[\"Dossiers\",\"Toutes les actualit\u00e9s\"],\"inLanguage\":\"fr-FR\",\"potentialAction\":[{\"@type\":\"CommentAction\",\"name\":\"Comment\",\"target\":[\"https:\/\/www.africa-press.net\/senegal\/dossiers\/le-marche-africain-du-carbone-potentiel-et-contraintes#respond\"]}]},{\"@type\":\"WebPage\",\"@id\":\"https:\/\/www.africa-press.net\/senegal\/dossiers\/le-marche-africain-du-carbone-potentiel-et-contraintes\",\"url\":\"https:\/\/www.africa-press.net\/senegal\/dossiers\/le-marche-africain-du-carbone-potentiel-et-contraintes\",\"name\":\"Le March\u00e9 Africain du Carbone: Potentiel et Contraintes - Senegal\",\"isPartOf\":{\"@id\":\"https:\/\/www.africa-press.net\/senegal\/#website\"},\"primaryImageOfPage\":{\"@id\":\"https:\/\/www.africa-press.net\/senegal\/dossiers\/le-marche-africain-du-carbone-potentiel-et-contraintes#primaryimage\"},\"image\":{\"@id\":\"https:\/\/www.africa-press.net\/senegal\/dossiers\/le-marche-africain-du-carbone-potentiel-et-contraintes#primaryimage\"},\"thumbnailUrl\":\"https:\/\/static.africa-press.net\/senegal\/sites\/13\/2025\/12\/sm_1766144845.242557.jpg\",\"datePublished\":\"2025-12-18T12:10:00+00:00\",\"dateModified\":\"2025-12-19T03:47:54+00:00\",\"author\":{\"@id\":\"https:\/\/www.africa-press.net\/senegal\/#\/schema\/person\/2b1cf3cd81a31e3cd26889ca66d677f1\"},\"description\":\"Le marche\u0301 africain du carbone attire une attention croissante, car il pourrait mobiliser des financements nouveaux en f ...\",\"breadcrumb\":{\"@id\":\"https:\/\/www.africa-press.net\/senegal\/dossiers\/le-marche-africain-du-carbone-potentiel-et-contraintes#breadcrumb\"},\"inLanguage\":\"fr-FR\",\"potentialAction\":[{\"@type\":\"ReadAction\",\"target\":[\"https:\/\/www.africa-press.net\/senegal\/dossiers\/le-marche-africain-du-carbone-potentiel-et-contraintes\"]}]},{\"@type\":\"ImageObject\",\"inLanguage\":\"fr-FR\",\"@id\":\"https:\/\/www.africa-press.net\/senegal\/dossiers\/le-marche-africain-du-carbone-potentiel-et-contraintes#primaryimage\",\"url\":\"https:\/\/static.africa-press.net\/senegal\/sites\/13\/2025\/12\/sm_1766144845.242557.jpg\",\"contentUrl\":\"https:\/\/static.africa-press.net\/senegal\/sites\/13\/2025\/12\/sm_1766144845.242557.jpg\",\"width\":1280,\"height\":720,\"caption\":\"Le March\u00e9 Africain du Carbone: Potentiel et Contraintes\"},{\"@type\":\"BreadcrumbList\",\"@id\":\"https:\/\/www.africa-press.net\/senegal\/dossiers\/le-marche-africain-du-carbone-potentiel-et-contraintes#breadcrumb\",\"itemListElement\":[{\"@type\":\"ListItem\",\"position\":1,\"name\":\"Accueil\",\"item\":\"https:\/\/www.africa-press.net\/senegal\/\"},{\"@type\":\"ListItem\",\"position\":2,\"name\":\"Le March\u00e9 Africain du Carbone: Potentiel et Contraintes\"}]},{\"@type\":\"WebSite\",\"@id\":\"https:\/\/www.africa-press.net\/senegal\/#website\",\"url\":\"https:\/\/www.africa-press.net\/senegal\/\",\"name\":\"Africa Press | Senegal | Homepage\",\"description\":\"Just another Africa News Agency Sites site\",\"potentialAction\":[{\"@type\":\"SearchAction\",\"target\":{\"@type\":\"EntryPoint\",\"urlTemplate\":\"https:\/\/www.africa-press.net\/senegal\/?s={search_term_string}\"},\"query-input\":{\"@type\":\"PropertyValueSpecification\",\"valueRequired\":true,\"valueName\":\"search_term_string\"}}],\"inLanguage\":\"fr-FR\"},{\"@type\":\"Person\",\"@id\":\"https:\/\/www.africa-press.net\/senegal\/#\/schema\/person\/2b1cf3cd81a31e3cd26889ca66d677f1\",\"name\":\"cfeditorfr\",\"url\":\"https:\/\/www.africa-press.net\/senegal\/author\/cfeditorfr\"}]}<\/script>\n<!-- \/ Yoast SEO Premium plugin. -->","yoast_head_json":{"title":"Le March\u00e9 Africain du Carbone: Potentiel et Contraintes - Senegal","description":"Le marche\u0301 africain du carbone attire une attention croissante, car il pourrait mobiliser des financements nouveaux en f ...","robots":{"index":"index","follow":"follow","max-snippet":"max-snippet:-1","max-image-preview":"max-image-preview:large","max-video-preview":"max-video-preview:-1"},"canonical":"https:\/\/www.africa-press.net\/senegal\/dossiers\/le-marche-africain-du-carbone-potentiel-et-contraintes","og_locale":"fr_FR","og_type":"article","og_title":"Le March\u00e9 Africain du Carbone: Potentiel et Contraintes","og_description":"Le marche\u0301 africain du carbone attire une attention croissante, car il pourrait mobiliser des financements nouveaux en f ...","og_url":"https:\/\/www.africa-press.net\/senegal\/dossiers\/le-marche-africain-du-carbone-potentiel-et-contraintes","og_site_name":"Senegal","article_published_time":"2025-12-18T12:10:00+00:00","article_modified_time":"2025-12-19T03:47:54+00:00","og_image":[{"width":1280,"height":720,"url":"https:\/\/static.africa-press.net\/senegal\/sites\/13\/2025\/12\/sm_1766144845.242557.jpg","type":"image\/jpeg"}],"author":"cfeditorfr","twitter_card":"summary_large_image","twitter_misc":{"\u00c9crit par":"cfeditorfr","Dur\u00e9e de lecture estim\u00e9e":"3 minutes"},"schema":{"@context":"https:\/\/schema.org","@graph":[{"@type":"Article","@id":"https:\/\/www.africa-press.net\/senegal\/dossiers\/le-marche-africain-du-carbone-potentiel-et-contraintes#article","isPartOf":{"@id":"https:\/\/www.africa-press.net\/senegal\/dossiers\/le-marche-africain-du-carbone-potentiel-et-contraintes"},"author":{"name":"cfeditorfr","@id":"https:\/\/www.africa-press.net\/senegal\/#\/schema\/person\/2b1cf3cd81a31e3cd26889ca66d677f1"},"headline":"Le March\u00e9 Africain du Carbone: Potentiel et Contraintes","datePublished":"2025-12-18T12:10:00+00:00","dateModified":"2025-12-19T03:47:54+00:00","mainEntityOfPage":{"@id":"https:\/\/www.africa-press.net\/senegal\/dossiers\/le-marche-africain-du-carbone-potentiel-et-contraintes"},"wordCount":571,"commentCount":0,"image":{"@id":"https:\/\/www.africa-press.net\/senegal\/dossiers\/le-marche-africain-du-carbone-potentiel-et-contraintes#primaryimage"},"thumbnailUrl":"https:\/\/static.africa-press.net\/senegal\/sites\/13\/2025\/12\/sm_1766144845.242557.jpg","keywords":["Senegal"],"articleSection":["Dossiers","Toutes les actualit\u00e9s"],"inLanguage":"fr-FR","potentialAction":[{"@type":"CommentAction","name":"Comment","target":["https:\/\/www.africa-press.net\/senegal\/dossiers\/le-marche-africain-du-carbone-potentiel-et-contraintes#respond"]}]},{"@type":"WebPage","@id":"https:\/\/www.africa-press.net\/senegal\/dossiers\/le-marche-africain-du-carbone-potentiel-et-contraintes","url":"https:\/\/www.africa-press.net\/senegal\/dossiers\/le-marche-africain-du-carbone-potentiel-et-contraintes","name":"Le March\u00e9 Africain du Carbone: Potentiel et Contraintes - Senegal","isPartOf":{"@id":"https:\/\/www.africa-press.net\/senegal\/#website"},"primaryImageOfPage":{"@id":"https:\/\/www.africa-press.net\/senegal\/dossiers\/le-marche-africain-du-carbone-potentiel-et-contraintes#primaryimage"},"image":{"@id":"https:\/\/www.africa-press.net\/senegal\/dossiers\/le-marche-africain-du-carbone-potentiel-et-contraintes#primaryimage"},"thumbnailUrl":"https:\/\/static.africa-press.net\/senegal\/sites\/13\/2025\/12\/sm_1766144845.242557.jpg","datePublished":"2025-12-18T12:10:00+00:00","dateModified":"2025-12-19T03:47:54+00:00","author":{"@id":"https:\/\/www.africa-press.net\/senegal\/#\/schema\/person\/2b1cf3cd81a31e3cd26889ca66d677f1"},"description":"Le marche\u0301 africain du carbone attire une attention croissante, car il pourrait mobiliser des financements nouveaux en f ...","breadcrumb":{"@id":"https:\/\/www.africa-press.net\/senegal\/dossiers\/le-marche-africain-du-carbone-potentiel-et-contraintes#breadcrumb"},"inLanguage":"fr-FR","potentialAction":[{"@type":"ReadAction","target":["https:\/\/www.africa-press.net\/senegal\/dossiers\/le-marche-africain-du-carbone-potentiel-et-contraintes"]}]},{"@type":"ImageObject","inLanguage":"fr-FR","@id":"https:\/\/www.africa-press.net\/senegal\/dossiers\/le-marche-africain-du-carbone-potentiel-et-contraintes#primaryimage","url":"https:\/\/static.africa-press.net\/senegal\/sites\/13\/2025\/12\/sm_1766144845.242557.jpg","contentUrl":"https:\/\/static.africa-press.net\/senegal\/sites\/13\/2025\/12\/sm_1766144845.242557.jpg","width":1280,"height":720,"caption":"Le March\u00e9 Africain du Carbone: Potentiel et Contraintes"},{"@type":"BreadcrumbList","@id":"https:\/\/www.africa-press.net\/senegal\/dossiers\/le-marche-africain-du-carbone-potentiel-et-contraintes#breadcrumb","itemListElement":[{"@type":"ListItem","position":1,"name":"Accueil","item":"https:\/\/www.africa-press.net\/senegal\/"},{"@type":"ListItem","position":2,"name":"Le March\u00e9 Africain du Carbone: Potentiel et Contraintes"}]},{"@type":"WebSite","@id":"https:\/\/www.africa-press.net\/senegal\/#website","url":"https:\/\/www.africa-press.net\/senegal\/","name":"Africa Press | Senegal | Homepage","description":"Just another Africa News Agency Sites site","potentialAction":[{"@type":"SearchAction","target":{"@type":"EntryPoint","urlTemplate":"https:\/\/www.africa-press.net\/senegal\/?s={search_term_string}"},"query-input":{"@type":"PropertyValueSpecification","valueRequired":true,"valueName":"search_term_string"}}],"inLanguage":"fr-FR"},{"@type":"Person","@id":"https:\/\/www.africa-press.net\/senegal\/#\/schema\/person\/2b1cf3cd81a31e3cd26889ca66d677f1","name":"cfeditorfr","url":"https:\/\/www.africa-press.net\/senegal\/author\/cfeditorfr"}]}},"_links":{"self":[{"href":"https:\/\/www.africa-press.net\/senegal\/wp-json\/wp\/v2\/posts\/73616","targetHints":{"allow":["GET"]}}],"collection":[{"href":"https:\/\/www.africa-press.net\/senegal\/wp-json\/wp\/v2\/posts"}],"about":[{"href":"https:\/\/www.africa-press.net\/senegal\/wp-json\/wp\/v2\/types\/post"}],"author":[{"embeddable":true,"href":"https:\/\/www.africa-press.net\/senegal\/wp-json\/wp\/v2\/users\/82"}],"replies":[{"embeddable":true,"href":"https:\/\/www.africa-press.net\/senegal\/wp-json\/wp\/v2\/comments?post=73616"}],"version-history":[{"count":0,"href":"https:\/\/www.africa-press.net\/senegal\/wp-json\/wp\/v2\/posts\/73616\/revisions"}],"wp:featuredmedia":[{"embeddable":true,"href":"https:\/\/www.africa-press.net\/senegal\/wp-json\/wp\/v2\/media\/73615"}],"wp:attachment":[{"href":"https:\/\/www.africa-press.net\/senegal\/wp-json\/wp\/v2\/media?parent=73616"}],"wp:term":[{"taxonomy":"category","embeddable":true,"href":"https:\/\/www.africa-press.net\/senegal\/wp-json\/wp\/v2\/categories?post=73616"},{"taxonomy":"post_tag","embeddable":true,"href":"https:\/\/www.africa-press.net\/senegal\/wp-json\/wp\/v2\/tags?post=73616"}],"curies":[{"name":"wp","href":"https:\/\/api.w.org\/{rel}","templated":true}]}}