{"id":73619,"date":"2025-12-19T12:00:00","date_gmt":"2025-12-19T12:00:00","guid":{"rendered":"https:\/\/www.africa-press.net\/senegal\/politique\/tara-etude-sur-la-resistance-des-coraux-au-climat"},"modified":"2025-12-19T15:23:41","modified_gmt":"2025-12-19T15:23:41","slug":"tara-etude-sur-la-resistance-des-coraux-au-climat","status":"publish","type":"post","link":"https:\/\/www.africa-press.net\/senegal\/toutes-les-actualites\/tara-etude-sur-la-resistance-des-coraux-au-climat","title":{"rendered":"Tara Etude sur la R\u00e9sistance des Coraux au Climat"},"content":{"rendered":"<p><span style=\"color: #ff6600\"><strong>Africa-Press &#8211; Senegal. <\/strong><\/span>Les Bretons e\u0301taient nombreux ce dimanche 14 de\u0301cembre 2025 sur les quais du port de Lorient pour faire leurs adieux a\u0300 la goe\u0301lette Tara pour une mission de 18 mois (2026-2028) de\u0301die\u0301e a\u0300 l\u2019e\u0301tude des coraux. A dix ans de distance, la mission Tara Coral succe\u0300de ainsi a\u0300 la mission Tara Pacific (2016-2018), qui avait notamment mis en lumie\u0300re la diversite\u0301 extre\u0302mement riche des micro-organismes des re\u0301cifs coralliens \u2014 potentiellement proche de la diversite\u0301 totale des micro-organismes terrestres !<\/p>\n<p><b>Plus de 40 % des espe\u0300ces de coraux menace\u0301es d\u2019extinction<\/b><\/p>\n<p>\u00ab Les re\u0301cifs coralliens sont les oasis de l\u2019oce\u0301an, souligne Paola Furla, directrice scientifique a\u0300 l\u2019universite\u0301 Co\u0302te d\u2019Azur. S\u2019ils n\u2019occupent que 2% de leur surface, ils abritent cependant 25% de sa biodiversite\u0301, a\u0300 qui ils fournissent refuge, habitat et nourriture. Ils font ainsi vivre plus de 500 millions de personnes dans le monde, et principalement dans le Pacifique. \u00bb<\/p>\n<p>Aujourd\u2019hui, ces re\u0301cifs sont toutefois largement menace\u0301s par la multiplication des canicules marines, l\u2019acidification des oce\u0301ans, la monte\u0301e des eaux et les techniques destructrices de pe\u0302che par explosifs ou dragage. A cela s\u2019ajoute la densification des populations co\u0302tie\u0300res et de leurs installations, ou encore le de\u0301versement de pesticides et de polluants par l\u2019agriculture. Ces agressions rompent la symbiose des coraux avec leurs mini-algues, les zooxanthelles, entrai\u0302nant des e\u0301pisodes de blanchissement plus fre\u0301quents et plus intenses. Plus de 40 % des espe\u0300ces de coraux sont de\u0301sormais menace\u0301es d\u2019extinction.<\/p>\n<p><b>\u00ab Un ve\u0301ritable laboratoire expe\u0301rimental naturel \u00bb<\/b><\/p>\n<p>Dans ce contexte, il est urgent pour les scientifiques de comprendre pourquoi et comment certains coraux re\u0301sistent au re\u0301chauffement climatique. Pour cela, ils ne vont pas arpenter le monde mais le seul \u00ab Triangle de Corail \u00bb dans le Pacifique ouest, la re\u0301gion marine la plus riche en biodiversite\u0301 de la plane\u0300te, comparable a\u0300 la fore\u0302t amazonienne pour les e\u0301cosyste\u0300mes terrestres. Sur une surface de 5,7 millions de km2 \u2014 soit plus de dix fois la surface de la France mais seulement 1,5 % de la surface oce\u0301anique mondiale \u2014 elle abrite un tiers des re\u0301cifs coralliens du monde et 76 % des espe\u0300ces de coraux connus, et plus de 2 200 espe\u0300ces de poissons de re\u0301cifs ! Surtout, \u00ab c\u2019est la seule grande re\u0301gion re\u0301cifale ou\u0300 la couverture corallienne est reste\u0301e relativement stable, explique Paola Furla. Cela constitue un ve\u0301ritable laboratoire expe\u0301rimental naturel. \u00bb<\/p>\n<p>\u00ab Nous voulons comprendre le contexte re\u0301sistant, re\u0301silient de cette zone corallienne, souligne Serge Planes, chercheur a\u0300 l\u2019Ecole Pratique des Hautes Etudes. Il y a la\u0300 une diversite\u0301 exceptionnelle du nombre de coraux, avec peut-e\u0302tre des espe\u0300ces plus re\u0301sistantes, ce qui pourrait permettre a\u0300 la couverture corallienne de se maintenir. Dans la mesure ou\u0300 ce syste\u0300me se de\u0301ploie dans des eaux peu profondes, il a peut-e\u0302tre e\u0301te\u0301 de\u0301ja\u0300 confronte\u0301 a\u0300 des tempe\u0301ratures plus chaudes et a de\u0301veloppe\u0301 des me\u0301canismes d\u2019acclimatation, une se\u0301lection d\u2019individus pre\u0301-adapte\u0301s au changement climatique? \u00bb Ces me\u0301canismes reposent-ils sur des partenariats spe\u0301cifiques entre virus, algues et protozoaires? A moins que des phe\u0301nome\u0300nes physiques de remonte\u0301es d\u2019eau froide (\u00ab micro upwelling \u00bb) ne tempe\u0300rent ces eaux et les prote\u0300gent du re\u0301chauffement climatique.<\/p>\n<p>L\u2019e\u0301chantillonnage sera re\u0301alise\u0301 dans dix sites se\u0301lectionne\u0301s dans les i\u0302les Andaman, en Malaisie, Indone\u0301sie, Papouasie-Nouvelle-Guine\u0301e, et aux Philippines et Palaos.<\/p>\n<p><b>Quatre espe\u0300ces de coraux particulie\u0300rement cible\u0301es<\/b><\/p>\n<p>Cela comprend des \u00ab sites contro\u0302les \u00bb qui connaissent des blanchissements importants. Quatre espe\u0300ces seront particulie\u0300rement cible\u0301es: les acropores, les mille\u0301pores, les porites et les pocillopora. Afin de mieux appre\u0301hender leur environnement, l\u2019eau, les se\u0301diments, la biodiversite\u0301 planctonique et la pre\u0301sence de microplastiques seront pre\u0301leve\u0301s et analyse\u0301s. Des carottes de colonies coralliennes seront re\u0301alise\u0301es, tandis qu\u2019un robot e\u0301chantillonneur d\u2019ADN environnemental permettra de de\u0301crire la biodiversite\u0301 globale du re\u0301cif. La structure en 3D du re\u0301cif sera enregistre\u0301e gra\u0302ce aux techniques de photogramme\u0301trie.<\/p>\n<p>Les centres de recherches locaux seront associe\u0301s a\u0300 cette mission afin notamment de les impliquer dans la conservation de ces re\u0301cifs coralliens exceptionnels.<\/p>\n<p><strong>Pour plus d&rsquo;informations et d&rsquo;analyses sur la <span style=\"color: #ff6600\">Senegal<\/span>, suivez <span style=\"color: #ff6600\">Africa-Press<\/span><\/strong><\/p>\n","protected":false},"excerpt":{"rendered":"<p>Africa-Press &#8211; Senegal. Les Bretons e\u0301taient nombreux ce dimanche 14 de\u0301cembre 2025 sur les quais du port de Lorient pour faire leurs adieux a\u0300 la goe\u0301lette Tara pour une mission de 18 mois (2026-2028) de\u0301die\u0301e a\u0300 l\u2019e\u0301tude des coraux. A dix ans de distance, la mission Tara Coral succe\u0300de ainsi a\u0300 la mission Tara Pacific [&hellip;]<\/p>\n","protected":false},"author":82,"featured_media":73618,"comment_status":"open","ping_status":"closed","sticky":false,"template":"","format":"standard","meta":{"footnotes":""},"categories":[22,10],"tags":[44],"class_list":["post-73619","post","type-post","status-publish","format-standard","has-post-thumbnail","hentry","category-divers","category-toutes-les-actualites","tag-senegal-2"],"yoast_head":"<!-- This site is optimized with the Yoast SEO Premium plugin v26.1 (Yoast SEO v27.0) - https:\/\/yoast.com\/product\/yoast-seo-premium-wordpress\/ -->\n<title>Tara Etude sur la R\u00e9sistance des Coraux au Climat - Senegal<\/title>\n<meta name=\"description\" content=\"Les Bretons e\u0301taient nombreux ce dimanche 14 de\u0301cembre 2025 sur les quais du port de Lorient pour faire leurs adieux a\u0300 ...\" \/>\n<meta name=\"robots\" content=\"index, follow, max-snippet:-1, max-image-preview:large, max-video-preview:-1\" \/>\n<link rel=\"canonical\" href=\"https:\/\/www.africa-press.net\/senegal\/toutes-les-actualites\/tara-etude-sur-la-resistance-des-coraux-au-climat\" \/>\n<meta property=\"og:locale\" content=\"fr_FR\" \/>\n<meta property=\"og:type\" content=\"article\" \/>\n<meta property=\"og:title\" content=\"Tara Etude sur la R\u00e9sistance des Coraux au Climat\" \/>\n<meta property=\"og:description\" content=\"Les Bretons e\u0301taient nombreux ce dimanche 14 de\u0301cembre 2025 sur les quais du port de Lorient pour faire leurs adieux a\u0300 ...\" \/>\n<meta property=\"og:url\" content=\"https:\/\/www.africa-press.net\/senegal\/toutes-les-actualites\/tara-etude-sur-la-resistance-des-coraux-au-climat\" \/>\n<meta property=\"og:site_name\" content=\"Senegal\" \/>\n<meta property=\"article:published_time\" content=\"2025-12-19T12:00:00+00:00\" \/>\n<meta property=\"article:modified_time\" content=\"2025-12-19T15:23:41+00:00\" \/>\n<meta property=\"og:image\" content=\"https:\/\/static.africa-press.net\/senegal\/sites\/13\/2025\/12\/sm_1766186178.470759.jpg\" \/>\n\t<meta property=\"og:image:width\" content=\"1200\" \/>\n\t<meta property=\"og:image:height\" content=\"900\" \/>\n\t<meta property=\"og:image:type\" content=\"image\/jpeg\" \/>\n<meta name=\"author\" content=\"cfeditorfr\" \/>\n<meta name=\"twitter:card\" content=\"summary_large_image\" \/>\n<meta name=\"twitter:label1\" content=\"\u00c9crit par\" \/>\n\t<meta name=\"twitter:data1\" content=\"cfeditorfr\" \/>\n\t<meta name=\"twitter:label2\" content=\"Dur\u00e9e de lecture estim\u00e9e\" \/>\n\t<meta name=\"twitter:data2\" content=\"4 minutes\" \/>\n<script type=\"application\/ld+json\" class=\"yoast-schema-graph\">{\"@context\":\"https:\/\/schema.org\",\"@graph\":[{\"@type\":\"Article\",\"@id\":\"https:\/\/www.africa-press.net\/senegal\/toutes-les-actualites\/tara-etude-sur-la-resistance-des-coraux-au-climat#article\",\"isPartOf\":{\"@id\":\"https:\/\/www.africa-press.net\/senegal\/toutes-les-actualites\/tara-etude-sur-la-resistance-des-coraux-au-climat\"},\"author\":{\"name\":\"cfeditorfr\",\"@id\":\"https:\/\/www.africa-press.net\/senegal\/#\/schema\/person\/2b1cf3cd81a31e3cd26889ca66d677f1\"},\"headline\":\"Tara Etude sur la R\u00e9sistance des Coraux au Climat\",\"datePublished\":\"2025-12-19T12:00:00+00:00\",\"dateModified\":\"2025-12-19T15:23:41+00:00\",\"mainEntityOfPage\":{\"@id\":\"https:\/\/www.africa-press.net\/senegal\/toutes-les-actualites\/tara-etude-sur-la-resistance-des-coraux-au-climat\"},\"wordCount\":755,\"commentCount\":0,\"image\":{\"@id\":\"https:\/\/www.africa-press.net\/senegal\/toutes-les-actualites\/tara-etude-sur-la-resistance-des-coraux-au-climat#primaryimage\"},\"thumbnailUrl\":\"https:\/\/static.africa-press.net\/senegal\/sites\/13\/2025\/12\/sm_1766186178.470759.jpg\",\"keywords\":[\"Senegal\"],\"articleSection\":[\"Divers\",\"Toutes les actualit\u00e9s\"],\"inLanguage\":\"fr-FR\",\"potentialAction\":[{\"@type\":\"CommentAction\",\"name\":\"Comment\",\"target\":[\"https:\/\/www.africa-press.net\/senegal\/toutes-les-actualites\/tara-etude-sur-la-resistance-des-coraux-au-climat#respond\"]}]},{\"@type\":\"WebPage\",\"@id\":\"https:\/\/www.africa-press.net\/senegal\/toutes-les-actualites\/tara-etude-sur-la-resistance-des-coraux-au-climat\",\"url\":\"https:\/\/www.africa-press.net\/senegal\/toutes-les-actualites\/tara-etude-sur-la-resistance-des-coraux-au-climat\",\"name\":\"Tara Etude sur la R\u00e9sistance des Coraux au Climat - Senegal\",\"isPartOf\":{\"@id\":\"https:\/\/www.africa-press.net\/senegal\/#website\"},\"primaryImageOfPage\":{\"@id\":\"https:\/\/www.africa-press.net\/senegal\/toutes-les-actualites\/tara-etude-sur-la-resistance-des-coraux-au-climat#primaryimage\"},\"image\":{\"@id\":\"https:\/\/www.africa-press.net\/senegal\/toutes-les-actualites\/tara-etude-sur-la-resistance-des-coraux-au-climat#primaryimage\"},\"thumbnailUrl\":\"https:\/\/static.africa-press.net\/senegal\/sites\/13\/2025\/12\/sm_1766186178.470759.jpg\",\"datePublished\":\"2025-12-19T12:00:00+00:00\",\"dateModified\":\"2025-12-19T15:23:41+00:00\",\"author\":{\"@id\":\"https:\/\/www.africa-press.net\/senegal\/#\/schema\/person\/2b1cf3cd81a31e3cd26889ca66d677f1\"},\"description\":\"Les Bretons e\u0301taient nombreux ce dimanche 14 de\u0301cembre 2025 sur les quais du port de Lorient pour faire leurs adieux a\u0300 ...\",\"breadcrumb\":{\"@id\":\"https:\/\/www.africa-press.net\/senegal\/toutes-les-actualites\/tara-etude-sur-la-resistance-des-coraux-au-climat#breadcrumb\"},\"inLanguage\":\"fr-FR\",\"potentialAction\":[{\"@type\":\"ReadAction\",\"target\":[\"https:\/\/www.africa-press.net\/senegal\/toutes-les-actualites\/tara-etude-sur-la-resistance-des-coraux-au-climat\"]}]},{\"@type\":\"ImageObject\",\"inLanguage\":\"fr-FR\",\"@id\":\"https:\/\/www.africa-press.net\/senegal\/toutes-les-actualites\/tara-etude-sur-la-resistance-des-coraux-au-climat#primaryimage\",\"url\":\"https:\/\/static.africa-press.net\/senegal\/sites\/13\/2025\/12\/sm_1766186178.470759.jpg\",\"contentUrl\":\"https:\/\/static.africa-press.net\/senegal\/sites\/13\/2025\/12\/sm_1766186178.470759.jpg\",\"width\":1200,\"height\":900,\"caption\":\"Tara Etude sur la R\u00e9sistance des Coraux au Climat\"},{\"@type\":\"BreadcrumbList\",\"@id\":\"https:\/\/www.africa-press.net\/senegal\/toutes-les-actualites\/tara-etude-sur-la-resistance-des-coraux-au-climat#breadcrumb\",\"itemListElement\":[{\"@type\":\"ListItem\",\"position\":1,\"name\":\"Accueil\",\"item\":\"https:\/\/www.africa-press.net\/senegal\/\"},{\"@type\":\"ListItem\",\"position\":2,\"name\":\"Tara Etude sur la R\u00e9sistance des Coraux au Climat\"}]},{\"@type\":\"WebSite\",\"@id\":\"https:\/\/www.africa-press.net\/senegal\/#website\",\"url\":\"https:\/\/www.africa-press.net\/senegal\/\",\"name\":\"Africa Press | Senegal | Homepage\",\"description\":\"Just another Africa News Agency Sites site\",\"potentialAction\":[{\"@type\":\"SearchAction\",\"target\":{\"@type\":\"EntryPoint\",\"urlTemplate\":\"https:\/\/www.africa-press.net\/senegal\/?s={search_term_string}\"},\"query-input\":{\"@type\":\"PropertyValueSpecification\",\"valueRequired\":true,\"valueName\":\"search_term_string\"}}],\"inLanguage\":\"fr-FR\"},{\"@type\":\"Person\",\"@id\":\"https:\/\/www.africa-press.net\/senegal\/#\/schema\/person\/2b1cf3cd81a31e3cd26889ca66d677f1\",\"name\":\"cfeditorfr\",\"url\":\"https:\/\/www.africa-press.net\/senegal\/author\/cfeditorfr\"}]}<\/script>\n<!-- \/ Yoast SEO Premium plugin. -->","yoast_head_json":{"title":"Tara Etude sur la R\u00e9sistance des Coraux au Climat - Senegal","description":"Les Bretons e\u0301taient nombreux ce dimanche 14 de\u0301cembre 2025 sur les quais du port de Lorient pour faire leurs adieux a\u0300 ...","robots":{"index":"index","follow":"follow","max-snippet":"max-snippet:-1","max-image-preview":"max-image-preview:large","max-video-preview":"max-video-preview:-1"},"canonical":"https:\/\/www.africa-press.net\/senegal\/toutes-les-actualites\/tara-etude-sur-la-resistance-des-coraux-au-climat","og_locale":"fr_FR","og_type":"article","og_title":"Tara Etude sur la R\u00e9sistance des Coraux au Climat","og_description":"Les Bretons e\u0301taient nombreux ce dimanche 14 de\u0301cembre 2025 sur les quais du port de Lorient pour faire leurs adieux a\u0300 ...","og_url":"https:\/\/www.africa-press.net\/senegal\/toutes-les-actualites\/tara-etude-sur-la-resistance-des-coraux-au-climat","og_site_name":"Senegal","article_published_time":"2025-12-19T12:00:00+00:00","article_modified_time":"2025-12-19T15:23:41+00:00","og_image":[{"width":1200,"height":900,"url":"https:\/\/static.africa-press.net\/senegal\/sites\/13\/2025\/12\/sm_1766186178.470759.jpg","type":"image\/jpeg"}],"author":"cfeditorfr","twitter_card":"summary_large_image","twitter_misc":{"\u00c9crit par":"cfeditorfr","Dur\u00e9e de lecture estim\u00e9e":"4 minutes"},"schema":{"@context":"https:\/\/schema.org","@graph":[{"@type":"Article","@id":"https:\/\/www.africa-press.net\/senegal\/toutes-les-actualites\/tara-etude-sur-la-resistance-des-coraux-au-climat#article","isPartOf":{"@id":"https:\/\/www.africa-press.net\/senegal\/toutes-les-actualites\/tara-etude-sur-la-resistance-des-coraux-au-climat"},"author":{"name":"cfeditorfr","@id":"https:\/\/www.africa-press.net\/senegal\/#\/schema\/person\/2b1cf3cd81a31e3cd26889ca66d677f1"},"headline":"Tara Etude sur la R\u00e9sistance des Coraux au Climat","datePublished":"2025-12-19T12:00:00+00:00","dateModified":"2025-12-19T15:23:41+00:00","mainEntityOfPage":{"@id":"https:\/\/www.africa-press.net\/senegal\/toutes-les-actualites\/tara-etude-sur-la-resistance-des-coraux-au-climat"},"wordCount":755,"commentCount":0,"image":{"@id":"https:\/\/www.africa-press.net\/senegal\/toutes-les-actualites\/tara-etude-sur-la-resistance-des-coraux-au-climat#primaryimage"},"thumbnailUrl":"https:\/\/static.africa-press.net\/senegal\/sites\/13\/2025\/12\/sm_1766186178.470759.jpg","keywords":["Senegal"],"articleSection":["Divers","Toutes les actualit\u00e9s"],"inLanguage":"fr-FR","potentialAction":[{"@type":"CommentAction","name":"Comment","target":["https:\/\/www.africa-press.net\/senegal\/toutes-les-actualites\/tara-etude-sur-la-resistance-des-coraux-au-climat#respond"]}]},{"@type":"WebPage","@id":"https:\/\/www.africa-press.net\/senegal\/toutes-les-actualites\/tara-etude-sur-la-resistance-des-coraux-au-climat","url":"https:\/\/www.africa-press.net\/senegal\/toutes-les-actualites\/tara-etude-sur-la-resistance-des-coraux-au-climat","name":"Tara Etude sur la R\u00e9sistance des Coraux au Climat - Senegal","isPartOf":{"@id":"https:\/\/www.africa-press.net\/senegal\/#website"},"primaryImageOfPage":{"@id":"https:\/\/www.africa-press.net\/senegal\/toutes-les-actualites\/tara-etude-sur-la-resistance-des-coraux-au-climat#primaryimage"},"image":{"@id":"https:\/\/www.africa-press.net\/senegal\/toutes-les-actualites\/tara-etude-sur-la-resistance-des-coraux-au-climat#primaryimage"},"thumbnailUrl":"https:\/\/static.africa-press.net\/senegal\/sites\/13\/2025\/12\/sm_1766186178.470759.jpg","datePublished":"2025-12-19T12:00:00+00:00","dateModified":"2025-12-19T15:23:41+00:00","author":{"@id":"https:\/\/www.africa-press.net\/senegal\/#\/schema\/person\/2b1cf3cd81a31e3cd26889ca66d677f1"},"description":"Les Bretons e\u0301taient nombreux ce dimanche 14 de\u0301cembre 2025 sur les quais du port de Lorient pour faire leurs adieux a\u0300 ...","breadcrumb":{"@id":"https:\/\/www.africa-press.net\/senegal\/toutes-les-actualites\/tara-etude-sur-la-resistance-des-coraux-au-climat#breadcrumb"},"inLanguage":"fr-FR","potentialAction":[{"@type":"ReadAction","target":["https:\/\/www.africa-press.net\/senegal\/toutes-les-actualites\/tara-etude-sur-la-resistance-des-coraux-au-climat"]}]},{"@type":"ImageObject","inLanguage":"fr-FR","@id":"https:\/\/www.africa-press.net\/senegal\/toutes-les-actualites\/tara-etude-sur-la-resistance-des-coraux-au-climat#primaryimage","url":"https:\/\/static.africa-press.net\/senegal\/sites\/13\/2025\/12\/sm_1766186178.470759.jpg","contentUrl":"https:\/\/static.africa-press.net\/senegal\/sites\/13\/2025\/12\/sm_1766186178.470759.jpg","width":1200,"height":900,"caption":"Tara Etude sur la R\u00e9sistance des Coraux au Climat"},{"@type":"BreadcrumbList","@id":"https:\/\/www.africa-press.net\/senegal\/toutes-les-actualites\/tara-etude-sur-la-resistance-des-coraux-au-climat#breadcrumb","itemListElement":[{"@type":"ListItem","position":1,"name":"Accueil","item":"https:\/\/www.africa-press.net\/senegal\/"},{"@type":"ListItem","position":2,"name":"Tara Etude sur la R\u00e9sistance des Coraux au Climat"}]},{"@type":"WebSite","@id":"https:\/\/www.africa-press.net\/senegal\/#website","url":"https:\/\/www.africa-press.net\/senegal\/","name":"Africa Press | Senegal | Homepage","description":"Just another Africa News Agency Sites site","potentialAction":[{"@type":"SearchAction","target":{"@type":"EntryPoint","urlTemplate":"https:\/\/www.africa-press.net\/senegal\/?s={search_term_string}"},"query-input":{"@type":"PropertyValueSpecification","valueRequired":true,"valueName":"search_term_string"}}],"inLanguage":"fr-FR"},{"@type":"Person","@id":"https:\/\/www.africa-press.net\/senegal\/#\/schema\/person\/2b1cf3cd81a31e3cd26889ca66d677f1","name":"cfeditorfr","url":"https:\/\/www.africa-press.net\/senegal\/author\/cfeditorfr"}]}},"_links":{"self":[{"href":"https:\/\/www.africa-press.net\/senegal\/wp-json\/wp\/v2\/posts\/73619","targetHints":{"allow":["GET"]}}],"collection":[{"href":"https:\/\/www.africa-press.net\/senegal\/wp-json\/wp\/v2\/posts"}],"about":[{"href":"https:\/\/www.africa-press.net\/senegal\/wp-json\/wp\/v2\/types\/post"}],"author":[{"embeddable":true,"href":"https:\/\/www.africa-press.net\/senegal\/wp-json\/wp\/v2\/users\/82"}],"replies":[{"embeddable":true,"href":"https:\/\/www.africa-press.net\/senegal\/wp-json\/wp\/v2\/comments?post=73619"}],"version-history":[{"count":0,"href":"https:\/\/www.africa-press.net\/senegal\/wp-json\/wp\/v2\/posts\/73619\/revisions"}],"wp:featuredmedia":[{"embeddable":true,"href":"https:\/\/www.africa-press.net\/senegal\/wp-json\/wp\/v2\/media\/73618"}],"wp:attachment":[{"href":"https:\/\/www.africa-press.net\/senegal\/wp-json\/wp\/v2\/media?parent=73619"}],"wp:term":[{"taxonomy":"category","embeddable":true,"href":"https:\/\/www.africa-press.net\/senegal\/wp-json\/wp\/v2\/categories?post=73619"},{"taxonomy":"post_tag","embeddable":true,"href":"https:\/\/www.africa-press.net\/senegal\/wp-json\/wp\/v2\/tags?post=73619"}],"curies":[{"name":"wp","href":"https:\/\/api.w.org\/{rel}","templated":true}]}}