{"id":73622,"date":"2025-12-19T12:00:00","date_gmt":"2025-12-19T12:00:00","guid":{"rendered":"https:\/\/www.africa-press.net\/senegal\/politique\/paracetamol-grossesse-autisme-et-tdah-lien-a-explorer"},"modified":"2025-12-19T16:03:40","modified_gmt":"2025-12-19T16:03:40","slug":"paracetamol-grossesse-autisme-et-tdah-lien-a-explorer","status":"publish","type":"post","link":"https:\/\/www.africa-press.net\/senegal\/toutes-les-actualites\/paracetamol-grossesse-autisme-et-tdah-lien-a-explorer","title":{"rendered":"Parace\u0301tamol, Grossesse, Autisme et TDAH: Lien A\u0300 Explorer"},"content":{"rendered":"<p><span style=\"color: #ff6600\"><strong>Africa-Press &#8211; Senegal. <\/strong><\/span>tenez bon !\u201d, alertait Donald Trump lors d\u2019une confe\u0301rence de presse le 23 septembre 2025 au sujet de la prise de parace\u0301tamol par les femmes enceintes. La cause de sa crainte: la possibilite\u0301 que ce me\u0301dicament puisse avoir des conse\u0301quences neurologiques chez le be\u0301be\u0301, augmentant le risque d\u2019autisme ou de troubles de l\u2019attention avec ou sans hyperactivite\u0301 (TDAH). En effet, plusieurs e\u0301tudes ont mis en e\u0301vidence cette corre\u0301lation, y compris une me\u0301ta-analyse publie\u0301e en aou\u0302t 2025 dans le BMC Environmental Health. Pourtant, l\u2019OMS s\u2019ente\u0302te a\u0300 dire qu\u2019il ne s\u2019agit pas de lien ave\u0301re\u0301 de causalite\u0301.<\/p>\n<p>Alors, quelle est la re\u0301alite\u0301? Pour y voir plus clair, des chercheurs de l\u2019Universite\u0301 de Liverpool (Royaume-Uni) ont analyse\u0301 toutes les e\u0301tudes pre\u0301ce\u0301dentes sur le sujet. Leur article, publie\u0301 le 10 novembre 2025 dans la revue BMJ, met en e\u0301vidence les failles me\u0301thodologiques de la plupart d\u2019entre elles et souligne l\u2019implication d\u2019autres facteurs qui pourraient expliquer ce risque accru.<\/p>\n<p><b>Un niveau de preuve tre\u0300s bas pour les e\u0301tudes sur le sujet<\/b><\/p>\n<p>Les scientifiques ont identifie\u0301 neuf revues syste\u0301matiques (articles qui synthe\u0301tisent et e\u0301valuent toutes les connaissances sur un seul et me\u0302me sujet), base\u0301es sur une quarantaine d\u2019e\u0301tudes publie\u0301es ces dix dernie\u0300res anne\u0301es. La plupart montraient une association entre la prise de parace\u0301tamol par la femme enceinte et le risque de troubles du spectre de l\u2019autisme ou de troubles de l\u2019attention. Mais sept d\u2019entre elles pre\u0301venaient qu\u2019il n\u2019e\u0301tait pas possible de conclure a\u0300 un quelconque lien de causalite\u0301.<\/p>\n<p>Les chercheurs ont ensuite e\u0301value\u0301 ces revues sur leur me\u0301thodologie (ainsi que celle des e\u0301tudes primaires incluses), pour de\u0301terminer si le niveau de preuve est e\u0301leve\u0301. Ce qui n\u2019e\u0301tait pas le cas, notamment car la plupart des revues ne prenaient pas en compte le risque de biais des e\u0301tudes primaires, et qu\u2019elles se basaient tous principalement sur les me\u0302mes e\u0301tudes primaires. Ils concluent donc que le niveau de preuve est tre\u0300s bas pour sept des revues, et bas pour les deux autres.<\/p>\n<p><b>Pas de lien de causalite\u0301 ave\u0301re\u0301<\/b><\/p>\n<p>Une deuxie\u0300me observation qui e\u0301merge de cette analyse est que seule une de ces revues inclut des e\u0301tudes prenant en compte des facteurs familiaux pouvant biaiser les re\u0301sultats. Les e\u0301tudes en question ne se contentaient pas de mesurer le risque de de\u0301velopper l\u2019autisme ou le TDAH apre\u0300s une prise de parace\u0301tamol par la me\u0300re durant la grossesse. Ils comparaient aussi le risque au sein d\u2019une me\u0302me fratrie ou\u0300 seul un enfant e\u0301tait concerne\u0301 par cette prise me\u0301dicamenteuse. Cette analyse supple\u0301mentaire permet de voir si le risque accru est vraiment cause\u0301 par le me\u0301dicament (si seulement l\u2019enfant concerne\u0301 de\u0301veloppe le trouble, mais pas ses fre\u0300res et s\u0153urs), ou si ce risque est pluto\u0302t du\u0302 a\u0300 des facteurs familiaux (si me\u0302me des enfants non concerne\u0301s de\u0301veloppent le trouble).<\/p>\n<p>Re\u0301sultat de ces e\u0301tudes: le risque accru disparait lorsqu\u2019on prend en compte ces facteurs confondants, c\u2019est-a\u0300-dire qu\u2019il est tre\u0300s probable que la cause du trouble ne soit pas le parace\u0301tamol, mais un autre facteur partage\u0301 par toute la fratrie (qui pourrait e\u0302tre une pre\u0301disposition ge\u0301ne\u0301tique ou a\u0300 une exposition a\u0300 des toxines, etc.). \u201cL\u2019autisme et le TDAH de\u0301pendent fortement de facteurs familiaux, il est donc important de prendre en compte ces facteurs dans les e\u0301tudes\u201d, concluent les auteurs.<\/p>\n<p><b>Le parace\u0301tamol reste la meilleure option pour traiter une fie\u0300vre chez les femmes enceintes<\/b><\/p>\n<p>Me\u0302me si actuellement il n\u2019y a pas de lien de causalite\u0301 ave\u0301re\u0301 entre la prise de parace\u0301tamol pendant la grossesse et les risques pour la sante\u0301 de l\u2019enfant, on ne peut pas non plus exclure comple\u0300tement cette possibilite\u0301. Cependant, le risque d\u2019une fie\u0300vre forte pendant la grossesse est quant a\u0300 lui bien connu et doit e\u0302tre traite\u0301. C\u2019est pourquoi l\u2019Agence nationale de se\u0301curite\u0301 du me\u0301dicament et des produits de sante\u0301 (ANSM) rappelle que ce me\u0301dicament peut e\u0302tre utilise\u0301 par les femmes enceintes, mais seulement \u00ab a\u0300 la dose efficace la plus faible, pendant la dure\u0301e la plus courte possible et a\u0300 la fre\u0301quence la plus re\u0301duite possible. \u00bb En revanche, il faut absolument e\u0301viter les anti-inflammatoires non ste\u0301roi\u0308diens (ibuprofe\u0300ne, aspirine&#8230;), car ils peuvent augmenter le risque de malformation et de fausse-couche, entre autres.<\/p>\n<p><strong>Pour plus d&rsquo;informations et d&rsquo;analyses sur la <span style=\"color: #ff6600\">Senegal<\/span>, suivez <span style=\"color: #ff6600\">Africa-Press<\/span><\/strong><\/p>\n","protected":false},"excerpt":{"rendered":"<p>Africa-Press &#8211; Senegal. tenez bon !\u201d, alertait Donald Trump lors d\u2019une confe\u0301rence de presse le 23 septembre 2025 au sujet de la prise de parace\u0301tamol par les femmes enceintes. La cause de sa crainte: la possibilite\u0301 que ce me\u0301dicament puisse avoir des conse\u0301quences neurologiques chez le be\u0301be\u0301, augmentant le risque d\u2019autisme ou de troubles de [&hellip;]<\/p>\n","protected":false},"author":82,"featured_media":73621,"comment_status":"open","ping_status":"closed","sticky":false,"template":"","format":"standard","meta":{"footnotes":""},"categories":[22,10],"tags":[44],"class_list":["post-73622","post","type-post","status-publish","format-standard","has-post-thumbnail","hentry","category-divers","category-toutes-les-actualites","tag-senegal-2"],"yoast_head":"<!-- This site is optimized with the Yoast SEO Premium plugin v26.1 (Yoast SEO v27.0) - https:\/\/yoast.com\/product\/yoast-seo-premium-wordpress\/ -->\n<title>Parace\u0301tamol, Grossesse, Autisme et TDAH: Lien A\u0300 Explorer - Senegal<\/title>\n<meta name=\"description\" content=\"tenez bon !\u201d, alertait Donald Trump lors d\u2019une confe\u0301rence de presse le 23 septembre 2025 au sujet de la prise de parace ...\" \/>\n<meta name=\"robots\" content=\"index, follow, max-snippet:-1, max-image-preview:large, max-video-preview:-1\" \/>\n<link rel=\"canonical\" href=\"https:\/\/www.africa-press.net\/senegal\/toutes-les-actualites\/paracetamol-grossesse-autisme-et-tdah-lien-a-explorer\" \/>\n<meta property=\"og:locale\" content=\"fr_FR\" \/>\n<meta property=\"og:type\" content=\"article\" \/>\n<meta property=\"og:title\" content=\"Parace\u0301tamol, Grossesse, Autisme et TDAH: Lien A\u0300 Explorer\" \/>\n<meta property=\"og:description\" content=\"tenez bon !\u201d, alertait Donald Trump lors d\u2019une confe\u0301rence de presse le 23 septembre 2025 au sujet de la prise de parace ...\" \/>\n<meta property=\"og:url\" content=\"https:\/\/www.africa-press.net\/senegal\/toutes-les-actualites\/paracetamol-grossesse-autisme-et-tdah-lien-a-explorer\" \/>\n<meta property=\"og:site_name\" content=\"Senegal\" \/>\n<meta property=\"article:published_time\" content=\"2025-12-19T12:00:00+00:00\" \/>\n<meta property=\"article:modified_time\" content=\"2025-12-19T16:03:40+00:00\" \/>\n<meta property=\"og:image\" content=\"https:\/\/static.africa-press.net\/senegal\/sites\/13\/2025\/12\/sm_1766188878.73674.jpg\" \/>\n\t<meta property=\"og:image:width\" content=\"1200\" \/>\n\t<meta property=\"og:image:height\" content=\"899\" \/>\n\t<meta property=\"og:image:type\" content=\"image\/jpeg\" \/>\n<meta name=\"author\" content=\"cfeditorfr\" \/>\n<meta name=\"twitter:card\" content=\"summary_large_image\" \/>\n<meta name=\"twitter:label1\" content=\"\u00c9crit par\" \/>\n\t<meta name=\"twitter:data1\" content=\"cfeditorfr\" \/>\n\t<meta name=\"twitter:label2\" content=\"Dur\u00e9e de lecture estim\u00e9e\" \/>\n\t<meta name=\"twitter:data2\" content=\"4 minutes\" \/>\n<script type=\"application\/ld+json\" class=\"yoast-schema-graph\">{\"@context\":\"https:\/\/schema.org\",\"@graph\":[{\"@type\":\"Article\",\"@id\":\"https:\/\/www.africa-press.net\/senegal\/toutes-les-actualites\/paracetamol-grossesse-autisme-et-tdah-lien-a-explorer#article\",\"isPartOf\":{\"@id\":\"https:\/\/www.africa-press.net\/senegal\/toutes-les-actualites\/paracetamol-grossesse-autisme-et-tdah-lien-a-explorer\"},\"author\":{\"name\":\"cfeditorfr\",\"@id\":\"https:\/\/www.africa-press.net\/senegal\/#\/schema\/person\/2b1cf3cd81a31e3cd26889ca66d677f1\"},\"headline\":\"Parace\u0301tamol, Grossesse, Autisme et TDAH: Lien A\u0300 Explorer\",\"datePublished\":\"2025-12-19T12:00:00+00:00\",\"dateModified\":\"2025-12-19T16:03:40+00:00\",\"mainEntityOfPage\":{\"@id\":\"https:\/\/www.africa-press.net\/senegal\/toutes-les-actualites\/paracetamol-grossesse-autisme-et-tdah-lien-a-explorer\"},\"wordCount\":823,\"commentCount\":0,\"image\":{\"@id\":\"https:\/\/www.africa-press.net\/senegal\/toutes-les-actualites\/paracetamol-grossesse-autisme-et-tdah-lien-a-explorer#primaryimage\"},\"thumbnailUrl\":\"https:\/\/static.africa-press.net\/senegal\/sites\/13\/2025\/12\/sm_1766188878.73674.jpg\",\"keywords\":[\"Senegal\"],\"articleSection\":[\"Divers\",\"Toutes les actualit\u00e9s\"],\"inLanguage\":\"fr-FR\",\"potentialAction\":[{\"@type\":\"CommentAction\",\"name\":\"Comment\",\"target\":[\"https:\/\/www.africa-press.net\/senegal\/toutes-les-actualites\/paracetamol-grossesse-autisme-et-tdah-lien-a-explorer#respond\"]}]},{\"@type\":\"WebPage\",\"@id\":\"https:\/\/www.africa-press.net\/senegal\/toutes-les-actualites\/paracetamol-grossesse-autisme-et-tdah-lien-a-explorer\",\"url\":\"https:\/\/www.africa-press.net\/senegal\/toutes-les-actualites\/paracetamol-grossesse-autisme-et-tdah-lien-a-explorer\",\"name\":\"Parace\u0301tamol, Grossesse, Autisme et TDAH: Lien A\u0300 Explorer - Senegal\",\"isPartOf\":{\"@id\":\"https:\/\/www.africa-press.net\/senegal\/#website\"},\"primaryImageOfPage\":{\"@id\":\"https:\/\/www.africa-press.net\/senegal\/toutes-les-actualites\/paracetamol-grossesse-autisme-et-tdah-lien-a-explorer#primaryimage\"},\"image\":{\"@id\":\"https:\/\/www.africa-press.net\/senegal\/toutes-les-actualites\/paracetamol-grossesse-autisme-et-tdah-lien-a-explorer#primaryimage\"},\"thumbnailUrl\":\"https:\/\/static.africa-press.net\/senegal\/sites\/13\/2025\/12\/sm_1766188878.73674.jpg\",\"datePublished\":\"2025-12-19T12:00:00+00:00\",\"dateModified\":\"2025-12-19T16:03:40+00:00\",\"author\":{\"@id\":\"https:\/\/www.africa-press.net\/senegal\/#\/schema\/person\/2b1cf3cd81a31e3cd26889ca66d677f1\"},\"description\":\"tenez bon !\u201d, alertait Donald Trump lors d\u2019une confe\u0301rence de presse le 23 septembre 2025 au sujet de la prise de parace ...\",\"breadcrumb\":{\"@id\":\"https:\/\/www.africa-press.net\/senegal\/toutes-les-actualites\/paracetamol-grossesse-autisme-et-tdah-lien-a-explorer#breadcrumb\"},\"inLanguage\":\"fr-FR\",\"potentialAction\":[{\"@type\":\"ReadAction\",\"target\":[\"https:\/\/www.africa-press.net\/senegal\/toutes-les-actualites\/paracetamol-grossesse-autisme-et-tdah-lien-a-explorer\"]}]},{\"@type\":\"ImageObject\",\"inLanguage\":\"fr-FR\",\"@id\":\"https:\/\/www.africa-press.net\/senegal\/toutes-les-actualites\/paracetamol-grossesse-autisme-et-tdah-lien-a-explorer#primaryimage\",\"url\":\"https:\/\/static.africa-press.net\/senegal\/sites\/13\/2025\/12\/sm_1766188878.73674.jpg\",\"contentUrl\":\"https:\/\/static.africa-press.net\/senegal\/sites\/13\/2025\/12\/sm_1766188878.73674.jpg\",\"width\":1200,\"height\":899,\"caption\":\"Parace\u0301tamol, Grossesse, Autisme et TDAH: Lien A\u0300 Explorer\"},{\"@type\":\"BreadcrumbList\",\"@id\":\"https:\/\/www.africa-press.net\/senegal\/toutes-les-actualites\/paracetamol-grossesse-autisme-et-tdah-lien-a-explorer#breadcrumb\",\"itemListElement\":[{\"@type\":\"ListItem\",\"position\":1,\"name\":\"Accueil\",\"item\":\"https:\/\/www.africa-press.net\/senegal\/\"},{\"@type\":\"ListItem\",\"position\":2,\"name\":\"Parace\u0301tamol, Grossesse, Autisme et TDAH: Lien A\u0300 Explorer\"}]},{\"@type\":\"WebSite\",\"@id\":\"https:\/\/www.africa-press.net\/senegal\/#website\",\"url\":\"https:\/\/www.africa-press.net\/senegal\/\",\"name\":\"Africa Press | Senegal | Homepage\",\"description\":\"Just another Africa News Agency Sites site\",\"potentialAction\":[{\"@type\":\"SearchAction\",\"target\":{\"@type\":\"EntryPoint\",\"urlTemplate\":\"https:\/\/www.africa-press.net\/senegal\/?s={search_term_string}\"},\"query-input\":{\"@type\":\"PropertyValueSpecification\",\"valueRequired\":true,\"valueName\":\"search_term_string\"}}],\"inLanguage\":\"fr-FR\"},{\"@type\":\"Person\",\"@id\":\"https:\/\/www.africa-press.net\/senegal\/#\/schema\/person\/2b1cf3cd81a31e3cd26889ca66d677f1\",\"name\":\"cfeditorfr\",\"url\":\"https:\/\/www.africa-press.net\/senegal\/author\/cfeditorfr\"}]}<\/script>\n<!-- \/ Yoast SEO Premium plugin. -->","yoast_head_json":{"title":"Parace\u0301tamol, Grossesse, Autisme et TDAH: Lien A\u0300 Explorer - Senegal","description":"tenez bon !\u201d, alertait Donald Trump lors d\u2019une confe\u0301rence de presse le 23 septembre 2025 au sujet de la prise de parace ...","robots":{"index":"index","follow":"follow","max-snippet":"max-snippet:-1","max-image-preview":"max-image-preview:large","max-video-preview":"max-video-preview:-1"},"canonical":"https:\/\/www.africa-press.net\/senegal\/toutes-les-actualites\/paracetamol-grossesse-autisme-et-tdah-lien-a-explorer","og_locale":"fr_FR","og_type":"article","og_title":"Parace\u0301tamol, Grossesse, Autisme et TDAH: Lien A\u0300 Explorer","og_description":"tenez bon !\u201d, alertait Donald Trump lors d\u2019une confe\u0301rence de presse le 23 septembre 2025 au sujet de la prise de parace ...","og_url":"https:\/\/www.africa-press.net\/senegal\/toutes-les-actualites\/paracetamol-grossesse-autisme-et-tdah-lien-a-explorer","og_site_name":"Senegal","article_published_time":"2025-12-19T12:00:00+00:00","article_modified_time":"2025-12-19T16:03:40+00:00","og_image":[{"width":1200,"height":899,"url":"https:\/\/static.africa-press.net\/senegal\/sites\/13\/2025\/12\/sm_1766188878.73674.jpg","type":"image\/jpeg"}],"author":"cfeditorfr","twitter_card":"summary_large_image","twitter_misc":{"\u00c9crit par":"cfeditorfr","Dur\u00e9e de lecture estim\u00e9e":"4 minutes"},"schema":{"@context":"https:\/\/schema.org","@graph":[{"@type":"Article","@id":"https:\/\/www.africa-press.net\/senegal\/toutes-les-actualites\/paracetamol-grossesse-autisme-et-tdah-lien-a-explorer#article","isPartOf":{"@id":"https:\/\/www.africa-press.net\/senegal\/toutes-les-actualites\/paracetamol-grossesse-autisme-et-tdah-lien-a-explorer"},"author":{"name":"cfeditorfr","@id":"https:\/\/www.africa-press.net\/senegal\/#\/schema\/person\/2b1cf3cd81a31e3cd26889ca66d677f1"},"headline":"Parace\u0301tamol, Grossesse, Autisme et TDAH: Lien A\u0300 Explorer","datePublished":"2025-12-19T12:00:00+00:00","dateModified":"2025-12-19T16:03:40+00:00","mainEntityOfPage":{"@id":"https:\/\/www.africa-press.net\/senegal\/toutes-les-actualites\/paracetamol-grossesse-autisme-et-tdah-lien-a-explorer"},"wordCount":823,"commentCount":0,"image":{"@id":"https:\/\/www.africa-press.net\/senegal\/toutes-les-actualites\/paracetamol-grossesse-autisme-et-tdah-lien-a-explorer#primaryimage"},"thumbnailUrl":"https:\/\/static.africa-press.net\/senegal\/sites\/13\/2025\/12\/sm_1766188878.73674.jpg","keywords":["Senegal"],"articleSection":["Divers","Toutes les actualit\u00e9s"],"inLanguage":"fr-FR","potentialAction":[{"@type":"CommentAction","name":"Comment","target":["https:\/\/www.africa-press.net\/senegal\/toutes-les-actualites\/paracetamol-grossesse-autisme-et-tdah-lien-a-explorer#respond"]}]},{"@type":"WebPage","@id":"https:\/\/www.africa-press.net\/senegal\/toutes-les-actualites\/paracetamol-grossesse-autisme-et-tdah-lien-a-explorer","url":"https:\/\/www.africa-press.net\/senegal\/toutes-les-actualites\/paracetamol-grossesse-autisme-et-tdah-lien-a-explorer","name":"Parace\u0301tamol, Grossesse, Autisme et TDAH: Lien A\u0300 Explorer - Senegal","isPartOf":{"@id":"https:\/\/www.africa-press.net\/senegal\/#website"},"primaryImageOfPage":{"@id":"https:\/\/www.africa-press.net\/senegal\/toutes-les-actualites\/paracetamol-grossesse-autisme-et-tdah-lien-a-explorer#primaryimage"},"image":{"@id":"https:\/\/www.africa-press.net\/senegal\/toutes-les-actualites\/paracetamol-grossesse-autisme-et-tdah-lien-a-explorer#primaryimage"},"thumbnailUrl":"https:\/\/static.africa-press.net\/senegal\/sites\/13\/2025\/12\/sm_1766188878.73674.jpg","datePublished":"2025-12-19T12:00:00+00:00","dateModified":"2025-12-19T16:03:40+00:00","author":{"@id":"https:\/\/www.africa-press.net\/senegal\/#\/schema\/person\/2b1cf3cd81a31e3cd26889ca66d677f1"},"description":"tenez bon !\u201d, alertait Donald Trump lors d\u2019une confe\u0301rence de presse le 23 septembre 2025 au sujet de la prise de parace ...","breadcrumb":{"@id":"https:\/\/www.africa-press.net\/senegal\/toutes-les-actualites\/paracetamol-grossesse-autisme-et-tdah-lien-a-explorer#breadcrumb"},"inLanguage":"fr-FR","potentialAction":[{"@type":"ReadAction","target":["https:\/\/www.africa-press.net\/senegal\/toutes-les-actualites\/paracetamol-grossesse-autisme-et-tdah-lien-a-explorer"]}]},{"@type":"ImageObject","inLanguage":"fr-FR","@id":"https:\/\/www.africa-press.net\/senegal\/toutes-les-actualites\/paracetamol-grossesse-autisme-et-tdah-lien-a-explorer#primaryimage","url":"https:\/\/static.africa-press.net\/senegal\/sites\/13\/2025\/12\/sm_1766188878.73674.jpg","contentUrl":"https:\/\/static.africa-press.net\/senegal\/sites\/13\/2025\/12\/sm_1766188878.73674.jpg","width":1200,"height":899,"caption":"Parace\u0301tamol, Grossesse, Autisme et TDAH: Lien A\u0300 Explorer"},{"@type":"BreadcrumbList","@id":"https:\/\/www.africa-press.net\/senegal\/toutes-les-actualites\/paracetamol-grossesse-autisme-et-tdah-lien-a-explorer#breadcrumb","itemListElement":[{"@type":"ListItem","position":1,"name":"Accueil","item":"https:\/\/www.africa-press.net\/senegal\/"},{"@type":"ListItem","position":2,"name":"Parace\u0301tamol, Grossesse, Autisme et TDAH: Lien A\u0300 Explorer"}]},{"@type":"WebSite","@id":"https:\/\/www.africa-press.net\/senegal\/#website","url":"https:\/\/www.africa-press.net\/senegal\/","name":"Africa Press | Senegal | Homepage","description":"Just another Africa News Agency Sites site","potentialAction":[{"@type":"SearchAction","target":{"@type":"EntryPoint","urlTemplate":"https:\/\/www.africa-press.net\/senegal\/?s={search_term_string}"},"query-input":{"@type":"PropertyValueSpecification","valueRequired":true,"valueName":"search_term_string"}}],"inLanguage":"fr-FR"},{"@type":"Person","@id":"https:\/\/www.africa-press.net\/senegal\/#\/schema\/person\/2b1cf3cd81a31e3cd26889ca66d677f1","name":"cfeditorfr","url":"https:\/\/www.africa-press.net\/senegal\/author\/cfeditorfr"}]}},"_links":{"self":[{"href":"https:\/\/www.africa-press.net\/senegal\/wp-json\/wp\/v2\/posts\/73622","targetHints":{"allow":["GET"]}}],"collection":[{"href":"https:\/\/www.africa-press.net\/senegal\/wp-json\/wp\/v2\/posts"}],"about":[{"href":"https:\/\/www.africa-press.net\/senegal\/wp-json\/wp\/v2\/types\/post"}],"author":[{"embeddable":true,"href":"https:\/\/www.africa-press.net\/senegal\/wp-json\/wp\/v2\/users\/82"}],"replies":[{"embeddable":true,"href":"https:\/\/www.africa-press.net\/senegal\/wp-json\/wp\/v2\/comments?post=73622"}],"version-history":[{"count":0,"href":"https:\/\/www.africa-press.net\/senegal\/wp-json\/wp\/v2\/posts\/73622\/revisions"}],"wp:featuredmedia":[{"embeddable":true,"href":"https:\/\/www.africa-press.net\/senegal\/wp-json\/wp\/v2\/media\/73621"}],"wp:attachment":[{"href":"https:\/\/www.africa-press.net\/senegal\/wp-json\/wp\/v2\/media?parent=73622"}],"wp:term":[{"taxonomy":"category","embeddable":true,"href":"https:\/\/www.africa-press.net\/senegal\/wp-json\/wp\/v2\/categories?post=73622"},{"taxonomy":"post_tag","embeddable":true,"href":"https:\/\/www.africa-press.net\/senegal\/wp-json\/wp\/v2\/tags?post=73622"}],"curies":[{"name":"wp","href":"https:\/\/api.w.org\/{rel}","templated":true}]}}