{"id":73628,"date":"2025-12-19T14:00:00","date_gmt":"2025-12-19T14:00:00","guid":{"rendered":"https:\/\/www.africa-press.net\/senegal\/politique\/declaration-dun-conseiller-a-dakar-suscite-controverse"},"modified":"2025-12-21T02:13:50","modified_gmt":"2025-12-21T02:13:50","slug":"declaration-dun-conseiller-a-dakar-suscite-controverse","status":"publish","type":"post","link":"https:\/\/www.africa-press.net\/senegal\/politique\/declaration-dun-conseiller-a-dakar-suscite-controverse","title":{"rendered":"D\u00e9claration D&rsquo;Un Conseiller \u00e0 Dakar Suscite Controverse"},"content":{"rendered":"<p><span style=\"color: #ff6600\"><strong>Africa-Press &#8211; Senegal. <\/strong><\/span>Le budget 2026 de la mairie de Dakar est fixe\u0301 a\u0300 88 milliards de francs CFA. Adopte\u0301 a\u0300 l\u2019unanimite\u0301, il sera consacre\u0301 a\u0300 57,14% aux de\u0301penses d\u2019investissement, pre\u0301cise Les E\u0301chos, qui donne l\u2019information.<\/p>\n<p>Le journal renseigne que tous les conseillers qui ont pris la parole lors du vote ont fe\u0301licite\u0301 le maire, Abass Fall, insistant sur \u00abson esprit d\u2019ouverture et le sens des responsabilite\u0301s dont il fait preuve depuis son arrive\u0301e a\u0300 la te\u0302te de la ville de Dakar\u00bb.<\/p>\n<p>Conseiller de l\u2019opposition, Ibrahima Fall n&rsquo;a pas fait exception. Mais dans son intervention, il a e\u0301gratigne\u0301 sans le nommer Barthe\u0301le\u0301my Dias, le pre\u0301de\u0301cesseur de Abass Fall. \u00abVous avez propose\u0301 d\u2019ame\u0301liorer les recettes et de rationaliser les de\u0301penses, a lance\u0301 le conseiller municipal dans des propos rapporte\u0301s par Les E\u0301chos. Par le passe\u0301, il s\u2019agissait surtout de budgets de prestige, marque\u0301s par des voyages et des de\u0301penses excessives en communication. Nous vous fe\u0301licitons pour ce changement de cap. Vous e\u0302tes sur le terrain et vous faites vibrer la ville.\u00bb<\/p>\n<p>E\u0301carte\u0301 de la te\u0302te de la Ville, a\u0300 cause de la confirmation de sa condamnation dans l\u2019affaire Ndiaga Diouf, Dias e\u0301tait en effet la cible de critiques pointant notamment ses voyages suppose\u0301s cou\u0302teux et inopportuns.<\/p>\n<p><strong>Pour plus d&rsquo;informations et d&rsquo;analyses sur la <span style=\"color: #ff6600\">Senegal<\/span>, suivez <span style=\"color: #ff6600\">Africa-Press<\/span><\/strong><\/p>\n","protected":false},"excerpt":{"rendered":"<p>Africa-Press &#8211; Senegal. Le budget 2026 de la mairie de Dakar est fixe\u0301 a\u0300 88 milliards de francs CFA. Adopte\u0301 a\u0300 l\u2019unanimite\u0301, il sera consacre\u0301 a\u0300 57,14% aux de\u0301penses d\u2019investissement, pre\u0301cise Les E\u0301chos, qui donne l\u2019information. Le journal renseigne que tous les conseillers qui ont pris la parole lors du vote ont fe\u0301licite\u0301 le maire, [&hellip;]<\/p>\n","protected":false},"author":82,"featured_media":73627,"comment_status":"open","ping_status":"closed","sticky":false,"template":"","format":"standard","meta":{"footnotes":""},"categories":[2,20,10],"tags":[44],"class_list":["post-73628","post","type-post","status-publish","format-standard","has-post-thumbnail","hentry","category-politique","category-top-nouvelles","category-toutes-les-actualites","tag-senegal-2"],"yoast_head":"<!-- This site is optimized with the Yoast SEO Premium plugin v26.1 (Yoast SEO v27.0) - https:\/\/yoast.com\/product\/yoast-seo-premium-wordpress\/ -->\n<title>D\u00e9claration D&#039;Un Conseiller \u00e0 Dakar Suscite Controverse - Senegal<\/title>\n<meta name=\"description\" content=\"Le budget 2026 de la mairie de Dakar est fixe\u0301 a\u0300 88 milliards de francs CFA. Adopte\u0301 a\u0300 l\u2019unanimite\u0301, il sera consacre\u0301 ...\" \/>\n<meta name=\"robots\" content=\"index, follow, max-snippet:-1, max-image-preview:large, max-video-preview:-1\" \/>\n<link rel=\"canonical\" href=\"https:\/\/www.africa-press.net\/senegal\/politique\/declaration-dun-conseiller-a-dakar-suscite-controverse\" \/>\n<meta property=\"og:locale\" content=\"fr_FR\" \/>\n<meta property=\"og:type\" content=\"article\" \/>\n<meta property=\"og:title\" content=\"D\u00e9claration D&#039;Un Conseiller \u00e0 Dakar Suscite Controverse\" \/>\n<meta property=\"og:description\" content=\"Le budget 2026 de la mairie de Dakar est fixe\u0301 a\u0300 88 milliards de francs CFA. Adopte\u0301 a\u0300 l\u2019unanimite\u0301, il sera consacre\u0301 ...\" \/>\n<meta property=\"og:url\" content=\"https:\/\/www.africa-press.net\/senegal\/politique\/declaration-dun-conseiller-a-dakar-suscite-controverse\" \/>\n<meta property=\"og:site_name\" content=\"Senegal\" \/>\n<meta property=\"article:published_time\" content=\"2025-12-19T14:00:00+00:00\" \/>\n<meta property=\"article:modified_time\" content=\"2025-12-21T02:13:50+00:00\" \/>\n<meta property=\"og:image\" content=\"https:\/\/static.africa-press.net\/senegal\/sites\/13\/2025\/12\/sm_1766195986.803128.jpg\" \/>\n\t<meta property=\"og:image:width\" content=\"1280\" \/>\n\t<meta property=\"og:image:height\" content=\"720\" \/>\n\t<meta property=\"og:image:type\" content=\"image\/jpeg\" \/>\n<meta name=\"author\" content=\"cfeditorfr\" \/>\n<meta name=\"twitter:card\" content=\"summary_large_image\" \/>\n<meta name=\"twitter:label1\" content=\"\u00c9crit par\" \/>\n\t<meta name=\"twitter:data1\" content=\"cfeditorfr\" \/>\n\t<meta name=\"twitter:label2\" content=\"Dur\u00e9e de lecture estim\u00e9e\" \/>\n\t<meta name=\"twitter:data2\" content=\"2 minutes\" \/>\n<script type=\"application\/ld+json\" class=\"yoast-schema-graph\">{\"@context\":\"https:\/\/schema.org\",\"@graph\":[{\"@type\":\"Article\",\"@id\":\"https:\/\/www.africa-press.net\/senegal\/politique\/declaration-dun-conseiller-a-dakar-suscite-controverse#article\",\"isPartOf\":{\"@id\":\"https:\/\/www.africa-press.net\/senegal\/politique\/declaration-dun-conseiller-a-dakar-suscite-controverse\"},\"author\":{\"name\":\"cfeditorfr\",\"@id\":\"https:\/\/www.africa-press.net\/senegal\/#\/schema\/person\/2b1cf3cd81a31e3cd26889ca66d677f1\"},\"headline\":\"D\u00e9claration D&rsquo;Un Conseiller \u00e0 Dakar Suscite Controverse\",\"datePublished\":\"2025-12-19T14:00:00+00:00\",\"dateModified\":\"2025-12-21T02:13:50+00:00\",\"mainEntityOfPage\":{\"@id\":\"https:\/\/www.africa-press.net\/senegal\/politique\/declaration-dun-conseiller-a-dakar-suscite-controverse\"},\"wordCount\":256,\"commentCount\":0,\"image\":{\"@id\":\"https:\/\/www.africa-press.net\/senegal\/politique\/declaration-dun-conseiller-a-dakar-suscite-controverse#primaryimage\"},\"thumbnailUrl\":\"https:\/\/static.africa-press.net\/senegal\/sites\/13\/2025\/12\/sm_1766195986.803128.jpg\",\"keywords\":[\"Senegal\"],\"articleSection\":[\"Politique\",\"Top Nouvelles\",\"Toutes les actualit\u00e9s\"],\"inLanguage\":\"fr-FR\",\"potentialAction\":[{\"@type\":\"CommentAction\",\"name\":\"Comment\",\"target\":[\"https:\/\/www.africa-press.net\/senegal\/politique\/declaration-dun-conseiller-a-dakar-suscite-controverse#respond\"]}]},{\"@type\":\"WebPage\",\"@id\":\"https:\/\/www.africa-press.net\/senegal\/politique\/declaration-dun-conseiller-a-dakar-suscite-controverse\",\"url\":\"https:\/\/www.africa-press.net\/senegal\/politique\/declaration-dun-conseiller-a-dakar-suscite-controverse\",\"name\":\"D\u00e9claration D'Un Conseiller \u00e0 Dakar Suscite Controverse - Senegal\",\"isPartOf\":{\"@id\":\"https:\/\/www.africa-press.net\/senegal\/#website\"},\"primaryImageOfPage\":{\"@id\":\"https:\/\/www.africa-press.net\/senegal\/politique\/declaration-dun-conseiller-a-dakar-suscite-controverse#primaryimage\"},\"image\":{\"@id\":\"https:\/\/www.africa-press.net\/senegal\/politique\/declaration-dun-conseiller-a-dakar-suscite-controverse#primaryimage\"},\"thumbnailUrl\":\"https:\/\/static.africa-press.net\/senegal\/sites\/13\/2025\/12\/sm_1766195986.803128.jpg\",\"datePublished\":\"2025-12-19T14:00:00+00:00\",\"dateModified\":\"2025-12-21T02:13:50+00:00\",\"author\":{\"@id\":\"https:\/\/www.africa-press.net\/senegal\/#\/schema\/person\/2b1cf3cd81a31e3cd26889ca66d677f1\"},\"description\":\"Le budget 2026 de la mairie de Dakar est fixe\u0301 a\u0300 88 milliards de francs CFA. Adopte\u0301 a\u0300 l\u2019unanimite\u0301, il sera consacre\u0301 ...\",\"breadcrumb\":{\"@id\":\"https:\/\/www.africa-press.net\/senegal\/politique\/declaration-dun-conseiller-a-dakar-suscite-controverse#breadcrumb\"},\"inLanguage\":\"fr-FR\",\"potentialAction\":[{\"@type\":\"ReadAction\",\"target\":[\"https:\/\/www.africa-press.net\/senegal\/politique\/declaration-dun-conseiller-a-dakar-suscite-controverse\"]}]},{\"@type\":\"ImageObject\",\"inLanguage\":\"fr-FR\",\"@id\":\"https:\/\/www.africa-press.net\/senegal\/politique\/declaration-dun-conseiller-a-dakar-suscite-controverse#primaryimage\",\"url\":\"https:\/\/static.africa-press.net\/senegal\/sites\/13\/2025\/12\/sm_1766195986.803128.jpg\",\"contentUrl\":\"https:\/\/static.africa-press.net\/senegal\/sites\/13\/2025\/12\/sm_1766195986.803128.jpg\",\"width\":1280,\"height\":720,\"caption\":\"D\u00e9claration D'Un Conseiller \u00e0 Dakar Suscite Controverse\"},{\"@type\":\"BreadcrumbList\",\"@id\":\"https:\/\/www.africa-press.net\/senegal\/politique\/declaration-dun-conseiller-a-dakar-suscite-controverse#breadcrumb\",\"itemListElement\":[{\"@type\":\"ListItem\",\"position\":1,\"name\":\"Accueil\",\"item\":\"https:\/\/www.africa-press.net\/senegal\/\"},{\"@type\":\"ListItem\",\"position\":2,\"name\":\"D\u00e9claration D&#8217;Un Conseiller \u00e0 Dakar Suscite Controverse\"}]},{\"@type\":\"WebSite\",\"@id\":\"https:\/\/www.africa-press.net\/senegal\/#website\",\"url\":\"https:\/\/www.africa-press.net\/senegal\/\",\"name\":\"Africa Press | Senegal | Homepage\",\"description\":\"Just another Africa News Agency Sites site\",\"potentialAction\":[{\"@type\":\"SearchAction\",\"target\":{\"@type\":\"EntryPoint\",\"urlTemplate\":\"https:\/\/www.africa-press.net\/senegal\/?s={search_term_string}\"},\"query-input\":{\"@type\":\"PropertyValueSpecification\",\"valueRequired\":true,\"valueName\":\"search_term_string\"}}],\"inLanguage\":\"fr-FR\"},{\"@type\":\"Person\",\"@id\":\"https:\/\/www.africa-press.net\/senegal\/#\/schema\/person\/2b1cf3cd81a31e3cd26889ca66d677f1\",\"name\":\"cfeditorfr\",\"url\":\"https:\/\/www.africa-press.net\/senegal\/author\/cfeditorfr\"}]}<\/script>\n<!-- \/ Yoast SEO Premium plugin. -->","yoast_head_json":{"title":"D\u00e9claration D'Un Conseiller \u00e0 Dakar Suscite Controverse - Senegal","description":"Le budget 2026 de la mairie de Dakar est fixe\u0301 a\u0300 88 milliards de francs CFA. Adopte\u0301 a\u0300 l\u2019unanimite\u0301, il sera consacre\u0301 ...","robots":{"index":"index","follow":"follow","max-snippet":"max-snippet:-1","max-image-preview":"max-image-preview:large","max-video-preview":"max-video-preview:-1"},"canonical":"https:\/\/www.africa-press.net\/senegal\/politique\/declaration-dun-conseiller-a-dakar-suscite-controverse","og_locale":"fr_FR","og_type":"article","og_title":"D\u00e9claration D'Un Conseiller \u00e0 Dakar Suscite Controverse","og_description":"Le budget 2026 de la mairie de Dakar est fixe\u0301 a\u0300 88 milliards de francs CFA. Adopte\u0301 a\u0300 l\u2019unanimite\u0301, il sera consacre\u0301 ...","og_url":"https:\/\/www.africa-press.net\/senegal\/politique\/declaration-dun-conseiller-a-dakar-suscite-controverse","og_site_name":"Senegal","article_published_time":"2025-12-19T14:00:00+00:00","article_modified_time":"2025-12-21T02:13:50+00:00","og_image":[{"width":1280,"height":720,"url":"https:\/\/static.africa-press.net\/senegal\/sites\/13\/2025\/12\/sm_1766195986.803128.jpg","type":"image\/jpeg"}],"author":"cfeditorfr","twitter_card":"summary_large_image","twitter_misc":{"\u00c9crit par":"cfeditorfr","Dur\u00e9e de lecture estim\u00e9e":"2 minutes"},"schema":{"@context":"https:\/\/schema.org","@graph":[{"@type":"Article","@id":"https:\/\/www.africa-press.net\/senegal\/politique\/declaration-dun-conseiller-a-dakar-suscite-controverse#article","isPartOf":{"@id":"https:\/\/www.africa-press.net\/senegal\/politique\/declaration-dun-conseiller-a-dakar-suscite-controverse"},"author":{"name":"cfeditorfr","@id":"https:\/\/www.africa-press.net\/senegal\/#\/schema\/person\/2b1cf3cd81a31e3cd26889ca66d677f1"},"headline":"D\u00e9claration D&rsquo;Un Conseiller \u00e0 Dakar Suscite Controverse","datePublished":"2025-12-19T14:00:00+00:00","dateModified":"2025-12-21T02:13:50+00:00","mainEntityOfPage":{"@id":"https:\/\/www.africa-press.net\/senegal\/politique\/declaration-dun-conseiller-a-dakar-suscite-controverse"},"wordCount":256,"commentCount":0,"image":{"@id":"https:\/\/www.africa-press.net\/senegal\/politique\/declaration-dun-conseiller-a-dakar-suscite-controverse#primaryimage"},"thumbnailUrl":"https:\/\/static.africa-press.net\/senegal\/sites\/13\/2025\/12\/sm_1766195986.803128.jpg","keywords":["Senegal"],"articleSection":["Politique","Top Nouvelles","Toutes les actualit\u00e9s"],"inLanguage":"fr-FR","potentialAction":[{"@type":"CommentAction","name":"Comment","target":["https:\/\/www.africa-press.net\/senegal\/politique\/declaration-dun-conseiller-a-dakar-suscite-controverse#respond"]}]},{"@type":"WebPage","@id":"https:\/\/www.africa-press.net\/senegal\/politique\/declaration-dun-conseiller-a-dakar-suscite-controverse","url":"https:\/\/www.africa-press.net\/senegal\/politique\/declaration-dun-conseiller-a-dakar-suscite-controverse","name":"D\u00e9claration D'Un Conseiller \u00e0 Dakar Suscite Controverse - Senegal","isPartOf":{"@id":"https:\/\/www.africa-press.net\/senegal\/#website"},"primaryImageOfPage":{"@id":"https:\/\/www.africa-press.net\/senegal\/politique\/declaration-dun-conseiller-a-dakar-suscite-controverse#primaryimage"},"image":{"@id":"https:\/\/www.africa-press.net\/senegal\/politique\/declaration-dun-conseiller-a-dakar-suscite-controverse#primaryimage"},"thumbnailUrl":"https:\/\/static.africa-press.net\/senegal\/sites\/13\/2025\/12\/sm_1766195986.803128.jpg","datePublished":"2025-12-19T14:00:00+00:00","dateModified":"2025-12-21T02:13:50+00:00","author":{"@id":"https:\/\/www.africa-press.net\/senegal\/#\/schema\/person\/2b1cf3cd81a31e3cd26889ca66d677f1"},"description":"Le budget 2026 de la mairie de Dakar est fixe\u0301 a\u0300 88 milliards de francs CFA. Adopte\u0301 a\u0300 l\u2019unanimite\u0301, il sera consacre\u0301 ...","breadcrumb":{"@id":"https:\/\/www.africa-press.net\/senegal\/politique\/declaration-dun-conseiller-a-dakar-suscite-controverse#breadcrumb"},"inLanguage":"fr-FR","potentialAction":[{"@type":"ReadAction","target":["https:\/\/www.africa-press.net\/senegal\/politique\/declaration-dun-conseiller-a-dakar-suscite-controverse"]}]},{"@type":"ImageObject","inLanguage":"fr-FR","@id":"https:\/\/www.africa-press.net\/senegal\/politique\/declaration-dun-conseiller-a-dakar-suscite-controverse#primaryimage","url":"https:\/\/static.africa-press.net\/senegal\/sites\/13\/2025\/12\/sm_1766195986.803128.jpg","contentUrl":"https:\/\/static.africa-press.net\/senegal\/sites\/13\/2025\/12\/sm_1766195986.803128.jpg","width":1280,"height":720,"caption":"D\u00e9claration D'Un Conseiller \u00e0 Dakar Suscite Controverse"},{"@type":"BreadcrumbList","@id":"https:\/\/www.africa-press.net\/senegal\/politique\/declaration-dun-conseiller-a-dakar-suscite-controverse#breadcrumb","itemListElement":[{"@type":"ListItem","position":1,"name":"Accueil","item":"https:\/\/www.africa-press.net\/senegal\/"},{"@type":"ListItem","position":2,"name":"D\u00e9claration D&#8217;Un Conseiller \u00e0 Dakar Suscite Controverse"}]},{"@type":"WebSite","@id":"https:\/\/www.africa-press.net\/senegal\/#website","url":"https:\/\/www.africa-press.net\/senegal\/","name":"Africa Press | Senegal | Homepage","description":"Just another Africa News Agency Sites site","potentialAction":[{"@type":"SearchAction","target":{"@type":"EntryPoint","urlTemplate":"https:\/\/www.africa-press.net\/senegal\/?s={search_term_string}"},"query-input":{"@type":"PropertyValueSpecification","valueRequired":true,"valueName":"search_term_string"}}],"inLanguage":"fr-FR"},{"@type":"Person","@id":"https:\/\/www.africa-press.net\/senegal\/#\/schema\/person\/2b1cf3cd81a31e3cd26889ca66d677f1","name":"cfeditorfr","url":"https:\/\/www.africa-press.net\/senegal\/author\/cfeditorfr"}]}},"_links":{"self":[{"href":"https:\/\/www.africa-press.net\/senegal\/wp-json\/wp\/v2\/posts\/73628","targetHints":{"allow":["GET"]}}],"collection":[{"href":"https:\/\/www.africa-press.net\/senegal\/wp-json\/wp\/v2\/posts"}],"about":[{"href":"https:\/\/www.africa-press.net\/senegal\/wp-json\/wp\/v2\/types\/post"}],"author":[{"embeddable":true,"href":"https:\/\/www.africa-press.net\/senegal\/wp-json\/wp\/v2\/users\/82"}],"replies":[{"embeddable":true,"href":"https:\/\/www.africa-press.net\/senegal\/wp-json\/wp\/v2\/comments?post=73628"}],"version-history":[{"count":0,"href":"https:\/\/www.africa-press.net\/senegal\/wp-json\/wp\/v2\/posts\/73628\/revisions"}],"wp:featuredmedia":[{"embeddable":true,"href":"https:\/\/www.africa-press.net\/senegal\/wp-json\/wp\/v2\/media\/73627"}],"wp:attachment":[{"href":"https:\/\/www.africa-press.net\/senegal\/wp-json\/wp\/v2\/media?parent=73628"}],"wp:term":[{"taxonomy":"category","embeddable":true,"href":"https:\/\/www.africa-press.net\/senegal\/wp-json\/wp\/v2\/categories?post=73628"},{"taxonomy":"post_tag","embeddable":true,"href":"https:\/\/www.africa-press.net\/senegal\/wp-json\/wp\/v2\/tags?post=73628"}],"curies":[{"name":"wp","href":"https:\/\/api.w.org\/{rel}","templated":true}]}}