{"id":73640,"date":"2025-12-19T12:10:00","date_gmt":"2025-12-19T12:10:00","guid":{"rendered":"https:\/\/www.africa-press.net\/senegal\/politique\/fifa-enquete-sur-joueurs-ineligibles-rdc-mondial-2026"},"modified":"2025-12-21T02:34:31","modified_gmt":"2025-12-21T02:34:31","slug":"fifa-enquete-sur-joueurs-ineligibles-rdc-mondial-2026","status":"publish","type":"post","link":"https:\/\/www.africa-press.net\/senegal\/sports\/fifa-enquete-sur-joueurs-ineligibles-rdc-mondial-2026","title":{"rendered":"FIFA Enqu\u00eate sur Joueurs In\u00e9ligibles RDC Mondial 2026"},"content":{"rendered":"<p><span style=\"color: #ff6600\"><strong>Africa-Press &#8211; Senegal. <\/strong><\/span>La FIFA aurait ouvert une enque\u0302te sur les alle\u0301gations selon lesquelles la Re\u0301publique de\u0301mocratique du Congo (RD Congo) aurait aligne\u0301 des joueurs non e\u0301ligibles lors des barrages africains de qualification pour la Coupe du monde de la FIFA 2026, une situation qui pourrait rouvrir la voie du Nigeria vers le tournoi.<\/p>\n<p>Les Super Eagles ont e\u0301te\u0301 e\u0301limine\u0301s de la course aux qualifications pour la Coupe du monde apre\u0300s leur de\u0301faite face a\u0300 la RD Congo aux tirs au but lors du match de\u0301cisif pour la qualification intercontinentale africaine. La rencontre s\u2019e\u0301tait solde\u0301e par un match nul 1-1 apre\u0300s prolongation, avant que la RD Congo ne s\u2019impose lors de la se\u0301ance de tirs au but.<\/p>\n<p>Cependant, ce re\u0301sultat est de\u0301sormais conteste\u0301 suite a\u0300 des alle\u0301gations selon lesquelles plusieurs joueurs de la RD Congo n\u2019auraient pas rempli les conditions d\u2019e\u0301ligibilite\u0301 de la FIFA.<\/p>\n<p>L\u2019enque\u0302te en cours porterait sur des soupc\u0327ons selon lesquels environ neuf joueurs ayant e\u0301volue\u0301 pour la RD Congo auraient change\u0301 de nationalite\u0301 sportive sans avoir accompli les proce\u0301dures le\u0301gales et administratives ne\u0301cessaires en vertu du droit congolais et des re\u0300glements de la FIFA.<\/p>\n<p>La Re\u0301publique de\u0301mocratique du Congo ne reconnai\u0302t ge\u0301ne\u0301ralement pas la double nationalite\u0301. Par conse\u0301quent, les joueurs qui acquie\u0300rent une autre nationalite\u0301 sont tenus de renoncer a\u0300 leur nationalite\u0301 d\u2019origine avant de pouvoir repre\u0301senter leur pays en compe\u0301tition internationale. Le re\u0300glement de la FIFA exige e\u0301galement le respect du droit national et des statuts de l\u2019instance dirigeante pour tout changement de nationalite\u0301 sportive.<\/p>\n<p>Les officiels ont e\u0301galement souleve\u0301 des questions concernant les documents d\u2019au moins un joueur qui avait pre\u0301ce\u0301demment refuse\u0301 une convocation en e\u0301quipe nationale, ce qui renforce les inquie\u0301tudes quant au respect de tous les crite\u0300res d\u2019e\u0301ligibilite\u0301.<\/p>\n<p>La de\u0301cision de la FIFA sur cette question pourrait avoir des conse\u0301quences importantes. Si des violations des re\u0300gles d\u2019e\u0301ligibilite\u0301 sont confirme\u0301es, les sanctions potentielles pourraient inclure la perte de matchs ou d\u2019autres mesures disciplinaires, selon la gravite\u0301 des infractions.<\/p>\n<p>Pour le Nigeria, cette enque\u0302te repre\u0301sente une boue\u0301e de sauvetage. Si la FIFA se prononce en faveur de sanctions contre la RD Congo, les Super Eagles du Nigeria, non qualifie\u0301s pour la Coupe du monde, pourraient voir leurs espoirs renai\u0302tre.<\/p>\n<p><strong>Pour plus d&rsquo;informations et d&rsquo;analyses sur la <span style=\"color: #ff6600\">Senegal<\/span>, suivez <span style=\"color: #ff6600\">Africa-Press<\/span><\/strong><\/p>\n","protected":false},"excerpt":{"rendered":"<p>Africa-Press &#8211; Senegal. La FIFA aurait ouvert une enque\u0302te sur les alle\u0301gations selon lesquelles la Re\u0301publique de\u0301mocratique du Congo (RD Congo) aurait aligne\u0301 des joueurs non e\u0301ligibles lors des barrages africains de qualification pour la Coupe du monde de la FIFA 2026, une situation qui pourrait rouvrir la voie du Nigeria vers le tournoi. Les [&hellip;]<\/p>\n","protected":false},"author":82,"featured_media":73639,"comment_status":"open","ping_status":"closed","sticky":false,"template":"","format":"standard","meta":{"footnotes":""},"categories":[6,10],"tags":[44],"class_list":["post-73640","post","type-post","status-publish","format-standard","has-post-thumbnail","hentry","category-sports","category-toutes-les-actualites","tag-senegal-2"],"yoast_head":"<!-- This site is optimized with the Yoast SEO Premium plugin v26.1 (Yoast SEO v27.0) - https:\/\/yoast.com\/product\/yoast-seo-premium-wordpress\/ -->\n<title>FIFA Enqu\u00eate sur Joueurs In\u00e9ligibles RDC Mondial 2026 - Senegal<\/title>\n<meta name=\"description\" content=\"La FIFA aurait ouvert une enque\u0302te sur les alle\u0301gations selon lesquelles la Re\u0301publique de\u0301mocratique du Congo (RD Congo ...\" \/>\n<meta name=\"robots\" content=\"index, follow, max-snippet:-1, max-image-preview:large, max-video-preview:-1\" \/>\n<link rel=\"canonical\" href=\"https:\/\/www.africa-press.net\/senegal\/sports\/fifa-enquete-sur-joueurs-ineligibles-rdc-mondial-2026\" \/>\n<meta property=\"og:locale\" content=\"fr_FR\" \/>\n<meta property=\"og:type\" content=\"article\" \/>\n<meta property=\"og:title\" content=\"FIFA Enqu\u00eate sur Joueurs In\u00e9ligibles RDC Mondial 2026\" \/>\n<meta property=\"og:description\" content=\"La FIFA aurait ouvert une enque\u0302te sur les alle\u0301gations selon lesquelles la Re\u0301publique de\u0301mocratique du Congo (RD Congo ...\" \/>\n<meta property=\"og:url\" content=\"https:\/\/www.africa-press.net\/senegal\/sports\/fifa-enquete-sur-joueurs-ineligibles-rdc-mondial-2026\" \/>\n<meta property=\"og:site_name\" content=\"Senegal\" \/>\n<meta property=\"article:published_time\" content=\"2025-12-19T12:10:00+00:00\" \/>\n<meta property=\"article:modified_time\" content=\"2025-12-21T02:34:31+00:00\" \/>\n<meta property=\"og:image\" content=\"https:\/\/static.africa-press.net\/senegal\/sites\/13\/2025\/12\/sm_1766312376.333879.jpg\" \/>\n\t<meta property=\"og:image:width\" content=\"780\" \/>\n\t<meta property=\"og:image:height\" content=\"470\" \/>\n\t<meta property=\"og:image:type\" content=\"image\/jpeg\" \/>\n<meta name=\"author\" content=\"cfeditorfr\" \/>\n<meta name=\"twitter:card\" content=\"summary_large_image\" \/>\n<meta name=\"twitter:label1\" content=\"\u00c9crit par\" \/>\n\t<meta name=\"twitter:data1\" content=\"cfeditorfr\" \/>\n\t<meta name=\"twitter:label2\" content=\"Dur\u00e9e de lecture estim\u00e9e\" \/>\n\t<meta name=\"twitter:data2\" content=\"2 minutes\" \/>\n<script type=\"application\/ld+json\" class=\"yoast-schema-graph\">{\"@context\":\"https:\/\/schema.org\",\"@graph\":[{\"@type\":\"Article\",\"@id\":\"https:\/\/www.africa-press.net\/senegal\/sports\/fifa-enquete-sur-joueurs-ineligibles-rdc-mondial-2026#article\",\"isPartOf\":{\"@id\":\"https:\/\/www.africa-press.net\/senegal\/sports\/fifa-enquete-sur-joueurs-ineligibles-rdc-mondial-2026\"},\"author\":{\"name\":\"cfeditorfr\",\"@id\":\"https:\/\/www.africa-press.net\/senegal\/#\/schema\/person\/2b1cf3cd81a31e3cd26889ca66d677f1\"},\"headline\":\"FIFA Enqu\u00eate sur Joueurs In\u00e9ligibles RDC Mondial 2026\",\"datePublished\":\"2025-12-19T12:10:00+00:00\",\"dateModified\":\"2025-12-21T02:34:31+00:00\",\"mainEntityOfPage\":{\"@id\":\"https:\/\/www.africa-press.net\/senegal\/sports\/fifa-enquete-sur-joueurs-ineligibles-rdc-mondial-2026\"},\"wordCount\":449,\"commentCount\":0,\"image\":{\"@id\":\"https:\/\/www.africa-press.net\/senegal\/sports\/fifa-enquete-sur-joueurs-ineligibles-rdc-mondial-2026#primaryimage\"},\"thumbnailUrl\":\"https:\/\/static.africa-press.net\/senegal\/sites\/13\/2025\/12\/sm_1766312376.333879.jpg\",\"keywords\":[\"Senegal\"],\"articleSection\":[\"Sports\",\"Toutes les actualit\u00e9s\"],\"inLanguage\":\"fr-FR\",\"potentialAction\":[{\"@type\":\"CommentAction\",\"name\":\"Comment\",\"target\":[\"https:\/\/www.africa-press.net\/senegal\/sports\/fifa-enquete-sur-joueurs-ineligibles-rdc-mondial-2026#respond\"]}]},{\"@type\":\"WebPage\",\"@id\":\"https:\/\/www.africa-press.net\/senegal\/sports\/fifa-enquete-sur-joueurs-ineligibles-rdc-mondial-2026\",\"url\":\"https:\/\/www.africa-press.net\/senegal\/sports\/fifa-enquete-sur-joueurs-ineligibles-rdc-mondial-2026\",\"name\":\"FIFA Enqu\u00eate sur Joueurs In\u00e9ligibles RDC Mondial 2026 - Senegal\",\"isPartOf\":{\"@id\":\"https:\/\/www.africa-press.net\/senegal\/#website\"},\"primaryImageOfPage\":{\"@id\":\"https:\/\/www.africa-press.net\/senegal\/sports\/fifa-enquete-sur-joueurs-ineligibles-rdc-mondial-2026#primaryimage\"},\"image\":{\"@id\":\"https:\/\/www.africa-press.net\/senegal\/sports\/fifa-enquete-sur-joueurs-ineligibles-rdc-mondial-2026#primaryimage\"},\"thumbnailUrl\":\"https:\/\/static.africa-press.net\/senegal\/sites\/13\/2025\/12\/sm_1766312376.333879.jpg\",\"datePublished\":\"2025-12-19T12:10:00+00:00\",\"dateModified\":\"2025-12-21T02:34:31+00:00\",\"author\":{\"@id\":\"https:\/\/www.africa-press.net\/senegal\/#\/schema\/person\/2b1cf3cd81a31e3cd26889ca66d677f1\"},\"description\":\"La FIFA aurait ouvert une enque\u0302te sur les alle\u0301gations selon lesquelles la Re\u0301publique de\u0301mocratique du Congo (RD Congo ...\",\"breadcrumb\":{\"@id\":\"https:\/\/www.africa-press.net\/senegal\/sports\/fifa-enquete-sur-joueurs-ineligibles-rdc-mondial-2026#breadcrumb\"},\"inLanguage\":\"fr-FR\",\"potentialAction\":[{\"@type\":\"ReadAction\",\"target\":[\"https:\/\/www.africa-press.net\/senegal\/sports\/fifa-enquete-sur-joueurs-ineligibles-rdc-mondial-2026\"]}]},{\"@type\":\"ImageObject\",\"inLanguage\":\"fr-FR\",\"@id\":\"https:\/\/www.africa-press.net\/senegal\/sports\/fifa-enquete-sur-joueurs-ineligibles-rdc-mondial-2026#primaryimage\",\"url\":\"https:\/\/static.africa-press.net\/senegal\/sites\/13\/2025\/12\/sm_1766312376.333879.jpg\",\"contentUrl\":\"https:\/\/static.africa-press.net\/senegal\/sites\/13\/2025\/12\/sm_1766312376.333879.jpg\",\"width\":780,\"height\":470,\"caption\":\"FIFA Enqu\u00eate sur Joueurs In\u00e9ligibles RDC Mondial 2026\"},{\"@type\":\"BreadcrumbList\",\"@id\":\"https:\/\/www.africa-press.net\/senegal\/sports\/fifa-enquete-sur-joueurs-ineligibles-rdc-mondial-2026#breadcrumb\",\"itemListElement\":[{\"@type\":\"ListItem\",\"position\":1,\"name\":\"Accueil\",\"item\":\"https:\/\/www.africa-press.net\/senegal\/\"},{\"@type\":\"ListItem\",\"position\":2,\"name\":\"FIFA Enqu\u00eate sur Joueurs In\u00e9ligibles RDC Mondial 2026\"}]},{\"@type\":\"WebSite\",\"@id\":\"https:\/\/www.africa-press.net\/senegal\/#website\",\"url\":\"https:\/\/www.africa-press.net\/senegal\/\",\"name\":\"Africa Press | Senegal | Homepage\",\"description\":\"Just another Africa News Agency Sites site\",\"potentialAction\":[{\"@type\":\"SearchAction\",\"target\":{\"@type\":\"EntryPoint\",\"urlTemplate\":\"https:\/\/www.africa-press.net\/senegal\/?s={search_term_string}\"},\"query-input\":{\"@type\":\"PropertyValueSpecification\",\"valueRequired\":true,\"valueName\":\"search_term_string\"}}],\"inLanguage\":\"fr-FR\"},{\"@type\":\"Person\",\"@id\":\"https:\/\/www.africa-press.net\/senegal\/#\/schema\/person\/2b1cf3cd81a31e3cd26889ca66d677f1\",\"name\":\"cfeditorfr\",\"url\":\"https:\/\/www.africa-press.net\/senegal\/author\/cfeditorfr\"}]}<\/script>\n<!-- \/ Yoast SEO Premium plugin. -->","yoast_head_json":{"title":"FIFA Enqu\u00eate sur Joueurs In\u00e9ligibles RDC Mondial 2026 - Senegal","description":"La FIFA aurait ouvert une enque\u0302te sur les alle\u0301gations selon lesquelles la Re\u0301publique de\u0301mocratique du Congo (RD Congo ...","robots":{"index":"index","follow":"follow","max-snippet":"max-snippet:-1","max-image-preview":"max-image-preview:large","max-video-preview":"max-video-preview:-1"},"canonical":"https:\/\/www.africa-press.net\/senegal\/sports\/fifa-enquete-sur-joueurs-ineligibles-rdc-mondial-2026","og_locale":"fr_FR","og_type":"article","og_title":"FIFA Enqu\u00eate sur Joueurs In\u00e9ligibles RDC Mondial 2026","og_description":"La FIFA aurait ouvert une enque\u0302te sur les alle\u0301gations selon lesquelles la Re\u0301publique de\u0301mocratique du Congo (RD Congo ...","og_url":"https:\/\/www.africa-press.net\/senegal\/sports\/fifa-enquete-sur-joueurs-ineligibles-rdc-mondial-2026","og_site_name":"Senegal","article_published_time":"2025-12-19T12:10:00+00:00","article_modified_time":"2025-12-21T02:34:31+00:00","og_image":[{"width":780,"height":470,"url":"https:\/\/static.africa-press.net\/senegal\/sites\/13\/2025\/12\/sm_1766312376.333879.jpg","type":"image\/jpeg"}],"author":"cfeditorfr","twitter_card":"summary_large_image","twitter_misc":{"\u00c9crit par":"cfeditorfr","Dur\u00e9e de lecture estim\u00e9e":"2 minutes"},"schema":{"@context":"https:\/\/schema.org","@graph":[{"@type":"Article","@id":"https:\/\/www.africa-press.net\/senegal\/sports\/fifa-enquete-sur-joueurs-ineligibles-rdc-mondial-2026#article","isPartOf":{"@id":"https:\/\/www.africa-press.net\/senegal\/sports\/fifa-enquete-sur-joueurs-ineligibles-rdc-mondial-2026"},"author":{"name":"cfeditorfr","@id":"https:\/\/www.africa-press.net\/senegal\/#\/schema\/person\/2b1cf3cd81a31e3cd26889ca66d677f1"},"headline":"FIFA Enqu\u00eate sur Joueurs In\u00e9ligibles RDC Mondial 2026","datePublished":"2025-12-19T12:10:00+00:00","dateModified":"2025-12-21T02:34:31+00:00","mainEntityOfPage":{"@id":"https:\/\/www.africa-press.net\/senegal\/sports\/fifa-enquete-sur-joueurs-ineligibles-rdc-mondial-2026"},"wordCount":449,"commentCount":0,"image":{"@id":"https:\/\/www.africa-press.net\/senegal\/sports\/fifa-enquete-sur-joueurs-ineligibles-rdc-mondial-2026#primaryimage"},"thumbnailUrl":"https:\/\/static.africa-press.net\/senegal\/sites\/13\/2025\/12\/sm_1766312376.333879.jpg","keywords":["Senegal"],"articleSection":["Sports","Toutes les actualit\u00e9s"],"inLanguage":"fr-FR","potentialAction":[{"@type":"CommentAction","name":"Comment","target":["https:\/\/www.africa-press.net\/senegal\/sports\/fifa-enquete-sur-joueurs-ineligibles-rdc-mondial-2026#respond"]}]},{"@type":"WebPage","@id":"https:\/\/www.africa-press.net\/senegal\/sports\/fifa-enquete-sur-joueurs-ineligibles-rdc-mondial-2026","url":"https:\/\/www.africa-press.net\/senegal\/sports\/fifa-enquete-sur-joueurs-ineligibles-rdc-mondial-2026","name":"FIFA Enqu\u00eate sur Joueurs In\u00e9ligibles RDC Mondial 2026 - Senegal","isPartOf":{"@id":"https:\/\/www.africa-press.net\/senegal\/#website"},"primaryImageOfPage":{"@id":"https:\/\/www.africa-press.net\/senegal\/sports\/fifa-enquete-sur-joueurs-ineligibles-rdc-mondial-2026#primaryimage"},"image":{"@id":"https:\/\/www.africa-press.net\/senegal\/sports\/fifa-enquete-sur-joueurs-ineligibles-rdc-mondial-2026#primaryimage"},"thumbnailUrl":"https:\/\/static.africa-press.net\/senegal\/sites\/13\/2025\/12\/sm_1766312376.333879.jpg","datePublished":"2025-12-19T12:10:00+00:00","dateModified":"2025-12-21T02:34:31+00:00","author":{"@id":"https:\/\/www.africa-press.net\/senegal\/#\/schema\/person\/2b1cf3cd81a31e3cd26889ca66d677f1"},"description":"La FIFA aurait ouvert une enque\u0302te sur les alle\u0301gations selon lesquelles la Re\u0301publique de\u0301mocratique du Congo (RD Congo ...","breadcrumb":{"@id":"https:\/\/www.africa-press.net\/senegal\/sports\/fifa-enquete-sur-joueurs-ineligibles-rdc-mondial-2026#breadcrumb"},"inLanguage":"fr-FR","potentialAction":[{"@type":"ReadAction","target":["https:\/\/www.africa-press.net\/senegal\/sports\/fifa-enquete-sur-joueurs-ineligibles-rdc-mondial-2026"]}]},{"@type":"ImageObject","inLanguage":"fr-FR","@id":"https:\/\/www.africa-press.net\/senegal\/sports\/fifa-enquete-sur-joueurs-ineligibles-rdc-mondial-2026#primaryimage","url":"https:\/\/static.africa-press.net\/senegal\/sites\/13\/2025\/12\/sm_1766312376.333879.jpg","contentUrl":"https:\/\/static.africa-press.net\/senegal\/sites\/13\/2025\/12\/sm_1766312376.333879.jpg","width":780,"height":470,"caption":"FIFA Enqu\u00eate sur Joueurs In\u00e9ligibles RDC Mondial 2026"},{"@type":"BreadcrumbList","@id":"https:\/\/www.africa-press.net\/senegal\/sports\/fifa-enquete-sur-joueurs-ineligibles-rdc-mondial-2026#breadcrumb","itemListElement":[{"@type":"ListItem","position":1,"name":"Accueil","item":"https:\/\/www.africa-press.net\/senegal\/"},{"@type":"ListItem","position":2,"name":"FIFA Enqu\u00eate sur Joueurs In\u00e9ligibles RDC Mondial 2026"}]},{"@type":"WebSite","@id":"https:\/\/www.africa-press.net\/senegal\/#website","url":"https:\/\/www.africa-press.net\/senegal\/","name":"Africa Press | Senegal | Homepage","description":"Just another Africa News Agency Sites site","potentialAction":[{"@type":"SearchAction","target":{"@type":"EntryPoint","urlTemplate":"https:\/\/www.africa-press.net\/senegal\/?s={search_term_string}"},"query-input":{"@type":"PropertyValueSpecification","valueRequired":true,"valueName":"search_term_string"}}],"inLanguage":"fr-FR"},{"@type":"Person","@id":"https:\/\/www.africa-press.net\/senegal\/#\/schema\/person\/2b1cf3cd81a31e3cd26889ca66d677f1","name":"cfeditorfr","url":"https:\/\/www.africa-press.net\/senegal\/author\/cfeditorfr"}]}},"_links":{"self":[{"href":"https:\/\/www.africa-press.net\/senegal\/wp-json\/wp\/v2\/posts\/73640","targetHints":{"allow":["GET"]}}],"collection":[{"href":"https:\/\/www.africa-press.net\/senegal\/wp-json\/wp\/v2\/posts"}],"about":[{"href":"https:\/\/www.africa-press.net\/senegal\/wp-json\/wp\/v2\/types\/post"}],"author":[{"embeddable":true,"href":"https:\/\/www.africa-press.net\/senegal\/wp-json\/wp\/v2\/users\/82"}],"replies":[{"embeddable":true,"href":"https:\/\/www.africa-press.net\/senegal\/wp-json\/wp\/v2\/comments?post=73640"}],"version-history":[{"count":0,"href":"https:\/\/www.africa-press.net\/senegal\/wp-json\/wp\/v2\/posts\/73640\/revisions"}],"wp:featuredmedia":[{"embeddable":true,"href":"https:\/\/www.africa-press.net\/senegal\/wp-json\/wp\/v2\/media\/73639"}],"wp:attachment":[{"href":"https:\/\/www.africa-press.net\/senegal\/wp-json\/wp\/v2\/media?parent=73640"}],"wp:term":[{"taxonomy":"category","embeddable":true,"href":"https:\/\/www.africa-press.net\/senegal\/wp-json\/wp\/v2\/categories?post=73640"},{"taxonomy":"post_tag","embeddable":true,"href":"https:\/\/www.africa-press.net\/senegal\/wp-json\/wp\/v2\/tags?post=73640"}],"curies":[{"name":"wp","href":"https:\/\/api.w.org\/{rel}","templated":true}]}}