{"id":73648,"date":"2025-12-20T12:00:00","date_gmt":"2025-12-20T12:00:00","guid":{"rendered":"https:\/\/www.africa-press.net\/senegal\/politique\/percee-de-lannee-2025-energies-renouvelables"},"modified":"2025-12-21T03:02:02","modified_gmt":"2025-12-21T03:02:02","slug":"percee-de-lannee-2025-energies-renouvelables","status":"publish","type":"post","link":"https:\/\/www.africa-press.net\/senegal\/toutes-les-actualites\/percee-de-lannee-2025-energies-renouvelables","title":{"rendered":"Perc\u00e9e de L\u2019Ann\u00e9e 2025 \u00c9nergies Renouvelables"},"content":{"rendered":"<p><span style=\"color: #ff6600\"><strong>Africa-Press &#8211; Senegal. <\/strong><\/span>La re\u0301volution industrielle a inaugure\u0301 l\u2019e\u0300re des e\u0301nergies fossiles. Depuis le 19e sie\u0300cle, les syste\u0300mes de production et de consommation reposent sur des combustibles. Charbon, pe\u0301trole, gaz, l\u2019ensemble de ces ressources proviennent de matie\u0300re organique emprisonne\u0301e pendant des millions d\u2019anne\u0301es sous terre, prenant ainsi le nom de \u00ab fossiles \u00bb. Or, la combustion de ces sources d\u2019e\u0301nergie non renouvelables est responsable d\u2019importantes e\u0301missions de carbone, contribuant largement au changement climatique.<\/p>\n<p><b>Augmentation de la part d\u2019e\u0301lectricite\u0301 renouvelable, une inversion historique de la tendance<\/b><\/p>\n<p>Mais cette anne\u0301e, la tendance de production s\u2019est inverse\u0301e. Les e\u0301nergies renouvelables ont supplante\u0301 les e\u0301nergies fossiles, dites \u00ab conventionnelles \u00bb. D\u2019apre\u0300s l\u2019analyse re\u0301alise\u0301e par le think tank britannique inde\u0301pendant Ember, les e\u0301nergies renouvelables (solaire, e\u0301olienne et hydraulique) ont de\u0301passe\u0301 le charbon comme source d\u2019e\u0301lectricite\u0301 a\u0300 l\u2019e\u0301chelle mondiale, avec plus de 40% de l\u2019e\u0301lectricite\u0301 produite.<\/p>\n<p>De plus, l\u2019essor rapide du solaire et de l\u2019e\u0301olien a permis d\u2019absorber la hausse de la consommation e\u0301lectrique mondiale au cours du premier semestre de 2025. En effet, en raison de la demande croissante des secteurs de l\u2019industrie, des syste\u0300mes de refroidissement, des data centers et de l\u2019e\u0301lectrification, la consommation d\u2019e\u0301lectricite\u0301 n\u2019a jamais e\u0301te\u0301 aussi e\u0301leve\u0301e.<\/p>\n<p>C\u2019est cette inversion d\u2019une tendance depuis longtemps e\u0301tablie, que la revue Science a souhaite\u0301 couronner du titre \u00ab perce\u0301e de l\u2019anne\u0301e 2025 \u00bb. Mais comment cet essor a-t-il pu avoir lieu, alors qu\u2019en 2005 les e\u0301nergies renouvelables ne fournissaient que 18% de l\u2019e\u0301lectricite\u0301 mondiale?<\/p>\n<p><b>La Chine, moteur de la transition vers les e\u0301nergies renouvelables<\/b><\/p>\n<p>Ce tournant e\u0301nerge\u0301tique a e\u0301te\u0301 permis gra\u0302ce a\u0300 la Chine, pourtant premier e\u0301metteur mondial de gaz a\u0300 effet de serre. Bien que le ge\u0301ant industriel demeure le plus grand producteur de charbon au monde, la Chine a fait le choix strate\u0301gique d\u2019investir massivement dans les e\u0301nergies renouvelables, s\u2019imposant comme leader mondial dans la fabrication de ces technologies.<\/p>\n<p>\u00ab Depuis 2021, la deuxie\u0300me puissance e\u0301conomique allouait des subventions pour encourager les investisseurs a\u0300 de\u0301velopper des infrastructures solaires et e\u0301oliennes. Ce dynamisme a porte\u0301 ses fruits puisque le pays produit actuellement 80 % des cellules solaires mondiales, 70 % des e\u0301oliennes et 70 % des batteries au lithium, et ce, a\u0300 des prix de\u0301fiants toute concurrence \u00bb, re\u0301sume Tim Appenzeller, journaliste de la revue Science, ayant de\u0301signe\u0301 la \u00ab perce\u0301e de l\u2019anne\u0301e 2025 \u00bb. Face a\u0300 l\u2019explosion de ces installations, la Chine cesse progressivement les subventions.<\/p>\n<p>Sans ne\u0301cessairement s\u2019accompagner d\u2019ame\u0301liorations technologiques, l\u2019augmentation massive d\u2019infrastructures a induit une chute des prix. L\u2019e\u0301olien et le solaire sont ainsi devenus l\u2019e\u0301nergie la moins che\u0300re dans une grande partie du monde. S\u2019en sont suivis une explosion de la demande, et une augmentation de la production, engendrant un cercle vertueux. Le secteur des technologies renouvelables pe\u0300se aujourd\u2019hui 10% de l\u2019e\u0301conomie chinoise et son implantation a remodele\u0301 le paysage chinois, ou\u0300 se de\u0301ploient de\u0301sormais des champs de panneaux solaires et de vastes parcs e\u0301oliens.<\/p>\n<p><b>Une alternative \u00ab pour des pays en que\u0302te d\u2019inde\u0301pendance et de fiabilite\u0301 e\u0301nerge\u0301tique \u00bb<\/b><\/p>\n<p>\u00ab Cette transition e\u0301nerge\u0301tique ne touche pas seulement la Chine et des pays de\u0301veloppe\u0301s \u2013 qui sont des clients historiques. Elle se propage e\u0301galement dans les pays en de\u0301veloppement, en particulier ceux du Sud global \u00bb, analyse Tim Appenzeller. \u00ab C\u2019est cette diffusion a\u0300 grande e\u0301chelle qui a justifie\u0301 notre de\u0301cision de retenir ce tournant comme la perce\u0301e de l\u2019anne\u0301e \u00bb.<\/p>\n<p>La guerre en Ukraine ayant fait grimper les prix du gaz naturel et de l\u2019e\u0301lectricite\u0301, les technologies vertes se sont re\u0301ve\u0301le\u0301es e\u0302tre des alternatives abordables et largement accessibles. Au Pakistan, par exemple, les importations de panneaux solaires chinois ont quintuple\u0301 entre 2022 et 2024, tandis qu\u2019en E\u0301thiopie, les se\u0301cheresses mettant en pe\u0301ril l\u2019hydroe\u0301lectricite\u0301, le pays s\u2019est e\u0301galement tourne\u0301 vers le solaire et l\u2019e\u0301olien.<\/p>\n<p>\u00ab Pour des pays en que\u0302te d\u2019inde\u0301pendance et de fiabilite\u0301 e\u0301nerge\u0301tique, les panneaux photovoltai\u0308ques permettent d\u2019alimenter a\u0300 moindre cou\u0302t des lampes, des te\u0301le\u0301phones portables et des ventilateurs \u00bb, explique Tim Appenzeller.<\/p>\n<p>En outre, des progre\u0300s technologiques pourraient encore favoriser l\u2019adoption et le de\u0301ploiement de ces technologies vertes. Les avance\u0301es attendues sont: l\u2019ame\u0301lioration de l\u2019efficacite\u0301 des cellules solaires, le de\u0301veloppement de nouveaux mate\u0301riaux pour allonger les pales des e\u0301oliennes, et surtout l\u2019optimisation des batteries de stockage. En effet, le transport d\u2019e\u0301lectricite\u0301 sur de longues distances, entre les parcs de production et les villes, demeure un obstacle majeur&#8230; qui pourrait expliquer pourquoi la Chine continue d\u2019investir en paralle\u0300le dans les centrales a\u0300 charbon.<\/p>\n<p><b>Des obstacles technologiques et politiques<\/b><\/p>\n<p>Ces dernie\u0300res anne\u0301es, la Chine a repris la construction de nombreuses centrales a\u0300 charbon, bien qu\u2019une grande partie d\u2019entre elles reste inactive. Selon les experts d\u2019Ember, l\u2019objectif est de maintenir le syste\u0300me actuel en e\u0301tat de marche et de garantir sa capacite\u0301 a\u0300 re\u0301pondre aux pics de demande. De fait, bien que la part d\u2019e\u0301nergies renouvelables augmente, la consommation d\u2019e\u0301lectricite\u0301 continue fortement sa croissance, induisant une hausse des e\u0301missions ge\u0301ne\u0301re\u0301es par les centrales thermiques.<\/p>\n<p>Par ailleurs, la transition verte fait face a\u0300 des obstacles de la part du gouvernement Trump, aux E\u0301tats-Unis. Depuis fe\u0301vrier 2025, les droits de douane pour l\u2019import des panneaux solaires chinois atteignent les 60%, ce qui constitue un frein commercial conside\u0301rable.<\/p>\n<p>\u00ab Malgre\u0301 ces difficulte\u0301s, nous voulions souligner que la transition des e\u0301nergies fossiles vers une e\u0301nergie propre et renouvelable est non seulement possible, mais qu\u2019elle s\u2019acce\u0301le\u0300re et devient rapidement le choix le plus pratique et le plus rentable \u00bb, constate le journaliste de Science. \u00ab C\u2019est un tournant mondial dans la lutte contre le re\u0301chauffement climatique \u00bb.<\/p>\n<p><strong>Pour plus d&rsquo;informations et d&rsquo;analyses sur la <span style=\"color: #ff6600\">Senegal<\/span>, suivez <span style=\"color: #ff6600\">Africa-Press<\/span><\/strong><\/p>\n","protected":false},"excerpt":{"rendered":"<p>Africa-Press &#8211; Senegal. La re\u0301volution industrielle a inaugure\u0301 l\u2019e\u0300re des e\u0301nergies fossiles. Depuis le 19e sie\u0300cle, les syste\u0300mes de production et de consommation reposent sur des combustibles. Charbon, pe\u0301trole, gaz, l\u2019ensemble de ces ressources proviennent de matie\u0300re organique emprisonne\u0301e pendant des millions d\u2019anne\u0301es sous terre, prenant ainsi le nom de \u00ab fossiles \u00bb. Or, la [&hellip;]<\/p>\n","protected":false},"author":82,"featured_media":73647,"comment_status":"open","ping_status":"closed","sticky":false,"template":"","format":"standard","meta":{"footnotes":""},"categories":[22,10],"tags":[44],"class_list":["post-73648","post","type-post","status-publish","format-standard","has-post-thumbnail","hentry","category-divers","category-toutes-les-actualites","tag-senegal-2"],"yoast_head":"<!-- This site is optimized with the Yoast SEO Premium plugin v26.1 (Yoast SEO v27.0) - https:\/\/yoast.com\/product\/yoast-seo-premium-wordpress\/ -->\n<title>Perc\u00e9e de L\u2019Ann\u00e9e 2025 \u00c9nergies Renouvelables - Senegal<\/title>\n<meta name=\"description\" content=\"La re\u0301volution industrielle a inaugure\u0301 l\u2019e\u0300re des e\u0301nergies fossiles. Depuis le 19e sie\u0300cle, les syste\u0300mes de productio ...\" \/>\n<meta name=\"robots\" content=\"index, follow, max-snippet:-1, max-image-preview:large, max-video-preview:-1\" \/>\n<link rel=\"canonical\" href=\"https:\/\/www.africa-press.net\/senegal\/toutes-les-actualites\/percee-de-lannee-2025-energies-renouvelables\" \/>\n<meta property=\"og:locale\" content=\"fr_FR\" \/>\n<meta property=\"og:type\" content=\"article\" \/>\n<meta property=\"og:title\" content=\"Perc\u00e9e de L\u2019Ann\u00e9e 2025 \u00c9nergies Renouvelables\" \/>\n<meta property=\"og:description\" content=\"La re\u0301volution industrielle a inaugure\u0301 l\u2019e\u0300re des e\u0301nergies fossiles. Depuis le 19e sie\u0300cle, les syste\u0300mes de productio ...\" \/>\n<meta property=\"og:url\" content=\"https:\/\/www.africa-press.net\/senegal\/toutes-les-actualites\/percee-de-lannee-2025-energies-renouvelables\" \/>\n<meta property=\"og:site_name\" content=\"Senegal\" \/>\n<meta property=\"article:published_time\" content=\"2025-12-20T12:00:00+00:00\" \/>\n<meta property=\"article:modified_time\" content=\"2025-12-21T03:02:02+00:00\" \/>\n<meta property=\"og:image\" content=\"https:\/\/static.africa-press.net\/senegal\/sites\/13\/2025\/12\/sm_1766314793.864518.jpg\" \/>\n\t<meta property=\"og:image:width\" content=\"1200\" \/>\n\t<meta property=\"og:image:height\" content=\"900\" \/>\n\t<meta property=\"og:image:type\" content=\"image\/jpeg\" \/>\n<meta name=\"author\" content=\"cfeditorfr\" \/>\n<meta name=\"twitter:card\" content=\"summary_large_image\" \/>\n<meta name=\"twitter:label1\" content=\"\u00c9crit par\" \/>\n\t<meta name=\"twitter:data1\" content=\"cfeditorfr\" \/>\n\t<meta name=\"twitter:label2\" content=\"Dur\u00e9e de lecture estim\u00e9e\" \/>\n\t<meta name=\"twitter:data2\" content=\"5 minutes\" \/>\n<script type=\"application\/ld+json\" class=\"yoast-schema-graph\">{\"@context\":\"https:\/\/schema.org\",\"@graph\":[{\"@type\":\"Article\",\"@id\":\"https:\/\/www.africa-press.net\/senegal\/toutes-les-actualites\/percee-de-lannee-2025-energies-renouvelables#article\",\"isPartOf\":{\"@id\":\"https:\/\/www.africa-press.net\/senegal\/toutes-les-actualites\/percee-de-lannee-2025-energies-renouvelables\"},\"author\":{\"name\":\"cfeditorfr\",\"@id\":\"https:\/\/www.africa-press.net\/senegal\/#\/schema\/person\/2b1cf3cd81a31e3cd26889ca66d677f1\"},\"headline\":\"Perc\u00e9e de L\u2019Ann\u00e9e 2025 \u00c9nergies Renouvelables\",\"datePublished\":\"2025-12-20T12:00:00+00:00\",\"dateModified\":\"2025-12-21T03:02:02+00:00\",\"mainEntityOfPage\":{\"@id\":\"https:\/\/www.africa-press.net\/senegal\/toutes-les-actualites\/percee-de-lannee-2025-energies-renouvelables\"},\"wordCount\":1074,\"commentCount\":0,\"image\":{\"@id\":\"https:\/\/www.africa-press.net\/senegal\/toutes-les-actualites\/percee-de-lannee-2025-energies-renouvelables#primaryimage\"},\"thumbnailUrl\":\"https:\/\/static.africa-press.net\/senegal\/sites\/13\/2025\/12\/sm_1766314793.864518.jpg\",\"keywords\":[\"Senegal\"],\"articleSection\":[\"Divers\",\"Toutes les actualit\u00e9s\"],\"inLanguage\":\"fr-FR\",\"potentialAction\":[{\"@type\":\"CommentAction\",\"name\":\"Comment\",\"target\":[\"https:\/\/www.africa-press.net\/senegal\/toutes-les-actualites\/percee-de-lannee-2025-energies-renouvelables#respond\"]}]},{\"@type\":\"WebPage\",\"@id\":\"https:\/\/www.africa-press.net\/senegal\/toutes-les-actualites\/percee-de-lannee-2025-energies-renouvelables\",\"url\":\"https:\/\/www.africa-press.net\/senegal\/toutes-les-actualites\/percee-de-lannee-2025-energies-renouvelables\",\"name\":\"Perc\u00e9e de L\u2019Ann\u00e9e 2025 \u00c9nergies Renouvelables - Senegal\",\"isPartOf\":{\"@id\":\"https:\/\/www.africa-press.net\/senegal\/#website\"},\"primaryImageOfPage\":{\"@id\":\"https:\/\/www.africa-press.net\/senegal\/toutes-les-actualites\/percee-de-lannee-2025-energies-renouvelables#primaryimage\"},\"image\":{\"@id\":\"https:\/\/www.africa-press.net\/senegal\/toutes-les-actualites\/percee-de-lannee-2025-energies-renouvelables#primaryimage\"},\"thumbnailUrl\":\"https:\/\/static.africa-press.net\/senegal\/sites\/13\/2025\/12\/sm_1766314793.864518.jpg\",\"datePublished\":\"2025-12-20T12:00:00+00:00\",\"dateModified\":\"2025-12-21T03:02:02+00:00\",\"author\":{\"@id\":\"https:\/\/www.africa-press.net\/senegal\/#\/schema\/person\/2b1cf3cd81a31e3cd26889ca66d677f1\"},\"description\":\"La re\u0301volution industrielle a inaugure\u0301 l\u2019e\u0300re des e\u0301nergies fossiles. Depuis le 19e sie\u0300cle, les syste\u0300mes de productio ...\",\"breadcrumb\":{\"@id\":\"https:\/\/www.africa-press.net\/senegal\/toutes-les-actualites\/percee-de-lannee-2025-energies-renouvelables#breadcrumb\"},\"inLanguage\":\"fr-FR\",\"potentialAction\":[{\"@type\":\"ReadAction\",\"target\":[\"https:\/\/www.africa-press.net\/senegal\/toutes-les-actualites\/percee-de-lannee-2025-energies-renouvelables\"]}]},{\"@type\":\"ImageObject\",\"inLanguage\":\"fr-FR\",\"@id\":\"https:\/\/www.africa-press.net\/senegal\/toutes-les-actualites\/percee-de-lannee-2025-energies-renouvelables#primaryimage\",\"url\":\"https:\/\/static.africa-press.net\/senegal\/sites\/13\/2025\/12\/sm_1766314793.864518.jpg\",\"contentUrl\":\"https:\/\/static.africa-press.net\/senegal\/sites\/13\/2025\/12\/sm_1766314793.864518.jpg\",\"width\":1200,\"height\":900,\"caption\":\"Perc\u00e9e de L\u2019Ann\u00e9e 2025 \u00c9nergies Renouvelables\"},{\"@type\":\"BreadcrumbList\",\"@id\":\"https:\/\/www.africa-press.net\/senegal\/toutes-les-actualites\/percee-de-lannee-2025-energies-renouvelables#breadcrumb\",\"itemListElement\":[{\"@type\":\"ListItem\",\"position\":1,\"name\":\"Accueil\",\"item\":\"https:\/\/www.africa-press.net\/senegal\/\"},{\"@type\":\"ListItem\",\"position\":2,\"name\":\"Perc\u00e9e de L\u2019Ann\u00e9e 2025 \u00c9nergies Renouvelables\"}]},{\"@type\":\"WebSite\",\"@id\":\"https:\/\/www.africa-press.net\/senegal\/#website\",\"url\":\"https:\/\/www.africa-press.net\/senegal\/\",\"name\":\"Africa Press | Senegal | Homepage\",\"description\":\"Just another Africa News Agency Sites site\",\"potentialAction\":[{\"@type\":\"SearchAction\",\"target\":{\"@type\":\"EntryPoint\",\"urlTemplate\":\"https:\/\/www.africa-press.net\/senegal\/?s={search_term_string}\"},\"query-input\":{\"@type\":\"PropertyValueSpecification\",\"valueRequired\":true,\"valueName\":\"search_term_string\"}}],\"inLanguage\":\"fr-FR\"},{\"@type\":\"Person\",\"@id\":\"https:\/\/www.africa-press.net\/senegal\/#\/schema\/person\/2b1cf3cd81a31e3cd26889ca66d677f1\",\"name\":\"cfeditorfr\",\"url\":\"https:\/\/www.africa-press.net\/senegal\/author\/cfeditorfr\"}]}<\/script>\n<!-- \/ Yoast SEO Premium plugin. -->","yoast_head_json":{"title":"Perc\u00e9e de L\u2019Ann\u00e9e 2025 \u00c9nergies Renouvelables - Senegal","description":"La re\u0301volution industrielle a inaugure\u0301 l\u2019e\u0300re des e\u0301nergies fossiles. Depuis le 19e sie\u0300cle, les syste\u0300mes de productio ...","robots":{"index":"index","follow":"follow","max-snippet":"max-snippet:-1","max-image-preview":"max-image-preview:large","max-video-preview":"max-video-preview:-1"},"canonical":"https:\/\/www.africa-press.net\/senegal\/toutes-les-actualites\/percee-de-lannee-2025-energies-renouvelables","og_locale":"fr_FR","og_type":"article","og_title":"Perc\u00e9e de L\u2019Ann\u00e9e 2025 \u00c9nergies Renouvelables","og_description":"La re\u0301volution industrielle a inaugure\u0301 l\u2019e\u0300re des e\u0301nergies fossiles. Depuis le 19e sie\u0300cle, les syste\u0300mes de productio ...","og_url":"https:\/\/www.africa-press.net\/senegal\/toutes-les-actualites\/percee-de-lannee-2025-energies-renouvelables","og_site_name":"Senegal","article_published_time":"2025-12-20T12:00:00+00:00","article_modified_time":"2025-12-21T03:02:02+00:00","og_image":[{"width":1200,"height":900,"url":"https:\/\/static.africa-press.net\/senegal\/sites\/13\/2025\/12\/sm_1766314793.864518.jpg","type":"image\/jpeg"}],"author":"cfeditorfr","twitter_card":"summary_large_image","twitter_misc":{"\u00c9crit par":"cfeditorfr","Dur\u00e9e de lecture estim\u00e9e":"5 minutes"},"schema":{"@context":"https:\/\/schema.org","@graph":[{"@type":"Article","@id":"https:\/\/www.africa-press.net\/senegal\/toutes-les-actualites\/percee-de-lannee-2025-energies-renouvelables#article","isPartOf":{"@id":"https:\/\/www.africa-press.net\/senegal\/toutes-les-actualites\/percee-de-lannee-2025-energies-renouvelables"},"author":{"name":"cfeditorfr","@id":"https:\/\/www.africa-press.net\/senegal\/#\/schema\/person\/2b1cf3cd81a31e3cd26889ca66d677f1"},"headline":"Perc\u00e9e de L\u2019Ann\u00e9e 2025 \u00c9nergies Renouvelables","datePublished":"2025-12-20T12:00:00+00:00","dateModified":"2025-12-21T03:02:02+00:00","mainEntityOfPage":{"@id":"https:\/\/www.africa-press.net\/senegal\/toutes-les-actualites\/percee-de-lannee-2025-energies-renouvelables"},"wordCount":1074,"commentCount":0,"image":{"@id":"https:\/\/www.africa-press.net\/senegal\/toutes-les-actualites\/percee-de-lannee-2025-energies-renouvelables#primaryimage"},"thumbnailUrl":"https:\/\/static.africa-press.net\/senegal\/sites\/13\/2025\/12\/sm_1766314793.864518.jpg","keywords":["Senegal"],"articleSection":["Divers","Toutes les actualit\u00e9s"],"inLanguage":"fr-FR","potentialAction":[{"@type":"CommentAction","name":"Comment","target":["https:\/\/www.africa-press.net\/senegal\/toutes-les-actualites\/percee-de-lannee-2025-energies-renouvelables#respond"]}]},{"@type":"WebPage","@id":"https:\/\/www.africa-press.net\/senegal\/toutes-les-actualites\/percee-de-lannee-2025-energies-renouvelables","url":"https:\/\/www.africa-press.net\/senegal\/toutes-les-actualites\/percee-de-lannee-2025-energies-renouvelables","name":"Perc\u00e9e de L\u2019Ann\u00e9e 2025 \u00c9nergies Renouvelables - Senegal","isPartOf":{"@id":"https:\/\/www.africa-press.net\/senegal\/#website"},"primaryImageOfPage":{"@id":"https:\/\/www.africa-press.net\/senegal\/toutes-les-actualites\/percee-de-lannee-2025-energies-renouvelables#primaryimage"},"image":{"@id":"https:\/\/www.africa-press.net\/senegal\/toutes-les-actualites\/percee-de-lannee-2025-energies-renouvelables#primaryimage"},"thumbnailUrl":"https:\/\/static.africa-press.net\/senegal\/sites\/13\/2025\/12\/sm_1766314793.864518.jpg","datePublished":"2025-12-20T12:00:00+00:00","dateModified":"2025-12-21T03:02:02+00:00","author":{"@id":"https:\/\/www.africa-press.net\/senegal\/#\/schema\/person\/2b1cf3cd81a31e3cd26889ca66d677f1"},"description":"La re\u0301volution industrielle a inaugure\u0301 l\u2019e\u0300re des e\u0301nergies fossiles. Depuis le 19e sie\u0300cle, les syste\u0300mes de productio ...","breadcrumb":{"@id":"https:\/\/www.africa-press.net\/senegal\/toutes-les-actualites\/percee-de-lannee-2025-energies-renouvelables#breadcrumb"},"inLanguage":"fr-FR","potentialAction":[{"@type":"ReadAction","target":["https:\/\/www.africa-press.net\/senegal\/toutes-les-actualites\/percee-de-lannee-2025-energies-renouvelables"]}]},{"@type":"ImageObject","inLanguage":"fr-FR","@id":"https:\/\/www.africa-press.net\/senegal\/toutes-les-actualites\/percee-de-lannee-2025-energies-renouvelables#primaryimage","url":"https:\/\/static.africa-press.net\/senegal\/sites\/13\/2025\/12\/sm_1766314793.864518.jpg","contentUrl":"https:\/\/static.africa-press.net\/senegal\/sites\/13\/2025\/12\/sm_1766314793.864518.jpg","width":1200,"height":900,"caption":"Perc\u00e9e de L\u2019Ann\u00e9e 2025 \u00c9nergies Renouvelables"},{"@type":"BreadcrumbList","@id":"https:\/\/www.africa-press.net\/senegal\/toutes-les-actualites\/percee-de-lannee-2025-energies-renouvelables#breadcrumb","itemListElement":[{"@type":"ListItem","position":1,"name":"Accueil","item":"https:\/\/www.africa-press.net\/senegal\/"},{"@type":"ListItem","position":2,"name":"Perc\u00e9e de L\u2019Ann\u00e9e 2025 \u00c9nergies Renouvelables"}]},{"@type":"WebSite","@id":"https:\/\/www.africa-press.net\/senegal\/#website","url":"https:\/\/www.africa-press.net\/senegal\/","name":"Africa Press | Senegal | Homepage","description":"Just another Africa News Agency Sites site","potentialAction":[{"@type":"SearchAction","target":{"@type":"EntryPoint","urlTemplate":"https:\/\/www.africa-press.net\/senegal\/?s={search_term_string}"},"query-input":{"@type":"PropertyValueSpecification","valueRequired":true,"valueName":"search_term_string"}}],"inLanguage":"fr-FR"},{"@type":"Person","@id":"https:\/\/www.africa-press.net\/senegal\/#\/schema\/person\/2b1cf3cd81a31e3cd26889ca66d677f1","name":"cfeditorfr","url":"https:\/\/www.africa-press.net\/senegal\/author\/cfeditorfr"}]}},"_links":{"self":[{"href":"https:\/\/www.africa-press.net\/senegal\/wp-json\/wp\/v2\/posts\/73648","targetHints":{"allow":["GET"]}}],"collection":[{"href":"https:\/\/www.africa-press.net\/senegal\/wp-json\/wp\/v2\/posts"}],"about":[{"href":"https:\/\/www.africa-press.net\/senegal\/wp-json\/wp\/v2\/types\/post"}],"author":[{"embeddable":true,"href":"https:\/\/www.africa-press.net\/senegal\/wp-json\/wp\/v2\/users\/82"}],"replies":[{"embeddable":true,"href":"https:\/\/www.africa-press.net\/senegal\/wp-json\/wp\/v2\/comments?post=73648"}],"version-history":[{"count":0,"href":"https:\/\/www.africa-press.net\/senegal\/wp-json\/wp\/v2\/posts\/73648\/revisions"}],"wp:featuredmedia":[{"embeddable":true,"href":"https:\/\/www.africa-press.net\/senegal\/wp-json\/wp\/v2\/media\/73647"}],"wp:attachment":[{"href":"https:\/\/www.africa-press.net\/senegal\/wp-json\/wp\/v2\/media?parent=73648"}],"wp:term":[{"taxonomy":"category","embeddable":true,"href":"https:\/\/www.africa-press.net\/senegal\/wp-json\/wp\/v2\/categories?post=73648"},{"taxonomy":"post_tag","embeddable":true,"href":"https:\/\/www.africa-press.net\/senegal\/wp-json\/wp\/v2\/tags?post=73648"}],"curies":[{"name":"wp","href":"https:\/\/api.w.org\/{rel}","templated":true}]}}