{"id":73653,"date":"2025-12-20T12:00:00","date_gmt":"2025-12-20T12:00:00","guid":{"rendered":"https:\/\/www.africa-press.net\/senegal\/politique\/noel-letoile-de-bethleem-expliquee-par-un-astronome"},"modified":"2025-12-21T03:10:29","modified_gmt":"2025-12-21T03:10:29","slug":"noel-letoile-de-bethleem-expliquee-par-un-astronome","status":"publish","type":"post","link":"https:\/\/www.africa-press.net\/senegal\/toutes-les-actualites\/noel-letoile-de-bethleem-expliquee-par-un-astronome","title":{"rendered":"Noe\u0308L: L\u2019E\u0301Toile de Bethle\u0301em Explique\u0301e par un Astronome"},"content":{"rendered":"<p><span style=\"color: #ff6600\"><strong>Africa-Press &#8211; Senegal. <\/strong><\/span>Je\u0301sus e\u0301tait ne\u0301 a\u0300 Bethle\u0301em en Jude\u0301e, au temps du roi He\u0301rode le Grand, raconte Matthieu dans le deuxie\u0300me chapitre de son e\u0301vangile. Or, voici que des mages venus d\u2019Orient arrive\u0300rent a\u0300 Je\u0301rusalem et demande\u0300rent: \u00ab Ou\u0300 est le roi des Juifs qui vient de nai\u0302tre? Nous avons vu son e\u0301toile a\u0300 l\u2019orient et nous sommes venus nous prosterner devant lui. \u00bb [&#8230;] Alors He\u0301rode convoqua les mages en secret pour leur faire pre\u0301ciser a\u0300 quelle date l\u2019e\u0301toile e\u0301tait apparue [&#8230;] Apre\u0300s avoir entendu le roi, ils partirent. Et voici que l\u2019e\u0301toile qu\u2019ils avaient vue a\u0300 l\u2019orient les pre\u0301ce\u0301dait, jusqu\u2019a\u0300 ce qu\u2019elle vienne s\u2019arre\u0302ter au-dessus de l\u2019endroit ou\u0300 se trouvait l\u2019enfant. \u00bb<\/p>\n<p><b>Un sce\u0301nario scientifiquement cre\u0301dible<\/b><\/p>\n<p>Tel est le signe divin, selon la tradition chre\u0301tienne, qui aurait annonce\u0301 la naissance de Je\u0301sus et guide\u0301 des mages orientaux jusqu\u2019a\u0300 Je\u0301rusalem puis jusqu\u2019a\u0300 Bethle\u0301em ou\u0300 le Christ serait ne\u0301: une e\u0301toile symbole de guidance et d\u2019espoir qui pendant la fe\u0302te de Noe\u0308l orne les cre\u0300ches et sapins. Ce phe\u0301nome\u0300ne ce\u0301leste doit-il e\u0302tre conside\u0301re\u0301 comme relevant du mythe religieux, de l\u2019alle\u0301gorie&#8230; ou a-t-il pu re\u0301ellement exister? Dans ce dernier cas, quelle pourrait e\u0302tre l\u2019origine astronomique de la fameuse e\u0301toile de la Nativite\u0301? Dans la revue Journal of the British Astronomical Association, le plane\u0301tologue Mark Matney de l\u2019Agence spatiale ame\u0301ricaine de\u0301montre qu\u2019une telle apparition est scientifiquement possible. Il de\u0301taille me\u0302me, a\u0300 l\u2019appui d\u2019archives historiques et de mode\u0301lisations re\u0301alise\u0301es par ordinateur, la suite d\u2019e\u0301ve\u0300nements qui auraient pu se de\u0301rouler.<\/p>\n<p><b>Un astre mouvant puis fixe<\/b><\/p>\n<p>\u00ab Plus de 400 livres et articles ont e\u0301te\u0301 publie\u0301s sur le sujet par des scientifiques, historiens ou the\u0301ologiens \u00bb, rappelle d\u2019abord le chercheur. La premie\u0300re difficulte\u0301 concerne les sources litte\u0301raires. L\u2019e\u0301vangile de Mathieu est en effet le seul texte biblique canonique \u2013 et la plus ancienne occurrence \u2013 de\u0301crivant des mages orientaux (ni leur nombre ni leur statut n\u2019est alors pre\u0301cise\u0301) guide\u0301s jusqu\u2019en Jude\u0301e par un signe ce\u0301leste pour rendre hommage a\u0300 l\u2019enfant Je\u0301sus. Un texte re\u0301dige\u0301, selon les datations actuelles, autour des anne\u0301es 80 de notre e\u0300re, par un auteur qui n\u2019e\u0301tait probablement pas un te\u0301moin direct des e\u0301ve\u0300nements lie\u0301s a\u0300 la Nativite\u0301. La difficulte\u0301 majeure re\u0301side toutefois dans le re\u0301cit lui-me\u0302me, de\u0301crivant un astre apparu a\u0300 l\u2019est qui \u00ab pre\u0301ce\u0301dait \u00bb les mages avant de \u00ab s\u2019arre\u0302ter \u00bb dans le ciel a\u0300 un endroit fixe.<\/p>\n<p><b>Conjonctions plane\u0301taires<\/b><\/p>\n<p>De nombreuses hypothe\u0300ses ont e\u0301te\u0301 avance\u0301es pour fournir une explication rationnelle: des me\u0301te\u0301ores (e\u0301toiles filantes) pe\u0301ne\u0301trant dans l\u2019atmosphe\u0300re terrestre et produisant des trai\u0302ne\u0301es lumineuses dans le ciel de Jude\u0301e ; des explosions d\u2019e\u0301toiles (nova ou supernova) devenant soudainement tre\u0300s brillantes au moment ou\u0300 Je\u0301sus serait ne\u0301 ; la come\u0300te de Halley, qui revient tous les 75 ans environ a\u0300 proximite\u0301 du Soleil, avec un passage documente\u0301 en l\u2019an 12 avant notre e\u0300re ; ou encore des conjonctions de plane\u0300tes, telles Jupiter et Saturne qui en l\u2019an 7 avant notre e\u0300re se rapproche\u0300rent jusqu\u2019a\u0300 donner l\u2019illusion de n\u2019e\u0302tre qu\u2019une seule e\u0301toile a\u0300 la fois tre\u0300s brillante et intrigante \u2013 peut-e\u0302tre l\u2019astre de la Nativite\u0301, supposait l\u2019astronome allemand Johannes Kepler au de\u0301but du 17e sie\u0300cle.<\/p>\n<p><b>Circonstances tre\u0300s particulie\u0300res<\/b><\/p>\n<p>\u00ab Presque tous les objets astronomiques ont e\u0301te\u0301 propose\u0301s a\u0300 un moment ou un autre pour expliquer l\u2019e\u0301toile de Bethle\u0301em \u00bb, constate Mark Matney. Mais le caracte\u0300re d\u2019abord mouvant puis fixe de cet astre est extre\u0302mement e\u0301trange et \u00ab ne semble correspondre a\u0300 aucun objet ce\u0301leste naturel connu \u00bb, poursuit-il. Il existe toutefois certaines configurations tre\u0300s particulie\u0300res ou\u0300 un objet ce\u0301leste pourrait bel et bien correspondre au re\u0301cit e\u0301vange\u0301lique, a de\u0301couvert le plane\u0301tologue.<\/p>\n<p><b>Mouvement ge\u0301osynchrone<\/b><\/p>\n<p>L\u2019astre en question serait ainsi une come\u0300te, un corps constitue\u0301 de roche et de glace venu des re\u0301gions les plus e\u0301loigne\u0301es du Syste\u0300me solaire. Elle posse\u0301derait une orbite tre\u0300s excentrique et serait passe\u0301e surtout tre\u0300s pre\u0300s de notre plane\u0300te \u2013 a\u0300 quelque 400 000 kilome\u0300tres soit la distance environ entre la Terre et la Lune. Une telle come\u0300te aurait e\u0301te\u0301 tre\u0300s brillante, visible me\u0302me en plein jour a\u0300 l\u2019\u0153il nu. Or les simulations nume\u0301riques re\u0301alise\u0301es par Mark Matney indiquent qu\u2019un tel objet aurait eu un mouvement apparent tre\u0300s lent pendant plusieurs semaines. Et si ce mouvement compense celui de la rotation de la Terre pour un observateur donne\u0301, l\u2019astre pourra sembler immobile quelques heures durant, \u00ab du fait d\u2019un mouvement ge\u0301osynchrone temporaire \u00bb, explique le chercheur. Donc un astre qui se de\u0301place dans ciel puis s\u2019arre\u0302te au-dessus d\u2019un endroit fixe !<\/p>\n<p><b>Registres de la dynastie Han<\/b><\/p>\n<p>Or les registres de la dynastie Han mentionnent l\u2019existence d\u2019une \u00ab e\u0301toile balai \u00bb \u2013 autrement dit une come\u0300te posse\u0301dant une queue visible \u2013 qui aurait pu produire un tel phe\u0301nome\u0300ne, soutient Mark Matney. Tout d\u2019abord, la chronologie concorde. Car cette come\u0300te a e\u0301te\u0301 observe\u0301e par les astronomes chinois en l\u2019an 5 avant notre e\u0300re, soit l\u2019anne\u0301e (avec l\u2019an \u2013 6) ou\u0300 la plupart des historiens s\u2019accordent sur la naissance probable de Je\u0301sus. Leurs chroniques indiquent par ailleurs qu\u2019elle a e\u0301te\u0301 visible pendant plusieurs semaines entre mars et avril, ce qui sugge\u0300re qu\u2019elle devait e\u0302tre tre\u0300s brillante et tre\u0300s proche de la Terre, avec un mouvement apparent particulie\u0300rement lent de surcroi\u0302t.<\/p>\n<p><b>Mark Matney<\/b><br \/>\n<b>Premier candidat astronomique<\/b><\/p>\n<p>Les reconstructions orbitales de Mark Matney indiquent ainsi qu\u2019 \u00bbun certain jour de juin, cette come\u0300te aurait pu se de\u0301placer de telle sorte a\u0300 passer devant une personne voyageant de Je\u0301rusalem a\u0300 Bethle\u0301em, puis s\u2019arre\u0302ter quasiment au-dessus de sa te\u0302te pendant environ deux heures \u00bb, explique-t-il. Ses travaux ne permettent bien su\u0302r pas de prouver que cette come\u0300te correspond a\u0300 l\u2019e\u0301toile qu\u2019auraient vue les rois mages il y a plus de 2000 ans, reconnait l\u2019astronome. Mais il s\u2019agit bien, souligne-t-il, \u00ab du premier candidat astronomique jamais identifie\u0301 pour l\u2019e\u0301toile de Bethle\u0301em dont le mouvement apparent pourrait correspondre a\u0300 la description de Matthieu \u00bb.<\/p>\n<p><strong>Pour plus d&rsquo;informations et d&rsquo;analyses sur la <span style=\"color: #ff6600\">Senegal<\/span>, suivez <span style=\"color: #ff6600\">Africa-Press<\/span><\/strong><\/p>\n","protected":false},"excerpt":{"rendered":"<p>Africa-Press &#8211; Senegal. Je\u0301sus e\u0301tait ne\u0301 a\u0300 Bethle\u0301em en Jude\u0301e, au temps du roi He\u0301rode le Grand, raconte Matthieu dans le deuxie\u0300me chapitre de son e\u0301vangile. Or, voici que des mages venus d\u2019Orient arrive\u0300rent a\u0300 Je\u0301rusalem et demande\u0300rent: \u00ab Ou\u0300 est le roi des Juifs qui vient de nai\u0302tre? Nous avons vu son e\u0301toile a\u0300 [&hellip;]<\/p>\n","protected":false},"author":82,"featured_media":73652,"comment_status":"open","ping_status":"closed","sticky":false,"template":"","format":"standard","meta":{"footnotes":""},"categories":[22,10],"tags":[44],"class_list":["post-73653","post","type-post","status-publish","format-standard","has-post-thumbnail","hentry","category-divers","category-toutes-les-actualites","tag-senegal-2"],"yoast_head":"<!-- This site is optimized with the Yoast SEO Premium plugin v26.1 (Yoast SEO v27.0) - https:\/\/yoast.com\/product\/yoast-seo-premium-wordpress\/ -->\n<title>Noe\u0308L: L\u2019E\u0301Toile de Bethle\u0301em Explique\u0301e par un Astronome - Senegal<\/title>\n<meta name=\"description\" content=\"Je\u0301sus e\u0301tait ne\u0301 a\u0300 Bethle\u0301em en Jude\u0301e, au temps du roi He\u0301rode le Grand, raconte Matthieu dans le deuxie\u0300me chapitre ...\" \/>\n<meta name=\"robots\" content=\"index, follow, max-snippet:-1, max-image-preview:large, max-video-preview:-1\" \/>\n<link rel=\"canonical\" href=\"https:\/\/www.africa-press.net\/senegal\/toutes-les-actualites\/noel-letoile-de-bethleem-expliquee-par-un-astronome\" \/>\n<meta property=\"og:locale\" content=\"fr_FR\" \/>\n<meta property=\"og:type\" content=\"article\" \/>\n<meta property=\"og:title\" content=\"Noe\u0308L: L\u2019E\u0301Toile de Bethle\u0301em Explique\u0301e par un Astronome\" \/>\n<meta property=\"og:description\" content=\"Je\u0301sus e\u0301tait ne\u0301 a\u0300 Bethle\u0301em en Jude\u0301e, au temps du roi He\u0301rode le Grand, raconte Matthieu dans le deuxie\u0300me chapitre ...\" \/>\n<meta property=\"og:url\" content=\"https:\/\/www.africa-press.net\/senegal\/toutes-les-actualites\/noel-letoile-de-bethleem-expliquee-par-un-astronome\" \/>\n<meta property=\"og:site_name\" content=\"Senegal\" \/>\n<meta property=\"article:published_time\" content=\"2025-12-20T12:00:00+00:00\" \/>\n<meta property=\"article:modified_time\" content=\"2025-12-21T03:10:29+00:00\" \/>\n<meta property=\"og:image\" content=\"https:\/\/static.africa-press.net\/senegal\/sites\/13\/2025\/12\/sm_1766315070.625682.jpg\" \/>\n\t<meta property=\"og:image:width\" content=\"1200\" \/>\n\t<meta property=\"og:image:height\" content=\"899\" \/>\n\t<meta property=\"og:image:type\" content=\"image\/jpeg\" \/>\n<meta name=\"author\" content=\"cfeditorfr\" \/>\n<meta name=\"twitter:card\" content=\"summary_large_image\" \/>\n<meta name=\"twitter:label1\" content=\"\u00c9crit par\" \/>\n\t<meta name=\"twitter:data1\" content=\"cfeditorfr\" \/>\n\t<meta name=\"twitter:label2\" content=\"Dur\u00e9e de lecture estim\u00e9e\" \/>\n\t<meta name=\"twitter:data2\" content=\"6 minutes\" \/>\n<script type=\"application\/ld+json\" class=\"yoast-schema-graph\">{\"@context\":\"https:\/\/schema.org\",\"@graph\":[{\"@type\":\"Article\",\"@id\":\"https:\/\/www.africa-press.net\/senegal\/toutes-les-actualites\/noel-letoile-de-bethleem-expliquee-par-un-astronome#article\",\"isPartOf\":{\"@id\":\"https:\/\/www.africa-press.net\/senegal\/toutes-les-actualites\/noel-letoile-de-bethleem-expliquee-par-un-astronome\"},\"author\":{\"name\":\"cfeditorfr\",\"@id\":\"https:\/\/www.africa-press.net\/senegal\/#\/schema\/person\/2b1cf3cd81a31e3cd26889ca66d677f1\"},\"headline\":\"Noe\u0308L: L\u2019E\u0301Toile de Bethle\u0301em Explique\u0301e par un Astronome\",\"datePublished\":\"2025-12-20T12:00:00+00:00\",\"dateModified\":\"2025-12-21T03:10:29+00:00\",\"mainEntityOfPage\":{\"@id\":\"https:\/\/www.africa-press.net\/senegal\/toutes-les-actualites\/noel-letoile-de-bethleem-expliquee-par-un-astronome\"},\"wordCount\":1179,\"commentCount\":0,\"image\":{\"@id\":\"https:\/\/www.africa-press.net\/senegal\/toutes-les-actualites\/noel-letoile-de-bethleem-expliquee-par-un-astronome#primaryimage\"},\"thumbnailUrl\":\"https:\/\/static.africa-press.net\/senegal\/sites\/13\/2025\/12\/sm_1766315070.625682.jpg\",\"keywords\":[\"Senegal\"],\"articleSection\":[\"Divers\",\"Toutes les actualit\u00e9s\"],\"inLanguage\":\"fr-FR\",\"potentialAction\":[{\"@type\":\"CommentAction\",\"name\":\"Comment\",\"target\":[\"https:\/\/www.africa-press.net\/senegal\/toutes-les-actualites\/noel-letoile-de-bethleem-expliquee-par-un-astronome#respond\"]}]},{\"@type\":\"WebPage\",\"@id\":\"https:\/\/www.africa-press.net\/senegal\/toutes-les-actualites\/noel-letoile-de-bethleem-expliquee-par-un-astronome\",\"url\":\"https:\/\/www.africa-press.net\/senegal\/toutes-les-actualites\/noel-letoile-de-bethleem-expliquee-par-un-astronome\",\"name\":\"Noe\u0308L: L\u2019E\u0301Toile de Bethle\u0301em Explique\u0301e par un Astronome - Senegal\",\"isPartOf\":{\"@id\":\"https:\/\/www.africa-press.net\/senegal\/#website\"},\"primaryImageOfPage\":{\"@id\":\"https:\/\/www.africa-press.net\/senegal\/toutes-les-actualites\/noel-letoile-de-bethleem-expliquee-par-un-astronome#primaryimage\"},\"image\":{\"@id\":\"https:\/\/www.africa-press.net\/senegal\/toutes-les-actualites\/noel-letoile-de-bethleem-expliquee-par-un-astronome#primaryimage\"},\"thumbnailUrl\":\"https:\/\/static.africa-press.net\/senegal\/sites\/13\/2025\/12\/sm_1766315070.625682.jpg\",\"datePublished\":\"2025-12-20T12:00:00+00:00\",\"dateModified\":\"2025-12-21T03:10:29+00:00\",\"author\":{\"@id\":\"https:\/\/www.africa-press.net\/senegal\/#\/schema\/person\/2b1cf3cd81a31e3cd26889ca66d677f1\"},\"description\":\"Je\u0301sus e\u0301tait ne\u0301 a\u0300 Bethle\u0301em en Jude\u0301e, au temps du roi He\u0301rode le Grand, raconte Matthieu dans le deuxie\u0300me chapitre ...\",\"breadcrumb\":{\"@id\":\"https:\/\/www.africa-press.net\/senegal\/toutes-les-actualites\/noel-letoile-de-bethleem-expliquee-par-un-astronome#breadcrumb\"},\"inLanguage\":\"fr-FR\",\"potentialAction\":[{\"@type\":\"ReadAction\",\"target\":[\"https:\/\/www.africa-press.net\/senegal\/toutes-les-actualites\/noel-letoile-de-bethleem-expliquee-par-un-astronome\"]}]},{\"@type\":\"ImageObject\",\"inLanguage\":\"fr-FR\",\"@id\":\"https:\/\/www.africa-press.net\/senegal\/toutes-les-actualites\/noel-letoile-de-bethleem-expliquee-par-un-astronome#primaryimage\",\"url\":\"https:\/\/static.africa-press.net\/senegal\/sites\/13\/2025\/12\/sm_1766315070.625682.jpg\",\"contentUrl\":\"https:\/\/static.africa-press.net\/senegal\/sites\/13\/2025\/12\/sm_1766315070.625682.jpg\",\"width\":1200,\"height\":899,\"caption\":\"Noe\u0308L: L\u2019E\u0301Toile de Bethle\u0301em Explique\u0301e par un Astronome\"},{\"@type\":\"BreadcrumbList\",\"@id\":\"https:\/\/www.africa-press.net\/senegal\/toutes-les-actualites\/noel-letoile-de-bethleem-expliquee-par-un-astronome#breadcrumb\",\"itemListElement\":[{\"@type\":\"ListItem\",\"position\":1,\"name\":\"Accueil\",\"item\":\"https:\/\/www.africa-press.net\/senegal\/\"},{\"@type\":\"ListItem\",\"position\":2,\"name\":\"Noe\u0308L: L\u2019E\u0301Toile de Bethle\u0301em Explique\u0301e par un Astronome\"}]},{\"@type\":\"WebSite\",\"@id\":\"https:\/\/www.africa-press.net\/senegal\/#website\",\"url\":\"https:\/\/www.africa-press.net\/senegal\/\",\"name\":\"Africa Press | Senegal | Homepage\",\"description\":\"Just another Africa News Agency Sites site\",\"potentialAction\":[{\"@type\":\"SearchAction\",\"target\":{\"@type\":\"EntryPoint\",\"urlTemplate\":\"https:\/\/www.africa-press.net\/senegal\/?s={search_term_string}\"},\"query-input\":{\"@type\":\"PropertyValueSpecification\",\"valueRequired\":true,\"valueName\":\"search_term_string\"}}],\"inLanguage\":\"fr-FR\"},{\"@type\":\"Person\",\"@id\":\"https:\/\/www.africa-press.net\/senegal\/#\/schema\/person\/2b1cf3cd81a31e3cd26889ca66d677f1\",\"name\":\"cfeditorfr\",\"url\":\"https:\/\/www.africa-press.net\/senegal\/author\/cfeditorfr\"}]}<\/script>\n<!-- \/ Yoast SEO Premium plugin. -->","yoast_head_json":{"title":"Noe\u0308L: L\u2019E\u0301Toile de Bethle\u0301em Explique\u0301e par un Astronome - Senegal","description":"Je\u0301sus e\u0301tait ne\u0301 a\u0300 Bethle\u0301em en Jude\u0301e, au temps du roi He\u0301rode le Grand, raconte Matthieu dans le deuxie\u0300me chapitre ...","robots":{"index":"index","follow":"follow","max-snippet":"max-snippet:-1","max-image-preview":"max-image-preview:large","max-video-preview":"max-video-preview:-1"},"canonical":"https:\/\/www.africa-press.net\/senegal\/toutes-les-actualites\/noel-letoile-de-bethleem-expliquee-par-un-astronome","og_locale":"fr_FR","og_type":"article","og_title":"Noe\u0308L: L\u2019E\u0301Toile de Bethle\u0301em Explique\u0301e par un Astronome","og_description":"Je\u0301sus e\u0301tait ne\u0301 a\u0300 Bethle\u0301em en Jude\u0301e, au temps du roi He\u0301rode le Grand, raconte Matthieu dans le deuxie\u0300me chapitre ...","og_url":"https:\/\/www.africa-press.net\/senegal\/toutes-les-actualites\/noel-letoile-de-bethleem-expliquee-par-un-astronome","og_site_name":"Senegal","article_published_time":"2025-12-20T12:00:00+00:00","article_modified_time":"2025-12-21T03:10:29+00:00","og_image":[{"width":1200,"height":899,"url":"https:\/\/static.africa-press.net\/senegal\/sites\/13\/2025\/12\/sm_1766315070.625682.jpg","type":"image\/jpeg"}],"author":"cfeditorfr","twitter_card":"summary_large_image","twitter_misc":{"\u00c9crit par":"cfeditorfr","Dur\u00e9e de lecture estim\u00e9e":"6 minutes"},"schema":{"@context":"https:\/\/schema.org","@graph":[{"@type":"Article","@id":"https:\/\/www.africa-press.net\/senegal\/toutes-les-actualites\/noel-letoile-de-bethleem-expliquee-par-un-astronome#article","isPartOf":{"@id":"https:\/\/www.africa-press.net\/senegal\/toutes-les-actualites\/noel-letoile-de-bethleem-expliquee-par-un-astronome"},"author":{"name":"cfeditorfr","@id":"https:\/\/www.africa-press.net\/senegal\/#\/schema\/person\/2b1cf3cd81a31e3cd26889ca66d677f1"},"headline":"Noe\u0308L: L\u2019E\u0301Toile de Bethle\u0301em Explique\u0301e par un Astronome","datePublished":"2025-12-20T12:00:00+00:00","dateModified":"2025-12-21T03:10:29+00:00","mainEntityOfPage":{"@id":"https:\/\/www.africa-press.net\/senegal\/toutes-les-actualites\/noel-letoile-de-bethleem-expliquee-par-un-astronome"},"wordCount":1179,"commentCount":0,"image":{"@id":"https:\/\/www.africa-press.net\/senegal\/toutes-les-actualites\/noel-letoile-de-bethleem-expliquee-par-un-astronome#primaryimage"},"thumbnailUrl":"https:\/\/static.africa-press.net\/senegal\/sites\/13\/2025\/12\/sm_1766315070.625682.jpg","keywords":["Senegal"],"articleSection":["Divers","Toutes les actualit\u00e9s"],"inLanguage":"fr-FR","potentialAction":[{"@type":"CommentAction","name":"Comment","target":["https:\/\/www.africa-press.net\/senegal\/toutes-les-actualites\/noel-letoile-de-bethleem-expliquee-par-un-astronome#respond"]}]},{"@type":"WebPage","@id":"https:\/\/www.africa-press.net\/senegal\/toutes-les-actualites\/noel-letoile-de-bethleem-expliquee-par-un-astronome","url":"https:\/\/www.africa-press.net\/senegal\/toutes-les-actualites\/noel-letoile-de-bethleem-expliquee-par-un-astronome","name":"Noe\u0308L: L\u2019E\u0301Toile de Bethle\u0301em Explique\u0301e par un Astronome - Senegal","isPartOf":{"@id":"https:\/\/www.africa-press.net\/senegal\/#website"},"primaryImageOfPage":{"@id":"https:\/\/www.africa-press.net\/senegal\/toutes-les-actualites\/noel-letoile-de-bethleem-expliquee-par-un-astronome#primaryimage"},"image":{"@id":"https:\/\/www.africa-press.net\/senegal\/toutes-les-actualites\/noel-letoile-de-bethleem-expliquee-par-un-astronome#primaryimage"},"thumbnailUrl":"https:\/\/static.africa-press.net\/senegal\/sites\/13\/2025\/12\/sm_1766315070.625682.jpg","datePublished":"2025-12-20T12:00:00+00:00","dateModified":"2025-12-21T03:10:29+00:00","author":{"@id":"https:\/\/www.africa-press.net\/senegal\/#\/schema\/person\/2b1cf3cd81a31e3cd26889ca66d677f1"},"description":"Je\u0301sus e\u0301tait ne\u0301 a\u0300 Bethle\u0301em en Jude\u0301e, au temps du roi He\u0301rode le Grand, raconte Matthieu dans le deuxie\u0300me chapitre ...","breadcrumb":{"@id":"https:\/\/www.africa-press.net\/senegal\/toutes-les-actualites\/noel-letoile-de-bethleem-expliquee-par-un-astronome#breadcrumb"},"inLanguage":"fr-FR","potentialAction":[{"@type":"ReadAction","target":["https:\/\/www.africa-press.net\/senegal\/toutes-les-actualites\/noel-letoile-de-bethleem-expliquee-par-un-astronome"]}]},{"@type":"ImageObject","inLanguage":"fr-FR","@id":"https:\/\/www.africa-press.net\/senegal\/toutes-les-actualites\/noel-letoile-de-bethleem-expliquee-par-un-astronome#primaryimage","url":"https:\/\/static.africa-press.net\/senegal\/sites\/13\/2025\/12\/sm_1766315070.625682.jpg","contentUrl":"https:\/\/static.africa-press.net\/senegal\/sites\/13\/2025\/12\/sm_1766315070.625682.jpg","width":1200,"height":899,"caption":"Noe\u0308L: L\u2019E\u0301Toile de Bethle\u0301em Explique\u0301e par un Astronome"},{"@type":"BreadcrumbList","@id":"https:\/\/www.africa-press.net\/senegal\/toutes-les-actualites\/noel-letoile-de-bethleem-expliquee-par-un-astronome#breadcrumb","itemListElement":[{"@type":"ListItem","position":1,"name":"Accueil","item":"https:\/\/www.africa-press.net\/senegal\/"},{"@type":"ListItem","position":2,"name":"Noe\u0308L: L\u2019E\u0301Toile de Bethle\u0301em Explique\u0301e par un Astronome"}]},{"@type":"WebSite","@id":"https:\/\/www.africa-press.net\/senegal\/#website","url":"https:\/\/www.africa-press.net\/senegal\/","name":"Africa Press | Senegal | Homepage","description":"Just another Africa News Agency Sites site","potentialAction":[{"@type":"SearchAction","target":{"@type":"EntryPoint","urlTemplate":"https:\/\/www.africa-press.net\/senegal\/?s={search_term_string}"},"query-input":{"@type":"PropertyValueSpecification","valueRequired":true,"valueName":"search_term_string"}}],"inLanguage":"fr-FR"},{"@type":"Person","@id":"https:\/\/www.africa-press.net\/senegal\/#\/schema\/person\/2b1cf3cd81a31e3cd26889ca66d677f1","name":"cfeditorfr","url":"https:\/\/www.africa-press.net\/senegal\/author\/cfeditorfr"}]}},"_links":{"self":[{"href":"https:\/\/www.africa-press.net\/senegal\/wp-json\/wp\/v2\/posts\/73653","targetHints":{"allow":["GET"]}}],"collection":[{"href":"https:\/\/www.africa-press.net\/senegal\/wp-json\/wp\/v2\/posts"}],"about":[{"href":"https:\/\/www.africa-press.net\/senegal\/wp-json\/wp\/v2\/types\/post"}],"author":[{"embeddable":true,"href":"https:\/\/www.africa-press.net\/senegal\/wp-json\/wp\/v2\/users\/82"}],"replies":[{"embeddable":true,"href":"https:\/\/www.africa-press.net\/senegal\/wp-json\/wp\/v2\/comments?post=73653"}],"version-history":[{"count":0,"href":"https:\/\/www.africa-press.net\/senegal\/wp-json\/wp\/v2\/posts\/73653\/revisions"}],"wp:featuredmedia":[{"embeddable":true,"href":"https:\/\/www.africa-press.net\/senegal\/wp-json\/wp\/v2\/media\/73652"}],"wp:attachment":[{"href":"https:\/\/www.africa-press.net\/senegal\/wp-json\/wp\/v2\/media?parent=73653"}],"wp:term":[{"taxonomy":"category","embeddable":true,"href":"https:\/\/www.africa-press.net\/senegal\/wp-json\/wp\/v2\/categories?post=73653"},{"taxonomy":"post_tag","embeddable":true,"href":"https:\/\/www.africa-press.net\/senegal\/wp-json\/wp\/v2\/tags?post=73653"}],"curies":[{"name":"wp","href":"https:\/\/api.w.org\/{rel}","templated":true}]}}