{"id":73693,"date":"2025-12-22T12:00:00","date_gmt":"2025-12-22T12:00:00","guid":{"rendered":"https:\/\/www.africa-press.net\/senegal\/politique\/perrier-sauve-son-etiquette-mais-le-scandale-persiste"},"modified":"2025-12-23T23:45:45","modified_gmt":"2025-12-23T23:45:45","slug":"perrier-sauve-son-etiquette-mais-le-scandale-persiste","status":"publish","type":"post","link":"https:\/\/www.africa-press.net\/senegal\/toutes-les-actualites\/perrier-sauve-son-etiquette-mais-le-scandale-persiste","title":{"rendered":"Perrier Sauve Son \u00c9tiquette mais le Scandale Persiste"},"content":{"rendered":"<p><span style=\"color: #ff6600\"><strong>Africa-Press &#8211; Senegal. <\/strong><\/span>Au coeur d\u2019un scandale depuis plusieurs mois sur la qualite\u0301 de ses eaux, le ge\u0301ant agroalimentaire suisse Nestle\u0301 va finalement pouvoir continuer a\u0300 utiliser l\u2019appellation haut de gamme \u00ab eau mine\u0301rale naturelle \u00bb pour sa marque phare Perrier.<\/p>\n<p>Les autorite\u0301s franc\u0327aises avaient jusqu\u2019a\u0300 fin mars pour se prononcer mais c\u2019est finalement juste avant le de\u0301but des vacances de fin d\u2019anne\u0301e qu\u2019elles ont publie\u0301 leur de\u0301cision: Nestle\u0301 Waters pourra bien continuer a\u0300 produire du Perrier avec l\u2019appellation \u00ab eau mine\u0301rale naturelle \u00bb sur son site de Verge\u0300ze (Gard), mais seulement sur deux de ses forages.<\/p>\n<p>Selon un arre\u0302te\u0301 du pre\u0301fet du Gard, Je\u0301ro\u0302me Bonet, publie\u0301 vendredi et re\u0301ve\u0301le\u0301 par Radio France et Le Monde, l\u2019entreprise \u00ab est autorise\u0301e a\u0300 exploiter (&#8230;) apre\u0300s traitement et renforcement au gaz carbonique, l\u2019eau mine\u0301rale naturelle source Perrier issue du me\u0301lange des eaux des captages Romaine VI et Romaine VII \u00bb sur le site gardois.<\/p>\n<p>Fin novembre, un hydroge\u0301ologue, de\u0301signe\u0301 par l\u2019Agence re\u0301gionale de sante\u0301 (ARS) d\u2019Occitanie, s\u2019e\u0301tait \u00ab prononce\u0301 favorablement sous re\u0301serves \u00bb, e\u0301mettant des recommandations.<\/p>\n<p>L\u2019arre\u0302te\u0301 impose que les contro\u0302les sanitaires soient renforce\u0301s, avec par exemple sur les forages un suivi des parame\u0300tres microbiologiques chaque semaine. Et d\u2019ici deux ans, la transmission d\u2019un bilan pour \u00ab attester que la stabilite\u0301 de la composition mine\u0301rale de l\u2019eau, la purete\u0301 originelle et la protection suffisante de la nappe exploite\u0301e sont ve\u0301rifie\u0301es \u00bb.<\/p>\n<p>Et en cas de de\u0301passement des valeurs limites re\u0301glementaires, les forages doivent e\u0302tre arre\u0302te\u0301s.<\/p>\n<p><b>\u00ab Incompre\u0301hensible \u00bb<\/b><\/p>\n<p>Les trois autres forages du site, pour lesquels Nestle\u0301 n\u2019avait pas demande\u0301 d\u2019autorisation, \u00ab ne sont plus autorise\u0301s a\u0300 l\u2019exploitation \u00bb et leur canalisations devront e\u0302tre de\u0301mantele\u0301es.<\/p>\n<p>Nestle\u0301 Waters est au coeur d\u2019un scandale apre\u0300s avoir admis en 2024 avoir utilise\u0301 par le passe\u0301 des traitements interdits pour ses eaux. Ils ont e\u0301te\u0301 remplace\u0301s par une microfiltration a\u0300 0,2 micron dont la le\u0301galite\u0301 a elle aussi e\u0301te\u0301 conteste\u0301e, l\u2019eau mine\u0301rale naturelle ne pouvant faire l\u2019objet de de\u0301sinfection ou traitement de nature a\u0300 modifier ses caracte\u0301ristiques.<\/p>\n<p>Nestle\u0301 Waters est ensuite passe\u0301 a\u0300 une microfiltration a\u0300 0,45 micron, ce qui l\u2019a contraint a\u0300 de\u0301poser en juillet de nouvelles demandes d\u2019autorisation pre\u0301fectorale pour pouvoir continuer a\u0300 utiliser l\u2019appellation \u00ab eau mine\u0301rale naturelle \u00bb.<\/p>\n<p>Dans un communique\u0301, l\u2019entreprise salue cette de\u0301cision pour cette marque \u00ab emble\u0301matique du patrimoine franc\u0327ais \u00bb.<\/p>\n<p>Elle \u00ab a e\u0301te\u0301 accueillie avec beaucoup de soulagement par toutes les e\u0301quipes (&#8230;) qui ont travaille\u0301 sans rela\u0302che ces dernie\u0300res anne\u0301es pour la re\u0301ussite de cette transformation. C\u2019est aussi une nouvelle importante pour le territoire gardois \u00bb, souligne Laure Goutagneux, directrice ge\u0301ne\u0301rale de Nestle\u0301 Waters France, cite\u0301e dans le communique\u0301.<\/p>\n<p>En revanche pour Foodwatch, \u00ab cette de\u0301cision est incompre\u0301hensible car Nestle\u0301 n\u2019a de\u0301montre\u0301 que partiellement que les traitements de microfiltration a\u0300 0,45 \u03bcm n\u2019avaient pas d\u2019impact sur le microbisme naturel de l\u2019eau, selon l\u2019Autorite\u0301 re\u0301gionale de la sante\u0301 d\u2019Occitanie cite\u0301e par Le Monde \u00bb. L\u2019association estime que \u00ab la fraude, qui consiste a\u0300 filtrer les eaux en bouteille, demeure caracte\u0301rise\u0301e \u00bb.<\/p>\n<p>En de\u0301cembre, Radio France avait re\u0301ve\u0301le\u0301 de nouveaux e\u0301pisodes de contaminations depuis le retrait progressif des filtres interdits avec des milliers de palettes de bouteilles vertes bloque\u0301es apre\u0300s la de\u0301tection \u00ab d\u2019e\u0301carts bacte\u0301riologiques \u00bb.<\/p>\n<p>En novembre, le tribunal judiciaire de Nanterre avait autorise\u0301 la poursuite de la commercialisation des eaux Perrier sous l\u2019appellation \u00ab eau mine\u0301rale naturelle \u00bb, apre\u0300s un recours introduit en re\u0301fe\u0301re\u0301 par l\u2019UFC-Que Choisir.<\/p>\n<p><strong>Pour plus d&rsquo;informations et d&rsquo;analyses sur la <span style=\"color: #ff6600\">Senegal<\/span>, suivez <span style=\"color: #ff6600\">Africa-Press<\/span><\/strong><\/p>\n","protected":false},"excerpt":{"rendered":"<p>Africa-Press &#8211; Senegal. Au coeur d\u2019un scandale depuis plusieurs mois sur la qualite\u0301 de ses eaux, le ge\u0301ant agroalimentaire suisse Nestle\u0301 va finalement pouvoir continuer a\u0300 utiliser l\u2019appellation haut de gamme \u00ab eau mine\u0301rale naturelle \u00bb pour sa marque phare Perrier. Les autorite\u0301s franc\u0327aises avaient jusqu\u2019a\u0300 fin mars pour se prononcer mais c\u2019est finalement juste [&hellip;]<\/p>\n","protected":false},"author":82,"featured_media":73692,"comment_status":"open","ping_status":"closed","sticky":false,"template":"","format":"standard","meta":{"footnotes":""},"categories":[22,10],"tags":[44],"class_list":["post-73693","post","type-post","status-publish","format-standard","has-post-thumbnail","hentry","category-divers","category-toutes-les-actualites","tag-senegal-2"],"yoast_head":"<!-- This site is optimized with the Yoast SEO Premium plugin v26.1 (Yoast SEO v27.0) - https:\/\/yoast.com\/product\/yoast-seo-premium-wordpress\/ -->\n<title>Perrier Sauve Son \u00c9tiquette mais le Scandale Persiste - Senegal<\/title>\n<meta name=\"description\" content=\"Au coeur d\u2019un scandale depuis plusieurs mois sur la qualite\u0301 de ses eaux, le ge\u0301ant agroalimentaire suisse Nestle\u0301 va fi ...\" \/>\n<meta name=\"robots\" content=\"index, follow, max-snippet:-1, max-image-preview:large, max-video-preview:-1\" \/>\n<link rel=\"canonical\" href=\"https:\/\/www.africa-press.net\/senegal\/toutes-les-actualites\/perrier-sauve-son-etiquette-mais-le-scandale-persiste\" \/>\n<meta property=\"og:locale\" content=\"fr_FR\" \/>\n<meta property=\"og:type\" content=\"article\" \/>\n<meta property=\"og:title\" content=\"Perrier Sauve Son \u00c9tiquette mais le Scandale Persiste\" \/>\n<meta property=\"og:description\" content=\"Au coeur d\u2019un scandale depuis plusieurs mois sur la qualite\u0301 de ses eaux, le ge\u0301ant agroalimentaire suisse Nestle\u0301 va fi ...\" \/>\n<meta property=\"og:url\" content=\"https:\/\/www.africa-press.net\/senegal\/toutes-les-actualites\/perrier-sauve-son-etiquette-mais-le-scandale-persiste\" \/>\n<meta property=\"og:site_name\" content=\"Senegal\" \/>\n<meta property=\"article:published_time\" content=\"2025-12-22T12:00:00+00:00\" \/>\n<meta property=\"article:modified_time\" content=\"2025-12-23T23:45:45+00:00\" \/>\n<meta property=\"og:image\" content=\"https:\/\/static.africa-press.net\/senegal\/sites\/13\/2025\/12\/sm_1766561953.883918.jpg\" \/>\n\t<meta property=\"og:image:width\" content=\"1200\" \/>\n\t<meta property=\"og:image:height\" content=\"900\" \/>\n\t<meta property=\"og:image:type\" content=\"image\/jpeg\" \/>\n<meta name=\"author\" content=\"cfeditorfr\" \/>\n<meta name=\"twitter:card\" content=\"summary_large_image\" \/>\n<meta name=\"twitter:label1\" content=\"\u00c9crit par\" \/>\n\t<meta name=\"twitter:data1\" content=\"cfeditorfr\" \/>\n\t<meta name=\"twitter:label2\" content=\"Dur\u00e9e de lecture estim\u00e9e\" \/>\n\t<meta name=\"twitter:data2\" content=\"3 minutes\" \/>\n<script type=\"application\/ld+json\" class=\"yoast-schema-graph\">{\"@context\":\"https:\/\/schema.org\",\"@graph\":[{\"@type\":\"Article\",\"@id\":\"https:\/\/www.africa-press.net\/senegal\/toutes-les-actualites\/perrier-sauve-son-etiquette-mais-le-scandale-persiste#article\",\"isPartOf\":{\"@id\":\"https:\/\/www.africa-press.net\/senegal\/toutes-les-actualites\/perrier-sauve-son-etiquette-mais-le-scandale-persiste\"},\"author\":{\"name\":\"cfeditorfr\",\"@id\":\"https:\/\/www.africa-press.net\/senegal\/#\/schema\/person\/2b1cf3cd81a31e3cd26889ca66d677f1\"},\"headline\":\"Perrier Sauve Son \u00c9tiquette mais le Scandale Persiste\",\"datePublished\":\"2025-12-22T12:00:00+00:00\",\"dateModified\":\"2025-12-23T23:45:45+00:00\",\"mainEntityOfPage\":{\"@id\":\"https:\/\/www.africa-press.net\/senegal\/toutes-les-actualites\/perrier-sauve-son-etiquette-mais-le-scandale-persiste\"},\"wordCount\":671,\"commentCount\":0,\"image\":{\"@id\":\"https:\/\/www.africa-press.net\/senegal\/toutes-les-actualites\/perrier-sauve-son-etiquette-mais-le-scandale-persiste#primaryimage\"},\"thumbnailUrl\":\"https:\/\/static.africa-press.net\/senegal\/sites\/13\/2025\/12\/sm_1766561953.883918.jpg\",\"keywords\":[\"Senegal\"],\"articleSection\":[\"Divers\",\"Toutes les actualit\u00e9s\"],\"inLanguage\":\"fr-FR\",\"potentialAction\":[{\"@type\":\"CommentAction\",\"name\":\"Comment\",\"target\":[\"https:\/\/www.africa-press.net\/senegal\/toutes-les-actualites\/perrier-sauve-son-etiquette-mais-le-scandale-persiste#respond\"]}]},{\"@type\":\"WebPage\",\"@id\":\"https:\/\/www.africa-press.net\/senegal\/toutes-les-actualites\/perrier-sauve-son-etiquette-mais-le-scandale-persiste\",\"url\":\"https:\/\/www.africa-press.net\/senegal\/toutes-les-actualites\/perrier-sauve-son-etiquette-mais-le-scandale-persiste\",\"name\":\"Perrier Sauve Son \u00c9tiquette mais le Scandale Persiste - Senegal\",\"isPartOf\":{\"@id\":\"https:\/\/www.africa-press.net\/senegal\/#website\"},\"primaryImageOfPage\":{\"@id\":\"https:\/\/www.africa-press.net\/senegal\/toutes-les-actualites\/perrier-sauve-son-etiquette-mais-le-scandale-persiste#primaryimage\"},\"image\":{\"@id\":\"https:\/\/www.africa-press.net\/senegal\/toutes-les-actualites\/perrier-sauve-son-etiquette-mais-le-scandale-persiste#primaryimage\"},\"thumbnailUrl\":\"https:\/\/static.africa-press.net\/senegal\/sites\/13\/2025\/12\/sm_1766561953.883918.jpg\",\"datePublished\":\"2025-12-22T12:00:00+00:00\",\"dateModified\":\"2025-12-23T23:45:45+00:00\",\"author\":{\"@id\":\"https:\/\/www.africa-press.net\/senegal\/#\/schema\/person\/2b1cf3cd81a31e3cd26889ca66d677f1\"},\"description\":\"Au coeur d\u2019un scandale depuis plusieurs mois sur la qualite\u0301 de ses eaux, le ge\u0301ant agroalimentaire suisse Nestle\u0301 va fi ...\",\"breadcrumb\":{\"@id\":\"https:\/\/www.africa-press.net\/senegal\/toutes-les-actualites\/perrier-sauve-son-etiquette-mais-le-scandale-persiste#breadcrumb\"},\"inLanguage\":\"fr-FR\",\"potentialAction\":[{\"@type\":\"ReadAction\",\"target\":[\"https:\/\/www.africa-press.net\/senegal\/toutes-les-actualites\/perrier-sauve-son-etiquette-mais-le-scandale-persiste\"]}]},{\"@type\":\"ImageObject\",\"inLanguage\":\"fr-FR\",\"@id\":\"https:\/\/www.africa-press.net\/senegal\/toutes-les-actualites\/perrier-sauve-son-etiquette-mais-le-scandale-persiste#primaryimage\",\"url\":\"https:\/\/static.africa-press.net\/senegal\/sites\/13\/2025\/12\/sm_1766561953.883918.jpg\",\"contentUrl\":\"https:\/\/static.africa-press.net\/senegal\/sites\/13\/2025\/12\/sm_1766561953.883918.jpg\",\"width\":1200,\"height\":900,\"caption\":\"Perrier Sauve Son \u00c9tiquette mais le Scandale Persiste\"},{\"@type\":\"BreadcrumbList\",\"@id\":\"https:\/\/www.africa-press.net\/senegal\/toutes-les-actualites\/perrier-sauve-son-etiquette-mais-le-scandale-persiste#breadcrumb\",\"itemListElement\":[{\"@type\":\"ListItem\",\"position\":1,\"name\":\"Accueil\",\"item\":\"https:\/\/www.africa-press.net\/senegal\/\"},{\"@type\":\"ListItem\",\"position\":2,\"name\":\"Perrier Sauve Son \u00c9tiquette mais le Scandale Persiste\"}]},{\"@type\":\"WebSite\",\"@id\":\"https:\/\/www.africa-press.net\/senegal\/#website\",\"url\":\"https:\/\/www.africa-press.net\/senegal\/\",\"name\":\"Africa Press | Senegal | Homepage\",\"description\":\"Just another Africa News Agency Sites site\",\"potentialAction\":[{\"@type\":\"SearchAction\",\"target\":{\"@type\":\"EntryPoint\",\"urlTemplate\":\"https:\/\/www.africa-press.net\/senegal\/?s={search_term_string}\"},\"query-input\":{\"@type\":\"PropertyValueSpecification\",\"valueRequired\":true,\"valueName\":\"search_term_string\"}}],\"inLanguage\":\"fr-FR\"},{\"@type\":\"Person\",\"@id\":\"https:\/\/www.africa-press.net\/senegal\/#\/schema\/person\/2b1cf3cd81a31e3cd26889ca66d677f1\",\"name\":\"cfeditorfr\",\"url\":\"https:\/\/www.africa-press.net\/senegal\/author\/cfeditorfr\"}]}<\/script>\n<!-- \/ Yoast SEO Premium plugin. -->","yoast_head_json":{"title":"Perrier Sauve Son \u00c9tiquette mais le Scandale Persiste - Senegal","description":"Au coeur d\u2019un scandale depuis plusieurs mois sur la qualite\u0301 de ses eaux, le ge\u0301ant agroalimentaire suisse Nestle\u0301 va fi ...","robots":{"index":"index","follow":"follow","max-snippet":"max-snippet:-1","max-image-preview":"max-image-preview:large","max-video-preview":"max-video-preview:-1"},"canonical":"https:\/\/www.africa-press.net\/senegal\/toutes-les-actualites\/perrier-sauve-son-etiquette-mais-le-scandale-persiste","og_locale":"fr_FR","og_type":"article","og_title":"Perrier Sauve Son \u00c9tiquette mais le Scandale Persiste","og_description":"Au coeur d\u2019un scandale depuis plusieurs mois sur la qualite\u0301 de ses eaux, le ge\u0301ant agroalimentaire suisse Nestle\u0301 va fi ...","og_url":"https:\/\/www.africa-press.net\/senegal\/toutes-les-actualites\/perrier-sauve-son-etiquette-mais-le-scandale-persiste","og_site_name":"Senegal","article_published_time":"2025-12-22T12:00:00+00:00","article_modified_time":"2025-12-23T23:45:45+00:00","og_image":[{"width":1200,"height":900,"url":"https:\/\/static.africa-press.net\/senegal\/sites\/13\/2025\/12\/sm_1766561953.883918.jpg","type":"image\/jpeg"}],"author":"cfeditorfr","twitter_card":"summary_large_image","twitter_misc":{"\u00c9crit par":"cfeditorfr","Dur\u00e9e de lecture estim\u00e9e":"3 minutes"},"schema":{"@context":"https:\/\/schema.org","@graph":[{"@type":"Article","@id":"https:\/\/www.africa-press.net\/senegal\/toutes-les-actualites\/perrier-sauve-son-etiquette-mais-le-scandale-persiste#article","isPartOf":{"@id":"https:\/\/www.africa-press.net\/senegal\/toutes-les-actualites\/perrier-sauve-son-etiquette-mais-le-scandale-persiste"},"author":{"name":"cfeditorfr","@id":"https:\/\/www.africa-press.net\/senegal\/#\/schema\/person\/2b1cf3cd81a31e3cd26889ca66d677f1"},"headline":"Perrier Sauve Son \u00c9tiquette mais le Scandale Persiste","datePublished":"2025-12-22T12:00:00+00:00","dateModified":"2025-12-23T23:45:45+00:00","mainEntityOfPage":{"@id":"https:\/\/www.africa-press.net\/senegal\/toutes-les-actualites\/perrier-sauve-son-etiquette-mais-le-scandale-persiste"},"wordCount":671,"commentCount":0,"image":{"@id":"https:\/\/www.africa-press.net\/senegal\/toutes-les-actualites\/perrier-sauve-son-etiquette-mais-le-scandale-persiste#primaryimage"},"thumbnailUrl":"https:\/\/static.africa-press.net\/senegal\/sites\/13\/2025\/12\/sm_1766561953.883918.jpg","keywords":["Senegal"],"articleSection":["Divers","Toutes les actualit\u00e9s"],"inLanguage":"fr-FR","potentialAction":[{"@type":"CommentAction","name":"Comment","target":["https:\/\/www.africa-press.net\/senegal\/toutes-les-actualites\/perrier-sauve-son-etiquette-mais-le-scandale-persiste#respond"]}]},{"@type":"WebPage","@id":"https:\/\/www.africa-press.net\/senegal\/toutes-les-actualites\/perrier-sauve-son-etiquette-mais-le-scandale-persiste","url":"https:\/\/www.africa-press.net\/senegal\/toutes-les-actualites\/perrier-sauve-son-etiquette-mais-le-scandale-persiste","name":"Perrier Sauve Son \u00c9tiquette mais le Scandale Persiste - Senegal","isPartOf":{"@id":"https:\/\/www.africa-press.net\/senegal\/#website"},"primaryImageOfPage":{"@id":"https:\/\/www.africa-press.net\/senegal\/toutes-les-actualites\/perrier-sauve-son-etiquette-mais-le-scandale-persiste#primaryimage"},"image":{"@id":"https:\/\/www.africa-press.net\/senegal\/toutes-les-actualites\/perrier-sauve-son-etiquette-mais-le-scandale-persiste#primaryimage"},"thumbnailUrl":"https:\/\/static.africa-press.net\/senegal\/sites\/13\/2025\/12\/sm_1766561953.883918.jpg","datePublished":"2025-12-22T12:00:00+00:00","dateModified":"2025-12-23T23:45:45+00:00","author":{"@id":"https:\/\/www.africa-press.net\/senegal\/#\/schema\/person\/2b1cf3cd81a31e3cd26889ca66d677f1"},"description":"Au coeur d\u2019un scandale depuis plusieurs mois sur la qualite\u0301 de ses eaux, le ge\u0301ant agroalimentaire suisse Nestle\u0301 va fi ...","breadcrumb":{"@id":"https:\/\/www.africa-press.net\/senegal\/toutes-les-actualites\/perrier-sauve-son-etiquette-mais-le-scandale-persiste#breadcrumb"},"inLanguage":"fr-FR","potentialAction":[{"@type":"ReadAction","target":["https:\/\/www.africa-press.net\/senegal\/toutes-les-actualites\/perrier-sauve-son-etiquette-mais-le-scandale-persiste"]}]},{"@type":"ImageObject","inLanguage":"fr-FR","@id":"https:\/\/www.africa-press.net\/senegal\/toutes-les-actualites\/perrier-sauve-son-etiquette-mais-le-scandale-persiste#primaryimage","url":"https:\/\/static.africa-press.net\/senegal\/sites\/13\/2025\/12\/sm_1766561953.883918.jpg","contentUrl":"https:\/\/static.africa-press.net\/senegal\/sites\/13\/2025\/12\/sm_1766561953.883918.jpg","width":1200,"height":900,"caption":"Perrier Sauve Son \u00c9tiquette mais le Scandale Persiste"},{"@type":"BreadcrumbList","@id":"https:\/\/www.africa-press.net\/senegal\/toutes-les-actualites\/perrier-sauve-son-etiquette-mais-le-scandale-persiste#breadcrumb","itemListElement":[{"@type":"ListItem","position":1,"name":"Accueil","item":"https:\/\/www.africa-press.net\/senegal\/"},{"@type":"ListItem","position":2,"name":"Perrier Sauve Son \u00c9tiquette mais le Scandale Persiste"}]},{"@type":"WebSite","@id":"https:\/\/www.africa-press.net\/senegal\/#website","url":"https:\/\/www.africa-press.net\/senegal\/","name":"Africa Press | Senegal | Homepage","description":"Just another Africa News Agency Sites site","potentialAction":[{"@type":"SearchAction","target":{"@type":"EntryPoint","urlTemplate":"https:\/\/www.africa-press.net\/senegal\/?s={search_term_string}"},"query-input":{"@type":"PropertyValueSpecification","valueRequired":true,"valueName":"search_term_string"}}],"inLanguage":"fr-FR"},{"@type":"Person","@id":"https:\/\/www.africa-press.net\/senegal\/#\/schema\/person\/2b1cf3cd81a31e3cd26889ca66d677f1","name":"cfeditorfr","url":"https:\/\/www.africa-press.net\/senegal\/author\/cfeditorfr"}]}},"_links":{"self":[{"href":"https:\/\/www.africa-press.net\/senegal\/wp-json\/wp\/v2\/posts\/73693","targetHints":{"allow":["GET"]}}],"collection":[{"href":"https:\/\/www.africa-press.net\/senegal\/wp-json\/wp\/v2\/posts"}],"about":[{"href":"https:\/\/www.africa-press.net\/senegal\/wp-json\/wp\/v2\/types\/post"}],"author":[{"embeddable":true,"href":"https:\/\/www.africa-press.net\/senegal\/wp-json\/wp\/v2\/users\/82"}],"replies":[{"embeddable":true,"href":"https:\/\/www.africa-press.net\/senegal\/wp-json\/wp\/v2\/comments?post=73693"}],"version-history":[{"count":0,"href":"https:\/\/www.africa-press.net\/senegal\/wp-json\/wp\/v2\/posts\/73693\/revisions"}],"wp:featuredmedia":[{"embeddable":true,"href":"https:\/\/www.africa-press.net\/senegal\/wp-json\/wp\/v2\/media\/73692"}],"wp:attachment":[{"href":"https:\/\/www.africa-press.net\/senegal\/wp-json\/wp\/v2\/media?parent=73693"}],"wp:term":[{"taxonomy":"category","embeddable":true,"href":"https:\/\/www.africa-press.net\/senegal\/wp-json\/wp\/v2\/categories?post=73693"},{"taxonomy":"post_tag","embeddable":true,"href":"https:\/\/www.africa-press.net\/senegal\/wp-json\/wp\/v2\/tags?post=73693"}],"curies":[{"name":"wp","href":"https:\/\/api.w.org\/{rel}","templated":true}]}}