{"id":73706,"date":"2025-12-23T14:00:00","date_gmt":"2025-12-23T14:00:00","guid":{"rendered":"https:\/\/www.africa-press.net\/senegal\/politique\/revision-du-proces-sonko-niang-conflit-dinterets-denonce"},"modified":"2025-12-24T00:35:30","modified_gmt":"2025-12-24T00:35:30","slug":"revision-du-proces-sonko-niang-conflit-dinterets-denonce","status":"publish","type":"post","link":"https:\/\/www.africa-press.net\/senegal\/parties\/revision-du-proces-sonko-niang-conflit-dinterets-denonce","title":{"rendered":"R\u00e9vision du Proc\u00e8s Sonko\u2013Niang: Conflit D&rsquo;Int\u00e9r\u00eats Denonc\u00e9"},"content":{"rendered":"<p><span style=\"color: #ff6600\"><strong>Africa-Press &#8211; Senegal. <\/strong><\/span>Le de\u0301clenchement d\u2019une proce\u0301dure de re\u0301vision du proce\u0300s opposant le Premier ministre Ousmane Sonko a\u0300 l\u2019ancien ministre Mame Mbaye Niang re\u0301ve\u0300le \u00abune situation de conflit d\u2019inte\u0301re\u0302ts structurel \u00bb. C\u2019est du moins ce qu\u2019estime le collectif des cadres du Parti des libe\u0301raux et des de\u0301mocrates (PLD) And Suqali dans un communique\u0301 rendu public ce 23 de\u0301cembre 2025.<\/p>\n<p>Cette re\u0301action fait suite a\u0300 l\u2019annonce, par les avocats de Sonko, du lancement d\u2019une proce\u0301dure de re\u0301vision du proce\u0300s en diffamation opposant Ousmane Sonko a\u0300 Mame Mbaye Niang.<\/p>\n<p>Pour le collectif des cadres du PLD And Suqali, le contexte politique pe\u0300se lourdement sur cette de\u0301cision. Il rappelle qu\u2019elle intervient \u00ab apre\u0300s de nombreuses complaintes de M. Sonko exigeant publiquement du pre\u0301sident de la Re\u0301publique et de la justice une issue favorable de ses de\u0301boires judiciaires \u00bb, alors que \u00ab d\u2019autres demandes similaires, comme celle de M. Karim Wade, n\u2019ont me\u0302me pas e\u0301te\u0301 traite\u0301es \u00bb.<\/p>\n<p>En ce sens, les cadres du collectif affirment qu&rsquo;Ousmane Sonko \u00ab ne peut continuer a\u0300 diriger le gouvernement sans mettre en cause l\u2019inde\u0301pendance des magistrats ainsi que la cre\u0301dibilite\u0301 des de\u0301cisions qui seraient prises dans cette proce\u0301dure \u00bb. Ceci, au risque de \u00ab prouver encore une fois une volonte\u0301 d\u2019asservissement de l\u2019institution judiciaire \u00bb.<\/p>\n<p><strong>Pour plus d&rsquo;informations et d&rsquo;analyses sur la <span style=\"color: #ff6600\">Senegal<\/span>, suivez <span style=\"color: #ff6600\">Africa-Press<\/span><\/strong><\/p>\n","protected":false},"excerpt":{"rendered":"<p>Africa-Press &#8211; Senegal. Le de\u0301clenchement d\u2019une proce\u0301dure de re\u0301vision du proce\u0300s opposant le Premier ministre Ousmane Sonko a\u0300 l\u2019ancien ministre Mame Mbaye Niang re\u0301ve\u0300le \u00abune situation de conflit d\u2019inte\u0301re\u0302ts structurel \u00bb. C\u2019est du moins ce qu\u2019estime le collectif des cadres du Parti des libe\u0301raux et des de\u0301mocrates (PLD) And Suqali dans un communique\u0301 rendu public [&hellip;]<\/p>\n","protected":false},"author":82,"featured_media":73705,"comment_status":"open","ping_status":"closed","sticky":false,"template":"","format":"standard","meta":{"footnotes":""},"categories":[4,20,10],"tags":[44],"class_list":["post-73706","post","type-post","status-publish","format-standard","has-post-thumbnail","hentry","category-parties","category-top-nouvelles","category-toutes-les-actualites","tag-senegal-2"],"yoast_head":"<!-- This site is optimized with the Yoast SEO Premium plugin v26.1 (Yoast SEO v27.0) - https:\/\/yoast.com\/product\/yoast-seo-premium-wordpress\/ -->\n<title>R\u00e9vision du Proc\u00e8s Sonko\u2013Niang: Conflit D&#039;Int\u00e9r\u00eats Denonc\u00e9 - Senegal<\/title>\n<meta name=\"description\" content=\"Le de\u0301clenchement d\u2019une proce\u0301dure de re\u0301vision du proce\u0300s opposant le Premier ministre Ousmane Sonko a\u0300 l\u2019ancien minist ...\" \/>\n<meta name=\"robots\" content=\"index, follow, max-snippet:-1, max-image-preview:large, max-video-preview:-1\" \/>\n<link rel=\"canonical\" href=\"https:\/\/www.africa-press.net\/senegal\/parties\/revision-du-proces-sonko-niang-conflit-dinterets-denonce\" \/>\n<meta property=\"og:locale\" content=\"fr_FR\" \/>\n<meta property=\"og:type\" content=\"article\" \/>\n<meta property=\"og:title\" content=\"R\u00e9vision du Proc\u00e8s Sonko\u2013Niang: Conflit D&#039;Int\u00e9r\u00eats Denonc\u00e9\" \/>\n<meta property=\"og:description\" content=\"Le de\u0301clenchement d\u2019une proce\u0301dure de re\u0301vision du proce\u0300s opposant le Premier ministre Ousmane Sonko a\u0300 l\u2019ancien minist ...\" \/>\n<meta property=\"og:url\" content=\"https:\/\/www.africa-press.net\/senegal\/parties\/revision-du-proces-sonko-niang-conflit-dinterets-denonce\" \/>\n<meta property=\"og:site_name\" content=\"Senegal\" \/>\n<meta property=\"article:published_time\" content=\"2025-12-23T14:00:00+00:00\" \/>\n<meta property=\"article:modified_time\" content=\"2025-12-24T00:35:30+00:00\" \/>\n<meta property=\"og:image\" content=\"https:\/\/static.africa-press.net\/senegal\/sites\/13\/2025\/12\/sm_1766565258.839649.jpg\" \/>\n\t<meta property=\"og:image:width\" content=\"1280\" \/>\n\t<meta property=\"og:image:height\" content=\"720\" \/>\n\t<meta property=\"og:image:type\" content=\"image\/jpeg\" \/>\n<meta name=\"author\" content=\"cfeditorfr\" \/>\n<meta name=\"twitter:card\" content=\"summary_large_image\" \/>\n<meta name=\"twitter:label1\" content=\"\u00c9crit par\" \/>\n\t<meta name=\"twitter:data1\" content=\"cfeditorfr\" \/>\n\t<meta name=\"twitter:label2\" content=\"Dur\u00e9e de lecture estim\u00e9e\" \/>\n\t<meta name=\"twitter:data2\" content=\"1 minute\" \/>\n<script type=\"application\/ld+json\" class=\"yoast-schema-graph\">{\"@context\":\"https:\/\/schema.org\",\"@graph\":[{\"@type\":\"Article\",\"@id\":\"https:\/\/www.africa-press.net\/senegal\/parties\/revision-du-proces-sonko-niang-conflit-dinterets-denonce#article\",\"isPartOf\":{\"@id\":\"https:\/\/www.africa-press.net\/senegal\/parties\/revision-du-proces-sonko-niang-conflit-dinterets-denonce\"},\"author\":{\"name\":\"cfeditorfr\",\"@id\":\"https:\/\/www.africa-press.net\/senegal\/#\/schema\/person\/2b1cf3cd81a31e3cd26889ca66d677f1\"},\"headline\":\"R\u00e9vision du Proc\u00e8s Sonko\u2013Niang: Conflit D&rsquo;Int\u00e9r\u00eats Denonc\u00e9\",\"datePublished\":\"2025-12-23T14:00:00+00:00\",\"dateModified\":\"2025-12-24T00:35:30+00:00\",\"mainEntityOfPage\":{\"@id\":\"https:\/\/www.africa-press.net\/senegal\/parties\/revision-du-proces-sonko-niang-conflit-dinterets-denonce\"},\"wordCount\":263,\"commentCount\":0,\"image\":{\"@id\":\"https:\/\/www.africa-press.net\/senegal\/parties\/revision-du-proces-sonko-niang-conflit-dinterets-denonce#primaryimage\"},\"thumbnailUrl\":\"https:\/\/static.africa-press.net\/senegal\/sites\/13\/2025\/12\/sm_1766565258.839649.jpg\",\"keywords\":[\"Senegal\"],\"articleSection\":[\"Parties\",\"Top Nouvelles\",\"Toutes les actualit\u00e9s\"],\"inLanguage\":\"fr-FR\",\"potentialAction\":[{\"@type\":\"CommentAction\",\"name\":\"Comment\",\"target\":[\"https:\/\/www.africa-press.net\/senegal\/parties\/revision-du-proces-sonko-niang-conflit-dinterets-denonce#respond\"]}]},{\"@type\":\"WebPage\",\"@id\":\"https:\/\/www.africa-press.net\/senegal\/parties\/revision-du-proces-sonko-niang-conflit-dinterets-denonce\",\"url\":\"https:\/\/www.africa-press.net\/senegal\/parties\/revision-du-proces-sonko-niang-conflit-dinterets-denonce\",\"name\":\"R\u00e9vision du Proc\u00e8s Sonko\u2013Niang: Conflit D'Int\u00e9r\u00eats Denonc\u00e9 - Senegal\",\"isPartOf\":{\"@id\":\"https:\/\/www.africa-press.net\/senegal\/#website\"},\"primaryImageOfPage\":{\"@id\":\"https:\/\/www.africa-press.net\/senegal\/parties\/revision-du-proces-sonko-niang-conflit-dinterets-denonce#primaryimage\"},\"image\":{\"@id\":\"https:\/\/www.africa-press.net\/senegal\/parties\/revision-du-proces-sonko-niang-conflit-dinterets-denonce#primaryimage\"},\"thumbnailUrl\":\"https:\/\/static.africa-press.net\/senegal\/sites\/13\/2025\/12\/sm_1766565258.839649.jpg\",\"datePublished\":\"2025-12-23T14:00:00+00:00\",\"dateModified\":\"2025-12-24T00:35:30+00:00\",\"author\":{\"@id\":\"https:\/\/www.africa-press.net\/senegal\/#\/schema\/person\/2b1cf3cd81a31e3cd26889ca66d677f1\"},\"description\":\"Le de\u0301clenchement d\u2019une proce\u0301dure de re\u0301vision du proce\u0300s opposant le Premier ministre Ousmane Sonko a\u0300 l\u2019ancien minist ...\",\"breadcrumb\":{\"@id\":\"https:\/\/www.africa-press.net\/senegal\/parties\/revision-du-proces-sonko-niang-conflit-dinterets-denonce#breadcrumb\"},\"inLanguage\":\"fr-FR\",\"potentialAction\":[{\"@type\":\"ReadAction\",\"target\":[\"https:\/\/www.africa-press.net\/senegal\/parties\/revision-du-proces-sonko-niang-conflit-dinterets-denonce\"]}]},{\"@type\":\"ImageObject\",\"inLanguage\":\"fr-FR\",\"@id\":\"https:\/\/www.africa-press.net\/senegal\/parties\/revision-du-proces-sonko-niang-conflit-dinterets-denonce#primaryimage\",\"url\":\"https:\/\/static.africa-press.net\/senegal\/sites\/13\/2025\/12\/sm_1766565258.839649.jpg\",\"contentUrl\":\"https:\/\/static.africa-press.net\/senegal\/sites\/13\/2025\/12\/sm_1766565258.839649.jpg\",\"width\":1280,\"height\":720,\"caption\":\"R\u00e9vision du Proc\u00e8s Sonko\u2013Niang: Conflit D'Int\u00e9r\u00eats Denonc\u00e9\"},{\"@type\":\"BreadcrumbList\",\"@id\":\"https:\/\/www.africa-press.net\/senegal\/parties\/revision-du-proces-sonko-niang-conflit-dinterets-denonce#breadcrumb\",\"itemListElement\":[{\"@type\":\"ListItem\",\"position\":1,\"name\":\"Accueil\",\"item\":\"https:\/\/www.africa-press.net\/senegal\/\"},{\"@type\":\"ListItem\",\"position\":2,\"name\":\"R\u00e9vision du Proc\u00e8s Sonko\u2013Niang: Conflit D&#8217;Int\u00e9r\u00eats Denonc\u00e9\"}]},{\"@type\":\"WebSite\",\"@id\":\"https:\/\/www.africa-press.net\/senegal\/#website\",\"url\":\"https:\/\/www.africa-press.net\/senegal\/\",\"name\":\"Africa Press | Senegal | Homepage\",\"description\":\"Just another Africa News Agency Sites site\",\"potentialAction\":[{\"@type\":\"SearchAction\",\"target\":{\"@type\":\"EntryPoint\",\"urlTemplate\":\"https:\/\/www.africa-press.net\/senegal\/?s={search_term_string}\"},\"query-input\":{\"@type\":\"PropertyValueSpecification\",\"valueRequired\":true,\"valueName\":\"search_term_string\"}}],\"inLanguage\":\"fr-FR\"},{\"@type\":\"Person\",\"@id\":\"https:\/\/www.africa-press.net\/senegal\/#\/schema\/person\/2b1cf3cd81a31e3cd26889ca66d677f1\",\"name\":\"cfeditorfr\",\"url\":\"https:\/\/www.africa-press.net\/senegal\/author\/cfeditorfr\"}]}<\/script>\n<!-- \/ Yoast SEO Premium plugin. -->","yoast_head_json":{"title":"R\u00e9vision du Proc\u00e8s Sonko\u2013Niang: Conflit D'Int\u00e9r\u00eats Denonc\u00e9 - Senegal","description":"Le de\u0301clenchement d\u2019une proce\u0301dure de re\u0301vision du proce\u0300s opposant le Premier ministre Ousmane Sonko a\u0300 l\u2019ancien minist ...","robots":{"index":"index","follow":"follow","max-snippet":"max-snippet:-1","max-image-preview":"max-image-preview:large","max-video-preview":"max-video-preview:-1"},"canonical":"https:\/\/www.africa-press.net\/senegal\/parties\/revision-du-proces-sonko-niang-conflit-dinterets-denonce","og_locale":"fr_FR","og_type":"article","og_title":"R\u00e9vision du Proc\u00e8s Sonko\u2013Niang: Conflit D'Int\u00e9r\u00eats Denonc\u00e9","og_description":"Le de\u0301clenchement d\u2019une proce\u0301dure de re\u0301vision du proce\u0300s opposant le Premier ministre Ousmane Sonko a\u0300 l\u2019ancien minist ...","og_url":"https:\/\/www.africa-press.net\/senegal\/parties\/revision-du-proces-sonko-niang-conflit-dinterets-denonce","og_site_name":"Senegal","article_published_time":"2025-12-23T14:00:00+00:00","article_modified_time":"2025-12-24T00:35:30+00:00","og_image":[{"width":1280,"height":720,"url":"https:\/\/static.africa-press.net\/senegal\/sites\/13\/2025\/12\/sm_1766565258.839649.jpg","type":"image\/jpeg"}],"author":"cfeditorfr","twitter_card":"summary_large_image","twitter_misc":{"\u00c9crit par":"cfeditorfr","Dur\u00e9e de lecture estim\u00e9e":"1 minute"},"schema":{"@context":"https:\/\/schema.org","@graph":[{"@type":"Article","@id":"https:\/\/www.africa-press.net\/senegal\/parties\/revision-du-proces-sonko-niang-conflit-dinterets-denonce#article","isPartOf":{"@id":"https:\/\/www.africa-press.net\/senegal\/parties\/revision-du-proces-sonko-niang-conflit-dinterets-denonce"},"author":{"name":"cfeditorfr","@id":"https:\/\/www.africa-press.net\/senegal\/#\/schema\/person\/2b1cf3cd81a31e3cd26889ca66d677f1"},"headline":"R\u00e9vision du Proc\u00e8s Sonko\u2013Niang: Conflit D&rsquo;Int\u00e9r\u00eats Denonc\u00e9","datePublished":"2025-12-23T14:00:00+00:00","dateModified":"2025-12-24T00:35:30+00:00","mainEntityOfPage":{"@id":"https:\/\/www.africa-press.net\/senegal\/parties\/revision-du-proces-sonko-niang-conflit-dinterets-denonce"},"wordCount":263,"commentCount":0,"image":{"@id":"https:\/\/www.africa-press.net\/senegal\/parties\/revision-du-proces-sonko-niang-conflit-dinterets-denonce#primaryimage"},"thumbnailUrl":"https:\/\/static.africa-press.net\/senegal\/sites\/13\/2025\/12\/sm_1766565258.839649.jpg","keywords":["Senegal"],"articleSection":["Parties","Top Nouvelles","Toutes les actualit\u00e9s"],"inLanguage":"fr-FR","potentialAction":[{"@type":"CommentAction","name":"Comment","target":["https:\/\/www.africa-press.net\/senegal\/parties\/revision-du-proces-sonko-niang-conflit-dinterets-denonce#respond"]}]},{"@type":"WebPage","@id":"https:\/\/www.africa-press.net\/senegal\/parties\/revision-du-proces-sonko-niang-conflit-dinterets-denonce","url":"https:\/\/www.africa-press.net\/senegal\/parties\/revision-du-proces-sonko-niang-conflit-dinterets-denonce","name":"R\u00e9vision du Proc\u00e8s Sonko\u2013Niang: Conflit D'Int\u00e9r\u00eats Denonc\u00e9 - Senegal","isPartOf":{"@id":"https:\/\/www.africa-press.net\/senegal\/#website"},"primaryImageOfPage":{"@id":"https:\/\/www.africa-press.net\/senegal\/parties\/revision-du-proces-sonko-niang-conflit-dinterets-denonce#primaryimage"},"image":{"@id":"https:\/\/www.africa-press.net\/senegal\/parties\/revision-du-proces-sonko-niang-conflit-dinterets-denonce#primaryimage"},"thumbnailUrl":"https:\/\/static.africa-press.net\/senegal\/sites\/13\/2025\/12\/sm_1766565258.839649.jpg","datePublished":"2025-12-23T14:00:00+00:00","dateModified":"2025-12-24T00:35:30+00:00","author":{"@id":"https:\/\/www.africa-press.net\/senegal\/#\/schema\/person\/2b1cf3cd81a31e3cd26889ca66d677f1"},"description":"Le de\u0301clenchement d\u2019une proce\u0301dure de re\u0301vision du proce\u0300s opposant le Premier ministre Ousmane Sonko a\u0300 l\u2019ancien minist ...","breadcrumb":{"@id":"https:\/\/www.africa-press.net\/senegal\/parties\/revision-du-proces-sonko-niang-conflit-dinterets-denonce#breadcrumb"},"inLanguage":"fr-FR","potentialAction":[{"@type":"ReadAction","target":["https:\/\/www.africa-press.net\/senegal\/parties\/revision-du-proces-sonko-niang-conflit-dinterets-denonce"]}]},{"@type":"ImageObject","inLanguage":"fr-FR","@id":"https:\/\/www.africa-press.net\/senegal\/parties\/revision-du-proces-sonko-niang-conflit-dinterets-denonce#primaryimage","url":"https:\/\/static.africa-press.net\/senegal\/sites\/13\/2025\/12\/sm_1766565258.839649.jpg","contentUrl":"https:\/\/static.africa-press.net\/senegal\/sites\/13\/2025\/12\/sm_1766565258.839649.jpg","width":1280,"height":720,"caption":"R\u00e9vision du Proc\u00e8s Sonko\u2013Niang: Conflit D'Int\u00e9r\u00eats Denonc\u00e9"},{"@type":"BreadcrumbList","@id":"https:\/\/www.africa-press.net\/senegal\/parties\/revision-du-proces-sonko-niang-conflit-dinterets-denonce#breadcrumb","itemListElement":[{"@type":"ListItem","position":1,"name":"Accueil","item":"https:\/\/www.africa-press.net\/senegal\/"},{"@type":"ListItem","position":2,"name":"R\u00e9vision du Proc\u00e8s Sonko\u2013Niang: Conflit D&#8217;Int\u00e9r\u00eats Denonc\u00e9"}]},{"@type":"WebSite","@id":"https:\/\/www.africa-press.net\/senegal\/#website","url":"https:\/\/www.africa-press.net\/senegal\/","name":"Africa Press | Senegal | Homepage","description":"Just another Africa News Agency Sites site","potentialAction":[{"@type":"SearchAction","target":{"@type":"EntryPoint","urlTemplate":"https:\/\/www.africa-press.net\/senegal\/?s={search_term_string}"},"query-input":{"@type":"PropertyValueSpecification","valueRequired":true,"valueName":"search_term_string"}}],"inLanguage":"fr-FR"},{"@type":"Person","@id":"https:\/\/www.africa-press.net\/senegal\/#\/schema\/person\/2b1cf3cd81a31e3cd26889ca66d677f1","name":"cfeditorfr","url":"https:\/\/www.africa-press.net\/senegal\/author\/cfeditorfr"}]}},"_links":{"self":[{"href":"https:\/\/www.africa-press.net\/senegal\/wp-json\/wp\/v2\/posts\/73706","targetHints":{"allow":["GET"]}}],"collection":[{"href":"https:\/\/www.africa-press.net\/senegal\/wp-json\/wp\/v2\/posts"}],"about":[{"href":"https:\/\/www.africa-press.net\/senegal\/wp-json\/wp\/v2\/types\/post"}],"author":[{"embeddable":true,"href":"https:\/\/www.africa-press.net\/senegal\/wp-json\/wp\/v2\/users\/82"}],"replies":[{"embeddable":true,"href":"https:\/\/www.africa-press.net\/senegal\/wp-json\/wp\/v2\/comments?post=73706"}],"version-history":[{"count":0,"href":"https:\/\/www.africa-press.net\/senegal\/wp-json\/wp\/v2\/posts\/73706\/revisions"}],"wp:featuredmedia":[{"embeddable":true,"href":"https:\/\/www.africa-press.net\/senegal\/wp-json\/wp\/v2\/media\/73705"}],"wp:attachment":[{"href":"https:\/\/www.africa-press.net\/senegal\/wp-json\/wp\/v2\/media?parent=73706"}],"wp:term":[{"taxonomy":"category","embeddable":true,"href":"https:\/\/www.africa-press.net\/senegal\/wp-json\/wp\/v2\/categories?post=73706"},{"taxonomy":"post_tag","embeddable":true,"href":"https:\/\/www.africa-press.net\/senegal\/wp-json\/wp\/v2\/tags?post=73706"}],"curies":[{"name":"wp","href":"https:\/\/api.w.org\/{rel}","templated":true}]}}