{"id":73720,"date":"2025-12-23T12:00:00","date_gmt":"2025-12-23T12:00:00","guid":{"rendered":"https:\/\/www.africa-press.net\/senegal\/politique\/coeur-artificiel-2026-cruciale-pour-nouveau-carmat"},"modified":"2025-12-24T01:31:40","modified_gmt":"2025-12-24T01:31:40","slug":"coeur-artificiel-2026-cruciale-pour-nouveau-carmat","status":"publish","type":"post","link":"https:\/\/www.africa-press.net\/senegal\/toutes-les-actualites\/coeur-artificiel-2026-cruciale-pour-nouveau-carmat","title":{"rendered":"C\u0153ur Artificiel: 2026 Cruciale pour Nouveau Carmat"},"content":{"rendered":"<p><span style=\"color: #ff6600\"><strong>Africa-Press &#8211; Senegal. <\/strong><\/span>Le fabricant franc\u0327ais de c\u0153ur artificiel e\u0301tait en redressement judiciaire depuis juillet 2025. Il vient d\u2019e\u0302tre officiellement repris. De\u0301but de\u0301cembre, le tribunal de commerce de Versailles a valide\u0301 l\u2019unique offre de\u0301pose\u0301e par Pierre Bastid, pre\u0301sident du conseil d\u2019administration et actionnaire historique, qui relance l\u2019activite\u0301 via une nouvelle entite\u0301 prive\u0301e, la SAS Carmat. Cette de\u0301cision marque un tournant pour la socie\u0301te\u0301, dont l\u2019avenir e\u0301tait suspendu depuis des mois. Sur les 127 salarie\u0301s, 88 seront conserve\u0301s. \u00ab Il faut remettre la machine en marche \u00bb apre\u0300s six mois d\u2019arre\u0302t, a de\u0301clare\u0301 l\u2019entrepreneur a\u0300 l\u2019AFP, en e\u0301voquant e\u0301galement la ne\u0301cessite\u0301 de relancer la chai\u0302ne des fournisseurs.<\/p>\n<p><b>Le pari d\u2019une prothe\u0300se cardiaque comple\u0300te<\/b><\/p>\n<p>Fonde\u0301e en 2008, Carmat est l\u2019une des rares entreprises mondiales a\u0300 avoir conc\u0327u une prothe\u0300se cardiaque comple\u0300te. Ce c\u0153ur bionique, qui reproduit la forme et les fonctions du c\u0153ur humain, a e\u0301te\u0301 certifie\u0301 en Europe fin 2020 comme solution transitoire pour les patients en attente de greffe. Sa premie\u0300re vente a eu lieu en Italie, en 2021. L\u2019appareil a cependant connu plusieurs revers. Des de\u0301ce\u0300s lors des essais cliniques ont conduit a\u0300 suspendre les implantations entre fin 2021 et octobre 2022, le temps d\u2019ame\u0301liorer le dispositif. Depuis ses de\u0301buts, 122 patients ont rec\u0327u un c\u0153ur Carmat.<\/p>\n<p>Nommer le coeur artificiel. Le nom Carmat est la contraction de Carpentier, du nom d\u2019Alain Carpentier, le chirurgien a\u0300 l\u2019origine du projet, et de Matra De\u0301fense, entreprise implique\u0301e au lancement de l\u2019aventure mais qui n\u2019est plus aujourd\u2019hui associe\u0301e au de\u0301veloppement du dispositif.<\/p>\n<p><b>Des actionnaires me\u0301contents<\/b><\/p>\n<p>La nouvelle direction vise une relance technique et commerciale de\u0300s 2026: obtention du remboursement par la Se\u0301curite\u0301 sociale, poursuite des e\u0301tudes cliniques, et acce\u0300s au marche\u0301 ame\u0301ricain. A\u0300 moyen terme, \u00ab l\u2019atteinte de l\u2019e\u0301quilibre e\u0301conomique est vise\u0301e pour 2030-2031 \u00bb, a pre\u0301cise\u0301 M. Bastid, qui ambitionne de ba\u0302tir un acteur europe\u0301en de la medtech en cardiologie.<\/p>\n<p>Malgre\u0301 cet horizon, certains petits actionnaires expriment leur me\u0301contentement. \u00ab Nous sommes e\u0301tonne\u0301s que la me\u0302me e\u0301quipe reprenne le flambeau \u00bb, a re\u0301agi aupre\u0300s de l\u2019AFP Nadir Ressad, pre\u0301sident de l\u2019association des actionnaires minoritaires de Carmat, e\u0301voquant des pertes estime\u0301es a\u0300 un million d\u2019euros depuis l\u2019entre\u0301e en Bourse en 2010. L\u2019association n\u2019exclut pas une action en justice, me\u0302me si certains membres envisagent de soutenir la nouvelle structure, de\u0301sormais non cote\u0301e.<\/p>\n<p><strong>Pour plus d&rsquo;informations et d&rsquo;analyses sur la <span style=\"color: #ff6600\">Senegal<\/span>, suivez <span style=\"color: #ff6600\">Africa-Press<\/span><\/strong><\/p>\n","protected":false},"excerpt":{"rendered":"<p>Africa-Press &#8211; Senegal. Le fabricant franc\u0327ais de c\u0153ur artificiel e\u0301tait en redressement judiciaire depuis juillet 2025. Il vient d\u2019e\u0302tre officiellement repris. De\u0301but de\u0301cembre, le tribunal de commerce de Versailles a valide\u0301 l\u2019unique offre de\u0301pose\u0301e par Pierre Bastid, pre\u0301sident du conseil d\u2019administration et actionnaire historique, qui relance l\u2019activite\u0301 via une nouvelle entite\u0301 prive\u0301e, la SAS Carmat. [&hellip;]<\/p>\n","protected":false},"author":82,"featured_media":73719,"comment_status":"open","ping_status":"closed","sticky":false,"template":"","format":"standard","meta":{"footnotes":""},"categories":[22,10],"tags":[44],"class_list":["post-73720","post","type-post","status-publish","format-standard","has-post-thumbnail","hentry","category-divers","category-toutes-les-actualites","tag-senegal-2"],"yoast_head":"<!-- This site is optimized with the Yoast SEO Premium plugin v26.1 (Yoast SEO v27.0) - https:\/\/yoast.com\/product\/yoast-seo-premium-wordpress\/ -->\n<title>C\u0153ur Artificiel: 2026 Cruciale pour Nouveau Carmat - Senegal<\/title>\n<meta name=\"description\" content=\"Le fabricant franc\u0327ais de c\u0153ur artificiel e\u0301tait en redressement judiciaire depuis juillet 2025. Il vient d\u2019e\u0302tre offici ...\" \/>\n<meta name=\"robots\" content=\"index, follow, max-snippet:-1, max-image-preview:large, max-video-preview:-1\" \/>\n<link rel=\"canonical\" href=\"https:\/\/www.africa-press.net\/senegal\/toutes-les-actualites\/coeur-artificiel-2026-cruciale-pour-nouveau-carmat\" \/>\n<meta property=\"og:locale\" content=\"fr_FR\" \/>\n<meta property=\"og:type\" content=\"article\" \/>\n<meta property=\"og:title\" content=\"C\u0153ur Artificiel: 2026 Cruciale pour Nouveau Carmat\" \/>\n<meta property=\"og:description\" content=\"Le fabricant franc\u0327ais de c\u0153ur artificiel e\u0301tait en redressement judiciaire depuis juillet 2025. Il vient d\u2019e\u0302tre offici ...\" \/>\n<meta property=\"og:url\" content=\"https:\/\/www.africa-press.net\/senegal\/toutes-les-actualites\/coeur-artificiel-2026-cruciale-pour-nouveau-carmat\" \/>\n<meta property=\"og:site_name\" content=\"Senegal\" \/>\n<meta property=\"article:published_time\" content=\"2025-12-23T12:00:00+00:00\" \/>\n<meta property=\"article:modified_time\" content=\"2025-12-24T01:31:40+00:00\" \/>\n<meta property=\"og:image\" content=\"https:\/\/static.africa-press.net\/senegal\/sites\/13\/2025\/12\/sm_1766568309.878549.jpg\" \/>\n\t<meta property=\"og:image:width\" content=\"1200\" \/>\n\t<meta property=\"og:image:height\" content=\"900\" \/>\n\t<meta property=\"og:image:type\" content=\"image\/jpeg\" \/>\n<meta name=\"author\" content=\"cfeditorfr\" \/>\n<meta name=\"twitter:card\" content=\"summary_large_image\" \/>\n<meta name=\"twitter:label1\" content=\"\u00c9crit par\" \/>\n\t<meta name=\"twitter:data1\" content=\"cfeditorfr\" \/>\n\t<meta name=\"twitter:label2\" content=\"Dur\u00e9e de lecture estim\u00e9e\" \/>\n\t<meta name=\"twitter:data2\" content=\"2 minutes\" \/>\n<script type=\"application\/ld+json\" class=\"yoast-schema-graph\">{\"@context\":\"https:\/\/schema.org\",\"@graph\":[{\"@type\":\"Article\",\"@id\":\"https:\/\/www.africa-press.net\/senegal\/toutes-les-actualites\/coeur-artificiel-2026-cruciale-pour-nouveau-carmat#article\",\"isPartOf\":{\"@id\":\"https:\/\/www.africa-press.net\/senegal\/toutes-les-actualites\/coeur-artificiel-2026-cruciale-pour-nouveau-carmat\"},\"author\":{\"name\":\"cfeditorfr\",\"@id\":\"https:\/\/www.africa-press.net\/senegal\/#\/schema\/person\/2b1cf3cd81a31e3cd26889ca66d677f1\"},\"headline\":\"C\u0153ur Artificiel: 2026 Cruciale pour Nouveau Carmat\",\"datePublished\":\"2025-12-23T12:00:00+00:00\",\"dateModified\":\"2025-12-24T01:31:40+00:00\",\"mainEntityOfPage\":{\"@id\":\"https:\/\/www.africa-press.net\/senegal\/toutes-les-actualites\/coeur-artificiel-2026-cruciale-pour-nouveau-carmat\"},\"wordCount\":474,\"commentCount\":0,\"image\":{\"@id\":\"https:\/\/www.africa-press.net\/senegal\/toutes-les-actualites\/coeur-artificiel-2026-cruciale-pour-nouveau-carmat#primaryimage\"},\"thumbnailUrl\":\"https:\/\/static.africa-press.net\/senegal\/sites\/13\/2025\/12\/sm_1766568309.878549.jpg\",\"keywords\":[\"Senegal\"],\"articleSection\":[\"Divers\",\"Toutes les actualit\u00e9s\"],\"inLanguage\":\"fr-FR\",\"potentialAction\":[{\"@type\":\"CommentAction\",\"name\":\"Comment\",\"target\":[\"https:\/\/www.africa-press.net\/senegal\/toutes-les-actualites\/coeur-artificiel-2026-cruciale-pour-nouveau-carmat#respond\"]}]},{\"@type\":\"WebPage\",\"@id\":\"https:\/\/www.africa-press.net\/senegal\/toutes-les-actualites\/coeur-artificiel-2026-cruciale-pour-nouveau-carmat\",\"url\":\"https:\/\/www.africa-press.net\/senegal\/toutes-les-actualites\/coeur-artificiel-2026-cruciale-pour-nouveau-carmat\",\"name\":\"C\u0153ur Artificiel: 2026 Cruciale pour Nouveau Carmat - Senegal\",\"isPartOf\":{\"@id\":\"https:\/\/www.africa-press.net\/senegal\/#website\"},\"primaryImageOfPage\":{\"@id\":\"https:\/\/www.africa-press.net\/senegal\/toutes-les-actualites\/coeur-artificiel-2026-cruciale-pour-nouveau-carmat#primaryimage\"},\"image\":{\"@id\":\"https:\/\/www.africa-press.net\/senegal\/toutes-les-actualites\/coeur-artificiel-2026-cruciale-pour-nouveau-carmat#primaryimage\"},\"thumbnailUrl\":\"https:\/\/static.africa-press.net\/senegal\/sites\/13\/2025\/12\/sm_1766568309.878549.jpg\",\"datePublished\":\"2025-12-23T12:00:00+00:00\",\"dateModified\":\"2025-12-24T01:31:40+00:00\",\"author\":{\"@id\":\"https:\/\/www.africa-press.net\/senegal\/#\/schema\/person\/2b1cf3cd81a31e3cd26889ca66d677f1\"},\"description\":\"Le fabricant franc\u0327ais de c\u0153ur artificiel e\u0301tait en redressement judiciaire depuis juillet 2025. Il vient d\u2019e\u0302tre offici ...\",\"breadcrumb\":{\"@id\":\"https:\/\/www.africa-press.net\/senegal\/toutes-les-actualites\/coeur-artificiel-2026-cruciale-pour-nouveau-carmat#breadcrumb\"},\"inLanguage\":\"fr-FR\",\"potentialAction\":[{\"@type\":\"ReadAction\",\"target\":[\"https:\/\/www.africa-press.net\/senegal\/toutes-les-actualites\/coeur-artificiel-2026-cruciale-pour-nouveau-carmat\"]}]},{\"@type\":\"ImageObject\",\"inLanguage\":\"fr-FR\",\"@id\":\"https:\/\/www.africa-press.net\/senegal\/toutes-les-actualites\/coeur-artificiel-2026-cruciale-pour-nouveau-carmat#primaryimage\",\"url\":\"https:\/\/static.africa-press.net\/senegal\/sites\/13\/2025\/12\/sm_1766568309.878549.jpg\",\"contentUrl\":\"https:\/\/static.africa-press.net\/senegal\/sites\/13\/2025\/12\/sm_1766568309.878549.jpg\",\"width\":1200,\"height\":900,\"caption\":\"C\u0153ur Artificiel: 2026 Cruciale pour Nouveau Carmat\"},{\"@type\":\"BreadcrumbList\",\"@id\":\"https:\/\/www.africa-press.net\/senegal\/toutes-les-actualites\/coeur-artificiel-2026-cruciale-pour-nouveau-carmat#breadcrumb\",\"itemListElement\":[{\"@type\":\"ListItem\",\"position\":1,\"name\":\"Accueil\",\"item\":\"https:\/\/www.africa-press.net\/senegal\/\"},{\"@type\":\"ListItem\",\"position\":2,\"name\":\"C\u0153ur Artificiel: 2026 Cruciale pour Nouveau Carmat\"}]},{\"@type\":\"WebSite\",\"@id\":\"https:\/\/www.africa-press.net\/senegal\/#website\",\"url\":\"https:\/\/www.africa-press.net\/senegal\/\",\"name\":\"Africa Press | Senegal | Homepage\",\"description\":\"Just another Africa News Agency Sites site\",\"potentialAction\":[{\"@type\":\"SearchAction\",\"target\":{\"@type\":\"EntryPoint\",\"urlTemplate\":\"https:\/\/www.africa-press.net\/senegal\/?s={search_term_string}\"},\"query-input\":{\"@type\":\"PropertyValueSpecification\",\"valueRequired\":true,\"valueName\":\"search_term_string\"}}],\"inLanguage\":\"fr-FR\"},{\"@type\":\"Person\",\"@id\":\"https:\/\/www.africa-press.net\/senegal\/#\/schema\/person\/2b1cf3cd81a31e3cd26889ca66d677f1\",\"name\":\"cfeditorfr\",\"url\":\"https:\/\/www.africa-press.net\/senegal\/author\/cfeditorfr\"}]}<\/script>\n<!-- \/ Yoast SEO Premium plugin. -->","yoast_head_json":{"title":"C\u0153ur Artificiel: 2026 Cruciale pour Nouveau Carmat - Senegal","description":"Le fabricant franc\u0327ais de c\u0153ur artificiel e\u0301tait en redressement judiciaire depuis juillet 2025. Il vient d\u2019e\u0302tre offici ...","robots":{"index":"index","follow":"follow","max-snippet":"max-snippet:-1","max-image-preview":"max-image-preview:large","max-video-preview":"max-video-preview:-1"},"canonical":"https:\/\/www.africa-press.net\/senegal\/toutes-les-actualites\/coeur-artificiel-2026-cruciale-pour-nouveau-carmat","og_locale":"fr_FR","og_type":"article","og_title":"C\u0153ur Artificiel: 2026 Cruciale pour Nouveau Carmat","og_description":"Le fabricant franc\u0327ais de c\u0153ur artificiel e\u0301tait en redressement judiciaire depuis juillet 2025. Il vient d\u2019e\u0302tre offici ...","og_url":"https:\/\/www.africa-press.net\/senegal\/toutes-les-actualites\/coeur-artificiel-2026-cruciale-pour-nouveau-carmat","og_site_name":"Senegal","article_published_time":"2025-12-23T12:00:00+00:00","article_modified_time":"2025-12-24T01:31:40+00:00","og_image":[{"width":1200,"height":900,"url":"https:\/\/static.africa-press.net\/senegal\/sites\/13\/2025\/12\/sm_1766568309.878549.jpg","type":"image\/jpeg"}],"author":"cfeditorfr","twitter_card":"summary_large_image","twitter_misc":{"\u00c9crit par":"cfeditorfr","Dur\u00e9e de lecture estim\u00e9e":"2 minutes"},"schema":{"@context":"https:\/\/schema.org","@graph":[{"@type":"Article","@id":"https:\/\/www.africa-press.net\/senegal\/toutes-les-actualites\/coeur-artificiel-2026-cruciale-pour-nouveau-carmat#article","isPartOf":{"@id":"https:\/\/www.africa-press.net\/senegal\/toutes-les-actualites\/coeur-artificiel-2026-cruciale-pour-nouveau-carmat"},"author":{"name":"cfeditorfr","@id":"https:\/\/www.africa-press.net\/senegal\/#\/schema\/person\/2b1cf3cd81a31e3cd26889ca66d677f1"},"headline":"C\u0153ur Artificiel: 2026 Cruciale pour Nouveau Carmat","datePublished":"2025-12-23T12:00:00+00:00","dateModified":"2025-12-24T01:31:40+00:00","mainEntityOfPage":{"@id":"https:\/\/www.africa-press.net\/senegal\/toutes-les-actualites\/coeur-artificiel-2026-cruciale-pour-nouveau-carmat"},"wordCount":474,"commentCount":0,"image":{"@id":"https:\/\/www.africa-press.net\/senegal\/toutes-les-actualites\/coeur-artificiel-2026-cruciale-pour-nouveau-carmat#primaryimage"},"thumbnailUrl":"https:\/\/static.africa-press.net\/senegal\/sites\/13\/2025\/12\/sm_1766568309.878549.jpg","keywords":["Senegal"],"articleSection":["Divers","Toutes les actualit\u00e9s"],"inLanguage":"fr-FR","potentialAction":[{"@type":"CommentAction","name":"Comment","target":["https:\/\/www.africa-press.net\/senegal\/toutes-les-actualites\/coeur-artificiel-2026-cruciale-pour-nouveau-carmat#respond"]}]},{"@type":"WebPage","@id":"https:\/\/www.africa-press.net\/senegal\/toutes-les-actualites\/coeur-artificiel-2026-cruciale-pour-nouveau-carmat","url":"https:\/\/www.africa-press.net\/senegal\/toutes-les-actualites\/coeur-artificiel-2026-cruciale-pour-nouveau-carmat","name":"C\u0153ur Artificiel: 2026 Cruciale pour Nouveau Carmat - Senegal","isPartOf":{"@id":"https:\/\/www.africa-press.net\/senegal\/#website"},"primaryImageOfPage":{"@id":"https:\/\/www.africa-press.net\/senegal\/toutes-les-actualites\/coeur-artificiel-2026-cruciale-pour-nouveau-carmat#primaryimage"},"image":{"@id":"https:\/\/www.africa-press.net\/senegal\/toutes-les-actualites\/coeur-artificiel-2026-cruciale-pour-nouveau-carmat#primaryimage"},"thumbnailUrl":"https:\/\/static.africa-press.net\/senegal\/sites\/13\/2025\/12\/sm_1766568309.878549.jpg","datePublished":"2025-12-23T12:00:00+00:00","dateModified":"2025-12-24T01:31:40+00:00","author":{"@id":"https:\/\/www.africa-press.net\/senegal\/#\/schema\/person\/2b1cf3cd81a31e3cd26889ca66d677f1"},"description":"Le fabricant franc\u0327ais de c\u0153ur artificiel e\u0301tait en redressement judiciaire depuis juillet 2025. Il vient d\u2019e\u0302tre offici ...","breadcrumb":{"@id":"https:\/\/www.africa-press.net\/senegal\/toutes-les-actualites\/coeur-artificiel-2026-cruciale-pour-nouveau-carmat#breadcrumb"},"inLanguage":"fr-FR","potentialAction":[{"@type":"ReadAction","target":["https:\/\/www.africa-press.net\/senegal\/toutes-les-actualites\/coeur-artificiel-2026-cruciale-pour-nouveau-carmat"]}]},{"@type":"ImageObject","inLanguage":"fr-FR","@id":"https:\/\/www.africa-press.net\/senegal\/toutes-les-actualites\/coeur-artificiel-2026-cruciale-pour-nouveau-carmat#primaryimage","url":"https:\/\/static.africa-press.net\/senegal\/sites\/13\/2025\/12\/sm_1766568309.878549.jpg","contentUrl":"https:\/\/static.africa-press.net\/senegal\/sites\/13\/2025\/12\/sm_1766568309.878549.jpg","width":1200,"height":900,"caption":"C\u0153ur Artificiel: 2026 Cruciale pour Nouveau Carmat"},{"@type":"BreadcrumbList","@id":"https:\/\/www.africa-press.net\/senegal\/toutes-les-actualites\/coeur-artificiel-2026-cruciale-pour-nouveau-carmat#breadcrumb","itemListElement":[{"@type":"ListItem","position":1,"name":"Accueil","item":"https:\/\/www.africa-press.net\/senegal\/"},{"@type":"ListItem","position":2,"name":"C\u0153ur Artificiel: 2026 Cruciale pour Nouveau Carmat"}]},{"@type":"WebSite","@id":"https:\/\/www.africa-press.net\/senegal\/#website","url":"https:\/\/www.africa-press.net\/senegal\/","name":"Africa Press | Senegal | Homepage","description":"Just another Africa News Agency Sites site","potentialAction":[{"@type":"SearchAction","target":{"@type":"EntryPoint","urlTemplate":"https:\/\/www.africa-press.net\/senegal\/?s={search_term_string}"},"query-input":{"@type":"PropertyValueSpecification","valueRequired":true,"valueName":"search_term_string"}}],"inLanguage":"fr-FR"},{"@type":"Person","@id":"https:\/\/www.africa-press.net\/senegal\/#\/schema\/person\/2b1cf3cd81a31e3cd26889ca66d677f1","name":"cfeditorfr","url":"https:\/\/www.africa-press.net\/senegal\/author\/cfeditorfr"}]}},"_links":{"self":[{"href":"https:\/\/www.africa-press.net\/senegal\/wp-json\/wp\/v2\/posts\/73720","targetHints":{"allow":["GET"]}}],"collection":[{"href":"https:\/\/www.africa-press.net\/senegal\/wp-json\/wp\/v2\/posts"}],"about":[{"href":"https:\/\/www.africa-press.net\/senegal\/wp-json\/wp\/v2\/types\/post"}],"author":[{"embeddable":true,"href":"https:\/\/www.africa-press.net\/senegal\/wp-json\/wp\/v2\/users\/82"}],"replies":[{"embeddable":true,"href":"https:\/\/www.africa-press.net\/senegal\/wp-json\/wp\/v2\/comments?post=73720"}],"version-history":[{"count":0,"href":"https:\/\/www.africa-press.net\/senegal\/wp-json\/wp\/v2\/posts\/73720\/revisions"}],"wp:featuredmedia":[{"embeddable":true,"href":"https:\/\/www.africa-press.net\/senegal\/wp-json\/wp\/v2\/media\/73719"}],"wp:attachment":[{"href":"https:\/\/www.africa-press.net\/senegal\/wp-json\/wp\/v2\/media?parent=73720"}],"wp:term":[{"taxonomy":"category","embeddable":true,"href":"https:\/\/www.africa-press.net\/senegal\/wp-json\/wp\/v2\/categories?post=73720"},{"taxonomy":"post_tag","embeddable":true,"href":"https:\/\/www.africa-press.net\/senegal\/wp-json\/wp\/v2\/tags?post=73720"}],"curies":[{"name":"wp","href":"https:\/\/api.w.org\/{rel}","templated":true}]}}