{"id":73738,"date":"2025-12-23T12:10:00","date_gmt":"2025-12-23T12:10:00","guid":{"rendered":"https:\/\/www.africa-press.net\/senegal\/politique\/les-economies-fragilisees-par-lombre-du-doute"},"modified":"2025-12-24T23:30:50","modified_gmt":"2025-12-24T23:30:50","slug":"les-economies-fragilisees-par-lombre-du-doute","status":"publish","type":"post","link":"https:\/\/www.africa-press.net\/senegal\/dossiers\/les-economies-fragilisees-par-lombre-du-doute","title":{"rendered":"Les E\u0301conomies Fragilise\u0301es par L\u2019Ombre du Doute"},"content":{"rendered":"<p><b>A\u00cfcha Fall<\/b><\/p>\n<p><span style=\"color: #ff6600\"><strong>Africa-Press &#8211; Senegal. <\/strong><\/span>La faible confiance envers les institutions publiques repre\u0301sente un frein e\u0301conomique mesurable, me\u0302me si ses effets apparaissent souvent de manie\u0300re diffuse. Lorsque les administrations, la justice ou les statistiques officielles sont perc\u0327ues comme peu fiables, les agents e\u0301conomiques ajustent leur comportement en inte\u0301grant un risque institutionnel supple\u0301mentaire. Cela se traduit par des de\u0301lais plus longs avant d\u2019investir, des exigences de rendement plus e\u0301leve\u0301es et une pre\u0301fe\u0301rence pour les activite\u0301s a\u0300 rotation rapide pluto\u0302t que pour les projets productifs de long terme. Selon la Banque mondiale, les pays situe\u0301s dans le quart infe\u0301rieur de l\u2019indicateur de gouvernance relatif a\u0300 l\u2019E\u0301tat de droit enregistrent en moyenne des flux d\u2019investissements directs e\u0301trangers environ 30 % infe\u0301rieurs a\u0300 ceux des pays mieux note\u0301s sur la pe\u0301riode 2015\u20102023.<\/p>\n<p>Ce manque de confiance augmente aussi les cou\u0302ts de transaction dans l\u2019e\u0301conomie domestique. Les entreprises consacrent davantage de ressources a\u0300 la se\u0301curisation juridique, a\u0300 la multiplication des interme\u0301diaires ou a\u0300 des me\u0301canismes informels de garantie.<\/p>\n<p>D\u2019apre\u0300s l\u2019OCDE, dans plusieurs e\u0301conomies africaines, les cou\u0302ts lie\u0301s aux proce\u0301dures administratives et a\u0300 l\u2019incertitude re\u0301glementaire peuvent repre\u0301senter entre 5 % et 10 % du chiffre d\u2019affaires des PME, selon les contextes, contre moins de 3 % dans les e\u0301conomies avance\u0301es. Cette surcharge pe\u0301nalise particulie\u0300rement les petites entreprises, moins capables d\u2019absorber ces cou\u0302ts fixes, et contribue a\u0300 maintenir une part e\u0301leve\u0301e d\u2019activite\u0301 informelle, estime\u0301e a\u0300 environ 40 % du PIB en Afrique subsaharienne selon le FMI en 2024.<\/p>\n<p>La de\u0301fiance institutionnelle complique enfin l\u2019efficacite\u0301 des politiques publiques. Lorsque les chiffres officiels sont conteste\u0301s ou peu cre\u0301dibles, les ajustements budge\u0301taires, fiscaux ou sociaux rencontrent une re\u0301sistance plus forte, me\u0302me lorsqu\u2019ils sont e\u0301conomiquement justifie\u0301s. Le de\u0301ficit de confiance re\u0301duit l\u2019acceptabilite\u0301 de l\u2019impo\u0302t et limite la mobilisation des ressources internes, qui plafonnent autour de 16 % du PIB en moyenne re\u0301gionale, contre plus de 25 % dans les pays e\u0301mergents d\u2019Asie.<\/p>\n<p>Restaurer la cre\u0301dibilite\u0301 passe par la transparence des donne\u0301es, la pre\u0301visibilite\u0301 des re\u0300gles et l\u2019inde\u0301pendance effective des institutions de contro\u0302le. Ces re\u0301formes, souvent peu visibles politiquement, ge\u0301ne\u0300rent pourtant des gains macroe\u0301conomiques durables en re\u0301duisant le cou\u0302t du risque et en libe\u0301rant l\u2019investissement productif.<\/p>\n<p><b>Source: seneweb<\/b><\/p>\n<p><strong>Pour plus d&rsquo;informations et d&rsquo;analyses sur la <span style=\"color: #ff6600\">Senegal<\/span>, suivez <span style=\"color: #ff6600\">Africa-Press<\/span><\/strong><\/p>\n","protected":false},"excerpt":{"rendered":"<p>A\u00cfcha Fall Africa-Press &#8211; Senegal. La faible confiance envers les institutions publiques repre\u0301sente un frein e\u0301conomique mesurable, me\u0302me si ses effets apparaissent souvent de manie\u0300re diffuse. Lorsque les administrations, la justice ou les statistiques officielles sont perc\u0327ues comme peu fiables, les agents e\u0301conomiques ajustent leur comportement en inte\u0301grant un risque institutionnel supple\u0301mentaire. Cela se traduit [&hellip;]<\/p>\n","protected":false},"author":82,"featured_media":73737,"comment_status":"open","ping_status":"closed","sticky":false,"template":"","format":"standard","meta":{"footnotes":""},"categories":[7,10],"tags":[44],"class_list":["post-73738","post","type-post","status-publish","format-standard","has-post-thumbnail","hentry","category-dossiers","category-toutes-les-actualites","tag-senegal-2"],"yoast_head":"<!-- This site is optimized with the Yoast SEO Premium plugin v26.1 (Yoast SEO v27.0) - https:\/\/yoast.com\/product\/yoast-seo-premium-wordpress\/ -->\n<title>Les E\u0301conomies Fragilise\u0301es par L\u2019Ombre du Doute - Senegal<\/title>\n<meta name=\"description\" content=\"La faible confiance envers les institutions publiques repre\u0301sente un frein e\u0301conomique mesurable, me\u0302me si ses effets ap ...\" \/>\n<meta name=\"robots\" content=\"index, follow, max-snippet:-1, max-image-preview:large, max-video-preview:-1\" \/>\n<link rel=\"canonical\" href=\"https:\/\/www.africa-press.net\/senegal\/dossiers\/les-economies-fragilisees-par-lombre-du-doute\" \/>\n<meta property=\"og:locale\" content=\"fr_FR\" \/>\n<meta property=\"og:type\" content=\"article\" \/>\n<meta property=\"og:title\" content=\"Les E\u0301conomies Fragilise\u0301es par L\u2019Ombre du Doute\" \/>\n<meta property=\"og:description\" content=\"La faible confiance envers les institutions publiques repre\u0301sente un frein e\u0301conomique mesurable, me\u0302me si ses effets ap ...\" \/>\n<meta property=\"og:url\" content=\"https:\/\/www.africa-press.net\/senegal\/dossiers\/les-economies-fragilisees-par-lombre-du-doute\" \/>\n<meta property=\"og:site_name\" content=\"Senegal\" \/>\n<meta property=\"article:published_time\" content=\"2025-12-23T12:10:00+00:00\" \/>\n<meta property=\"article:modified_time\" content=\"2025-12-24T23:30:50+00:00\" \/>\n<meta property=\"og:image\" content=\"https:\/\/static.africa-press.net\/senegal\/sites\/13\/2025\/12\/sm_1766571573.986264.jpg\" \/>\n\t<meta property=\"og:image:width\" content=\"1280\" \/>\n\t<meta property=\"og:image:height\" content=\"720\" \/>\n\t<meta property=\"og:image:type\" content=\"image\/jpeg\" \/>\n<meta name=\"author\" content=\"cfeditorfr\" \/>\n<meta name=\"twitter:card\" content=\"summary_large_image\" \/>\n<meta name=\"twitter:label1\" content=\"\u00c9crit par\" \/>\n\t<meta name=\"twitter:data1\" content=\"cfeditorfr\" \/>\n\t<meta name=\"twitter:label2\" content=\"Dur\u00e9e de lecture estim\u00e9e\" \/>\n\t<meta name=\"twitter:data2\" content=\"3 minutes\" \/>\n<script type=\"application\/ld+json\" class=\"yoast-schema-graph\">{\"@context\":\"https:\/\/schema.org\",\"@graph\":[{\"@type\":\"Article\",\"@id\":\"https:\/\/www.africa-press.net\/senegal\/dossiers\/les-economies-fragilisees-par-lombre-du-doute#article\",\"isPartOf\":{\"@id\":\"https:\/\/www.africa-press.net\/senegal\/dossiers\/les-economies-fragilisees-par-lombre-du-doute\"},\"author\":{\"name\":\"cfeditorfr\",\"@id\":\"https:\/\/www.africa-press.net\/senegal\/#\/schema\/person\/2b1cf3cd81a31e3cd26889ca66d677f1\"},\"headline\":\"Les E\u0301conomies Fragilise\u0301es par L\u2019Ombre du Doute\",\"datePublished\":\"2025-12-23T12:10:00+00:00\",\"dateModified\":\"2025-12-24T23:30:50+00:00\",\"mainEntityOfPage\":{\"@id\":\"https:\/\/www.africa-press.net\/senegal\/dossiers\/les-economies-fragilisees-par-lombre-du-doute\"},\"wordCount\":449,\"commentCount\":0,\"image\":{\"@id\":\"https:\/\/www.africa-press.net\/senegal\/dossiers\/les-economies-fragilisees-par-lombre-du-doute#primaryimage\"},\"thumbnailUrl\":\"https:\/\/static.africa-press.net\/senegal\/sites\/13\/2025\/12\/sm_1766571573.986264.jpg\",\"keywords\":[\"Senegal\"],\"articleSection\":[\"Dossiers\",\"Toutes les actualit\u00e9s\"],\"inLanguage\":\"fr-FR\",\"potentialAction\":[{\"@type\":\"CommentAction\",\"name\":\"Comment\",\"target\":[\"https:\/\/www.africa-press.net\/senegal\/dossiers\/les-economies-fragilisees-par-lombre-du-doute#respond\"]}]},{\"@type\":\"WebPage\",\"@id\":\"https:\/\/www.africa-press.net\/senegal\/dossiers\/les-economies-fragilisees-par-lombre-du-doute\",\"url\":\"https:\/\/www.africa-press.net\/senegal\/dossiers\/les-economies-fragilisees-par-lombre-du-doute\",\"name\":\"Les E\u0301conomies Fragilise\u0301es par L\u2019Ombre du Doute - Senegal\",\"isPartOf\":{\"@id\":\"https:\/\/www.africa-press.net\/senegal\/#website\"},\"primaryImageOfPage\":{\"@id\":\"https:\/\/www.africa-press.net\/senegal\/dossiers\/les-economies-fragilisees-par-lombre-du-doute#primaryimage\"},\"image\":{\"@id\":\"https:\/\/www.africa-press.net\/senegal\/dossiers\/les-economies-fragilisees-par-lombre-du-doute#primaryimage\"},\"thumbnailUrl\":\"https:\/\/static.africa-press.net\/senegal\/sites\/13\/2025\/12\/sm_1766571573.986264.jpg\",\"datePublished\":\"2025-12-23T12:10:00+00:00\",\"dateModified\":\"2025-12-24T23:30:50+00:00\",\"author\":{\"@id\":\"https:\/\/www.africa-press.net\/senegal\/#\/schema\/person\/2b1cf3cd81a31e3cd26889ca66d677f1\"},\"description\":\"La faible confiance envers les institutions publiques repre\u0301sente un frein e\u0301conomique mesurable, me\u0302me si ses effets ap ...\",\"breadcrumb\":{\"@id\":\"https:\/\/www.africa-press.net\/senegal\/dossiers\/les-economies-fragilisees-par-lombre-du-doute#breadcrumb\"},\"inLanguage\":\"fr-FR\",\"potentialAction\":[{\"@type\":\"ReadAction\",\"target\":[\"https:\/\/www.africa-press.net\/senegal\/dossiers\/les-economies-fragilisees-par-lombre-du-doute\"]}]},{\"@type\":\"ImageObject\",\"inLanguage\":\"fr-FR\",\"@id\":\"https:\/\/www.africa-press.net\/senegal\/dossiers\/les-economies-fragilisees-par-lombre-du-doute#primaryimage\",\"url\":\"https:\/\/static.africa-press.net\/senegal\/sites\/13\/2025\/12\/sm_1766571573.986264.jpg\",\"contentUrl\":\"https:\/\/static.africa-press.net\/senegal\/sites\/13\/2025\/12\/sm_1766571573.986264.jpg\",\"width\":1280,\"height\":720,\"caption\":\"Les E\u0301conomies Fragilise\u0301es par L\u2019Ombre du Doute\"},{\"@type\":\"BreadcrumbList\",\"@id\":\"https:\/\/www.africa-press.net\/senegal\/dossiers\/les-economies-fragilisees-par-lombre-du-doute#breadcrumb\",\"itemListElement\":[{\"@type\":\"ListItem\",\"position\":1,\"name\":\"Accueil\",\"item\":\"https:\/\/www.africa-press.net\/senegal\/\"},{\"@type\":\"ListItem\",\"position\":2,\"name\":\"Les E\u0301conomies Fragilise\u0301es par L\u2019Ombre du Doute\"}]},{\"@type\":\"WebSite\",\"@id\":\"https:\/\/www.africa-press.net\/senegal\/#website\",\"url\":\"https:\/\/www.africa-press.net\/senegal\/\",\"name\":\"Africa Press | Senegal | Homepage\",\"description\":\"Just another Africa News Agency Sites site\",\"potentialAction\":[{\"@type\":\"SearchAction\",\"target\":{\"@type\":\"EntryPoint\",\"urlTemplate\":\"https:\/\/www.africa-press.net\/senegal\/?s={search_term_string}\"},\"query-input\":{\"@type\":\"PropertyValueSpecification\",\"valueRequired\":true,\"valueName\":\"search_term_string\"}}],\"inLanguage\":\"fr-FR\"},{\"@type\":\"Person\",\"@id\":\"https:\/\/www.africa-press.net\/senegal\/#\/schema\/person\/2b1cf3cd81a31e3cd26889ca66d677f1\",\"name\":\"cfeditorfr\",\"url\":\"https:\/\/www.africa-press.net\/senegal\/author\/cfeditorfr\"}]}<\/script>\n<!-- \/ Yoast SEO Premium plugin. -->","yoast_head_json":{"title":"Les E\u0301conomies Fragilise\u0301es par L\u2019Ombre du Doute - Senegal","description":"La faible confiance envers les institutions publiques repre\u0301sente un frein e\u0301conomique mesurable, me\u0302me si ses effets ap ...","robots":{"index":"index","follow":"follow","max-snippet":"max-snippet:-1","max-image-preview":"max-image-preview:large","max-video-preview":"max-video-preview:-1"},"canonical":"https:\/\/www.africa-press.net\/senegal\/dossiers\/les-economies-fragilisees-par-lombre-du-doute","og_locale":"fr_FR","og_type":"article","og_title":"Les E\u0301conomies Fragilise\u0301es par L\u2019Ombre du Doute","og_description":"La faible confiance envers les institutions publiques repre\u0301sente un frein e\u0301conomique mesurable, me\u0302me si ses effets ap ...","og_url":"https:\/\/www.africa-press.net\/senegal\/dossiers\/les-economies-fragilisees-par-lombre-du-doute","og_site_name":"Senegal","article_published_time":"2025-12-23T12:10:00+00:00","article_modified_time":"2025-12-24T23:30:50+00:00","og_image":[{"width":1280,"height":720,"url":"https:\/\/static.africa-press.net\/senegal\/sites\/13\/2025\/12\/sm_1766571573.986264.jpg","type":"image\/jpeg"}],"author":"cfeditorfr","twitter_card":"summary_large_image","twitter_misc":{"\u00c9crit par":"cfeditorfr","Dur\u00e9e de lecture estim\u00e9e":"3 minutes"},"schema":{"@context":"https:\/\/schema.org","@graph":[{"@type":"Article","@id":"https:\/\/www.africa-press.net\/senegal\/dossiers\/les-economies-fragilisees-par-lombre-du-doute#article","isPartOf":{"@id":"https:\/\/www.africa-press.net\/senegal\/dossiers\/les-economies-fragilisees-par-lombre-du-doute"},"author":{"name":"cfeditorfr","@id":"https:\/\/www.africa-press.net\/senegal\/#\/schema\/person\/2b1cf3cd81a31e3cd26889ca66d677f1"},"headline":"Les E\u0301conomies Fragilise\u0301es par L\u2019Ombre du Doute","datePublished":"2025-12-23T12:10:00+00:00","dateModified":"2025-12-24T23:30:50+00:00","mainEntityOfPage":{"@id":"https:\/\/www.africa-press.net\/senegal\/dossiers\/les-economies-fragilisees-par-lombre-du-doute"},"wordCount":449,"commentCount":0,"image":{"@id":"https:\/\/www.africa-press.net\/senegal\/dossiers\/les-economies-fragilisees-par-lombre-du-doute#primaryimage"},"thumbnailUrl":"https:\/\/static.africa-press.net\/senegal\/sites\/13\/2025\/12\/sm_1766571573.986264.jpg","keywords":["Senegal"],"articleSection":["Dossiers","Toutes les actualit\u00e9s"],"inLanguage":"fr-FR","potentialAction":[{"@type":"CommentAction","name":"Comment","target":["https:\/\/www.africa-press.net\/senegal\/dossiers\/les-economies-fragilisees-par-lombre-du-doute#respond"]}]},{"@type":"WebPage","@id":"https:\/\/www.africa-press.net\/senegal\/dossiers\/les-economies-fragilisees-par-lombre-du-doute","url":"https:\/\/www.africa-press.net\/senegal\/dossiers\/les-economies-fragilisees-par-lombre-du-doute","name":"Les E\u0301conomies Fragilise\u0301es par L\u2019Ombre du Doute - Senegal","isPartOf":{"@id":"https:\/\/www.africa-press.net\/senegal\/#website"},"primaryImageOfPage":{"@id":"https:\/\/www.africa-press.net\/senegal\/dossiers\/les-economies-fragilisees-par-lombre-du-doute#primaryimage"},"image":{"@id":"https:\/\/www.africa-press.net\/senegal\/dossiers\/les-economies-fragilisees-par-lombre-du-doute#primaryimage"},"thumbnailUrl":"https:\/\/static.africa-press.net\/senegal\/sites\/13\/2025\/12\/sm_1766571573.986264.jpg","datePublished":"2025-12-23T12:10:00+00:00","dateModified":"2025-12-24T23:30:50+00:00","author":{"@id":"https:\/\/www.africa-press.net\/senegal\/#\/schema\/person\/2b1cf3cd81a31e3cd26889ca66d677f1"},"description":"La faible confiance envers les institutions publiques repre\u0301sente un frein e\u0301conomique mesurable, me\u0302me si ses effets ap ...","breadcrumb":{"@id":"https:\/\/www.africa-press.net\/senegal\/dossiers\/les-economies-fragilisees-par-lombre-du-doute#breadcrumb"},"inLanguage":"fr-FR","potentialAction":[{"@type":"ReadAction","target":["https:\/\/www.africa-press.net\/senegal\/dossiers\/les-economies-fragilisees-par-lombre-du-doute"]}]},{"@type":"ImageObject","inLanguage":"fr-FR","@id":"https:\/\/www.africa-press.net\/senegal\/dossiers\/les-economies-fragilisees-par-lombre-du-doute#primaryimage","url":"https:\/\/static.africa-press.net\/senegal\/sites\/13\/2025\/12\/sm_1766571573.986264.jpg","contentUrl":"https:\/\/static.africa-press.net\/senegal\/sites\/13\/2025\/12\/sm_1766571573.986264.jpg","width":1280,"height":720,"caption":"Les E\u0301conomies Fragilise\u0301es par L\u2019Ombre du Doute"},{"@type":"BreadcrumbList","@id":"https:\/\/www.africa-press.net\/senegal\/dossiers\/les-economies-fragilisees-par-lombre-du-doute#breadcrumb","itemListElement":[{"@type":"ListItem","position":1,"name":"Accueil","item":"https:\/\/www.africa-press.net\/senegal\/"},{"@type":"ListItem","position":2,"name":"Les E\u0301conomies Fragilise\u0301es par L\u2019Ombre du Doute"}]},{"@type":"WebSite","@id":"https:\/\/www.africa-press.net\/senegal\/#website","url":"https:\/\/www.africa-press.net\/senegal\/","name":"Africa Press | Senegal | Homepage","description":"Just another Africa News Agency Sites site","potentialAction":[{"@type":"SearchAction","target":{"@type":"EntryPoint","urlTemplate":"https:\/\/www.africa-press.net\/senegal\/?s={search_term_string}"},"query-input":{"@type":"PropertyValueSpecification","valueRequired":true,"valueName":"search_term_string"}}],"inLanguage":"fr-FR"},{"@type":"Person","@id":"https:\/\/www.africa-press.net\/senegal\/#\/schema\/person\/2b1cf3cd81a31e3cd26889ca66d677f1","name":"cfeditorfr","url":"https:\/\/www.africa-press.net\/senegal\/author\/cfeditorfr"}]}},"_links":{"self":[{"href":"https:\/\/www.africa-press.net\/senegal\/wp-json\/wp\/v2\/posts\/73738","targetHints":{"allow":["GET"]}}],"collection":[{"href":"https:\/\/www.africa-press.net\/senegal\/wp-json\/wp\/v2\/posts"}],"about":[{"href":"https:\/\/www.africa-press.net\/senegal\/wp-json\/wp\/v2\/types\/post"}],"author":[{"embeddable":true,"href":"https:\/\/www.africa-press.net\/senegal\/wp-json\/wp\/v2\/users\/82"}],"replies":[{"embeddable":true,"href":"https:\/\/www.africa-press.net\/senegal\/wp-json\/wp\/v2\/comments?post=73738"}],"version-history":[{"count":0,"href":"https:\/\/www.africa-press.net\/senegal\/wp-json\/wp\/v2\/posts\/73738\/revisions"}],"wp:featuredmedia":[{"embeddable":true,"href":"https:\/\/www.africa-press.net\/senegal\/wp-json\/wp\/v2\/media\/73737"}],"wp:attachment":[{"href":"https:\/\/www.africa-press.net\/senegal\/wp-json\/wp\/v2\/media?parent=73738"}],"wp:term":[{"taxonomy":"category","embeddable":true,"href":"https:\/\/www.africa-press.net\/senegal\/wp-json\/wp\/v2\/categories?post=73738"},{"taxonomy":"post_tag","embeddable":true,"href":"https:\/\/www.africa-press.net\/senegal\/wp-json\/wp\/v2\/tags?post=73738"}],"curies":[{"name":"wp","href":"https:\/\/api.w.org\/{rel}","templated":true}]}}